{"id":230316,"date":"2019-11-06T12:16:51","date_gmt":"2019-11-06T11:16:51","guid":{"rendered":"https:\/\/sandzakpress.net\/arhiva\/?p=230316"},"modified":"2019-11-06T12:16:51","modified_gmt":"2019-11-06T11:16:51","slug":"skandal-u-sjenici-radnice-koje-traze-isplatu-zarada-predstavnici-vlasti-izbacili-sa-skupstine","status":"publish","type":"post","link":"https:\/\/sandzakpress.net\/arhiva\/skandal-u-sjenici-radnice-koje-traze-isplatu-zarada-predstavnici-vlasti-izbacili-sa-skupstine\/","title":{"rendered":"Skandal u Sjenici \u2013 Radnice koje tra\u017ee isplatu zarada predstavnici vlasti izbacili sa Skup\u0161tine"},"content":{"rendered":"<p><img loading=\"lazy\" decoding=\"async\" class=\"size-full wp-image-230317 aligncenter\" src=\"https:\/\/sandzakpress.net\/arhiva\/wp-content\/uploads\/2019\/11\/Capture-1.jpg\" alt=\"\" width=\"1013\" height=\"623\" srcset=\"https:\/\/sandzakpress.net\/arhiva\/wp-content\/uploads\/2019\/11\/Capture-1.jpg 1013w, https:\/\/sandzakpress.net\/arhiva\/wp-content\/uploads\/2019\/11\/Capture-1-768x472.jpg 768w, https:\/\/sandzakpress.net\/arhiva\/wp-content\/uploads\/2019\/11\/Capture-1-616x379.jpg 616w\" sizes=\"(max-width: 1013px) 100vw, 1013px\" \/><\/p>\n<p><strong>Ju\u010der odr\u017eana Skup\u0161tina Sjenice. Ka\u017eu, donesene historijske odluke. Nijedna tvrde iz opozicije nije historijska pogotovo \u0161to je sami po\u010detak rada u\u0161ao neslavno u historiju. Zaposlenice pred\u0161kolske ustanove Masla\u010dak gdje bi drugo nego u Skup\u0161tinu doprle po odgovore na pitanja, izme\u0111u ostalog, i \u0161ta je sa platama koje kasne tri mjeseca. Na\u017ealost, izba\u010dene su. Opozicija ka\u017ee, zna se gdje je oti\u0161ao novac za Masla\u010dak\u00a0 koji se pravi jo\u0161 od 2009. Godine. Spremaju se, ka\u017ee odbornik\u00a0 SPP-a Fadil Nik\u0161i\u0107, novci da se kupe glasovi Bo\u0161njaka s kojim \u0107e se ovaj narod ta ista vlast u Sjenici po ko zna koji put poniziti.<\/strong><\/p>\n<p>Dok idalje stoji otvoreno pitanje, bez ikakvih odgovora, izme\u0111u ostalog, kako je mogu\u0107e da vlast u Sjenici predvo\u0111ena predsjednikom Hazbom Mujovi\u0107em uzima novac za asflatiranje puteva od nekih gra\u0111ana, a od nekih ne a u pitanju su na\u017elost Bo\u0161njaci i kako se pare daju u ruke Mujovi\u0107evog kuma Vojka Puri\u0107a i kako je mogu\u0107e da sve poslove na tenderima dobija upravo Puri\u0107, na sjednicu Skup\u0161tine u Sjenici dolaze ranice pred\u0161kolske ustanove Masla\u010dak koje tra\u017ee svoja prava. Jedan od povoda, isplata tri zaostale plate. Me\u0111utim, u ovom Domu gdje bi trebale dobiti odgovore predjedavaju\u0107i izri\u010dit iako je zahtjev za prisustvo sjednici, prema rije\u010dima direktorice, upu\u0107en predsjedniku Op\u0161tine.<\/p>\n<p><strong>\u2013<\/strong>Ja vas molim da biste prisustvovalo sjednici Skup\u0161tine treba da se tra\u017ei u skladu sa statutom i poslovnikom odobrenje za prisustvo. Molim grupu gra\u0111ana, radnika iz PU Masla\u010dak da napuste salu. Molim da to u\u010dinite na primjeren na\u010din, poru\u010dio je predsjednik Skup\u0161tine Muhedin Fijuljanin.<\/p>\n<p>Radnici Masla\u010dka koje tra\u017ee svoja prava umalo da budu izba\u010dene, kako se u jednom trenutku \u010dinilo, i silom, na kraju okarakterisane kao bahate.<\/p>\n<p>-Sramno. Prva karika u obrazovanju i vaspitanju na\u0161e djece smo mi i \u010dini mi se da smo i pristojno u\u0161le to su kamere i zabilje\u017eile. Istjeravate dame, gospo\u0111e, to su sve \u0161kolovane \u017eene a neko tu ostaje bez problema. Nije fer, ka\u017ee\u00a0Minela Biberovi\u0107 direktorica PU \u201cVrti\u0107 Masla\u010dak\u201d.<\/p>\n<p>A matematika je, isti\u010de, jednostavna.<\/p>\n<p><strong>D<\/strong>a nam je ove godine 59 miliona bilo predvi\u0111eno za plate a gospo\u0111a koja to radi nije nije izra\u010dunala devet posto na te plate. Mi smo samo htjeli da tra\u017eimo ono \u0161to nama pripada. Vidjeli ste taj odnos i predsjednika Skup\u0161tine kakav je bio prema nama. U Skup\u0161tini su sjedili ljudi koji nisu odbornici a za nas koje smo se najavile nije bilo mjesta \u010dak ni za mene kao direktorice koje se direktno ti\u010de taj bud\u017eet. Nekih 30 miliona Op\u0161tina ne mo\u017ee da ispo\u0161tuje plus iznos koji dobijamo od dr\u017eave. \u010cak je najavljeno i pove\u0107anje od devet posto a u ovom rebalansu nema ni tih 9 posto. Meni se \u010dini da oni ni nemaju nekakav poseban interes da rije\u0161e ovu situaciju. \u010cak mislim da su se vi\u0161e bazirali na neki privatan vrti\u0107 nego na na\u0161 koji je dr\u017eavna ustanova. Da ima volje vjerovatno bi se ovo rije\u0161ilo. Ni sama vi\u0161e ne znam gdje je problem. Radnici nisu krivi za to, ka\u017ee direktorica Biberovi\u0107<\/p>\n<p>Ina\u010de, ustanova Masla\u010dak pravi se ve\u0107 godinama, jo\u0161 od 2009. I logi\u010dno pitanje koje se postavlja, gdje su sva ta sredstva.<\/p>\n<p><strong>\u2013<\/strong>Danas su \u017eene do\u0161le lijepo, kulturno da tra\u017ee svoja prava pred Skup\u0161tinom, a izba\u010dene su kao svi koji su do\u0161li da tra\u017ee istinu. Nisu mogle da prisustvuju sjednici niko se nije udostoji ni da ih primi\u2026 Kako je mogu\u0107e da nema novaca za njihovu platu? Nema, novci su oti\u0161li za \u0161oder politiku, spremaju se za kampanju. Spremaju se novci da se kupe glasovi Bo\u0161njaka da se ponovo sa tim istim novcem ponize Bo\u0161njaci, nagla\u0161ava Fadil Nik\u0161i\u0107 SPP Sjenica.<\/p>\n<p>Iz Vrti\u0107a Masla\u010dak smatraju da problem koji traje godinama treba kona\u010dno da se rije\u0161i jer su svi njegovi radnici po\u0161teno, ka\u017ee direktorica Biberovi\u0107, zaradili svoj hljeb i ovo je jedna od rijetkih ustanova na tom podru\u010dju koja radi. Sad je samo pitanje, ko \u0107e od nezadovoljnih radnika iz drugih preduze\u0107a uskoro u Skup\u0161tinu po svoja prava.<\/p>\n<p>&nbsp;<\/p>\n","protected":false},"excerpt":{"rendered":"<p>Ju\u010der odr\u017eana Skup\u0161tina Sjenice. Ka\u017eu, donesene historijske odluke. Nijedna tvrde iz opozicije nije historijska pogotovo \u0161to je sami po\u010detak rada u\u0161ao neslavno u historiju. Zaposlenice pred\u0161kolske ustanove Masla\u010dak gdje bi drugo nego u Skup\u0161tinu doprle po odgovore na pitanja, izme\u0111u ostalog, i \u0161ta je sa platama koje kasne tri mjeseca. Na\u017ealost, izba\u010dene su. Opozicija ka\u017ee, [&hellip;]<\/p>\n","protected":false},"author":509,"featured_media":230317,"comment_status":"open","ping_status":"open","sticky":false,"template":"","format":"standard","meta":{"footnotes":""},"categories":[1,52,8957],"tags":[],"class_list":{"0":"post-230316","1":"post","2":"type-post","3":"status-publish","4":"format-standard","5":"has-post-thumbnail","7":"category-politika","8":"category-sjenica","9":"category-vijesti-dana"},"yoast_head":"<!-- This site is optimized with the Yoast SEO Premium plugin v23.1 (Yoast SEO v24.9) - https:\/\/yoast.com\/wordpress\/plugins\/seo\/ -->\n<title>Skandal u Sjenici \u2013 Radnice koje tra\u017ee isplatu zarada predstavnici vlasti izbacili sa Skup\u0161tine<\/title>\n<meta name=\"robots\" content=\"index, follow, max-snippet:-1, max-image-preview:large, max-video-preview:-1\" \/>\n<link rel=\"canonical\" href=\"https:\/\/sandzakpress.net\/arhiva\/skandal-u-sjenici-radnice-koje-traze-isplatu-zarada-predstavnici-vlasti-izbacili-sa-skupstine\/\" \/>\n<meta property=\"og:locale\" content=\"bs_BA\" \/>\n<meta property=\"og:type\" content=\"article\" \/>\n<meta property=\"og:title\" content=\"Skandal u Sjenici \u2013 Radnice koje tra\u017ee isplatu zarada predstavnici vlasti izbacili sa Skup\u0161tine\" \/>\n<meta property=\"og:description\" content=\"Ju\u010der odr\u017eana Skup\u0161tina Sjenice. Ka\u017eu, donesene historijske odluke. Nijedna tvrde iz opozicije nije historijska pogotovo \u0161to je sami po\u010detak rada u\u0161ao neslavno u historiju. Zaposlenice pred\u0161kolske ustanove Masla\u010dak gdje bi drugo nego u Skup\u0161tinu doprle po odgovore na pitanja, izme\u0111u ostalog, i \u0161ta je sa platama koje kasne tri mjeseca. Na\u017ealost, izba\u010dene su. Opozicija ka\u017ee, [&hellip;]\" \/>\n<meta property=\"og:url\" content=\"https:\/\/sandzakpress.net\/arhiva\/skandal-u-sjenici-radnice-koje-traze-isplatu-zarada-predstavnici-vlasti-izbacili-sa-skupstine\/\" \/>\n<meta property=\"og:site_name\" content=\"Sand\u017eak PRESS\" \/>\n<meta property=\"article:published_time\" content=\"2019-11-06T11:16:51+00:00\" \/>\n<meta property=\"og:image\" content=\"https:\/\/sandzakpress.net\/arhiva\/wp-content\/uploads\/2019\/11\/Capture-1.jpg\" \/>\n\t<meta property=\"og:image:width\" content=\"1013\" \/>\n\t<meta property=\"og:image:height\" content=\"623\" \/>\n\t<meta property=\"og:image:type\" content=\"image\/jpeg\" \/>\n<meta name=\"author\" content=\"Agencija\" \/>\n<meta name=\"twitter:card\" content=\"summary_large_image\" \/>\n<meta name=\"twitter:label1\" content=\"Written by\" \/>\n\t<meta name=\"twitter:data1\" content=\"Agencija\" \/>\n\t<meta name=\"twitter:label2\" content=\"Est. reading time\" \/>\n\t<meta name=\"twitter:data2\" content=\"4 minute\" \/>\n<script type=\"application\/ld+json\" class=\"yoast-schema-graph\">{\"@context\":\"https:\/\/schema.org\",\"@graph\":[{\"@type\":\"Article\",\"@id\":\"https:\/\/sandzakpress.net\/arhiva\/skandal-u-sjenici-radnice-koje-traze-isplatu-zarada-predstavnici-vlasti-izbacili-sa-skupstine\/#article\",\"isPartOf\":{\"@id\":\"https:\/\/sandzakpress.net\/arhiva\/skandal-u-sjenici-radnice-koje-traze-isplatu-zarada-predstavnici-vlasti-izbacili-sa-skupstine\/\"},\"author\":{\"name\":\"Agencija\",\"@id\":\"https:\/\/sandzakpress.net\/arhiva\/#\/schema\/person\/cb59d7e3ab91ab90dd680ad0305a6185\"},\"headline\":\"Skandal u Sjenici \u2013 Radnice koje tra\u017ee isplatu zarada predstavnici vlasti izbacili sa Skup\u0161tine\",\"datePublished\":\"2019-11-06T11:16:51+00:00\",\"mainEntityOfPage\":{\"@id\":\"https:\/\/sandzakpress.net\/arhiva\/skandal-u-sjenici-radnice-koje-traze-isplatu-zarada-predstavnici-vlasti-izbacili-sa-skupstine\/\"},\"wordCount\":754,\"commentCount\":2,\"publisher\":{\"@id\":\"https:\/\/sandzakpress.net\/arhiva\/#\/schema\/person\/6e72b67d6e51910a1117b3b483ba20bd\"},\"image\":{\"@id\":\"https:\/\/sandzakpress.net\/arhiva\/skandal-u-sjenici-radnice-koje-traze-isplatu-zarada-predstavnici-vlasti-izbacili-sa-skupstine\/#primaryimage\"},\"thumbnailUrl\":\"https:\/\/sandzakpress.net\/arhiva\/wp-content\/uploads\/2019\/11\/Capture-1.jpg\",\"articleSection\":[\"Politika\",\"Sjenica\",\"VIJESTI DANA\"],\"inLanguage\":\"bs-BA\",\"potentialAction\":[{\"@type\":\"CommentAction\",\"name\":\"Comment\",\"target\":[\"https:\/\/sandzakpress.net\/arhiva\/skandal-u-sjenici-radnice-koje-traze-isplatu-zarada-predstavnici-vlasti-izbacili-sa-skupstine\/#respond\"]}]},{\"@type\":\"WebPage\",\"@id\":\"https:\/\/sandzakpress.net\/arhiva\/skandal-u-sjenici-radnice-koje-traze-isplatu-zarada-predstavnici-vlasti-izbacili-sa-skupstine\/\",\"url\":\"https:\/\/sandzakpress.net\/arhiva\/skandal-u-sjenici-radnice-koje-traze-isplatu-zarada-predstavnici-vlasti-izbacili-sa-skupstine\/\",\"name\":\"Skandal u Sjenici \u2013 Radnice koje tra\u017ee isplatu zarada predstavnici vlasti izbacili sa Skup\u0161tine\",\"isPartOf\":{\"@id\":\"https:\/\/sandzakpress.net\/arhiva\/#website\"},\"primaryImageOfPage\":{\"@id\":\"https:\/\/sandzakpress.net\/arhiva\/skandal-u-sjenici-radnice-koje-traze-isplatu-zarada-predstavnici-vlasti-izbacili-sa-skupstine\/#primaryimage\"},\"image\":{\"@id\":\"https:\/\/sandzakpress.net\/arhiva\/skandal-u-sjenici-radnice-koje-traze-isplatu-zarada-predstavnici-vlasti-izbacili-sa-skupstine\/#primaryimage\"},\"thumbnailUrl\":\"https:\/\/sandzakpress.net\/arhiva\/wp-content\/uploads\/2019\/11\/Capture-1.jpg\",\"datePublished\":\"2019-11-06T11:16:51+00:00\",\"breadcrumb\":{\"@id\":\"https:\/\/sandzakpress.net\/arhiva\/skandal-u-sjenici-radnice-koje-traze-isplatu-zarada-predstavnici-vlasti-izbacili-sa-skupstine\/#breadcrumb\"},\"inLanguage\":\"bs-BA\",\"potentialAction\":[{\"@type\":\"ReadAction\",\"target\":[\"https:\/\/sandzakpress.net\/arhiva\/skandal-u-sjenici-radnice-koje-traze-isplatu-zarada-predstavnici-vlasti-izbacili-sa-skupstine\/\"]}]},{\"@type\":\"ImageObject\",\"inLanguage\":\"bs-BA\",\"@id\":\"https:\/\/sandzakpress.net\/arhiva\/skandal-u-sjenici-radnice-koje-traze-isplatu-zarada-predstavnici-vlasti-izbacili-sa-skupstine\/#primaryimage\",\"url\":\"https:\/\/sandzakpress.net\/arhiva\/wp-content\/uploads\/2019\/11\/Capture-1.jpg\",\"contentUrl\":\"https:\/\/sandzakpress.net\/arhiva\/wp-content\/uploads\/2019\/11\/Capture-1.jpg\",\"width\":1013,\"height\":623},{\"@type\":\"BreadcrumbList\",\"@id\":\"https:\/\/sandzakpress.net\/arhiva\/skandal-u-sjenici-radnice-koje-traze-isplatu-zarada-predstavnici-vlasti-izbacili-sa-skupstine\/#breadcrumb\",\"itemListElement\":[{\"@type\":\"ListItem\",\"position\":1,\"name\":\"Home\",\"item\":\"https:\/\/sandzakpress.net\/arhiva\/\"},{\"@type\":\"ListItem\",\"position\":2,\"name\":\"Skandal u Sjenici \u2013 Radnice koje tra\u017ee isplatu zarada predstavnici vlasti izbacili sa Skup\u0161tine\"}]},{\"@type\":\"WebSite\",\"@id\":\"https:\/\/sandzakpress.net\/arhiva\/#website\",\"url\":\"https:\/\/sandzakpress.net\/arhiva\/\",\"name\":\"Sand\u017eak PRESS\",\"description\":\"Prve elektronske novine u Sand\u017eaku\",\"publisher\":{\"@id\":\"https:\/\/sandzakpress.net\/arhiva\/#\/schema\/person\/6e72b67d6e51910a1117b3b483ba20bd\"},\"potentialAction\":[{\"@type\":\"SearchAction\",\"target\":{\"@type\":\"EntryPoint\",\"urlTemplate\":\"https:\/\/sandzakpress.net\/arhiva\/?s={search_term_string}\"},\"query-input\":{\"@type\":\"PropertyValueSpecification\",\"valueRequired\":true,\"valueName\":\"search_term_string\"}}],\"inLanguage\":\"bs-BA\"},{\"@type\":[\"Person\",\"Organization\"],\"@id\":\"https:\/\/sandzakpress.net\/arhiva\/#\/schema\/person\/6e72b67d6e51910a1117b3b483ba20bd\",\"name\":\"Kul\",\"image\":{\"@type\":\"ImageObject\",\"inLanguage\":\"bs-BA\",\"@id\":\"https:\/\/sandzakpress.net\/arhiva\/#\/schema\/person\/image\/\",\"url\":\"https:\/\/secure.gravatar.com\/avatar\/42263f39aa27ac04c43cab85c280eb2e?s=96&d=mm&r=pg\",\"contentUrl\":\"https:\/\/secure.gravatar.com\/avatar\/42263f39aa27ac04c43cab85c280eb2e?s=96&d=mm&r=pg\",\"caption\":\"Kul\"},\"logo\":{\"@id\":\"https:\/\/sandzakpress.net\/arhiva\/#\/schema\/person\/image\/\"}},{\"@type\":\"Person\",\"@id\":\"https:\/\/sandzakpress.net\/arhiva\/#\/schema\/person\/cb59d7e3ab91ab90dd680ad0305a6185\",\"name\":\"Agencija\",\"image\":{\"@type\":\"ImageObject\",\"inLanguage\":\"bs-BA\",\"@id\":\"https:\/\/sandzakpress.net\/arhiva\/#\/schema\/person\/image\/\",\"url\":\"https:\/\/secure.gravatar.com\/avatar\/4b7fafa80a22f0c2afe23966b3961fe0?s=96&d=mm&r=pg\",\"contentUrl\":\"https:\/\/secure.gravatar.com\/avatar\/4b7fafa80a22f0c2afe23966b3961fe0?s=96&d=mm&r=pg\",\"caption\":\"Agencija\"},\"url\":\"https:\/\/sandzakpress.net\/arhiva\/author\/agencija\/\"}]}<\/script>\n<!-- \/ Yoast SEO Premium plugin. -->","yoast_head_json":{"title":"Skandal u Sjenici \u2013 Radnice koje tra\u017ee isplatu zarada predstavnici vlasti izbacili sa Skup\u0161tine","robots":{"index":"index","follow":"follow","max-snippet":"max-snippet:-1","max-image-preview":"max-image-preview:large","max-video-preview":"max-video-preview:-1"},"canonical":"https:\/\/sandzakpress.net\/arhiva\/skandal-u-sjenici-radnice-koje-traze-isplatu-zarada-predstavnici-vlasti-izbacili-sa-skupstine\/","og_locale":"bs_BA","og_type":"article","og_title":"Skandal u Sjenici \u2013 Radnice koje tra\u017ee isplatu zarada predstavnici vlasti izbacili sa Skup\u0161tine","og_description":"Ju\u010der odr\u017eana Skup\u0161tina Sjenice. Ka\u017eu, donesene historijske odluke. Nijedna tvrde iz opozicije nije historijska pogotovo \u0161to je sami po\u010detak rada u\u0161ao neslavno u historiju. Zaposlenice pred\u0161kolske ustanove Masla\u010dak gdje bi drugo nego u Skup\u0161tinu doprle po odgovore na pitanja, izme\u0111u ostalog, i \u0161ta je sa platama koje kasne tri mjeseca. Na\u017ealost, izba\u010dene su. Opozicija ka\u017ee, [&hellip;]","og_url":"https:\/\/sandzakpress.net\/arhiva\/skandal-u-sjenici-radnice-koje-traze-isplatu-zarada-predstavnici-vlasti-izbacili-sa-skupstine\/","og_site_name":"Sand\u017eak PRESS","article_published_time":"2019-11-06T11:16:51+00:00","og_image":[{"width":1013,"height":623,"url":"https:\/\/sandzakpress.net\/arhiva\/wp-content\/uploads\/2019\/11\/Capture-1.jpg","type":"image\/jpeg"}],"author":"Agencija","twitter_card":"summary_large_image","twitter_misc":{"Written by":"Agencija","Est. reading time":"4 minute"},"schema":{"@context":"https:\/\/schema.org","@graph":[{"@type":"Article","@id":"https:\/\/sandzakpress.net\/arhiva\/skandal-u-sjenici-radnice-koje-traze-isplatu-zarada-predstavnici-vlasti-izbacili-sa-skupstine\/#article","isPartOf":{"@id":"https:\/\/sandzakpress.net\/arhiva\/skandal-u-sjenici-radnice-koje-traze-isplatu-zarada-predstavnici-vlasti-izbacili-sa-skupstine\/"},"author":{"name":"Agencija","@id":"https:\/\/sandzakpress.net\/arhiva\/#\/schema\/person\/cb59d7e3ab91ab90dd680ad0305a6185"},"headline":"Skandal u Sjenici \u2013 Radnice koje tra\u017ee isplatu zarada predstavnici vlasti izbacili sa Skup\u0161tine","datePublished":"2019-11-06T11:16:51+00:00","mainEntityOfPage":{"@id":"https:\/\/sandzakpress.net\/arhiva\/skandal-u-sjenici-radnice-koje-traze-isplatu-zarada-predstavnici-vlasti-izbacili-sa-skupstine\/"},"wordCount":754,"commentCount":2,"publisher":{"@id":"https:\/\/sandzakpress.net\/arhiva\/#\/schema\/person\/6e72b67d6e51910a1117b3b483ba20bd"},"image":{"@id":"https:\/\/sandzakpress.net\/arhiva\/skandal-u-sjenici-radnice-koje-traze-isplatu-zarada-predstavnici-vlasti-izbacili-sa-skupstine\/#primaryimage"},"thumbnailUrl":"https:\/\/sandzakpress.net\/arhiva\/wp-content\/uploads\/2019\/11\/Capture-1.jpg","articleSection":["Politika","Sjenica","VIJESTI DANA"],"inLanguage":"bs-BA","potentialAction":[{"@type":"CommentAction","name":"Comment","target":["https:\/\/sandzakpress.net\/arhiva\/skandal-u-sjenici-radnice-koje-traze-isplatu-zarada-predstavnici-vlasti-izbacili-sa-skupstine\/#respond"]}]},{"@type":"WebPage","@id":"https:\/\/sandzakpress.net\/arhiva\/skandal-u-sjenici-radnice-koje-traze-isplatu-zarada-predstavnici-vlasti-izbacili-sa-skupstine\/","url":"https:\/\/sandzakpress.net\/arhiva\/skandal-u-sjenici-radnice-koje-traze-isplatu-zarada-predstavnici-vlasti-izbacili-sa-skupstine\/","name":"Skandal u Sjenici \u2013 Radnice koje tra\u017ee isplatu zarada predstavnici vlasti izbacili sa Skup\u0161tine","isPartOf":{"@id":"https:\/\/sandzakpress.net\/arhiva\/#website"},"primaryImageOfPage":{"@id":"https:\/\/sandzakpress.net\/arhiva\/skandal-u-sjenici-radnice-koje-traze-isplatu-zarada-predstavnici-vlasti-izbacili-sa-skupstine\/#primaryimage"},"image":{"@id":"https:\/\/sandzakpress.net\/arhiva\/skandal-u-sjenici-radnice-koje-traze-isplatu-zarada-predstavnici-vlasti-izbacili-sa-skupstine\/#primaryimage"},"thumbnailUrl":"https:\/\/sandzakpress.net\/arhiva\/wp-content\/uploads\/2019\/11\/Capture-1.jpg","datePublished":"2019-11-06T11:16:51+00:00","breadcrumb":{"@id":"https:\/\/sandzakpress.net\/arhiva\/skandal-u-sjenici-radnice-koje-traze-isplatu-zarada-predstavnici-vlasti-izbacili-sa-skupstine\/#breadcrumb"},"inLanguage":"bs-BA","potentialAction":[{"@type":"ReadAction","target":["https:\/\/sandzakpress.net\/arhiva\/skandal-u-sjenici-radnice-koje-traze-isplatu-zarada-predstavnici-vlasti-izbacili-sa-skupstine\/"]}]},{"@type":"ImageObject","inLanguage":"bs-BA","@id":"https:\/\/sandzakpress.net\/arhiva\/skandal-u-sjenici-radnice-koje-traze-isplatu-zarada-predstavnici-vlasti-izbacili-sa-skupstine\/#primaryimage","url":"https:\/\/sandzakpress.net\/arhiva\/wp-content\/uploads\/2019\/11\/Capture-1.jpg","contentUrl":"https:\/\/sandzakpress.net\/arhiva\/wp-content\/uploads\/2019\/11\/Capture-1.jpg","width":1013,"height":623},{"@type":"BreadcrumbList","@id":"https:\/\/sandzakpress.net\/arhiva\/skandal-u-sjenici-radnice-koje-traze-isplatu-zarada-predstavnici-vlasti-izbacili-sa-skupstine\/#breadcrumb","itemListElement":[{"@type":"ListItem","position":1,"name":"Home","item":"https:\/\/sandzakpress.net\/arhiva\/"},{"@type":"ListItem","position":2,"name":"Skandal u Sjenici \u2013 Radnice koje tra\u017ee isplatu zarada predstavnici vlasti izbacili sa Skup\u0161tine"}]},{"@type":"WebSite","@id":"https:\/\/sandzakpress.net\/arhiva\/#website","url":"https:\/\/sandzakpress.net\/arhiva\/","name":"Sand\u017eak PRESS","description":"Prve elektronske novine u Sand\u017eaku","publisher":{"@id":"https:\/\/sandzakpress.net\/arhiva\/#\/schema\/person\/6e72b67d6e51910a1117b3b483ba20bd"},"potentialAction":[{"@type":"SearchAction","target":{"@type":"EntryPoint","urlTemplate":"https:\/\/sandzakpress.net\/arhiva\/?s={search_term_string}"},"query-input":{"@type":"PropertyValueSpecification","valueRequired":true,"valueName":"search_term_string"}}],"inLanguage":"bs-BA"},{"@type":["Person","Organization"],"@id":"https:\/\/sandzakpress.net\/arhiva\/#\/schema\/person\/6e72b67d6e51910a1117b3b483ba20bd","name":"Kul","image":{"@type":"ImageObject","inLanguage":"bs-BA","@id":"https:\/\/sandzakpress.net\/arhiva\/#\/schema\/person\/image\/","url":"https:\/\/secure.gravatar.com\/avatar\/42263f39aa27ac04c43cab85c280eb2e?s=96&d=mm&r=pg","contentUrl":"https:\/\/secure.gravatar.com\/avatar\/42263f39aa27ac04c43cab85c280eb2e?s=96&d=mm&r=pg","caption":"Kul"},"logo":{"@id":"https:\/\/sandzakpress.net\/arhiva\/#\/schema\/person\/image\/"}},{"@type":"Person","@id":"https:\/\/sandzakpress.net\/arhiva\/#\/schema\/person\/cb59d7e3ab91ab90dd680ad0305a6185","name":"Agencija","image":{"@type":"ImageObject","inLanguage":"bs-BA","@id":"https:\/\/sandzakpress.net\/arhiva\/#\/schema\/person\/image\/","url":"https:\/\/secure.gravatar.com\/avatar\/4b7fafa80a22f0c2afe23966b3961fe0?s=96&d=mm&r=pg","contentUrl":"https:\/\/secure.gravatar.com\/avatar\/4b7fafa80a22f0c2afe23966b3961fe0?s=96&d=mm&r=pg","caption":"Agencija"},"url":"https:\/\/sandzakpress.net\/arhiva\/author\/agencija\/"}]}},"_links":{"self":[{"href":"https:\/\/sandzakpress.net\/arhiva\/wp-json\/wp\/v2\/posts\/230316"}],"collection":[{"href":"https:\/\/sandzakpress.net\/arhiva\/wp-json\/wp\/v2\/posts"}],"about":[{"href":"https:\/\/sandzakpress.net\/arhiva\/wp-json\/wp\/v2\/types\/post"}],"author":[{"embeddable":true,"href":"https:\/\/sandzakpress.net\/arhiva\/wp-json\/wp\/v2\/users\/509"}],"replies":[{"embeddable":true,"href":"https:\/\/sandzakpress.net\/arhiva\/wp-json\/wp\/v2\/comments?post=230316"}],"version-history":[{"count":0,"href":"https:\/\/sandzakpress.net\/arhiva\/wp-json\/wp\/v2\/posts\/230316\/revisions"}],"wp:featuredmedia":[{"embeddable":true,"href":"https:\/\/sandzakpress.net\/arhiva\/wp-json\/wp\/v2\/media\/230317"}],"wp:attachment":[{"href":"https:\/\/sandzakpress.net\/arhiva\/wp-json\/wp\/v2\/media?parent=230316"}],"wp:term":[{"taxonomy":"category","embeddable":true,"href":"https:\/\/sandzakpress.net\/arhiva\/wp-json\/wp\/v2\/categories?post=230316"},{"taxonomy":"post_tag","embeddable":true,"href":"https:\/\/sandzakpress.net\/arhiva\/wp-json\/wp\/v2\/tags?post=230316"}],"curies":[{"name":"wp","href":"https:\/\/api.w.org\/{rel}","templated":true}]}}