{"id":230300,"date":"2019-11-05T15:10:19","date_gmt":"2019-11-05T14:10:19","guid":{"rendered":"https:\/\/sandzakpress.net\/arhiva\/?p=230300"},"modified":"2019-11-05T15:10:19","modified_gmt":"2019-11-05T14:10:19","slug":"priboj-razvijanje-usluga-socijalne-zastite-na-lokalnom-nivou","status":"publish","type":"post","link":"https:\/\/sandzakpress.net\/arhiva\/priboj-razvijanje-usluga-socijalne-zastite-na-lokalnom-nivou\/","title":{"rendered":"Priboj: Razvijanje usluga socijalne za\u0161tite na lokalnom nivou"},"content":{"rendered":"<p><img decoding=\"async\" class=\"wp-image-18719\" src=\"https:\/\/ppmedia.rs\/wp-content\/uploads\/2019\/11\/radni-sastankafotogzs-1024x578.jpg\" sizes=\"(max-width: 1024px) 100vw, 1024px\" srcset=\"https:\/\/ppmedia.rs\/wp-content\/uploads\/2019\/11\/radni-sastankafotogzs-1024x578.jpg 1024w, https:\/\/ppmedia.rs\/wp-content\/uploads\/2019\/11\/radni-sastankafotogzs-300x169.jpg 300w, https:\/\/ppmedia.rs\/wp-content\/uploads\/2019\/11\/radni-sastankafotogzs-768x433.jpg 768w, https:\/\/ppmedia.rs\/wp-content\/uploads\/2019\/11\/radni-sastankafotogzs-50x28.jpg 50w, https:\/\/ppmedia.rs\/wp-content\/uploads\/2019\/11\/radni-sastankafotogzs.jpg 1600w\" alt=\"\" \/><\/p>\n<p><strong>Priboj\/Sjenica\/Prijepolje \u2013 Radni sastanak na temu Ja\u010danja kapaciteta jedinica lokalne samouprave u\u010desnika u projektu u cilju razvoja i primene najefikasnijeg modela za pru\u017eanje usluga socijalne za\u0161tite na lokalnom nivou odr\u017ean je u Priboju. Dugogodi\u0161nji saradnik GIZ-a na projektu Unapre\u0111enje usluga socijalne za\u0161tite u nadle\u017enosti op\u0161tina i gradova Vladan Jovanovi\u0107 istakao je dve teme dana\u0161njeg okupljanja.<\/strong><\/p>\n<p>-Prvo bi predstavnici svake op\u0161tine ukratko trebalo da predstave \u0161ta zapravo od usluga socijalne za\u0161tite postoji fakti\u010dno kod njih, a ne iz papira i na koji na\u010din se obezbe\u0111uju, da li preko Centra za socijalni rad ili neke druge organizacije. \u041aakva su iskustva u postoje\u0107im uslugama i koje su nedostaju\u0107e kao i ideje za perspektivu. Sve te informacije meni slu\u017ee da napravim ne\u0161to \u0161to bi trebalo da ima formu, sadr\u017eaj i svrhu modela ili pristupa obezbe\u0111enja usluga socijalne za\u0161tite za svaku od odabranih op\u0161tina. U ovom projektu koji bi trebalo da traje do aprila slede\u0107e godine, produkt bi trebalo da bude razvijen model odnosno vodi\u010d koji bi trebalo da poslu\u017ei lokalnoj samoupravi da se lak\u0161e sna\u0111e, kako i \u0161ta treba da uradi da bi obezbedila usluge iz svojih nadle\u017enosti \u2013 rekao je Jovanovi\u0107.<\/p>\n<p>U okviru Centra za socijlani rad u Piboju postoji pet usluga: prihvatili\u0161te i zbrinjivanje \u017ertava nasilja, podr\u0161ka mladim koji se osamostaljuju, dnevni centar za stare, dnevni centar za decu ometenu u razvoju i servis pomo\u0107i u ku\u0107i starim licima. Me\u0111utim, Stefan Srbljanovi\u0107, \u010dlan Op\u0161tinskog ve\u0107a u Priboju, ka\u017ee da bi zbog novih propisa ove usluge bi mogle biti ukinute, ali da \u0107e se lokalna samouprava potruditi da do toga ipak ne do\u0111e.<\/p>\n<p>\u2013 Priboj na\u017ealost spada u grupu nerazvijenih op\u0161tina pa je samim tim i ve\u0107a potreba za uslugama socijalne za\u0161tite. Mi smo zadovoljni aktivnostima Centra za socijalni rad, ali i svesni problema na ovom polju. Naime, izmenama i dopunama Zakona o socijalnoj za\u0161titi centrima za socijalni rad bi\u0107e onemogu\u0107eno da obavljaju usluge lokalne socijalne za\u0161tite, pa je time doveden u pitanje opstanak postoje\u0107ih usluga. Kako sada stvari stoje, re\u0161enje je na vidiku, pa se nadamo da bi ove prepreke mogli prenebregnuti do kraja godine. Na\u0161 cilj je da usluge opstanu na dobrobit korisnika i pru\u017eaoca usluga, kako niko ne bi bio o\u0161te\u0107en. Razgovarali smo sa predstavnicima op\u0161tina i gradova koji su ovaj problem re\u0161ili i u dobrom delu smo razradili plan funkcionisanja i finansiranja. U svakom slu\u010daju, strate\u0161ko opredeljenje lokalne samouprave je briga o najugro\u017eenijima, pa \u0107emo dati sve od sebe kako bi sa\u010duvali ve\u0107inu ili \u010dak sve lokalne usluge socijalne za\u0161tite koje sada postoje \u2013 rekao je Srbljanovi\u0107.<\/p>\n<p>Direktor Centra za socijalnji rad u Priboju, Zoran Poli\u0107 istakao je da se iz op\u0161tinskog bud\u017eeta za socijalnu za\u0161titu se izdvaja 25 miliona.<\/p>\n<p>-Od toga 12 miliona za jednokratne pomo\u0107i, dva miliona za tro\u0161kove Centra a od ostatka, odnosno 11 miliona za pomo\u0107 u ku\u0107i se izdvaja 3,7 miliona, 880.000 dinara dnevni boravak za decu sa pote\u0161ko\u0107ama u razvoju i 340.000 stanovanje uz podr\u0161ku. Tu spada i namenski transfer od 3.157.000 dinara \u2013 naveo je Poli\u0107.<\/p>\n<p>Smanjenje namenskog transfera veliki je problem i op\u0161tini Sjenica, kao i nepostojanje politike socijalne za\u0161tite na lokalnom nivou.<\/p>\n<p>-Dve usluge funkcioni\u0161u u na\u0161oj op\u0161tini i to pomo\u0107 u ku\u0107i i dnevni boravak za decu ometenu u razvoju i pru\u017ealac obe je Udru\u017eenje za pomo\u0107 dece i osoba ometenim u razvoju i za koju imaju licencu. Usluge se finansiraju iz namenskih transfera i sredstava lokalne samouprave. Prethodne tri godine koliko su namenski transferi na snazi mi smo njima pokrivali kompletnu usluga tako da op\u0161tina Sjenica, koja je u \u010detvrtoj kategoriji, nije imala potrebe da izdvaja svoja sredstva. Do sada oni su iznosili od sedam do devet miliona, ove godine on je spao na oko tri miliona. Da bi ove usluge funkcionisale op\u0161tina mora da izdvoji \u010detiri miliona, a do sada je ispla\u0107eno 1,3 miliona dinara. Ina\u010de, iz bud\u017eeta je planirano oko 10 miliona za socijalnu za\u0161titu \u2013 rekla je Maida \u041aasumovi\u0107 iz Op\u0161tinske uprave Sjenica.<\/p>\n<p>Prema njenim re\u010dima najve\u0107i problem op\u0161tine Sjenica je nepostojanje politike socijalne za\u0161tite.<\/p>\n<p>-Mi vi\u0161e nemamo \u010dlana op\u0161tinskog ve\u0107a zadu\u017eenog za ovu oblast. Tako da nam fali politika na lokalnom nivou. Lokalna samouprava nema mehanizam za ispitivanje potreba novih usluga socijalne za\u0161tite. Ako govorimo za raspisivanje javnih nabavki za ove dve postoje\u0107e usluge, na\u0161a baza podataka je upravo udru\u017eenje koje te usluge pru\u017ea. Nemamo u ljudskim resursima osobu u lokalnoj samoupravi koja se posve\u0107eno i konstantno bavi ovim problemom \u2013 istakla je \u041aasumovi\u0107.<\/p>\n","protected":false},"excerpt":{"rendered":"<p>Priboj\/Sjenica\/Prijepolje \u2013 Radni sastanak na temu Ja\u010danja kapaciteta jedinica lokalne samouprave u\u010desnika u projektu u cilju razvoja i primene najefikasnijeg modela za pru\u017eanje usluga socijalne za\u0161tite na lokalnom nivou odr\u017ean je u Priboju. Dugogodi\u0161nji saradnik GIZ-a na projektu Unapre\u0111enje usluga socijalne za\u0161tite u nadle\u017enosti op\u0161tina i gradova Vladan Jovanovi\u0107 istakao je dve teme dana\u0161njeg okupljanja. [&hellip;]<\/p>\n","protected":false},"author":509,"featured_media":230301,"comment_status":"open","ping_status":"open","sticky":false,"template":"","format":"standard","meta":{"footnotes":""},"categories":[393,5],"tags":[],"class_list":{"0":"post-230300","1":"post","2":"type-post","3":"status-publish","4":"format-standard","5":"has-post-thumbnail","7":"category-priboj","8":"category-drustvo"},"yoast_head":"<!-- This site is optimized with the Yoast SEO Premium plugin v23.1 (Yoast SEO v24.9) - https:\/\/yoast.com\/wordpress\/plugins\/seo\/ -->\n<title>Priboj: Razvijanje usluga socijalne za\u0161tite na lokalnom nivou<\/title>\n<meta name=\"robots\" content=\"index, follow, max-snippet:-1, max-image-preview:large, max-video-preview:-1\" \/>\n<link rel=\"canonical\" href=\"https:\/\/sandzakpress.net\/arhiva\/priboj-razvijanje-usluga-socijalne-zastite-na-lokalnom-nivou\/\" \/>\n<meta property=\"og:locale\" content=\"bs_BA\" \/>\n<meta property=\"og:type\" content=\"article\" \/>\n<meta property=\"og:title\" content=\"Priboj: Razvijanje usluga socijalne za\u0161tite na lokalnom nivou\" \/>\n<meta property=\"og:description\" content=\"Priboj\/Sjenica\/Prijepolje \u2013 Radni sastanak na temu Ja\u010danja kapaciteta jedinica lokalne samouprave u\u010desnika u projektu u cilju razvoja i primene najefikasnijeg modela za pru\u017eanje usluga socijalne za\u0161tite na lokalnom nivou odr\u017ean je u Priboju. Dugogodi\u0161nji saradnik GIZ-a na projektu Unapre\u0111enje usluga socijalne za\u0161tite u nadle\u017enosti op\u0161tina i gradova Vladan Jovanovi\u0107 istakao je dve teme dana\u0161njeg okupljanja. [&hellip;]\" \/>\n<meta property=\"og:url\" content=\"https:\/\/sandzakpress.net\/arhiva\/priboj-razvijanje-usluga-socijalne-zastite-na-lokalnom-nivou\/\" \/>\n<meta property=\"og:site_name\" content=\"Sand\u017eak PRESS\" \/>\n<meta property=\"article:published_time\" content=\"2019-11-05T14:10:19+00:00\" \/>\n<meta property=\"og:image\" content=\"https:\/\/sandzakpress.net\/arhiva\/wp-content\/uploads\/2019\/11\/radni-sastankafotogzs-1024x578.jpg\" \/>\n\t<meta property=\"og:image:width\" content=\"1024\" \/>\n\t<meta property=\"og:image:height\" content=\"578\" \/>\n\t<meta property=\"og:image:type\" content=\"image\/jpeg\" \/>\n<meta name=\"author\" content=\"Agencija\" \/>\n<meta name=\"twitter:card\" content=\"summary_large_image\" \/>\n<meta name=\"twitter:label1\" content=\"Written by\" \/>\n\t<meta name=\"twitter:data1\" content=\"Agencija\" \/>\n\t<meta name=\"twitter:label2\" content=\"Est. reading time\" \/>\n\t<meta name=\"twitter:data2\" content=\"4 minute\" \/>\n<script type=\"application\/ld+json\" class=\"yoast-schema-graph\">{\"@context\":\"https:\/\/schema.org\",\"@graph\":[{\"@type\":\"Article\",\"@id\":\"https:\/\/sandzakpress.net\/arhiva\/priboj-razvijanje-usluga-socijalne-zastite-na-lokalnom-nivou\/#article\",\"isPartOf\":{\"@id\":\"https:\/\/sandzakpress.net\/arhiva\/priboj-razvijanje-usluga-socijalne-zastite-na-lokalnom-nivou\/\"},\"author\":{\"name\":\"Agencija\",\"@id\":\"https:\/\/sandzakpress.net\/arhiva\/#\/schema\/person\/cb59d7e3ab91ab90dd680ad0305a6185\"},\"headline\":\"Priboj: Razvijanje usluga socijalne za\u0161tite na lokalnom nivou\",\"datePublished\":\"2019-11-05T14:10:19+00:00\",\"mainEntityOfPage\":{\"@id\":\"https:\/\/sandzakpress.net\/arhiva\/priboj-razvijanje-usluga-socijalne-zastite-na-lokalnom-nivou\/\"},\"wordCount\":834,\"commentCount\":0,\"publisher\":{\"@id\":\"https:\/\/sandzakpress.net\/arhiva\/#\/schema\/person\/6e72b67d6e51910a1117b3b483ba20bd\"},\"image\":{\"@id\":\"https:\/\/sandzakpress.net\/arhiva\/priboj-razvijanje-usluga-socijalne-zastite-na-lokalnom-nivou\/#primaryimage\"},\"thumbnailUrl\":\"https:\/\/sandzakpress.net\/arhiva\/wp-content\/uploads\/2019\/11\/radni-sastankafotogzs-1024x578.jpg\",\"articleSection\":[\"Priboj\",\"Dru\u0161tvo\"],\"inLanguage\":\"bs-BA\",\"potentialAction\":[{\"@type\":\"CommentAction\",\"name\":\"Comment\",\"target\":[\"https:\/\/sandzakpress.net\/arhiva\/priboj-razvijanje-usluga-socijalne-zastite-na-lokalnom-nivou\/#respond\"]}]},{\"@type\":\"WebPage\",\"@id\":\"https:\/\/sandzakpress.net\/arhiva\/priboj-razvijanje-usluga-socijalne-zastite-na-lokalnom-nivou\/\",\"url\":\"https:\/\/sandzakpress.net\/arhiva\/priboj-razvijanje-usluga-socijalne-zastite-na-lokalnom-nivou\/\",\"name\":\"Priboj: Razvijanje usluga socijalne za\u0161tite na lokalnom nivou\",\"isPartOf\":{\"@id\":\"https:\/\/sandzakpress.net\/arhiva\/#website\"},\"primaryImageOfPage\":{\"@id\":\"https:\/\/sandzakpress.net\/arhiva\/priboj-razvijanje-usluga-socijalne-zastite-na-lokalnom-nivou\/#primaryimage\"},\"image\":{\"@id\":\"https:\/\/sandzakpress.net\/arhiva\/priboj-razvijanje-usluga-socijalne-zastite-na-lokalnom-nivou\/#primaryimage\"},\"thumbnailUrl\":\"https:\/\/sandzakpress.net\/arhiva\/wp-content\/uploads\/2019\/11\/radni-sastankafotogzs-1024x578.jpg\",\"datePublished\":\"2019-11-05T14:10:19+00:00\",\"breadcrumb\":{\"@id\":\"https:\/\/sandzakpress.net\/arhiva\/priboj-razvijanje-usluga-socijalne-zastite-na-lokalnom-nivou\/#breadcrumb\"},\"inLanguage\":\"bs-BA\",\"potentialAction\":[{\"@type\":\"ReadAction\",\"target\":[\"https:\/\/sandzakpress.net\/arhiva\/priboj-razvijanje-usluga-socijalne-zastite-na-lokalnom-nivou\/\"]}]},{\"@type\":\"ImageObject\",\"inLanguage\":\"bs-BA\",\"@id\":\"https:\/\/sandzakpress.net\/arhiva\/priboj-razvijanje-usluga-socijalne-zastite-na-lokalnom-nivou\/#primaryimage\",\"url\":\"https:\/\/sandzakpress.net\/arhiva\/wp-content\/uploads\/2019\/11\/radni-sastankafotogzs-1024x578.jpg\",\"contentUrl\":\"https:\/\/sandzakpress.net\/arhiva\/wp-content\/uploads\/2019\/11\/radni-sastankafotogzs-1024x578.jpg\",\"width\":1024,\"height\":578},{\"@type\":\"BreadcrumbList\",\"@id\":\"https:\/\/sandzakpress.net\/arhiva\/priboj-razvijanje-usluga-socijalne-zastite-na-lokalnom-nivou\/#breadcrumb\",\"itemListElement\":[{\"@type\":\"ListItem\",\"position\":1,\"name\":\"Home\",\"item\":\"https:\/\/sandzakpress.net\/arhiva\/\"},{\"@type\":\"ListItem\",\"position\":2,\"name\":\"Priboj: Razvijanje usluga socijalne za\u0161tite na lokalnom nivou\"}]},{\"@type\":\"WebSite\",\"@id\":\"https:\/\/sandzakpress.net\/arhiva\/#website\",\"url\":\"https:\/\/sandzakpress.net\/arhiva\/\",\"name\":\"Sand\u017eak PRESS\",\"description\":\"Prve elektronske novine u Sand\u017eaku\",\"publisher\":{\"@id\":\"https:\/\/sandzakpress.net\/arhiva\/#\/schema\/person\/6e72b67d6e51910a1117b3b483ba20bd\"},\"potentialAction\":[{\"@type\":\"SearchAction\",\"target\":{\"@type\":\"EntryPoint\",\"urlTemplate\":\"https:\/\/sandzakpress.net\/arhiva\/?s={search_term_string}\"},\"query-input\":{\"@type\":\"PropertyValueSpecification\",\"valueRequired\":true,\"valueName\":\"search_term_string\"}}],\"inLanguage\":\"bs-BA\"},{\"@type\":[\"Person\",\"Organization\"],\"@id\":\"https:\/\/sandzakpress.net\/arhiva\/#\/schema\/person\/6e72b67d6e51910a1117b3b483ba20bd\",\"name\":\"Kul\",\"image\":{\"@type\":\"ImageObject\",\"inLanguage\":\"bs-BA\",\"@id\":\"https:\/\/sandzakpress.net\/arhiva\/#\/schema\/person\/image\/\",\"url\":\"https:\/\/secure.gravatar.com\/avatar\/42263f39aa27ac04c43cab85c280eb2e?s=96&d=mm&r=pg\",\"contentUrl\":\"https:\/\/secure.gravatar.com\/avatar\/42263f39aa27ac04c43cab85c280eb2e?s=96&d=mm&r=pg\",\"caption\":\"Kul\"},\"logo\":{\"@id\":\"https:\/\/sandzakpress.net\/arhiva\/#\/schema\/person\/image\/\"}},{\"@type\":\"Person\",\"@id\":\"https:\/\/sandzakpress.net\/arhiva\/#\/schema\/person\/cb59d7e3ab91ab90dd680ad0305a6185\",\"name\":\"Agencija\",\"image\":{\"@type\":\"ImageObject\",\"inLanguage\":\"bs-BA\",\"@id\":\"https:\/\/sandzakpress.net\/arhiva\/#\/schema\/person\/image\/\",\"url\":\"https:\/\/secure.gravatar.com\/avatar\/4b7fafa80a22f0c2afe23966b3961fe0?s=96&d=mm&r=pg\",\"contentUrl\":\"https:\/\/secure.gravatar.com\/avatar\/4b7fafa80a22f0c2afe23966b3961fe0?s=96&d=mm&r=pg\",\"caption\":\"Agencija\"},\"url\":\"https:\/\/sandzakpress.net\/arhiva\/author\/agencija\/\"}]}<\/script>\n<!-- \/ Yoast SEO Premium plugin. -->","yoast_head_json":{"title":"Priboj: Razvijanje usluga socijalne za\u0161tite na lokalnom nivou","robots":{"index":"index","follow":"follow","max-snippet":"max-snippet:-1","max-image-preview":"max-image-preview:large","max-video-preview":"max-video-preview:-1"},"canonical":"https:\/\/sandzakpress.net\/arhiva\/priboj-razvijanje-usluga-socijalne-zastite-na-lokalnom-nivou\/","og_locale":"bs_BA","og_type":"article","og_title":"Priboj: Razvijanje usluga socijalne za\u0161tite na lokalnom nivou","og_description":"Priboj\/Sjenica\/Prijepolje \u2013 Radni sastanak na temu Ja\u010danja kapaciteta jedinica lokalne samouprave u\u010desnika u projektu u cilju razvoja i primene najefikasnijeg modela za pru\u017eanje usluga socijalne za\u0161tite na lokalnom nivou odr\u017ean je u Priboju. Dugogodi\u0161nji saradnik GIZ-a na projektu Unapre\u0111enje usluga socijalne za\u0161tite u nadle\u017enosti op\u0161tina i gradova Vladan Jovanovi\u0107 istakao je dve teme dana\u0161njeg okupljanja. [&hellip;]","og_url":"https:\/\/sandzakpress.net\/arhiva\/priboj-razvijanje-usluga-socijalne-zastite-na-lokalnom-nivou\/","og_site_name":"Sand\u017eak PRESS","article_published_time":"2019-11-05T14:10:19+00:00","og_image":[{"width":1024,"height":578,"url":"https:\/\/sandzakpress.net\/arhiva\/wp-content\/uploads\/2019\/11\/radni-sastankafotogzs-1024x578.jpg","type":"image\/jpeg"}],"author":"Agencija","twitter_card":"summary_large_image","twitter_misc":{"Written by":"Agencija","Est. reading time":"4 minute"},"schema":{"@context":"https:\/\/schema.org","@graph":[{"@type":"Article","@id":"https:\/\/sandzakpress.net\/arhiva\/priboj-razvijanje-usluga-socijalne-zastite-na-lokalnom-nivou\/#article","isPartOf":{"@id":"https:\/\/sandzakpress.net\/arhiva\/priboj-razvijanje-usluga-socijalne-zastite-na-lokalnom-nivou\/"},"author":{"name":"Agencija","@id":"https:\/\/sandzakpress.net\/arhiva\/#\/schema\/person\/cb59d7e3ab91ab90dd680ad0305a6185"},"headline":"Priboj: Razvijanje usluga socijalne za\u0161tite na lokalnom nivou","datePublished":"2019-11-05T14:10:19+00:00","mainEntityOfPage":{"@id":"https:\/\/sandzakpress.net\/arhiva\/priboj-razvijanje-usluga-socijalne-zastite-na-lokalnom-nivou\/"},"wordCount":834,"commentCount":0,"publisher":{"@id":"https:\/\/sandzakpress.net\/arhiva\/#\/schema\/person\/6e72b67d6e51910a1117b3b483ba20bd"},"image":{"@id":"https:\/\/sandzakpress.net\/arhiva\/priboj-razvijanje-usluga-socijalne-zastite-na-lokalnom-nivou\/#primaryimage"},"thumbnailUrl":"https:\/\/sandzakpress.net\/arhiva\/wp-content\/uploads\/2019\/11\/radni-sastankafotogzs-1024x578.jpg","articleSection":["Priboj","Dru\u0161tvo"],"inLanguage":"bs-BA","potentialAction":[{"@type":"CommentAction","name":"Comment","target":["https:\/\/sandzakpress.net\/arhiva\/priboj-razvijanje-usluga-socijalne-zastite-na-lokalnom-nivou\/#respond"]}]},{"@type":"WebPage","@id":"https:\/\/sandzakpress.net\/arhiva\/priboj-razvijanje-usluga-socijalne-zastite-na-lokalnom-nivou\/","url":"https:\/\/sandzakpress.net\/arhiva\/priboj-razvijanje-usluga-socijalne-zastite-na-lokalnom-nivou\/","name":"Priboj: Razvijanje usluga socijalne za\u0161tite na lokalnom nivou","isPartOf":{"@id":"https:\/\/sandzakpress.net\/arhiva\/#website"},"primaryImageOfPage":{"@id":"https:\/\/sandzakpress.net\/arhiva\/priboj-razvijanje-usluga-socijalne-zastite-na-lokalnom-nivou\/#primaryimage"},"image":{"@id":"https:\/\/sandzakpress.net\/arhiva\/priboj-razvijanje-usluga-socijalne-zastite-na-lokalnom-nivou\/#primaryimage"},"thumbnailUrl":"https:\/\/sandzakpress.net\/arhiva\/wp-content\/uploads\/2019\/11\/radni-sastankafotogzs-1024x578.jpg","datePublished":"2019-11-05T14:10:19+00:00","breadcrumb":{"@id":"https:\/\/sandzakpress.net\/arhiva\/priboj-razvijanje-usluga-socijalne-zastite-na-lokalnom-nivou\/#breadcrumb"},"inLanguage":"bs-BA","potentialAction":[{"@type":"ReadAction","target":["https:\/\/sandzakpress.net\/arhiva\/priboj-razvijanje-usluga-socijalne-zastite-na-lokalnom-nivou\/"]}]},{"@type":"ImageObject","inLanguage":"bs-BA","@id":"https:\/\/sandzakpress.net\/arhiva\/priboj-razvijanje-usluga-socijalne-zastite-na-lokalnom-nivou\/#primaryimage","url":"https:\/\/sandzakpress.net\/arhiva\/wp-content\/uploads\/2019\/11\/radni-sastankafotogzs-1024x578.jpg","contentUrl":"https:\/\/sandzakpress.net\/arhiva\/wp-content\/uploads\/2019\/11\/radni-sastankafotogzs-1024x578.jpg","width":1024,"height":578},{"@type":"BreadcrumbList","@id":"https:\/\/sandzakpress.net\/arhiva\/priboj-razvijanje-usluga-socijalne-zastite-na-lokalnom-nivou\/#breadcrumb","itemListElement":[{"@type":"ListItem","position":1,"name":"Home","item":"https:\/\/sandzakpress.net\/arhiva\/"},{"@type":"ListItem","position":2,"name":"Priboj: Razvijanje usluga socijalne za\u0161tite na lokalnom nivou"}]},{"@type":"WebSite","@id":"https:\/\/sandzakpress.net\/arhiva\/#website","url":"https:\/\/sandzakpress.net\/arhiva\/","name":"Sand\u017eak PRESS","description":"Prve elektronske novine u Sand\u017eaku","publisher":{"@id":"https:\/\/sandzakpress.net\/arhiva\/#\/schema\/person\/6e72b67d6e51910a1117b3b483ba20bd"},"potentialAction":[{"@type":"SearchAction","target":{"@type":"EntryPoint","urlTemplate":"https:\/\/sandzakpress.net\/arhiva\/?s={search_term_string}"},"query-input":{"@type":"PropertyValueSpecification","valueRequired":true,"valueName":"search_term_string"}}],"inLanguage":"bs-BA"},{"@type":["Person","Organization"],"@id":"https:\/\/sandzakpress.net\/arhiva\/#\/schema\/person\/6e72b67d6e51910a1117b3b483ba20bd","name":"Kul","image":{"@type":"ImageObject","inLanguage":"bs-BA","@id":"https:\/\/sandzakpress.net\/arhiva\/#\/schema\/person\/image\/","url":"https:\/\/secure.gravatar.com\/avatar\/42263f39aa27ac04c43cab85c280eb2e?s=96&d=mm&r=pg","contentUrl":"https:\/\/secure.gravatar.com\/avatar\/42263f39aa27ac04c43cab85c280eb2e?s=96&d=mm&r=pg","caption":"Kul"},"logo":{"@id":"https:\/\/sandzakpress.net\/arhiva\/#\/schema\/person\/image\/"}},{"@type":"Person","@id":"https:\/\/sandzakpress.net\/arhiva\/#\/schema\/person\/cb59d7e3ab91ab90dd680ad0305a6185","name":"Agencija","image":{"@type":"ImageObject","inLanguage":"bs-BA","@id":"https:\/\/sandzakpress.net\/arhiva\/#\/schema\/person\/image\/","url":"https:\/\/secure.gravatar.com\/avatar\/4b7fafa80a22f0c2afe23966b3961fe0?s=96&d=mm&r=pg","contentUrl":"https:\/\/secure.gravatar.com\/avatar\/4b7fafa80a22f0c2afe23966b3961fe0?s=96&d=mm&r=pg","caption":"Agencija"},"url":"https:\/\/sandzakpress.net\/arhiva\/author\/agencija\/"}]}},"_links":{"self":[{"href":"https:\/\/sandzakpress.net\/arhiva\/wp-json\/wp\/v2\/posts\/230300"}],"collection":[{"href":"https:\/\/sandzakpress.net\/arhiva\/wp-json\/wp\/v2\/posts"}],"about":[{"href":"https:\/\/sandzakpress.net\/arhiva\/wp-json\/wp\/v2\/types\/post"}],"author":[{"embeddable":true,"href":"https:\/\/sandzakpress.net\/arhiva\/wp-json\/wp\/v2\/users\/509"}],"replies":[{"embeddable":true,"href":"https:\/\/sandzakpress.net\/arhiva\/wp-json\/wp\/v2\/comments?post=230300"}],"version-history":[{"count":0,"href":"https:\/\/sandzakpress.net\/arhiva\/wp-json\/wp\/v2\/posts\/230300\/revisions"}],"wp:featuredmedia":[{"embeddable":true,"href":"https:\/\/sandzakpress.net\/arhiva\/wp-json\/wp\/v2\/media\/230301"}],"wp:attachment":[{"href":"https:\/\/sandzakpress.net\/arhiva\/wp-json\/wp\/v2\/media?parent=230300"}],"wp:term":[{"taxonomy":"category","embeddable":true,"href":"https:\/\/sandzakpress.net\/arhiva\/wp-json\/wp\/v2\/categories?post=230300"},{"taxonomy":"post_tag","embeddable":true,"href":"https:\/\/sandzakpress.net\/arhiva\/wp-json\/wp\/v2\/tags?post=230300"}],"curies":[{"name":"wp","href":"https:\/\/api.w.org\/{rel}","templated":true}]}}