{"id":230256,"date":"2019-11-05T09:34:28","date_gmt":"2019-11-05T08:34:28","guid":{"rendered":"https:\/\/sandzakpress.net\/arhiva\/?p=230256"},"modified":"2019-11-05T09:34:28","modified_gmt":"2019-11-05T08:34:28","slug":"berane-mladicu-se-ljekari-bore-za-zivot-nakon-uboda-nozem-uhapsena-komsinica","status":"publish","type":"post","link":"https:\/\/sandzakpress.net\/arhiva\/berane-mladicu-se-ljekari-bore-za-zivot-nakon-uboda-nozem-uhapsena-komsinica\/","title":{"rendered":"Berane \/ Mladi\u0107u se ljekari bore za \u017eivot nakon uboda no\u017eem, uhap\u0161ena kom\u0161inica"},"content":{"rendered":"<p><img decoding=\"async\" src=\"https:\/\/www.sandzaklive.rs\/images\/0\/hitna-pomoc-696x469.jpg\" alt=\"hitna pomoc 696x469\" \/><\/p>\n<p><strong>Ljekari Op\u0161te bolnice u Beranama bore se za \u017eivot dvadesetpetogodi\u0161njem Dragomiru Tri\u0161i\u0107u, koji je sino\u0107 no\u017eem ranjen u srce.<\/strong><\/p>\n<p>Zbog sumnje da ga je poku\u0161ala ubiti, policija je uhapsila Beranku Radosavu Simonovi\u0107 (44).<\/p>\n<p>Iz Uprave policije \u201cVijestima\u201d je nezvani\u010dno re\u010deno da su ranjeni Tri\u0161i\u0107 i uhap\u0161ena Simonovi\u0107 kom\u0161ije, i da je poku\u0161aju ubistva prethodila sva\u0111a u naselju Dolac.<\/p>\n","protected":false},"excerpt":{"rendered":"<p>Ljekari Op\u0161te bolnice u Beranama bore se za \u017eivot dvadesetpetogodi\u0161njem Dragomiru Tri\u0161i\u0107u, koji je sino\u0107 no\u017eem ranjen u srce. Zbog sumnje da ga je poku\u0161ala ubiti, policija je uhapsila Beranku Radosavu Simonovi\u0107 (44). Iz Uprave policije \u201cVijestima\u201d je nezvani\u010dno re\u010deno da su ranjeni Tri\u0161i\u0107 i uhap\u0161ena Simonovi\u0107 kom\u0161ije, i da je poku\u0161aju ubistva prethodila sva\u0111a [&hellip;]<\/p>\n","protected":false},"author":509,"featured_media":230259,"comment_status":"open","ping_status":"open","sticky":false,"template":"","format":"standard","meta":{"footnotes":""},"categories":[397,801,10429],"tags":[],"class_list":{"0":"post-230256","1":"post","2":"type-post","3":"status-publish","4":"format-standard","5":"has-post-thumbnail","7":"category-berane","8":"category-crna_hronika","9":"category-vazno"},"yoast_head":"<!-- This site is optimized with the Yoast SEO Premium plugin v23.1 (Yoast SEO v24.9) - https:\/\/yoast.com\/wordpress\/plugins\/seo\/ -->\n<title>Berane \/ Mladi\u0107u se ljekari bore za \u017eivot nakon uboda no\u017eem, uhap\u0161ena kom\u0161inica<\/title>\n<meta name=\"robots\" content=\"index, follow, max-snippet:-1, max-image-preview:large, max-video-preview:-1\" \/>\n<link rel=\"canonical\" href=\"https:\/\/sandzakpress.net\/arhiva\/berane-mladicu-se-ljekari-bore-za-zivot-nakon-uboda-nozem-uhapsena-komsinica\/\" \/>\n<meta property=\"og:locale\" content=\"bs_BA\" \/>\n<meta property=\"og:type\" content=\"article\" \/>\n<meta property=\"og:title\" content=\"Berane \/ Mladi\u0107u se ljekari bore za \u017eivot nakon uboda no\u017eem, uhap\u0161ena kom\u0161inica\" \/>\n<meta property=\"og:description\" content=\"Ljekari Op\u0161te bolnice u Beranama bore se za \u017eivot dvadesetpetogodi\u0161njem Dragomiru Tri\u0161i\u0107u, koji je sino\u0107 no\u017eem ranjen u srce. Zbog sumnje da ga je poku\u0161ala ubiti, policija je uhapsila Beranku Radosavu Simonovi\u0107 (44). Iz Uprave policije \u201cVijestima\u201d je nezvani\u010dno re\u010deno da su ranjeni Tri\u0161i\u0107 i uhap\u0161ena Simonovi\u0107 kom\u0161ije, i da je poku\u0161aju ubistva prethodila sva\u0111a [&hellip;]\" \/>\n<meta property=\"og:url\" content=\"https:\/\/sandzakpress.net\/arhiva\/berane-mladicu-se-ljekari-bore-za-zivot-nakon-uboda-nozem-uhapsena-komsinica\/\" \/>\n<meta property=\"og:site_name\" content=\"Sand\u017eak PRESS\" \/>\n<meta property=\"article:published_time\" content=\"2019-11-05T08:34:28+00:00\" \/>\n<meta property=\"og:image\" content=\"https:\/\/sandzakpress.net\/arhiva\/wp-content\/uploads\/2019\/11\/hitna-pomoc-696x469.jpg\" \/>\n\t<meta property=\"og:image:width\" content=\"696\" \/>\n\t<meta property=\"og:image:height\" content=\"469\" \/>\n\t<meta property=\"og:image:type\" content=\"image\/jpeg\" \/>\n<meta name=\"author\" content=\"Agencija\" \/>\n<meta name=\"twitter:card\" content=\"summary_large_image\" \/>\n<meta name=\"twitter:label1\" content=\"Written by\" \/>\n\t<meta name=\"twitter:data1\" content=\"Agencija\" \/>\n<script type=\"application\/ld+json\" class=\"yoast-schema-graph\">{\"@context\":\"https:\/\/schema.org\",\"@graph\":[{\"@type\":\"Article\",\"@id\":\"https:\/\/sandzakpress.net\/arhiva\/berane-mladicu-se-ljekari-bore-za-zivot-nakon-uboda-nozem-uhapsena-komsinica\/#article\",\"isPartOf\":{\"@id\":\"https:\/\/sandzakpress.net\/arhiva\/berane-mladicu-se-ljekari-bore-za-zivot-nakon-uboda-nozem-uhapsena-komsinica\/\"},\"author\":{\"name\":\"Agencija\",\"@id\":\"https:\/\/sandzakpress.net\/arhiva\/#\/schema\/person\/cb59d7e3ab91ab90dd680ad0305a6185\"},\"headline\":\"Berane \/ Mladi\u0107u se ljekari bore za \u017eivot nakon uboda no\u017eem, uhap\u0161ena kom\u0161inica\",\"datePublished\":\"2019-11-05T08:34:28+00:00\",\"mainEntityOfPage\":{\"@id\":\"https:\/\/sandzakpress.net\/arhiva\/berane-mladicu-se-ljekari-bore-za-zivot-nakon-uboda-nozem-uhapsena-komsinica\/\"},\"wordCount\":86,\"commentCount\":0,\"publisher\":{\"@id\":\"https:\/\/sandzakpress.net\/arhiva\/#\/schema\/person\/6e72b67d6e51910a1117b3b483ba20bd\"},\"image\":{\"@id\":\"https:\/\/sandzakpress.net\/arhiva\/berane-mladicu-se-ljekari-bore-za-zivot-nakon-uboda-nozem-uhapsena-komsinica\/#primaryimage\"},\"thumbnailUrl\":\"https:\/\/sandzakpress.net\/arhiva\/wp-content\/uploads\/2019\/11\/hitna-pomoc-696x469.jpg\",\"articleSection\":[\"Berane\",\"Hronika\",\"VA\u017dNO!\"],\"inLanguage\":\"bs-BA\",\"potentialAction\":[{\"@type\":\"CommentAction\",\"name\":\"Comment\",\"target\":[\"https:\/\/sandzakpress.net\/arhiva\/berane-mladicu-se-ljekari-bore-za-zivot-nakon-uboda-nozem-uhapsena-komsinica\/#respond\"]}]},{\"@type\":\"WebPage\",\"@id\":\"https:\/\/sandzakpress.net\/arhiva\/berane-mladicu-se-ljekari-bore-za-zivot-nakon-uboda-nozem-uhapsena-komsinica\/\",\"url\":\"https:\/\/sandzakpress.net\/arhiva\/berane-mladicu-se-ljekari-bore-za-zivot-nakon-uboda-nozem-uhapsena-komsinica\/\",\"name\":\"Berane \/ Mladi\u0107u se ljekari bore za \u017eivot nakon uboda no\u017eem, uhap\u0161ena kom\u0161inica\",\"isPartOf\":{\"@id\":\"https:\/\/sandzakpress.net\/arhiva\/#website\"},\"primaryImageOfPage\":{\"@id\":\"https:\/\/sandzakpress.net\/arhiva\/berane-mladicu-se-ljekari-bore-za-zivot-nakon-uboda-nozem-uhapsena-komsinica\/#primaryimage\"},\"image\":{\"@id\":\"https:\/\/sandzakpress.net\/arhiva\/berane-mladicu-se-ljekari-bore-za-zivot-nakon-uboda-nozem-uhapsena-komsinica\/#primaryimage\"},\"thumbnailUrl\":\"https:\/\/sandzakpress.net\/arhiva\/wp-content\/uploads\/2019\/11\/hitna-pomoc-696x469.jpg\",\"datePublished\":\"2019-11-05T08:34:28+00:00\",\"breadcrumb\":{\"@id\":\"https:\/\/sandzakpress.net\/arhiva\/berane-mladicu-se-ljekari-bore-za-zivot-nakon-uboda-nozem-uhapsena-komsinica\/#breadcrumb\"},\"inLanguage\":\"bs-BA\",\"potentialAction\":[{\"@type\":\"ReadAction\",\"target\":[\"https:\/\/sandzakpress.net\/arhiva\/berane-mladicu-se-ljekari-bore-za-zivot-nakon-uboda-nozem-uhapsena-komsinica\/\"]}]},{\"@type\":\"ImageObject\",\"inLanguage\":\"bs-BA\",\"@id\":\"https:\/\/sandzakpress.net\/arhiva\/berane-mladicu-se-ljekari-bore-za-zivot-nakon-uboda-nozem-uhapsena-komsinica\/#primaryimage\",\"url\":\"https:\/\/sandzakpress.net\/arhiva\/wp-content\/uploads\/2019\/11\/hitna-pomoc-696x469.jpg\",\"contentUrl\":\"https:\/\/sandzakpress.net\/arhiva\/wp-content\/uploads\/2019\/11\/hitna-pomoc-696x469.jpg\",\"width\":696,\"height\":469},{\"@type\":\"BreadcrumbList\",\"@id\":\"https:\/\/sandzakpress.net\/arhiva\/berane-mladicu-se-ljekari-bore-za-zivot-nakon-uboda-nozem-uhapsena-komsinica\/#breadcrumb\",\"itemListElement\":[{\"@type\":\"ListItem\",\"position\":1,\"name\":\"Home\",\"item\":\"https:\/\/sandzakpress.net\/arhiva\/\"},{\"@type\":\"ListItem\",\"position\":2,\"name\":\"Berane \/ Mladi\u0107u se ljekari bore za \u017eivot nakon uboda no\u017eem, uhap\u0161ena kom\u0161inica\"}]},{\"@type\":\"WebSite\",\"@id\":\"https:\/\/sandzakpress.net\/arhiva\/#website\",\"url\":\"https:\/\/sandzakpress.net\/arhiva\/\",\"name\":\"Sand\u017eak PRESS\",\"description\":\"Prve elektronske novine u Sand\u017eaku\",\"publisher\":{\"@id\":\"https:\/\/sandzakpress.net\/arhiva\/#\/schema\/person\/6e72b67d6e51910a1117b3b483ba20bd\"},\"potentialAction\":[{\"@type\":\"SearchAction\",\"target\":{\"@type\":\"EntryPoint\",\"urlTemplate\":\"https:\/\/sandzakpress.net\/arhiva\/?s={search_term_string}\"},\"query-input\":{\"@type\":\"PropertyValueSpecification\",\"valueRequired\":true,\"valueName\":\"search_term_string\"}}],\"inLanguage\":\"bs-BA\"},{\"@type\":[\"Person\",\"Organization\"],\"@id\":\"https:\/\/sandzakpress.net\/arhiva\/#\/schema\/person\/6e72b67d6e51910a1117b3b483ba20bd\",\"name\":\"Kul\",\"image\":{\"@type\":\"ImageObject\",\"inLanguage\":\"bs-BA\",\"@id\":\"https:\/\/sandzakpress.net\/arhiva\/#\/schema\/person\/image\/\",\"url\":\"https:\/\/secure.gravatar.com\/avatar\/42263f39aa27ac04c43cab85c280eb2e?s=96&d=mm&r=pg\",\"contentUrl\":\"https:\/\/secure.gravatar.com\/avatar\/42263f39aa27ac04c43cab85c280eb2e?s=96&d=mm&r=pg\",\"caption\":\"Kul\"},\"logo\":{\"@id\":\"https:\/\/sandzakpress.net\/arhiva\/#\/schema\/person\/image\/\"}},{\"@type\":\"Person\",\"@id\":\"https:\/\/sandzakpress.net\/arhiva\/#\/schema\/person\/cb59d7e3ab91ab90dd680ad0305a6185\",\"name\":\"Agencija\",\"image\":{\"@type\":\"ImageObject\",\"inLanguage\":\"bs-BA\",\"@id\":\"https:\/\/sandzakpress.net\/arhiva\/#\/schema\/person\/image\/\",\"url\":\"https:\/\/secure.gravatar.com\/avatar\/4b7fafa80a22f0c2afe23966b3961fe0?s=96&d=mm&r=pg\",\"contentUrl\":\"https:\/\/secure.gravatar.com\/avatar\/4b7fafa80a22f0c2afe23966b3961fe0?s=96&d=mm&r=pg\",\"caption\":\"Agencija\"},\"url\":\"https:\/\/sandzakpress.net\/arhiva\/author\/agencija\/\"}]}<\/script>\n<!-- \/ Yoast SEO Premium plugin. -->","yoast_head_json":{"title":"Berane \/ Mladi\u0107u se ljekari bore za \u017eivot nakon uboda no\u017eem, uhap\u0161ena kom\u0161inica","robots":{"index":"index","follow":"follow","max-snippet":"max-snippet:-1","max-image-preview":"max-image-preview:large","max-video-preview":"max-video-preview:-1"},"canonical":"https:\/\/sandzakpress.net\/arhiva\/berane-mladicu-se-ljekari-bore-za-zivot-nakon-uboda-nozem-uhapsena-komsinica\/","og_locale":"bs_BA","og_type":"article","og_title":"Berane \/ Mladi\u0107u se ljekari bore za \u017eivot nakon uboda no\u017eem, uhap\u0161ena kom\u0161inica","og_description":"Ljekari Op\u0161te bolnice u Beranama bore se za \u017eivot dvadesetpetogodi\u0161njem Dragomiru Tri\u0161i\u0107u, koji je sino\u0107 no\u017eem ranjen u srce. Zbog sumnje da ga je poku\u0161ala ubiti, policija je uhapsila Beranku Radosavu Simonovi\u0107 (44). Iz Uprave policije \u201cVijestima\u201d je nezvani\u010dno re\u010deno da su ranjeni Tri\u0161i\u0107 i uhap\u0161ena Simonovi\u0107 kom\u0161ije, i da je poku\u0161aju ubistva prethodila sva\u0111a [&hellip;]","og_url":"https:\/\/sandzakpress.net\/arhiva\/berane-mladicu-se-ljekari-bore-za-zivot-nakon-uboda-nozem-uhapsena-komsinica\/","og_site_name":"Sand\u017eak PRESS","article_published_time":"2019-11-05T08:34:28+00:00","og_image":[{"width":696,"height":469,"url":"https:\/\/sandzakpress.net\/arhiva\/wp-content\/uploads\/2019\/11\/hitna-pomoc-696x469.jpg","type":"image\/jpeg"}],"author":"Agencija","twitter_card":"summary_large_image","twitter_misc":{"Written by":"Agencija"},"schema":{"@context":"https:\/\/schema.org","@graph":[{"@type":"Article","@id":"https:\/\/sandzakpress.net\/arhiva\/berane-mladicu-se-ljekari-bore-za-zivot-nakon-uboda-nozem-uhapsena-komsinica\/#article","isPartOf":{"@id":"https:\/\/sandzakpress.net\/arhiva\/berane-mladicu-se-ljekari-bore-za-zivot-nakon-uboda-nozem-uhapsena-komsinica\/"},"author":{"name":"Agencija","@id":"https:\/\/sandzakpress.net\/arhiva\/#\/schema\/person\/cb59d7e3ab91ab90dd680ad0305a6185"},"headline":"Berane \/ Mladi\u0107u se ljekari bore za \u017eivot nakon uboda no\u017eem, uhap\u0161ena kom\u0161inica","datePublished":"2019-11-05T08:34:28+00:00","mainEntityOfPage":{"@id":"https:\/\/sandzakpress.net\/arhiva\/berane-mladicu-se-ljekari-bore-za-zivot-nakon-uboda-nozem-uhapsena-komsinica\/"},"wordCount":86,"commentCount":0,"publisher":{"@id":"https:\/\/sandzakpress.net\/arhiva\/#\/schema\/person\/6e72b67d6e51910a1117b3b483ba20bd"},"image":{"@id":"https:\/\/sandzakpress.net\/arhiva\/berane-mladicu-se-ljekari-bore-za-zivot-nakon-uboda-nozem-uhapsena-komsinica\/#primaryimage"},"thumbnailUrl":"https:\/\/sandzakpress.net\/arhiva\/wp-content\/uploads\/2019\/11\/hitna-pomoc-696x469.jpg","articleSection":["Berane","Hronika","VA\u017dNO!"],"inLanguage":"bs-BA","potentialAction":[{"@type":"CommentAction","name":"Comment","target":["https:\/\/sandzakpress.net\/arhiva\/berane-mladicu-se-ljekari-bore-za-zivot-nakon-uboda-nozem-uhapsena-komsinica\/#respond"]}]},{"@type":"WebPage","@id":"https:\/\/sandzakpress.net\/arhiva\/berane-mladicu-se-ljekari-bore-za-zivot-nakon-uboda-nozem-uhapsena-komsinica\/","url":"https:\/\/sandzakpress.net\/arhiva\/berane-mladicu-se-ljekari-bore-za-zivot-nakon-uboda-nozem-uhapsena-komsinica\/","name":"Berane \/ Mladi\u0107u se ljekari bore za \u017eivot nakon uboda no\u017eem, uhap\u0161ena kom\u0161inica","isPartOf":{"@id":"https:\/\/sandzakpress.net\/arhiva\/#website"},"primaryImageOfPage":{"@id":"https:\/\/sandzakpress.net\/arhiva\/berane-mladicu-se-ljekari-bore-za-zivot-nakon-uboda-nozem-uhapsena-komsinica\/#primaryimage"},"image":{"@id":"https:\/\/sandzakpress.net\/arhiva\/berane-mladicu-se-ljekari-bore-za-zivot-nakon-uboda-nozem-uhapsena-komsinica\/#primaryimage"},"thumbnailUrl":"https:\/\/sandzakpress.net\/arhiva\/wp-content\/uploads\/2019\/11\/hitna-pomoc-696x469.jpg","datePublished":"2019-11-05T08:34:28+00:00","breadcrumb":{"@id":"https:\/\/sandzakpress.net\/arhiva\/berane-mladicu-se-ljekari-bore-za-zivot-nakon-uboda-nozem-uhapsena-komsinica\/#breadcrumb"},"inLanguage":"bs-BA","potentialAction":[{"@type":"ReadAction","target":["https:\/\/sandzakpress.net\/arhiva\/berane-mladicu-se-ljekari-bore-za-zivot-nakon-uboda-nozem-uhapsena-komsinica\/"]}]},{"@type":"ImageObject","inLanguage":"bs-BA","@id":"https:\/\/sandzakpress.net\/arhiva\/berane-mladicu-se-ljekari-bore-za-zivot-nakon-uboda-nozem-uhapsena-komsinica\/#primaryimage","url":"https:\/\/sandzakpress.net\/arhiva\/wp-content\/uploads\/2019\/11\/hitna-pomoc-696x469.jpg","contentUrl":"https:\/\/sandzakpress.net\/arhiva\/wp-content\/uploads\/2019\/11\/hitna-pomoc-696x469.jpg","width":696,"height":469},{"@type":"BreadcrumbList","@id":"https:\/\/sandzakpress.net\/arhiva\/berane-mladicu-se-ljekari-bore-za-zivot-nakon-uboda-nozem-uhapsena-komsinica\/#breadcrumb","itemListElement":[{"@type":"ListItem","position":1,"name":"Home","item":"https:\/\/sandzakpress.net\/arhiva\/"},{"@type":"ListItem","position":2,"name":"Berane \/ Mladi\u0107u se ljekari bore za \u017eivot nakon uboda no\u017eem, uhap\u0161ena kom\u0161inica"}]},{"@type":"WebSite","@id":"https:\/\/sandzakpress.net\/arhiva\/#website","url":"https:\/\/sandzakpress.net\/arhiva\/","name":"Sand\u017eak PRESS","description":"Prve elektronske novine u Sand\u017eaku","publisher":{"@id":"https:\/\/sandzakpress.net\/arhiva\/#\/schema\/person\/6e72b67d6e51910a1117b3b483ba20bd"},"potentialAction":[{"@type":"SearchAction","target":{"@type":"EntryPoint","urlTemplate":"https:\/\/sandzakpress.net\/arhiva\/?s={search_term_string}"},"query-input":{"@type":"PropertyValueSpecification","valueRequired":true,"valueName":"search_term_string"}}],"inLanguage":"bs-BA"},{"@type":["Person","Organization"],"@id":"https:\/\/sandzakpress.net\/arhiva\/#\/schema\/person\/6e72b67d6e51910a1117b3b483ba20bd","name":"Kul","image":{"@type":"ImageObject","inLanguage":"bs-BA","@id":"https:\/\/sandzakpress.net\/arhiva\/#\/schema\/person\/image\/","url":"https:\/\/secure.gravatar.com\/avatar\/42263f39aa27ac04c43cab85c280eb2e?s=96&d=mm&r=pg","contentUrl":"https:\/\/secure.gravatar.com\/avatar\/42263f39aa27ac04c43cab85c280eb2e?s=96&d=mm&r=pg","caption":"Kul"},"logo":{"@id":"https:\/\/sandzakpress.net\/arhiva\/#\/schema\/person\/image\/"}},{"@type":"Person","@id":"https:\/\/sandzakpress.net\/arhiva\/#\/schema\/person\/cb59d7e3ab91ab90dd680ad0305a6185","name":"Agencija","image":{"@type":"ImageObject","inLanguage":"bs-BA","@id":"https:\/\/sandzakpress.net\/arhiva\/#\/schema\/person\/image\/","url":"https:\/\/secure.gravatar.com\/avatar\/4b7fafa80a22f0c2afe23966b3961fe0?s=96&d=mm&r=pg","contentUrl":"https:\/\/secure.gravatar.com\/avatar\/4b7fafa80a22f0c2afe23966b3961fe0?s=96&d=mm&r=pg","caption":"Agencija"},"url":"https:\/\/sandzakpress.net\/arhiva\/author\/agencija\/"}]}},"_links":{"self":[{"href":"https:\/\/sandzakpress.net\/arhiva\/wp-json\/wp\/v2\/posts\/230256"}],"collection":[{"href":"https:\/\/sandzakpress.net\/arhiva\/wp-json\/wp\/v2\/posts"}],"about":[{"href":"https:\/\/sandzakpress.net\/arhiva\/wp-json\/wp\/v2\/types\/post"}],"author":[{"embeddable":true,"href":"https:\/\/sandzakpress.net\/arhiva\/wp-json\/wp\/v2\/users\/509"}],"replies":[{"embeddable":true,"href":"https:\/\/sandzakpress.net\/arhiva\/wp-json\/wp\/v2\/comments?post=230256"}],"version-history":[{"count":0,"href":"https:\/\/sandzakpress.net\/arhiva\/wp-json\/wp\/v2\/posts\/230256\/revisions"}],"wp:featuredmedia":[{"embeddable":true,"href":"https:\/\/sandzakpress.net\/arhiva\/wp-json\/wp\/v2\/media\/230259"}],"wp:attachment":[{"href":"https:\/\/sandzakpress.net\/arhiva\/wp-json\/wp\/v2\/media?parent=230256"}],"wp:term":[{"taxonomy":"category","embeddable":true,"href":"https:\/\/sandzakpress.net\/arhiva\/wp-json\/wp\/v2\/categories?post=230256"},{"taxonomy":"post_tag","embeddable":true,"href":"https:\/\/sandzakpress.net\/arhiva\/wp-json\/wp\/v2\/tags?post=230256"}],"curies":[{"name":"wp","href":"https:\/\/api.w.org\/{rel}","templated":true}]}}