{"id":230252,"date":"2019-11-05T09:32:18","date_gmt":"2019-11-05T08:32:18","guid":{"rendered":"https:\/\/sandzakpress.net\/arhiva\/?p=230252"},"modified":"2019-11-05T09:32:18","modified_gmt":"2019-11-05T08:32:18","slug":"terali-djevojku-23-iz-beograda-da-se-prostituise-uhapseni-brat-i-sestra-iz-novog-pazara-u-sve-umjesana-i-njihova-majka","status":"publish","type":"post","link":"https:\/\/sandzakpress.net\/arhiva\/terali-djevojku-23-iz-beograda-da-se-prostituise-uhapseni-brat-i-sestra-iz-novog-pazara-u-sve-umjesana-i-njihova-majka\/","title":{"rendered":"Terali djevojku (23) iz Beograda da se prostitui\u0161e! Uhap\u0161eni brat i sestra iz Novog Pazara, u sve umje\u0161ana i njihova majka!"},"content":{"rendered":"<p><img decoding=\"async\" src=\"https:\/\/www.alo.rs\/resources\/images\/0000\/204\/174\/14-%20audi%20hapsenje%20lopovi%20audi%2001%20Alo%20Vladimir%20Markovic_1000x0.jpg\" alt=\"Audi, hap\u0161enje\" \/><\/p>\n<p class=\"lead mtb20\"><strong>Anton \u0110. i njegova sestra Milica V. Osumnji\u010deni da su se bavili trgovinom ljudima i organizovali lanac prostitucije.\u00a0<\/strong><\/p>\n<p>Zbog osnova sumnje da su se bavili trgovinom ljudima i organizovali lanac prostitucije, u Novom Pazaru su uhap\u0161eni Anton \u0110. i njegova sestra Milica V., porijeklom sa Kosova i Metohije, kojima je odre\u0111eno 48-\u010dasovno policijsko zadr\u017eavanje.<\/p>\n<p>U toku je i potraga za njihovom majkom Vesnom S., za koju se sumnja da je po\u010dinila ista krivi\u010dna djela. Prema informacijama iz policije, ova dobro organizovana trojka primoravala je Beogra\u0111anku A. R. (23) da se prostitui\u0161e u jednoj kafani na periferiji Pri\u0161tine, a svako odbijanje ka\u017enjavali su batinama. U jednom trenutku devojka je uspela da se izvu\u010de iz njihovih kand\u017ei i sve prijavi policiji.<\/p>\n<p>Uhap\u0161eni Anton \u0110. u Novom Pazaru je hap\u0161en i krajem jula ove godine, jer svojim vozilom nije htio da se zaustavi na znak policije, a tokom poku\u0161aja bekstva o\u0161tetio je nekoliko vozila. Policiji je poznat i zbog vi\u0161e drugih krivi\u010dnih djela.<\/p>\n<div id=\"newsContent\" class=\"m-top20 twelvecol\">\n<div class=\"mceNonEditable pluginContainer imagePlugin image-safe fullWidth\" data-image-id=\"204174\">\u00a0<\/div>\n<\/div>\n","protected":false},"excerpt":{"rendered":"<p>Anton \u0110. i njegova sestra Milica V. Osumnji\u010deni da su se bavili trgovinom ljudima i organizovali lanac prostitucije.\u00a0 Zbog osnova sumnje da su se bavili trgovinom ljudima i organizovali lanac prostitucije, u Novom Pazaru su uhap\u0161eni Anton \u0110. i njegova sestra Milica V., porijeklom sa Kosova i Metohije, kojima je odre\u0111eno 48-\u010dasovno policijsko zadr\u017eavanje. U [&hellip;]<\/p>\n","protected":false},"author":509,"featured_media":230253,"comment_status":"open","ping_status":"open","sticky":false,"template":"","format":"standard","meta":{"footnotes":""},"categories":[72,801,10429],"tags":[],"class_list":{"0":"post-230252","1":"post","2":"type-post","3":"status-publish","4":"format-standard","5":"has-post-thumbnail","7":"category-novi-pazar","8":"category-crna_hronika","9":"category-vazno"},"yoast_head":"<!-- This site is optimized with the Yoast SEO Premium plugin v23.1 (Yoast SEO v24.9) - https:\/\/yoast.com\/wordpress\/plugins\/seo\/ -->\n<title>Terali djevojku (23) iz Beograda da se prostitui\u0161e! Uhap\u0161eni brat i sestra iz Novog Pazara, u sve umje\u0161ana i njihova majka!<\/title>\n<meta name=\"robots\" content=\"index, follow, max-snippet:-1, max-image-preview:large, max-video-preview:-1\" \/>\n<link rel=\"canonical\" href=\"https:\/\/sandzakpress.net\/arhiva\/terali-djevojku-23-iz-beograda-da-se-prostituise-uhapseni-brat-i-sestra-iz-novog-pazara-u-sve-umjesana-i-njihova-majka\/\" \/>\n<meta property=\"og:locale\" content=\"bs_BA\" \/>\n<meta property=\"og:type\" content=\"article\" \/>\n<meta property=\"og:title\" content=\"Terali djevojku (23) iz Beograda da se prostitui\u0161e! Uhap\u0161eni brat i sestra iz Novog Pazara, u sve umje\u0161ana i njihova majka!\" \/>\n<meta property=\"og:description\" content=\"Anton \u0110. i njegova sestra Milica V. Osumnji\u010deni da su se bavili trgovinom ljudima i organizovali lanac prostitucije.\u00a0 Zbog osnova sumnje da su se bavili trgovinom ljudima i organizovali lanac prostitucije, u Novom Pazaru su uhap\u0161eni Anton \u0110. i njegova sestra Milica V., porijeklom sa Kosova i Metohije, kojima je odre\u0111eno 48-\u010dasovno policijsko zadr\u017eavanje. U [&hellip;]\" \/>\n<meta property=\"og:url\" content=\"https:\/\/sandzakpress.net\/arhiva\/terali-djevojku-23-iz-beograda-da-se-prostituise-uhapseni-brat-i-sestra-iz-novog-pazara-u-sve-umjesana-i-njihova-majka\/\" \/>\n<meta property=\"og:site_name\" content=\"Sand\u017eak PRESS\" \/>\n<meta property=\"article:published_time\" content=\"2019-11-05T08:32:18+00:00\" \/>\n<meta property=\"og:image\" content=\"https:\/\/sandzakpress.net\/arhiva\/wp-content\/uploads\/2019\/11\/14-audi-hapsenje-lopovi-audi-01-Alo-Vladimir-Markovic_1000x0.jpg\" \/>\n\t<meta property=\"og:image:width\" content=\"1000\" \/>\n\t<meta property=\"og:image:height\" content=\"666\" \/>\n\t<meta property=\"og:image:type\" content=\"image\/jpeg\" \/>\n<meta name=\"author\" content=\"Agencija\" \/>\n<meta name=\"twitter:card\" content=\"summary_large_image\" \/>\n<meta name=\"twitter:label1\" content=\"Written by\" \/>\n\t<meta name=\"twitter:data1\" content=\"Agencija\" \/>\n\t<meta name=\"twitter:label2\" content=\"Est. reading time\" \/>\n\t<meta name=\"twitter:data2\" content=\"1 minuta\" \/>\n<script type=\"application\/ld+json\" class=\"yoast-schema-graph\">{\"@context\":\"https:\/\/schema.org\",\"@graph\":[{\"@type\":\"Article\",\"@id\":\"https:\/\/sandzakpress.net\/arhiva\/terali-djevojku-23-iz-beograda-da-se-prostituise-uhapseni-brat-i-sestra-iz-novog-pazara-u-sve-umjesana-i-njihova-majka\/#article\",\"isPartOf\":{\"@id\":\"https:\/\/sandzakpress.net\/arhiva\/terali-djevojku-23-iz-beograda-da-se-prostituise-uhapseni-brat-i-sestra-iz-novog-pazara-u-sve-umjesana-i-njihova-majka\/\"},\"author\":{\"name\":\"Agencija\",\"@id\":\"https:\/\/sandzakpress.net\/arhiva\/#\/schema\/person\/cb59d7e3ab91ab90dd680ad0305a6185\"},\"headline\":\"Terali djevojku (23) iz Beograda da se prostitui\u0161e! Uhap\u0161eni brat i sestra iz Novog Pazara, u sve umje\u0161ana i njihova majka!\",\"datePublished\":\"2019-11-05T08:32:18+00:00\",\"mainEntityOfPage\":{\"@id\":\"https:\/\/sandzakpress.net\/arhiva\/terali-djevojku-23-iz-beograda-da-se-prostituise-uhapseni-brat-i-sestra-iz-novog-pazara-u-sve-umjesana-i-njihova-majka\/\"},\"wordCount\":198,\"commentCount\":0,\"publisher\":{\"@id\":\"https:\/\/sandzakpress.net\/arhiva\/#\/schema\/person\/6e72b67d6e51910a1117b3b483ba20bd\"},\"image\":{\"@id\":\"https:\/\/sandzakpress.net\/arhiva\/terali-djevojku-23-iz-beograda-da-se-prostituise-uhapseni-brat-i-sestra-iz-novog-pazara-u-sve-umjesana-i-njihova-majka\/#primaryimage\"},\"thumbnailUrl\":\"https:\/\/sandzakpress.net\/arhiva\/wp-content\/uploads\/2019\/11\/14-audi-hapsenje-lopovi-audi-01-Alo-Vladimir-Markovic_1000x0.jpg\",\"articleSection\":[\"Novi Pazar\",\"Hronika\",\"VA\u017dNO!\"],\"inLanguage\":\"bs-BA\",\"potentialAction\":[{\"@type\":\"CommentAction\",\"name\":\"Comment\",\"target\":[\"https:\/\/sandzakpress.net\/arhiva\/terali-djevojku-23-iz-beograda-da-se-prostituise-uhapseni-brat-i-sestra-iz-novog-pazara-u-sve-umjesana-i-njihova-majka\/#respond\"]}]},{\"@type\":\"WebPage\",\"@id\":\"https:\/\/sandzakpress.net\/arhiva\/terali-djevojku-23-iz-beograda-da-se-prostituise-uhapseni-brat-i-sestra-iz-novog-pazara-u-sve-umjesana-i-njihova-majka\/\",\"url\":\"https:\/\/sandzakpress.net\/arhiva\/terali-djevojku-23-iz-beograda-da-se-prostituise-uhapseni-brat-i-sestra-iz-novog-pazara-u-sve-umjesana-i-njihova-majka\/\",\"name\":\"Terali djevojku (23) iz Beograda da se prostitui\u0161e! Uhap\u0161eni brat i sestra iz Novog Pazara, u sve umje\u0161ana i njihova majka!\",\"isPartOf\":{\"@id\":\"https:\/\/sandzakpress.net\/arhiva\/#website\"},\"primaryImageOfPage\":{\"@id\":\"https:\/\/sandzakpress.net\/arhiva\/terali-djevojku-23-iz-beograda-da-se-prostituise-uhapseni-brat-i-sestra-iz-novog-pazara-u-sve-umjesana-i-njihova-majka\/#primaryimage\"},\"image\":{\"@id\":\"https:\/\/sandzakpress.net\/arhiva\/terali-djevojku-23-iz-beograda-da-se-prostituise-uhapseni-brat-i-sestra-iz-novog-pazara-u-sve-umjesana-i-njihova-majka\/#primaryimage\"},\"thumbnailUrl\":\"https:\/\/sandzakpress.net\/arhiva\/wp-content\/uploads\/2019\/11\/14-audi-hapsenje-lopovi-audi-01-Alo-Vladimir-Markovic_1000x0.jpg\",\"datePublished\":\"2019-11-05T08:32:18+00:00\",\"breadcrumb\":{\"@id\":\"https:\/\/sandzakpress.net\/arhiva\/terali-djevojku-23-iz-beograda-da-se-prostituise-uhapseni-brat-i-sestra-iz-novog-pazara-u-sve-umjesana-i-njihova-majka\/#breadcrumb\"},\"inLanguage\":\"bs-BA\",\"potentialAction\":[{\"@type\":\"ReadAction\",\"target\":[\"https:\/\/sandzakpress.net\/arhiva\/terali-djevojku-23-iz-beograda-da-se-prostituise-uhapseni-brat-i-sestra-iz-novog-pazara-u-sve-umjesana-i-njihova-majka\/\"]}]},{\"@type\":\"ImageObject\",\"inLanguage\":\"bs-BA\",\"@id\":\"https:\/\/sandzakpress.net\/arhiva\/terali-djevojku-23-iz-beograda-da-se-prostituise-uhapseni-brat-i-sestra-iz-novog-pazara-u-sve-umjesana-i-njihova-majka\/#primaryimage\",\"url\":\"https:\/\/sandzakpress.net\/arhiva\/wp-content\/uploads\/2019\/11\/14-audi-hapsenje-lopovi-audi-01-Alo-Vladimir-Markovic_1000x0.jpg\",\"contentUrl\":\"https:\/\/sandzakpress.net\/arhiva\/wp-content\/uploads\/2019\/11\/14-audi-hapsenje-lopovi-audi-01-Alo-Vladimir-Markovic_1000x0.jpg\",\"width\":1000,\"height\":666},{\"@type\":\"BreadcrumbList\",\"@id\":\"https:\/\/sandzakpress.net\/arhiva\/terali-djevojku-23-iz-beograda-da-se-prostituise-uhapseni-brat-i-sestra-iz-novog-pazara-u-sve-umjesana-i-njihova-majka\/#breadcrumb\",\"itemListElement\":[{\"@type\":\"ListItem\",\"position\":1,\"name\":\"Home\",\"item\":\"https:\/\/sandzakpress.net\/arhiva\/\"},{\"@type\":\"ListItem\",\"position\":2,\"name\":\"Terali djevojku (23) iz Beograda da se prostitui\u0161e! Uhap\u0161eni brat i sestra iz Novog Pazara, u sve umje\u0161ana i njihova majka!\"}]},{\"@type\":\"WebSite\",\"@id\":\"https:\/\/sandzakpress.net\/arhiva\/#website\",\"url\":\"https:\/\/sandzakpress.net\/arhiva\/\",\"name\":\"Sand\u017eak PRESS\",\"description\":\"Prve elektronske novine u Sand\u017eaku\",\"publisher\":{\"@id\":\"https:\/\/sandzakpress.net\/arhiva\/#\/schema\/person\/6e72b67d6e51910a1117b3b483ba20bd\"},\"potentialAction\":[{\"@type\":\"SearchAction\",\"target\":{\"@type\":\"EntryPoint\",\"urlTemplate\":\"https:\/\/sandzakpress.net\/arhiva\/?s={search_term_string}\"},\"query-input\":{\"@type\":\"PropertyValueSpecification\",\"valueRequired\":true,\"valueName\":\"search_term_string\"}}],\"inLanguage\":\"bs-BA\"},{\"@type\":[\"Person\",\"Organization\"],\"@id\":\"https:\/\/sandzakpress.net\/arhiva\/#\/schema\/person\/6e72b67d6e51910a1117b3b483ba20bd\",\"name\":\"Kul\",\"image\":{\"@type\":\"ImageObject\",\"inLanguage\":\"bs-BA\",\"@id\":\"https:\/\/sandzakpress.net\/arhiva\/#\/schema\/person\/image\/\",\"url\":\"https:\/\/secure.gravatar.com\/avatar\/42263f39aa27ac04c43cab85c280eb2e?s=96&d=mm&r=pg\",\"contentUrl\":\"https:\/\/secure.gravatar.com\/avatar\/42263f39aa27ac04c43cab85c280eb2e?s=96&d=mm&r=pg\",\"caption\":\"Kul\"},\"logo\":{\"@id\":\"https:\/\/sandzakpress.net\/arhiva\/#\/schema\/person\/image\/\"}},{\"@type\":\"Person\",\"@id\":\"https:\/\/sandzakpress.net\/arhiva\/#\/schema\/person\/cb59d7e3ab91ab90dd680ad0305a6185\",\"name\":\"Agencija\",\"image\":{\"@type\":\"ImageObject\",\"inLanguage\":\"bs-BA\",\"@id\":\"https:\/\/sandzakpress.net\/arhiva\/#\/schema\/person\/image\/\",\"url\":\"https:\/\/secure.gravatar.com\/avatar\/4b7fafa80a22f0c2afe23966b3961fe0?s=96&d=mm&r=pg\",\"contentUrl\":\"https:\/\/secure.gravatar.com\/avatar\/4b7fafa80a22f0c2afe23966b3961fe0?s=96&d=mm&r=pg\",\"caption\":\"Agencija\"},\"url\":\"https:\/\/sandzakpress.net\/arhiva\/author\/agencija\/\"}]}<\/script>\n<!-- \/ Yoast SEO Premium plugin. -->","yoast_head_json":{"title":"Terali djevojku (23) iz Beograda da se prostitui\u0161e! Uhap\u0161eni brat i sestra iz Novog Pazara, u sve umje\u0161ana i njihova majka!","robots":{"index":"index","follow":"follow","max-snippet":"max-snippet:-1","max-image-preview":"max-image-preview:large","max-video-preview":"max-video-preview:-1"},"canonical":"https:\/\/sandzakpress.net\/arhiva\/terali-djevojku-23-iz-beograda-da-se-prostituise-uhapseni-brat-i-sestra-iz-novog-pazara-u-sve-umjesana-i-njihova-majka\/","og_locale":"bs_BA","og_type":"article","og_title":"Terali djevojku (23) iz Beograda da se prostitui\u0161e! Uhap\u0161eni brat i sestra iz Novog Pazara, u sve umje\u0161ana i njihova majka!","og_description":"Anton \u0110. i njegova sestra Milica V. Osumnji\u010deni da su se bavili trgovinom ljudima i organizovali lanac prostitucije.\u00a0 Zbog osnova sumnje da su se bavili trgovinom ljudima i organizovali lanac prostitucije, u Novom Pazaru su uhap\u0161eni Anton \u0110. i njegova sestra Milica V., porijeklom sa Kosova i Metohije, kojima je odre\u0111eno 48-\u010dasovno policijsko zadr\u017eavanje. U [&hellip;]","og_url":"https:\/\/sandzakpress.net\/arhiva\/terali-djevojku-23-iz-beograda-da-se-prostituise-uhapseni-brat-i-sestra-iz-novog-pazara-u-sve-umjesana-i-njihova-majka\/","og_site_name":"Sand\u017eak PRESS","article_published_time":"2019-11-05T08:32:18+00:00","og_image":[{"width":1000,"height":666,"url":"https:\/\/sandzakpress.net\/arhiva\/wp-content\/uploads\/2019\/11\/14-audi-hapsenje-lopovi-audi-01-Alo-Vladimir-Markovic_1000x0.jpg","type":"image\/jpeg"}],"author":"Agencija","twitter_card":"summary_large_image","twitter_misc":{"Written by":"Agencija","Est. reading time":"1 minuta"},"schema":{"@context":"https:\/\/schema.org","@graph":[{"@type":"Article","@id":"https:\/\/sandzakpress.net\/arhiva\/terali-djevojku-23-iz-beograda-da-se-prostituise-uhapseni-brat-i-sestra-iz-novog-pazara-u-sve-umjesana-i-njihova-majka\/#article","isPartOf":{"@id":"https:\/\/sandzakpress.net\/arhiva\/terali-djevojku-23-iz-beograda-da-se-prostituise-uhapseni-brat-i-sestra-iz-novog-pazara-u-sve-umjesana-i-njihova-majka\/"},"author":{"name":"Agencija","@id":"https:\/\/sandzakpress.net\/arhiva\/#\/schema\/person\/cb59d7e3ab91ab90dd680ad0305a6185"},"headline":"Terali djevojku (23) iz Beograda da se prostitui\u0161e! Uhap\u0161eni brat i sestra iz Novog Pazara, u sve umje\u0161ana i njihova majka!","datePublished":"2019-11-05T08:32:18+00:00","mainEntityOfPage":{"@id":"https:\/\/sandzakpress.net\/arhiva\/terali-djevojku-23-iz-beograda-da-se-prostituise-uhapseni-brat-i-sestra-iz-novog-pazara-u-sve-umjesana-i-njihova-majka\/"},"wordCount":198,"commentCount":0,"publisher":{"@id":"https:\/\/sandzakpress.net\/arhiva\/#\/schema\/person\/6e72b67d6e51910a1117b3b483ba20bd"},"image":{"@id":"https:\/\/sandzakpress.net\/arhiva\/terali-djevojku-23-iz-beograda-da-se-prostituise-uhapseni-brat-i-sestra-iz-novog-pazara-u-sve-umjesana-i-njihova-majka\/#primaryimage"},"thumbnailUrl":"https:\/\/sandzakpress.net\/arhiva\/wp-content\/uploads\/2019\/11\/14-audi-hapsenje-lopovi-audi-01-Alo-Vladimir-Markovic_1000x0.jpg","articleSection":["Novi Pazar","Hronika","VA\u017dNO!"],"inLanguage":"bs-BA","potentialAction":[{"@type":"CommentAction","name":"Comment","target":["https:\/\/sandzakpress.net\/arhiva\/terali-djevojku-23-iz-beograda-da-se-prostituise-uhapseni-brat-i-sestra-iz-novog-pazara-u-sve-umjesana-i-njihova-majka\/#respond"]}]},{"@type":"WebPage","@id":"https:\/\/sandzakpress.net\/arhiva\/terali-djevojku-23-iz-beograda-da-se-prostituise-uhapseni-brat-i-sestra-iz-novog-pazara-u-sve-umjesana-i-njihova-majka\/","url":"https:\/\/sandzakpress.net\/arhiva\/terali-djevojku-23-iz-beograda-da-se-prostituise-uhapseni-brat-i-sestra-iz-novog-pazara-u-sve-umjesana-i-njihova-majka\/","name":"Terali djevojku (23) iz Beograda da se prostitui\u0161e! Uhap\u0161eni brat i sestra iz Novog Pazara, u sve umje\u0161ana i njihova majka!","isPartOf":{"@id":"https:\/\/sandzakpress.net\/arhiva\/#website"},"primaryImageOfPage":{"@id":"https:\/\/sandzakpress.net\/arhiva\/terali-djevojku-23-iz-beograda-da-se-prostituise-uhapseni-brat-i-sestra-iz-novog-pazara-u-sve-umjesana-i-njihova-majka\/#primaryimage"},"image":{"@id":"https:\/\/sandzakpress.net\/arhiva\/terali-djevojku-23-iz-beograda-da-se-prostituise-uhapseni-brat-i-sestra-iz-novog-pazara-u-sve-umjesana-i-njihova-majka\/#primaryimage"},"thumbnailUrl":"https:\/\/sandzakpress.net\/arhiva\/wp-content\/uploads\/2019\/11\/14-audi-hapsenje-lopovi-audi-01-Alo-Vladimir-Markovic_1000x0.jpg","datePublished":"2019-11-05T08:32:18+00:00","breadcrumb":{"@id":"https:\/\/sandzakpress.net\/arhiva\/terali-djevojku-23-iz-beograda-da-se-prostituise-uhapseni-brat-i-sestra-iz-novog-pazara-u-sve-umjesana-i-njihova-majka\/#breadcrumb"},"inLanguage":"bs-BA","potentialAction":[{"@type":"ReadAction","target":["https:\/\/sandzakpress.net\/arhiva\/terali-djevojku-23-iz-beograda-da-se-prostituise-uhapseni-brat-i-sestra-iz-novog-pazara-u-sve-umjesana-i-njihova-majka\/"]}]},{"@type":"ImageObject","inLanguage":"bs-BA","@id":"https:\/\/sandzakpress.net\/arhiva\/terali-djevojku-23-iz-beograda-da-se-prostituise-uhapseni-brat-i-sestra-iz-novog-pazara-u-sve-umjesana-i-njihova-majka\/#primaryimage","url":"https:\/\/sandzakpress.net\/arhiva\/wp-content\/uploads\/2019\/11\/14-audi-hapsenje-lopovi-audi-01-Alo-Vladimir-Markovic_1000x0.jpg","contentUrl":"https:\/\/sandzakpress.net\/arhiva\/wp-content\/uploads\/2019\/11\/14-audi-hapsenje-lopovi-audi-01-Alo-Vladimir-Markovic_1000x0.jpg","width":1000,"height":666},{"@type":"BreadcrumbList","@id":"https:\/\/sandzakpress.net\/arhiva\/terali-djevojku-23-iz-beograda-da-se-prostituise-uhapseni-brat-i-sestra-iz-novog-pazara-u-sve-umjesana-i-njihova-majka\/#breadcrumb","itemListElement":[{"@type":"ListItem","position":1,"name":"Home","item":"https:\/\/sandzakpress.net\/arhiva\/"},{"@type":"ListItem","position":2,"name":"Terali djevojku (23) iz Beograda da se prostitui\u0161e! Uhap\u0161eni brat i sestra iz Novog Pazara, u sve umje\u0161ana i njihova majka!"}]},{"@type":"WebSite","@id":"https:\/\/sandzakpress.net\/arhiva\/#website","url":"https:\/\/sandzakpress.net\/arhiva\/","name":"Sand\u017eak PRESS","description":"Prve elektronske novine u Sand\u017eaku","publisher":{"@id":"https:\/\/sandzakpress.net\/arhiva\/#\/schema\/person\/6e72b67d6e51910a1117b3b483ba20bd"},"potentialAction":[{"@type":"SearchAction","target":{"@type":"EntryPoint","urlTemplate":"https:\/\/sandzakpress.net\/arhiva\/?s={search_term_string}"},"query-input":{"@type":"PropertyValueSpecification","valueRequired":true,"valueName":"search_term_string"}}],"inLanguage":"bs-BA"},{"@type":["Person","Organization"],"@id":"https:\/\/sandzakpress.net\/arhiva\/#\/schema\/person\/6e72b67d6e51910a1117b3b483ba20bd","name":"Kul","image":{"@type":"ImageObject","inLanguage":"bs-BA","@id":"https:\/\/sandzakpress.net\/arhiva\/#\/schema\/person\/image\/","url":"https:\/\/secure.gravatar.com\/avatar\/42263f39aa27ac04c43cab85c280eb2e?s=96&d=mm&r=pg","contentUrl":"https:\/\/secure.gravatar.com\/avatar\/42263f39aa27ac04c43cab85c280eb2e?s=96&d=mm&r=pg","caption":"Kul"},"logo":{"@id":"https:\/\/sandzakpress.net\/arhiva\/#\/schema\/person\/image\/"}},{"@type":"Person","@id":"https:\/\/sandzakpress.net\/arhiva\/#\/schema\/person\/cb59d7e3ab91ab90dd680ad0305a6185","name":"Agencija","image":{"@type":"ImageObject","inLanguage":"bs-BA","@id":"https:\/\/sandzakpress.net\/arhiva\/#\/schema\/person\/image\/","url":"https:\/\/secure.gravatar.com\/avatar\/4b7fafa80a22f0c2afe23966b3961fe0?s=96&d=mm&r=pg","contentUrl":"https:\/\/secure.gravatar.com\/avatar\/4b7fafa80a22f0c2afe23966b3961fe0?s=96&d=mm&r=pg","caption":"Agencija"},"url":"https:\/\/sandzakpress.net\/arhiva\/author\/agencija\/"}]}},"_links":{"self":[{"href":"https:\/\/sandzakpress.net\/arhiva\/wp-json\/wp\/v2\/posts\/230252"}],"collection":[{"href":"https:\/\/sandzakpress.net\/arhiva\/wp-json\/wp\/v2\/posts"}],"about":[{"href":"https:\/\/sandzakpress.net\/arhiva\/wp-json\/wp\/v2\/types\/post"}],"author":[{"embeddable":true,"href":"https:\/\/sandzakpress.net\/arhiva\/wp-json\/wp\/v2\/users\/509"}],"replies":[{"embeddable":true,"href":"https:\/\/sandzakpress.net\/arhiva\/wp-json\/wp\/v2\/comments?post=230252"}],"version-history":[{"count":0,"href":"https:\/\/sandzakpress.net\/arhiva\/wp-json\/wp\/v2\/posts\/230252\/revisions"}],"wp:featuredmedia":[{"embeddable":true,"href":"https:\/\/sandzakpress.net\/arhiva\/wp-json\/wp\/v2\/media\/230253"}],"wp:attachment":[{"href":"https:\/\/sandzakpress.net\/arhiva\/wp-json\/wp\/v2\/media?parent=230252"}],"wp:term":[{"taxonomy":"category","embeddable":true,"href":"https:\/\/sandzakpress.net\/arhiva\/wp-json\/wp\/v2\/categories?post=230252"},{"taxonomy":"post_tag","embeddable":true,"href":"https:\/\/sandzakpress.net\/arhiva\/wp-json\/wp\/v2\/tags?post=230252"}],"curies":[{"name":"wp","href":"https:\/\/api.w.org\/{rel}","templated":true}]}}