{"id":230210,"date":"2019-11-02T14:55:01","date_gmt":"2019-11-02T13:55:01","guid":{"rendered":"https:\/\/sandzakpress.net\/arhiva\/?p=230210"},"modified":"2019-11-02T14:55:01","modified_gmt":"2019-11-02T13:55:01","slug":"rozajcu-krivicna-prijava-zbog-sumnje-da-je-utajio-porez","status":"publish","type":"post","link":"https:\/\/sandzakpress.net\/arhiva\/rozajcu-krivicna-prijava-zbog-sumnje-da-je-utajio-porez\/","title":{"rendered":"Ro\u017eajcu krivi\u010dna prijava zbog sumnje da je utajio porez"},"content":{"rendered":"<p><img loading=\"lazy\" decoding=\"async\" class=\"alignnone size-large wp-image-230213\" src=\"https:\/\/sandzakpress.net\/arhiva\/wp-content\/uploads\/2019\/11\/euri-4-696x469-616x415.jpg\" alt=\"\" width=\"616\" height=\"415\" srcset=\"https:\/\/sandzakpress.net\/arhiva\/wp-content\/uploads\/2019\/11\/euri-4-696x469-616x415.jpg 616w, https:\/\/sandzakpress.net\/arhiva\/wp-content\/uploads\/2019\/11\/euri-4-696x469.jpg 696w\" sizes=\"(max-width: 616px) 100vw, 616px\" \/><\/p>\n<p><strong>Krivi\u010dna prijava podnijeta je protiv Ro\u017eajca A.D. (44) zbog sumnje da je po\u010dinio krivi\u010dno djelo utaja poreza i doprinosa.<\/strong><\/p>\n<p>A.D, sumnja se, kao osniva\u010d, vlasnik i izvr\u0161ni direktor pravnog lica \u201cVrelo com\u201d d.o.o, u periodu od 1. januara 2014. do 22. oktobra 2019. godine, nije kroz poslovnu dokumentaciju preduze\u0107a prikazivao pru\u017eene usluge, kupovinu, rezanje i obradu drveta kao ni prodaju i izgradnju drvenih vikendica.<\/p>\n<p>\u201cIzme\u0111u ostalog on je, sumnja se, izradio i prodao \u010detiri vikendice kosovskim dr\u017eavljanima koje su bespravno sagra\u0111ene na dr\u017eavnom zemlji\u0161tu u vlasni\u0161tvu Crne Gore u mjestu \u0160tedim. Kako se sumnja, novac za navedene vikendice on je uzimao na ruke a ne preko ra\u010dun i na taj na\u010din izbjegao pla\u0107anje poreza i doprinosa\u201d, saop\u0161teno je iz policije.<\/p>\n<p>Policija je, kako se navodi, izvr\u0161ila kontrolu poslovanja pravnog lica \u201eVrelo com\u201c d.o.o. zajedno sa slu\u017ebenicima Poreske uprave.<\/p>\n<p>\u201cTom prilikom su do\u0161li do sumnje da je je A.D. svjestno izbjegavao knji\u017eenje i prikazivanje ostvarenog prometa preko svoje firme, a izgradnju i prodaju vikendica je vr\u0161io kao fizi\u010dko lice u cilju izbjegavanja pla\u0107anja predvi\u0111enih poreza. On je, kako se sumnja, na ovaj na\u010din prozrokovao \u0161tetu po Bud\u017eet Crne Gore u iznosu od oko 3.700 eura\u201d, saop\u0161teno je.<\/p>\n<p>Osim toga, policija navodi da je u prethodnom periodu protiv sedam kosovskih dr\u017eavljana podnijela krivi\u010dne prijave zbog postojanja osnovane sumnje da su po\u010dinili krivi\u010dna djela protivpravno zauzimanje zemlji\u0161ta.<\/p>\n<p>\u201cOni su, sumnja se, u mjestu \u0160tedim na dr\u017eavnom zemlji\u0161tu u vlasni\u0161tvu Crne Gore bespravno izgradili objekte \u2013 drvene vikendice.\u201d<\/p>\n","protected":false},"excerpt":{"rendered":"<p>Krivi\u010dna prijava podnijeta je protiv Ro\u017eajca A.D. (44) zbog sumnje da je po\u010dinio krivi\u010dno djelo utaja poreza i doprinosa. A.D, sumnja se, kao osniva\u010d, vlasnik i izvr\u0161ni direktor pravnog lica \u201cVrelo com\u201d d.o.o, u periodu od 1. januara 2014. do 22. oktobra 2019. godine, nije kroz poslovnu dokumentaciju preduze\u0107a prikazivao pru\u017eene usluge, kupovinu, rezanje i [&hellip;]<\/p>\n","protected":false},"author":509,"featured_media":230214,"comment_status":"open","ping_status":"open","sticky":false,"template":"","format":"standard","meta":{"footnotes":""},"categories":[398,801],"tags":[],"class_list":{"0":"post-230210","1":"post","2":"type-post","3":"status-publish","4":"format-standard","5":"has-post-thumbnail","7":"category-rozaje","8":"category-crna_hronika"},"yoast_head":"<!-- This site is optimized with the Yoast SEO Premium plugin v23.1 (Yoast SEO v24.9) - https:\/\/yoast.com\/wordpress\/plugins\/seo\/ -->\n<title>Ro\u017eajcu krivi\u010dna prijava zbog sumnje da je utajio porez<\/title>\n<meta name=\"robots\" content=\"index, follow, max-snippet:-1, max-image-preview:large, max-video-preview:-1\" \/>\n<link rel=\"canonical\" href=\"https:\/\/sandzakpress.net\/arhiva\/rozajcu-krivicna-prijava-zbog-sumnje-da-je-utajio-porez\/\" \/>\n<meta property=\"og:locale\" content=\"bs_BA\" \/>\n<meta property=\"og:type\" content=\"article\" \/>\n<meta property=\"og:title\" content=\"Ro\u017eajcu krivi\u010dna prijava zbog sumnje da je utajio porez\" \/>\n<meta property=\"og:description\" content=\"Krivi\u010dna prijava podnijeta je protiv Ro\u017eajca A.D. (44) zbog sumnje da je po\u010dinio krivi\u010dno djelo utaja poreza i doprinosa. A.D, sumnja se, kao osniva\u010d, vlasnik i izvr\u0161ni direktor pravnog lica \u201cVrelo com\u201d d.o.o, u periodu od 1. januara 2014. do 22. oktobra 2019. godine, nije kroz poslovnu dokumentaciju preduze\u0107a prikazivao pru\u017eene usluge, kupovinu, rezanje i [&hellip;]\" \/>\n<meta property=\"og:url\" content=\"https:\/\/sandzakpress.net\/arhiva\/rozajcu-krivicna-prijava-zbog-sumnje-da-je-utajio-porez\/\" \/>\n<meta property=\"og:site_name\" content=\"Sand\u017eak PRESS\" \/>\n<meta property=\"article:published_time\" content=\"2019-11-02T13:55:01+00:00\" \/>\n<meta property=\"og:image\" content=\"https:\/\/sandzakpress.net\/arhiva\/wp-content\/uploads\/2019\/11\/euri-4-696x469-616x415-1.jpg\" \/>\n\t<meta property=\"og:image:width\" content=\"616\" \/>\n\t<meta property=\"og:image:height\" content=\"415\" \/>\n\t<meta property=\"og:image:type\" content=\"image\/jpeg\" \/>\n<meta name=\"author\" content=\"Agencija\" \/>\n<meta name=\"twitter:card\" content=\"summary_large_image\" \/>\n<meta name=\"twitter:label1\" content=\"Written by\" \/>\n\t<meta name=\"twitter:data1\" content=\"Agencija\" \/>\n\t<meta name=\"twitter:label2\" content=\"Est. reading time\" \/>\n\t<meta name=\"twitter:data2\" content=\"1 minuta\" \/>\n<script type=\"application\/ld+json\" class=\"yoast-schema-graph\">{\"@context\":\"https:\/\/schema.org\",\"@graph\":[{\"@type\":\"Article\",\"@id\":\"https:\/\/sandzakpress.net\/arhiva\/rozajcu-krivicna-prijava-zbog-sumnje-da-je-utajio-porez\/#article\",\"isPartOf\":{\"@id\":\"https:\/\/sandzakpress.net\/arhiva\/rozajcu-krivicna-prijava-zbog-sumnje-da-je-utajio-porez\/\"},\"author\":{\"name\":\"Agencija\",\"@id\":\"https:\/\/sandzakpress.net\/arhiva\/#\/schema\/person\/cb59d7e3ab91ab90dd680ad0305a6185\"},\"headline\":\"Ro\u017eajcu krivi\u010dna prijava zbog sumnje da je utajio porez\",\"datePublished\":\"2019-11-02T13:55:01+00:00\",\"mainEntityOfPage\":{\"@id\":\"https:\/\/sandzakpress.net\/arhiva\/rozajcu-krivicna-prijava-zbog-sumnje-da-je-utajio-porez\/\"},\"wordCount\":291,\"commentCount\":0,\"publisher\":{\"@id\":\"https:\/\/sandzakpress.net\/arhiva\/#\/schema\/person\/6e72b67d6e51910a1117b3b483ba20bd\"},\"image\":{\"@id\":\"https:\/\/sandzakpress.net\/arhiva\/rozajcu-krivicna-prijava-zbog-sumnje-da-je-utajio-porez\/#primaryimage\"},\"thumbnailUrl\":\"https:\/\/sandzakpress.net\/arhiva\/wp-content\/uploads\/2019\/11\/euri-4-696x469-616x415-1.jpg\",\"articleSection\":[\"Ro\u017eaje\",\"Hronika\"],\"inLanguage\":\"bs-BA\",\"potentialAction\":[{\"@type\":\"CommentAction\",\"name\":\"Comment\",\"target\":[\"https:\/\/sandzakpress.net\/arhiva\/rozajcu-krivicna-prijava-zbog-sumnje-da-je-utajio-porez\/#respond\"]}]},{\"@type\":\"WebPage\",\"@id\":\"https:\/\/sandzakpress.net\/arhiva\/rozajcu-krivicna-prijava-zbog-sumnje-da-je-utajio-porez\/\",\"url\":\"https:\/\/sandzakpress.net\/arhiva\/rozajcu-krivicna-prijava-zbog-sumnje-da-je-utajio-porez\/\",\"name\":\"Ro\u017eajcu krivi\u010dna prijava zbog sumnje da je utajio porez\",\"isPartOf\":{\"@id\":\"https:\/\/sandzakpress.net\/arhiva\/#website\"},\"primaryImageOfPage\":{\"@id\":\"https:\/\/sandzakpress.net\/arhiva\/rozajcu-krivicna-prijava-zbog-sumnje-da-je-utajio-porez\/#primaryimage\"},\"image\":{\"@id\":\"https:\/\/sandzakpress.net\/arhiva\/rozajcu-krivicna-prijava-zbog-sumnje-da-je-utajio-porez\/#primaryimage\"},\"thumbnailUrl\":\"https:\/\/sandzakpress.net\/arhiva\/wp-content\/uploads\/2019\/11\/euri-4-696x469-616x415-1.jpg\",\"datePublished\":\"2019-11-02T13:55:01+00:00\",\"breadcrumb\":{\"@id\":\"https:\/\/sandzakpress.net\/arhiva\/rozajcu-krivicna-prijava-zbog-sumnje-da-je-utajio-porez\/#breadcrumb\"},\"inLanguage\":\"bs-BA\",\"potentialAction\":[{\"@type\":\"ReadAction\",\"target\":[\"https:\/\/sandzakpress.net\/arhiva\/rozajcu-krivicna-prijava-zbog-sumnje-da-je-utajio-porez\/\"]}]},{\"@type\":\"ImageObject\",\"inLanguage\":\"bs-BA\",\"@id\":\"https:\/\/sandzakpress.net\/arhiva\/rozajcu-krivicna-prijava-zbog-sumnje-da-je-utajio-porez\/#primaryimage\",\"url\":\"https:\/\/sandzakpress.net\/arhiva\/wp-content\/uploads\/2019\/11\/euri-4-696x469-616x415-1.jpg\",\"contentUrl\":\"https:\/\/sandzakpress.net\/arhiva\/wp-content\/uploads\/2019\/11\/euri-4-696x469-616x415-1.jpg\",\"width\":616,\"height\":415},{\"@type\":\"BreadcrumbList\",\"@id\":\"https:\/\/sandzakpress.net\/arhiva\/rozajcu-krivicna-prijava-zbog-sumnje-da-je-utajio-porez\/#breadcrumb\",\"itemListElement\":[{\"@type\":\"ListItem\",\"position\":1,\"name\":\"Home\",\"item\":\"https:\/\/sandzakpress.net\/arhiva\/\"},{\"@type\":\"ListItem\",\"position\":2,\"name\":\"Ro\u017eajcu krivi\u010dna prijava zbog sumnje da je utajio porez\"}]},{\"@type\":\"WebSite\",\"@id\":\"https:\/\/sandzakpress.net\/arhiva\/#website\",\"url\":\"https:\/\/sandzakpress.net\/arhiva\/\",\"name\":\"Sand\u017eak PRESS\",\"description\":\"Prve elektronske novine u Sand\u017eaku\",\"publisher\":{\"@id\":\"https:\/\/sandzakpress.net\/arhiva\/#\/schema\/person\/6e72b67d6e51910a1117b3b483ba20bd\"},\"potentialAction\":[{\"@type\":\"SearchAction\",\"target\":{\"@type\":\"EntryPoint\",\"urlTemplate\":\"https:\/\/sandzakpress.net\/arhiva\/?s={search_term_string}\"},\"query-input\":{\"@type\":\"PropertyValueSpecification\",\"valueRequired\":true,\"valueName\":\"search_term_string\"}}],\"inLanguage\":\"bs-BA\"},{\"@type\":[\"Person\",\"Organization\"],\"@id\":\"https:\/\/sandzakpress.net\/arhiva\/#\/schema\/person\/6e72b67d6e51910a1117b3b483ba20bd\",\"name\":\"Kul\",\"image\":{\"@type\":\"ImageObject\",\"inLanguage\":\"bs-BA\",\"@id\":\"https:\/\/sandzakpress.net\/arhiva\/#\/schema\/person\/image\/\",\"url\":\"https:\/\/secure.gravatar.com\/avatar\/42263f39aa27ac04c43cab85c280eb2e?s=96&d=mm&r=pg\",\"contentUrl\":\"https:\/\/secure.gravatar.com\/avatar\/42263f39aa27ac04c43cab85c280eb2e?s=96&d=mm&r=pg\",\"caption\":\"Kul\"},\"logo\":{\"@id\":\"https:\/\/sandzakpress.net\/arhiva\/#\/schema\/person\/image\/\"}},{\"@type\":\"Person\",\"@id\":\"https:\/\/sandzakpress.net\/arhiva\/#\/schema\/person\/cb59d7e3ab91ab90dd680ad0305a6185\",\"name\":\"Agencija\",\"image\":{\"@type\":\"ImageObject\",\"inLanguage\":\"bs-BA\",\"@id\":\"https:\/\/sandzakpress.net\/arhiva\/#\/schema\/person\/image\/\",\"url\":\"https:\/\/secure.gravatar.com\/avatar\/4b7fafa80a22f0c2afe23966b3961fe0?s=96&d=mm&r=pg\",\"contentUrl\":\"https:\/\/secure.gravatar.com\/avatar\/4b7fafa80a22f0c2afe23966b3961fe0?s=96&d=mm&r=pg\",\"caption\":\"Agencija\"},\"url\":\"https:\/\/sandzakpress.net\/arhiva\/author\/agencija\/\"}]}<\/script>\n<!-- \/ Yoast SEO Premium plugin. -->","yoast_head_json":{"title":"Ro\u017eajcu krivi\u010dna prijava zbog sumnje da je utajio porez","robots":{"index":"index","follow":"follow","max-snippet":"max-snippet:-1","max-image-preview":"max-image-preview:large","max-video-preview":"max-video-preview:-1"},"canonical":"https:\/\/sandzakpress.net\/arhiva\/rozajcu-krivicna-prijava-zbog-sumnje-da-je-utajio-porez\/","og_locale":"bs_BA","og_type":"article","og_title":"Ro\u017eajcu krivi\u010dna prijava zbog sumnje da je utajio porez","og_description":"Krivi\u010dna prijava podnijeta je protiv Ro\u017eajca A.D. (44) zbog sumnje da je po\u010dinio krivi\u010dno djelo utaja poreza i doprinosa. A.D, sumnja se, kao osniva\u010d, vlasnik i izvr\u0161ni direktor pravnog lica \u201cVrelo com\u201d d.o.o, u periodu od 1. januara 2014. do 22. oktobra 2019. godine, nije kroz poslovnu dokumentaciju preduze\u0107a prikazivao pru\u017eene usluge, kupovinu, rezanje i [&hellip;]","og_url":"https:\/\/sandzakpress.net\/arhiva\/rozajcu-krivicna-prijava-zbog-sumnje-da-je-utajio-porez\/","og_site_name":"Sand\u017eak PRESS","article_published_time":"2019-11-02T13:55:01+00:00","og_image":[{"width":616,"height":415,"url":"https:\/\/sandzakpress.net\/arhiva\/wp-content\/uploads\/2019\/11\/euri-4-696x469-616x415-1.jpg","type":"image\/jpeg"}],"author":"Agencija","twitter_card":"summary_large_image","twitter_misc":{"Written by":"Agencija","Est. reading time":"1 minuta"},"schema":{"@context":"https:\/\/schema.org","@graph":[{"@type":"Article","@id":"https:\/\/sandzakpress.net\/arhiva\/rozajcu-krivicna-prijava-zbog-sumnje-da-je-utajio-porez\/#article","isPartOf":{"@id":"https:\/\/sandzakpress.net\/arhiva\/rozajcu-krivicna-prijava-zbog-sumnje-da-je-utajio-porez\/"},"author":{"name":"Agencija","@id":"https:\/\/sandzakpress.net\/arhiva\/#\/schema\/person\/cb59d7e3ab91ab90dd680ad0305a6185"},"headline":"Ro\u017eajcu krivi\u010dna prijava zbog sumnje da je utajio porez","datePublished":"2019-11-02T13:55:01+00:00","mainEntityOfPage":{"@id":"https:\/\/sandzakpress.net\/arhiva\/rozajcu-krivicna-prijava-zbog-sumnje-da-je-utajio-porez\/"},"wordCount":291,"commentCount":0,"publisher":{"@id":"https:\/\/sandzakpress.net\/arhiva\/#\/schema\/person\/6e72b67d6e51910a1117b3b483ba20bd"},"image":{"@id":"https:\/\/sandzakpress.net\/arhiva\/rozajcu-krivicna-prijava-zbog-sumnje-da-je-utajio-porez\/#primaryimage"},"thumbnailUrl":"https:\/\/sandzakpress.net\/arhiva\/wp-content\/uploads\/2019\/11\/euri-4-696x469-616x415-1.jpg","articleSection":["Ro\u017eaje","Hronika"],"inLanguage":"bs-BA","potentialAction":[{"@type":"CommentAction","name":"Comment","target":["https:\/\/sandzakpress.net\/arhiva\/rozajcu-krivicna-prijava-zbog-sumnje-da-je-utajio-porez\/#respond"]}]},{"@type":"WebPage","@id":"https:\/\/sandzakpress.net\/arhiva\/rozajcu-krivicna-prijava-zbog-sumnje-da-je-utajio-porez\/","url":"https:\/\/sandzakpress.net\/arhiva\/rozajcu-krivicna-prijava-zbog-sumnje-da-je-utajio-porez\/","name":"Ro\u017eajcu krivi\u010dna prijava zbog sumnje da je utajio porez","isPartOf":{"@id":"https:\/\/sandzakpress.net\/arhiva\/#website"},"primaryImageOfPage":{"@id":"https:\/\/sandzakpress.net\/arhiva\/rozajcu-krivicna-prijava-zbog-sumnje-da-je-utajio-porez\/#primaryimage"},"image":{"@id":"https:\/\/sandzakpress.net\/arhiva\/rozajcu-krivicna-prijava-zbog-sumnje-da-je-utajio-porez\/#primaryimage"},"thumbnailUrl":"https:\/\/sandzakpress.net\/arhiva\/wp-content\/uploads\/2019\/11\/euri-4-696x469-616x415-1.jpg","datePublished":"2019-11-02T13:55:01+00:00","breadcrumb":{"@id":"https:\/\/sandzakpress.net\/arhiva\/rozajcu-krivicna-prijava-zbog-sumnje-da-je-utajio-porez\/#breadcrumb"},"inLanguage":"bs-BA","potentialAction":[{"@type":"ReadAction","target":["https:\/\/sandzakpress.net\/arhiva\/rozajcu-krivicna-prijava-zbog-sumnje-da-je-utajio-porez\/"]}]},{"@type":"ImageObject","inLanguage":"bs-BA","@id":"https:\/\/sandzakpress.net\/arhiva\/rozajcu-krivicna-prijava-zbog-sumnje-da-je-utajio-porez\/#primaryimage","url":"https:\/\/sandzakpress.net\/arhiva\/wp-content\/uploads\/2019\/11\/euri-4-696x469-616x415-1.jpg","contentUrl":"https:\/\/sandzakpress.net\/arhiva\/wp-content\/uploads\/2019\/11\/euri-4-696x469-616x415-1.jpg","width":616,"height":415},{"@type":"BreadcrumbList","@id":"https:\/\/sandzakpress.net\/arhiva\/rozajcu-krivicna-prijava-zbog-sumnje-da-je-utajio-porez\/#breadcrumb","itemListElement":[{"@type":"ListItem","position":1,"name":"Home","item":"https:\/\/sandzakpress.net\/arhiva\/"},{"@type":"ListItem","position":2,"name":"Ro\u017eajcu krivi\u010dna prijava zbog sumnje da je utajio porez"}]},{"@type":"WebSite","@id":"https:\/\/sandzakpress.net\/arhiva\/#website","url":"https:\/\/sandzakpress.net\/arhiva\/","name":"Sand\u017eak PRESS","description":"Prve elektronske novine u Sand\u017eaku","publisher":{"@id":"https:\/\/sandzakpress.net\/arhiva\/#\/schema\/person\/6e72b67d6e51910a1117b3b483ba20bd"},"potentialAction":[{"@type":"SearchAction","target":{"@type":"EntryPoint","urlTemplate":"https:\/\/sandzakpress.net\/arhiva\/?s={search_term_string}"},"query-input":{"@type":"PropertyValueSpecification","valueRequired":true,"valueName":"search_term_string"}}],"inLanguage":"bs-BA"},{"@type":["Person","Organization"],"@id":"https:\/\/sandzakpress.net\/arhiva\/#\/schema\/person\/6e72b67d6e51910a1117b3b483ba20bd","name":"Kul","image":{"@type":"ImageObject","inLanguage":"bs-BA","@id":"https:\/\/sandzakpress.net\/arhiva\/#\/schema\/person\/image\/","url":"https:\/\/secure.gravatar.com\/avatar\/42263f39aa27ac04c43cab85c280eb2e?s=96&d=mm&r=pg","contentUrl":"https:\/\/secure.gravatar.com\/avatar\/42263f39aa27ac04c43cab85c280eb2e?s=96&d=mm&r=pg","caption":"Kul"},"logo":{"@id":"https:\/\/sandzakpress.net\/arhiva\/#\/schema\/person\/image\/"}},{"@type":"Person","@id":"https:\/\/sandzakpress.net\/arhiva\/#\/schema\/person\/cb59d7e3ab91ab90dd680ad0305a6185","name":"Agencija","image":{"@type":"ImageObject","inLanguage":"bs-BA","@id":"https:\/\/sandzakpress.net\/arhiva\/#\/schema\/person\/image\/","url":"https:\/\/secure.gravatar.com\/avatar\/4b7fafa80a22f0c2afe23966b3961fe0?s=96&d=mm&r=pg","contentUrl":"https:\/\/secure.gravatar.com\/avatar\/4b7fafa80a22f0c2afe23966b3961fe0?s=96&d=mm&r=pg","caption":"Agencija"},"url":"https:\/\/sandzakpress.net\/arhiva\/author\/agencija\/"}]}},"_links":{"self":[{"href":"https:\/\/sandzakpress.net\/arhiva\/wp-json\/wp\/v2\/posts\/230210"}],"collection":[{"href":"https:\/\/sandzakpress.net\/arhiva\/wp-json\/wp\/v2\/posts"}],"about":[{"href":"https:\/\/sandzakpress.net\/arhiva\/wp-json\/wp\/v2\/types\/post"}],"author":[{"embeddable":true,"href":"https:\/\/sandzakpress.net\/arhiva\/wp-json\/wp\/v2\/users\/509"}],"replies":[{"embeddable":true,"href":"https:\/\/sandzakpress.net\/arhiva\/wp-json\/wp\/v2\/comments?post=230210"}],"version-history":[{"count":0,"href":"https:\/\/sandzakpress.net\/arhiva\/wp-json\/wp\/v2\/posts\/230210\/revisions"}],"wp:featuredmedia":[{"embeddable":true,"href":"https:\/\/sandzakpress.net\/arhiva\/wp-json\/wp\/v2\/media\/230214"}],"wp:attachment":[{"href":"https:\/\/sandzakpress.net\/arhiva\/wp-json\/wp\/v2\/media?parent=230210"}],"wp:term":[{"taxonomy":"category","embeddable":true,"href":"https:\/\/sandzakpress.net\/arhiva\/wp-json\/wp\/v2\/categories?post=230210"},{"taxonomy":"post_tag","embeddable":true,"href":"https:\/\/sandzakpress.net\/arhiva\/wp-json\/wp\/v2\/tags?post=230210"}],"curies":[{"name":"wp","href":"https:\/\/api.w.org\/{rel}","templated":true}]}}