{"id":230205,"date":"2019-11-02T14:52:37","date_gmt":"2019-11-02T13:52:37","guid":{"rendered":"https:\/\/sandzakpress.net\/arhiva\/?p=230205"},"modified":"2019-11-02T14:52:37","modified_gmt":"2019-11-02T13:52:37","slug":"novopazarca-pokusali-reketirati-u-budvi-ako-ne-das-20-000-rusimo-ti-zgradu","status":"publish","type":"post","link":"https:\/\/sandzakpress.net\/arhiva\/novopazarca-pokusali-reketirati-u-budvi-ako-ne-das-20-000-rusimo-ti-zgradu\/","title":{"rendered":"Novopazarca poku\u0161ali reketirati u Budvi: Ako ne da\u0161 20.000, ru\u0161imo ti zgradu!"},"content":{"rendered":"<p><img decoding=\"async\" src=\"https:\/\/www.sandzaklive.rs\/images\/0\/vladan-juretic-696x469.jpg\" alt=\"vladan juretic 696x469\" \/><\/p>\n<p><strong>Gra\u0111evinski inspektor Vladan Jureti\u0107 sa Budvaninom D. M. navodno je poku\u0161ao da reketira Pazarca Arafata Ku\u010da koji \u017eivi u Australiji, tra\u017ee\u0107i mu 20.000 eura kako mu ne bi sru\u0161io zgradu u budvanskom naselju Ivanovi\u0107i.<\/strong><\/p>\n<p>To pi\u0161e u izjavi koju je Ku\u010d 13. juna 2019. dao budvanskoj policiji, a u koju su \u201cVijesti\u201d imale uvid.<\/p>\n<p>U tom dokumentu, navodi se da je Ku\u010d 2016. kupio zgradu u Budvi, ne znaju\u0107i da taj objekat nema gra\u0111evinsku dozvolu, na \u0161to je njega i njegovog poslovnog partnera Erkana Dolovca upozorila notarka.<\/p>\n<p>\u201cOdlu\u010dili smo da kupimo zgradu uprkos upozorenju\u2026 Krenuli sa adaptacijom\u2026 Nismo mijenjali gabarite objekta niti broj eta\u017ea\u2026 Nakon potpisivanja ugovora krenuli smo u prikupljanje dokumentacije za legalizaciju objekta\u201d, pi\u0161e u izjavi koju je Ku\u010d 13. juna dao budvanskim inspektorima.<\/p>\n<p>Objasnio im je i da su Zahtjev za legalizaciju predali 25. aprila 2018. i da je pet mjeseci kasnije Sekretarijat donio rje\u0161enje o prekidu postupka za legalizaciju, na koje se \u017ealio, a da je u februaru 2019. na njegovom objektu zalijepljeno Rje\u0161enje o ru\u0161enju, na koje se tako\u0111e \u017ealio Direkciji za inspekcijske poslove i licenciranje Ministarstva odr\u017eivog razvoja i turizma.<\/p>\n<p>Odgovor, tvrdi, nije dobio.<\/p>\n<p>U junu 2019. na zgradi je na\u0161ao zalijepljeno Rje\u0161enje o ru\u0161enju od 3. juna.<\/p>\n<p>Tvrdi da je tome prethodilo maltretiranje i ucjenjivanje Jureti\u0107a i D. M. koje je po\u010delo jo\u0161 2018. godine, kada je prvi put na zgradi na\u0161ao zalijepljene poruke inspektora:<\/p>\n<p>\u201cNa jednom papiru bio je poziv za stranku, na drugom da je gradili\u0161te zatvoreno\u2026 Ime inspektora \u2013 Vladan Jureti\u0107 i broj telefona\u2026 Pozvao sam ga, pitao gdje treba da se javim i gdje mu je kancelarija. Odgovorio mi je da \u0107e me pozvati malo kasnije da se vidimo i popijemo kafu, \u0161to mi je bilo jako \u010dudno. Tog dana me pozvao i rekao da se na\u0111emo u hotelu \u2018Splendid\u2019\u201d.<\/p>\n<p>Na sastanak je, pi\u0161e, po\u0161ao sa Dolovcem, a Jureti\u0107 ih je na trotoaru ispred hotela sa\u010dekao sa D. M.<\/p>\n<p>\u201cPitao sam da li treba ne\u0161to da potpi\u0161em ili da mi izda dokument da sam se uredno javio. Odgovorio mi je da ne treba ni\u0161ta i da se dogovorim sa D. \u2013 da mu platim sve \u0161to treba. D. je tra\u017eio 20.000 eura da ne bi ru\u0161ili objekat i rekao da je ve\u0107 do\u0161lo Rje\u0161enje za ru\u0161enje, a da je on to preko veza uspio da sprije\u010di. Rekao sam mu da nema \u0161anse da \u0107u i\u0161ta platiti, a on meni da je jak, mo\u0107an i da ima dobre veze, pa \u0107e, ukoliko mu ne isplatim tra\u017eeni iznos, narediti da se objekat sru\u0161i\u201d\u2026<\/p>\n<p>Ku\u010d je inspektorima kazao i da je saznao da mu je D. M. kom\u0161ija u Ivanovi\u0107ima, zbog \u010dega je oti\u0161ao da ga prona\u0111e ku\u0107i, jer se nije javljao na broj telefona koji mu je dao tokom prvog sastanka: \u201cPokucao sam na vrata. Otvorio mi ih je Jureti\u0107\u2026 Bio sam u \u0161oku. Pitao sam ga gdje je D. a on mi je odgovorio da je oti\u0161ao u Nik\u0161i\u0107. Mislim da me Jureti\u0107 tada nije prepoznao\u201d.<\/p>\n<p>On je rekao da se nakon toga u hotelu \u201cTre canne\u201d sastao sa D. M. koji je \u201cspustio iznos \u2013 sa 20.000 na 10.000 eura\u201d, ali da mu ni tada nije dao novac:<\/p>\n<p>\u201cBio je jako frustriran \u0161to ne\u0107e dobiti novac. Dolazio je na moj objekat i prijetio radnicima da \u0107e ih prebiti\u2026 Na tre\u0107em sastanku opet mi je tra\u017eio 10.000 eura, a ja mu opet rekao da ne \u017eelim da mu platim\u2026 Od kada je po\u010dela ova situacija, D. M. me uvijek pratio i znao je gdje se nalazim\u201d, saop\u0161tio je Ku\u010d policiji.<\/p>\n<p>Gra\u0111evinski inspektor Vladan Jureti\u0107 uhap\u0161en je jutros zajedno sa kolegom Zoranom Bo\u0161kovi\u0107em zbog sumnje da su u\u010dinili krivi\u010dno djelo \u2013 primanje mita.<\/p>\n","protected":false},"excerpt":{"rendered":"<p>Gra\u0111evinski inspektor Vladan Jureti\u0107 sa Budvaninom D. M. navodno je poku\u0161ao da reketira Pazarca Arafata Ku\u010da koji \u017eivi u Australiji, tra\u017ee\u0107i mu 20.000 eura kako mu ne bi sru\u0161io zgradu u budvanskom naselju Ivanovi\u0107i. To pi\u0161e u izjavi koju je Ku\u010d 13. juna 2019. dao budvanskoj policiji, a u koju su \u201cVijesti\u201d imale uvid. U [&hellip;]<\/p>\n","protected":false},"author":509,"featured_media":230206,"comment_status":"open","ping_status":"open","sticky":false,"template":"","format":"standard","meta":{"footnotes":""},"categories":[72,801,10429],"tags":[],"class_list":{"0":"post-230205","1":"post","2":"type-post","3":"status-publish","4":"format-standard","5":"has-post-thumbnail","7":"category-novi-pazar","8":"category-crna_hronika","9":"category-vazno"},"yoast_head":"<!-- This site is optimized with the Yoast SEO Premium plugin v23.1 (Yoast SEO v24.9) - https:\/\/yoast.com\/wordpress\/plugins\/seo\/ -->\n<title>Novopazarca poku\u0161ali reketirati u Budvi: Ako ne da\u0161 20.000, ru\u0161imo ti zgradu!<\/title>\n<meta name=\"robots\" content=\"index, follow, max-snippet:-1, max-image-preview:large, max-video-preview:-1\" \/>\n<link rel=\"canonical\" href=\"https:\/\/sandzakpress.net\/arhiva\/novopazarca-pokusali-reketirati-u-budvi-ako-ne-das-20-000-rusimo-ti-zgradu\/\" \/>\n<meta property=\"og:locale\" content=\"bs_BA\" \/>\n<meta property=\"og:type\" content=\"article\" \/>\n<meta property=\"og:title\" content=\"Novopazarca poku\u0161ali reketirati u Budvi: Ako ne da\u0161 20.000, ru\u0161imo ti zgradu!\" \/>\n<meta property=\"og:description\" content=\"Gra\u0111evinski inspektor Vladan Jureti\u0107 sa Budvaninom D. M. navodno je poku\u0161ao da reketira Pazarca Arafata Ku\u010da koji \u017eivi u Australiji, tra\u017ee\u0107i mu 20.000 eura kako mu ne bi sru\u0161io zgradu u budvanskom naselju Ivanovi\u0107i. To pi\u0161e u izjavi koju je Ku\u010d 13. juna 2019. dao budvanskoj policiji, a u koju su \u201cVijesti\u201d imale uvid. U [&hellip;]\" \/>\n<meta property=\"og:url\" content=\"https:\/\/sandzakpress.net\/arhiva\/novopazarca-pokusali-reketirati-u-budvi-ako-ne-das-20-000-rusimo-ti-zgradu\/\" \/>\n<meta property=\"og:site_name\" content=\"Sand\u017eak PRESS\" \/>\n<meta property=\"article:published_time\" content=\"2019-11-02T13:52:37+00:00\" \/>\n<meta property=\"og:image\" content=\"https:\/\/sandzakpress.net\/arhiva\/wp-content\/uploads\/2019\/11\/vladan-juretic-696x469.jpg\" \/>\n\t<meta property=\"og:image:width\" content=\"696\" \/>\n\t<meta property=\"og:image:height\" content=\"469\" \/>\n\t<meta property=\"og:image:type\" content=\"image\/jpeg\" \/>\n<meta name=\"author\" content=\"Agencija\" \/>\n<meta name=\"twitter:card\" content=\"summary_large_image\" \/>\n<meta name=\"twitter:label1\" content=\"Written by\" \/>\n\t<meta name=\"twitter:data1\" content=\"Agencija\" \/>\n\t<meta name=\"twitter:label2\" content=\"Est. reading time\" \/>\n\t<meta name=\"twitter:data2\" content=\"3 minute\" \/>\n<script type=\"application\/ld+json\" class=\"yoast-schema-graph\">{\"@context\":\"https:\/\/schema.org\",\"@graph\":[{\"@type\":\"Article\",\"@id\":\"https:\/\/sandzakpress.net\/arhiva\/novopazarca-pokusali-reketirati-u-budvi-ako-ne-das-20-000-rusimo-ti-zgradu\/#article\",\"isPartOf\":{\"@id\":\"https:\/\/sandzakpress.net\/arhiva\/novopazarca-pokusali-reketirati-u-budvi-ako-ne-das-20-000-rusimo-ti-zgradu\/\"},\"author\":{\"name\":\"Agencija\",\"@id\":\"https:\/\/sandzakpress.net\/arhiva\/#\/schema\/person\/cb59d7e3ab91ab90dd680ad0305a6185\"},\"headline\":\"Novopazarca poku\u0161ali reketirati u Budvi: Ako ne da\u0161 20.000, ru\u0161imo ti zgradu!\",\"datePublished\":\"2019-11-02T13:52:37+00:00\",\"mainEntityOfPage\":{\"@id\":\"https:\/\/sandzakpress.net\/arhiva\/novopazarca-pokusali-reketirati-u-budvi-ako-ne-das-20-000-rusimo-ti-zgradu\/\"},\"wordCount\":666,\"commentCount\":1,\"publisher\":{\"@id\":\"https:\/\/sandzakpress.net\/arhiva\/#\/schema\/person\/6e72b67d6e51910a1117b3b483ba20bd\"},\"image\":{\"@id\":\"https:\/\/sandzakpress.net\/arhiva\/novopazarca-pokusali-reketirati-u-budvi-ako-ne-das-20-000-rusimo-ti-zgradu\/#primaryimage\"},\"thumbnailUrl\":\"https:\/\/sandzakpress.net\/arhiva\/wp-content\/uploads\/2019\/11\/vladan-juretic-696x469.jpg\",\"articleSection\":[\"Novi Pazar\",\"Hronika\",\"VA\u017dNO!\"],\"inLanguage\":\"bs-BA\",\"potentialAction\":[{\"@type\":\"CommentAction\",\"name\":\"Comment\",\"target\":[\"https:\/\/sandzakpress.net\/arhiva\/novopazarca-pokusali-reketirati-u-budvi-ako-ne-das-20-000-rusimo-ti-zgradu\/#respond\"]}]},{\"@type\":\"WebPage\",\"@id\":\"https:\/\/sandzakpress.net\/arhiva\/novopazarca-pokusali-reketirati-u-budvi-ako-ne-das-20-000-rusimo-ti-zgradu\/\",\"url\":\"https:\/\/sandzakpress.net\/arhiva\/novopazarca-pokusali-reketirati-u-budvi-ako-ne-das-20-000-rusimo-ti-zgradu\/\",\"name\":\"Novopazarca poku\u0161ali reketirati u Budvi: Ako ne da\u0161 20.000, ru\u0161imo ti zgradu!\",\"isPartOf\":{\"@id\":\"https:\/\/sandzakpress.net\/arhiva\/#website\"},\"primaryImageOfPage\":{\"@id\":\"https:\/\/sandzakpress.net\/arhiva\/novopazarca-pokusali-reketirati-u-budvi-ako-ne-das-20-000-rusimo-ti-zgradu\/#primaryimage\"},\"image\":{\"@id\":\"https:\/\/sandzakpress.net\/arhiva\/novopazarca-pokusali-reketirati-u-budvi-ako-ne-das-20-000-rusimo-ti-zgradu\/#primaryimage\"},\"thumbnailUrl\":\"https:\/\/sandzakpress.net\/arhiva\/wp-content\/uploads\/2019\/11\/vladan-juretic-696x469.jpg\",\"datePublished\":\"2019-11-02T13:52:37+00:00\",\"breadcrumb\":{\"@id\":\"https:\/\/sandzakpress.net\/arhiva\/novopazarca-pokusali-reketirati-u-budvi-ako-ne-das-20-000-rusimo-ti-zgradu\/#breadcrumb\"},\"inLanguage\":\"bs-BA\",\"potentialAction\":[{\"@type\":\"ReadAction\",\"target\":[\"https:\/\/sandzakpress.net\/arhiva\/novopazarca-pokusali-reketirati-u-budvi-ako-ne-das-20-000-rusimo-ti-zgradu\/\"]}]},{\"@type\":\"ImageObject\",\"inLanguage\":\"bs-BA\",\"@id\":\"https:\/\/sandzakpress.net\/arhiva\/novopazarca-pokusali-reketirati-u-budvi-ako-ne-das-20-000-rusimo-ti-zgradu\/#primaryimage\",\"url\":\"https:\/\/sandzakpress.net\/arhiva\/wp-content\/uploads\/2019\/11\/vladan-juretic-696x469.jpg\",\"contentUrl\":\"https:\/\/sandzakpress.net\/arhiva\/wp-content\/uploads\/2019\/11\/vladan-juretic-696x469.jpg\",\"width\":696,\"height\":469},{\"@type\":\"BreadcrumbList\",\"@id\":\"https:\/\/sandzakpress.net\/arhiva\/novopazarca-pokusali-reketirati-u-budvi-ako-ne-das-20-000-rusimo-ti-zgradu\/#breadcrumb\",\"itemListElement\":[{\"@type\":\"ListItem\",\"position\":1,\"name\":\"Home\",\"item\":\"https:\/\/sandzakpress.net\/arhiva\/\"},{\"@type\":\"ListItem\",\"position\":2,\"name\":\"Novopazarca poku\u0161ali reketirati u Budvi: Ako ne da\u0161 20.000, ru\u0161imo ti zgradu!\"}]},{\"@type\":\"WebSite\",\"@id\":\"https:\/\/sandzakpress.net\/arhiva\/#website\",\"url\":\"https:\/\/sandzakpress.net\/arhiva\/\",\"name\":\"Sand\u017eak PRESS\",\"description\":\"Prve elektronske novine u Sand\u017eaku\",\"publisher\":{\"@id\":\"https:\/\/sandzakpress.net\/arhiva\/#\/schema\/person\/6e72b67d6e51910a1117b3b483ba20bd\"},\"potentialAction\":[{\"@type\":\"SearchAction\",\"target\":{\"@type\":\"EntryPoint\",\"urlTemplate\":\"https:\/\/sandzakpress.net\/arhiva\/?s={search_term_string}\"},\"query-input\":{\"@type\":\"PropertyValueSpecification\",\"valueRequired\":true,\"valueName\":\"search_term_string\"}}],\"inLanguage\":\"bs-BA\"},{\"@type\":[\"Person\",\"Organization\"],\"@id\":\"https:\/\/sandzakpress.net\/arhiva\/#\/schema\/person\/6e72b67d6e51910a1117b3b483ba20bd\",\"name\":\"Kul\",\"image\":{\"@type\":\"ImageObject\",\"inLanguage\":\"bs-BA\",\"@id\":\"https:\/\/sandzakpress.net\/arhiva\/#\/schema\/person\/image\/\",\"url\":\"https:\/\/secure.gravatar.com\/avatar\/42263f39aa27ac04c43cab85c280eb2e?s=96&d=mm&r=pg\",\"contentUrl\":\"https:\/\/secure.gravatar.com\/avatar\/42263f39aa27ac04c43cab85c280eb2e?s=96&d=mm&r=pg\",\"caption\":\"Kul\"},\"logo\":{\"@id\":\"https:\/\/sandzakpress.net\/arhiva\/#\/schema\/person\/image\/\"}},{\"@type\":\"Person\",\"@id\":\"https:\/\/sandzakpress.net\/arhiva\/#\/schema\/person\/cb59d7e3ab91ab90dd680ad0305a6185\",\"name\":\"Agencija\",\"image\":{\"@type\":\"ImageObject\",\"inLanguage\":\"bs-BA\",\"@id\":\"https:\/\/sandzakpress.net\/arhiva\/#\/schema\/person\/image\/\",\"url\":\"https:\/\/secure.gravatar.com\/avatar\/4b7fafa80a22f0c2afe23966b3961fe0?s=96&d=mm&r=pg\",\"contentUrl\":\"https:\/\/secure.gravatar.com\/avatar\/4b7fafa80a22f0c2afe23966b3961fe0?s=96&d=mm&r=pg\",\"caption\":\"Agencija\"},\"url\":\"https:\/\/sandzakpress.net\/arhiva\/author\/agencija\/\"}]}<\/script>\n<!-- \/ Yoast SEO Premium plugin. -->","yoast_head_json":{"title":"Novopazarca poku\u0161ali reketirati u Budvi: Ako ne da\u0161 20.000, ru\u0161imo ti zgradu!","robots":{"index":"index","follow":"follow","max-snippet":"max-snippet:-1","max-image-preview":"max-image-preview:large","max-video-preview":"max-video-preview:-1"},"canonical":"https:\/\/sandzakpress.net\/arhiva\/novopazarca-pokusali-reketirati-u-budvi-ako-ne-das-20-000-rusimo-ti-zgradu\/","og_locale":"bs_BA","og_type":"article","og_title":"Novopazarca poku\u0161ali reketirati u Budvi: Ako ne da\u0161 20.000, ru\u0161imo ti zgradu!","og_description":"Gra\u0111evinski inspektor Vladan Jureti\u0107 sa Budvaninom D. M. navodno je poku\u0161ao da reketira Pazarca Arafata Ku\u010da koji \u017eivi u Australiji, tra\u017ee\u0107i mu 20.000 eura kako mu ne bi sru\u0161io zgradu u budvanskom naselju Ivanovi\u0107i. To pi\u0161e u izjavi koju je Ku\u010d 13. juna 2019. dao budvanskoj policiji, a u koju su \u201cVijesti\u201d imale uvid. U [&hellip;]","og_url":"https:\/\/sandzakpress.net\/arhiva\/novopazarca-pokusali-reketirati-u-budvi-ako-ne-das-20-000-rusimo-ti-zgradu\/","og_site_name":"Sand\u017eak PRESS","article_published_time":"2019-11-02T13:52:37+00:00","og_image":[{"width":696,"height":469,"url":"https:\/\/sandzakpress.net\/arhiva\/wp-content\/uploads\/2019\/11\/vladan-juretic-696x469.jpg","type":"image\/jpeg"}],"author":"Agencija","twitter_card":"summary_large_image","twitter_misc":{"Written by":"Agencija","Est. reading time":"3 minute"},"schema":{"@context":"https:\/\/schema.org","@graph":[{"@type":"Article","@id":"https:\/\/sandzakpress.net\/arhiva\/novopazarca-pokusali-reketirati-u-budvi-ako-ne-das-20-000-rusimo-ti-zgradu\/#article","isPartOf":{"@id":"https:\/\/sandzakpress.net\/arhiva\/novopazarca-pokusali-reketirati-u-budvi-ako-ne-das-20-000-rusimo-ti-zgradu\/"},"author":{"name":"Agencija","@id":"https:\/\/sandzakpress.net\/arhiva\/#\/schema\/person\/cb59d7e3ab91ab90dd680ad0305a6185"},"headline":"Novopazarca poku\u0161ali reketirati u Budvi: Ako ne da\u0161 20.000, ru\u0161imo ti zgradu!","datePublished":"2019-11-02T13:52:37+00:00","mainEntityOfPage":{"@id":"https:\/\/sandzakpress.net\/arhiva\/novopazarca-pokusali-reketirati-u-budvi-ako-ne-das-20-000-rusimo-ti-zgradu\/"},"wordCount":666,"commentCount":1,"publisher":{"@id":"https:\/\/sandzakpress.net\/arhiva\/#\/schema\/person\/6e72b67d6e51910a1117b3b483ba20bd"},"image":{"@id":"https:\/\/sandzakpress.net\/arhiva\/novopazarca-pokusali-reketirati-u-budvi-ako-ne-das-20-000-rusimo-ti-zgradu\/#primaryimage"},"thumbnailUrl":"https:\/\/sandzakpress.net\/arhiva\/wp-content\/uploads\/2019\/11\/vladan-juretic-696x469.jpg","articleSection":["Novi Pazar","Hronika","VA\u017dNO!"],"inLanguage":"bs-BA","potentialAction":[{"@type":"CommentAction","name":"Comment","target":["https:\/\/sandzakpress.net\/arhiva\/novopazarca-pokusali-reketirati-u-budvi-ako-ne-das-20-000-rusimo-ti-zgradu\/#respond"]}]},{"@type":"WebPage","@id":"https:\/\/sandzakpress.net\/arhiva\/novopazarca-pokusali-reketirati-u-budvi-ako-ne-das-20-000-rusimo-ti-zgradu\/","url":"https:\/\/sandzakpress.net\/arhiva\/novopazarca-pokusali-reketirati-u-budvi-ako-ne-das-20-000-rusimo-ti-zgradu\/","name":"Novopazarca poku\u0161ali reketirati u Budvi: Ako ne da\u0161 20.000, ru\u0161imo ti zgradu!","isPartOf":{"@id":"https:\/\/sandzakpress.net\/arhiva\/#website"},"primaryImageOfPage":{"@id":"https:\/\/sandzakpress.net\/arhiva\/novopazarca-pokusali-reketirati-u-budvi-ako-ne-das-20-000-rusimo-ti-zgradu\/#primaryimage"},"image":{"@id":"https:\/\/sandzakpress.net\/arhiva\/novopazarca-pokusali-reketirati-u-budvi-ako-ne-das-20-000-rusimo-ti-zgradu\/#primaryimage"},"thumbnailUrl":"https:\/\/sandzakpress.net\/arhiva\/wp-content\/uploads\/2019\/11\/vladan-juretic-696x469.jpg","datePublished":"2019-11-02T13:52:37+00:00","breadcrumb":{"@id":"https:\/\/sandzakpress.net\/arhiva\/novopazarca-pokusali-reketirati-u-budvi-ako-ne-das-20-000-rusimo-ti-zgradu\/#breadcrumb"},"inLanguage":"bs-BA","potentialAction":[{"@type":"ReadAction","target":["https:\/\/sandzakpress.net\/arhiva\/novopazarca-pokusali-reketirati-u-budvi-ako-ne-das-20-000-rusimo-ti-zgradu\/"]}]},{"@type":"ImageObject","inLanguage":"bs-BA","@id":"https:\/\/sandzakpress.net\/arhiva\/novopazarca-pokusali-reketirati-u-budvi-ako-ne-das-20-000-rusimo-ti-zgradu\/#primaryimage","url":"https:\/\/sandzakpress.net\/arhiva\/wp-content\/uploads\/2019\/11\/vladan-juretic-696x469.jpg","contentUrl":"https:\/\/sandzakpress.net\/arhiva\/wp-content\/uploads\/2019\/11\/vladan-juretic-696x469.jpg","width":696,"height":469},{"@type":"BreadcrumbList","@id":"https:\/\/sandzakpress.net\/arhiva\/novopazarca-pokusali-reketirati-u-budvi-ako-ne-das-20-000-rusimo-ti-zgradu\/#breadcrumb","itemListElement":[{"@type":"ListItem","position":1,"name":"Home","item":"https:\/\/sandzakpress.net\/arhiva\/"},{"@type":"ListItem","position":2,"name":"Novopazarca poku\u0161ali reketirati u Budvi: Ako ne da\u0161 20.000, ru\u0161imo ti zgradu!"}]},{"@type":"WebSite","@id":"https:\/\/sandzakpress.net\/arhiva\/#website","url":"https:\/\/sandzakpress.net\/arhiva\/","name":"Sand\u017eak PRESS","description":"Prve elektronske novine u Sand\u017eaku","publisher":{"@id":"https:\/\/sandzakpress.net\/arhiva\/#\/schema\/person\/6e72b67d6e51910a1117b3b483ba20bd"},"potentialAction":[{"@type":"SearchAction","target":{"@type":"EntryPoint","urlTemplate":"https:\/\/sandzakpress.net\/arhiva\/?s={search_term_string}"},"query-input":{"@type":"PropertyValueSpecification","valueRequired":true,"valueName":"search_term_string"}}],"inLanguage":"bs-BA"},{"@type":["Person","Organization"],"@id":"https:\/\/sandzakpress.net\/arhiva\/#\/schema\/person\/6e72b67d6e51910a1117b3b483ba20bd","name":"Kul","image":{"@type":"ImageObject","inLanguage":"bs-BA","@id":"https:\/\/sandzakpress.net\/arhiva\/#\/schema\/person\/image\/","url":"https:\/\/secure.gravatar.com\/avatar\/42263f39aa27ac04c43cab85c280eb2e?s=96&d=mm&r=pg","contentUrl":"https:\/\/secure.gravatar.com\/avatar\/42263f39aa27ac04c43cab85c280eb2e?s=96&d=mm&r=pg","caption":"Kul"},"logo":{"@id":"https:\/\/sandzakpress.net\/arhiva\/#\/schema\/person\/image\/"}},{"@type":"Person","@id":"https:\/\/sandzakpress.net\/arhiva\/#\/schema\/person\/cb59d7e3ab91ab90dd680ad0305a6185","name":"Agencija","image":{"@type":"ImageObject","inLanguage":"bs-BA","@id":"https:\/\/sandzakpress.net\/arhiva\/#\/schema\/person\/image\/","url":"https:\/\/secure.gravatar.com\/avatar\/4b7fafa80a22f0c2afe23966b3961fe0?s=96&d=mm&r=pg","contentUrl":"https:\/\/secure.gravatar.com\/avatar\/4b7fafa80a22f0c2afe23966b3961fe0?s=96&d=mm&r=pg","caption":"Agencija"},"url":"https:\/\/sandzakpress.net\/arhiva\/author\/agencija\/"}]}},"_links":{"self":[{"href":"https:\/\/sandzakpress.net\/arhiva\/wp-json\/wp\/v2\/posts\/230205"}],"collection":[{"href":"https:\/\/sandzakpress.net\/arhiva\/wp-json\/wp\/v2\/posts"}],"about":[{"href":"https:\/\/sandzakpress.net\/arhiva\/wp-json\/wp\/v2\/types\/post"}],"author":[{"embeddable":true,"href":"https:\/\/sandzakpress.net\/arhiva\/wp-json\/wp\/v2\/users\/509"}],"replies":[{"embeddable":true,"href":"https:\/\/sandzakpress.net\/arhiva\/wp-json\/wp\/v2\/comments?post=230205"}],"version-history":[{"count":0,"href":"https:\/\/sandzakpress.net\/arhiva\/wp-json\/wp\/v2\/posts\/230205\/revisions"}],"wp:featuredmedia":[{"embeddable":true,"href":"https:\/\/sandzakpress.net\/arhiva\/wp-json\/wp\/v2\/media\/230206"}],"wp:attachment":[{"href":"https:\/\/sandzakpress.net\/arhiva\/wp-json\/wp\/v2\/media?parent=230205"}],"wp:term":[{"taxonomy":"category","embeddable":true,"href":"https:\/\/sandzakpress.net\/arhiva\/wp-json\/wp\/v2\/categories?post=230205"},{"taxonomy":"post_tag","embeddable":true,"href":"https:\/\/sandzakpress.net\/arhiva\/wp-json\/wp\/v2\/tags?post=230205"}],"curies":[{"name":"wp","href":"https:\/\/api.w.org\/{rel}","templated":true}]}}