{"id":230157,"date":"2019-11-01T15:07:47","date_gmt":"2019-11-01T14:07:47","guid":{"rendered":"https:\/\/sandzakpress.net\/arhiva\/?p=230157"},"modified":"2019-11-01T15:07:47","modified_gmt":"2019-11-01T14:07:47","slug":"u-gusinju-otvoreni-skolski-sportski-tereni","status":"publish","type":"post","link":"https:\/\/sandzakpress.net\/arhiva\/u-gusinju-otvoreni-skolski-sportski-tereni\/","title":{"rendered":"U Gusinju otvoreni \u0161kolski sportski tereni"},"content":{"rendered":"<p><img decoding=\"async\" src=\"https:\/\/publisher-publish.s3.eu-central-1.amazonaws.com\/pb-vijesti\/swp\/9sju0v\/media\/20191029171028_e59762e6-a5df-41eb-8e61-5e8dace27fb5.jpeg\" alt=\"Sa otvaranja terena\" \/><\/p>\n<p><strong>Sportski tereni \u0161kole \u201cD\u017eafer Niko\u010devi\u0107\u201d u Gusinju, vrijedni oko 350 hiljada eura, otvoreni su danas, saop\u0161tili su iz Ministarstva prosvjete.<\/strong><\/p>\n<p>Taj sportski kompleks, kako je saop\u0161teno, sadr\u017ei dva multifunkcionalna terena za fudbal, rukomet, ko\u0161arku i odbojku, sa monta\u017enim tribinama na oba terena, oko 420 sjede\u0107ih mjesta, za\u0161titnom mre\u017eom, osvjetljenjem, specijalnim podlogama za tu vrstu terena prilago\u0111enu temperaturnim razlikama i razli\u010ditim vremenskim uslovima, kao i ogradu oko kompletnog kompleksa.<\/p>\n<p>Iz Ministarstva su kazali da su za tu investiciju izdvojili oko 280 hiljada eura, a Fondacija &#8220;Gusinje&#8221; iz Njujorka preostali dio novca.<\/p>\n<p>Ministar prosvjete Damir \u0160ehovi\u0107 kazao je da je u obrazovnu infrastrukturu Gusinja samo u prethodne dvije godine ulo\u017eeno oko 400 hiljada eura, i najavio da slijedi rekonstrukcija vrti\u0107a i gradnja sportske \u0161kolske sale u toj op\u0161tini.<\/p>\n<p>On je kazao da \u0107e Vlada, kroz Kapitalni bud\u017eet, graditi \u0161kolsku sportsku salu projektovane vrijednosti 2,7 miliona eura.<\/p>\n<p>\u0160ehovi\u0107 je naveo da mu je zadovoljstvo da najavi da je planirana i rekonstrukcija vrti\u0107a u Gusinju, koji je vaspitna jedinica vrti\u0107a u Plavu.<\/p>\n<p>\u201cTako\u0111e, \u0161kola \u201cD\u017eafer Niko\u010devi\u0107\u201d je kandidovana za Projekat energetske efikasnosti u javnim zgradama. Dodatno, u postupku je izrada projekta za sanaciju podru\u010dnog odjeljenja \u201eVi\u0161njevo\u201c, koja tako\u0111e pripada toj \u0161koli\u201d, dodao je on.<\/p>\n<p>On je zahvalio Fondaciji \u201cGusinje\u201d iz Njujorka koja je prepoznala va\u017enost ulaganja u zavi\u010daj.<\/p>\n<p>\u0160ehovi\u0107 je kazao da je zadovoljan da svjedo\u010di takvom odnosu Vlade Crne Gore i nikad ve\u0107im ulaganjima u obrazovnu infrastrukturu na nivou cijele zemlje, a posebno sjevera.<\/p>\n<p>On je ukazao na to da je ukupna vrijednost nedavno zavr\u0161enih i planiranih projakata u oblasti obrazovne infrastrukture u Plavu i Gusinju na nivou od oko 2,5 miliona eura.<\/p>\n<p>Predsjednica op\u0161tine Gusinje Anela \u010ceki\u0107 kazala je da izgradnja terena predstavlja jo\u0161 jedan u nizu projekata koji se realizuju na teritoriji Gusinja, \u010dime zaokru\u017euju svoju osnovnu infrastrukturu.<\/p>\n<p>Predstavnik Fondacije \u201eNjujork\u201c, Sulejman \u0110ombali\u0107 je govorio o va\u017enosti uklju\u010divanja \u010ditave zajednice u takve projekte.<\/p>\n<p>Kako je naveo, ta fondacija je od samog po\u010detka posebnu paznju usmjeravala na pomaganje gusinjskoj osnovnoj \u0161koli, kako kroz donacije u vidu ra\u010dunarske opreme, tako i kroz kupovinu inventara za \u0160kolu.<\/p>\n<p>\u0110ombali\u0107 je najavio i u\u010de\u0161\u0107e u novim projektima rekonstrukcija obrazovne infrastrukture u Gusinju.<\/p>\n<p>\u0160erif Feratovi\u0107, direktor O\u0160 \u201eD\u017eafer Niko\u010devi\u0107\u201c, zahvalio je Ministarstvu, Fondaciji i svima koji su pomogli realizaciju ove investicije.<\/p>\n<p>\u201cTerenima smo obradovali najmla\u0111e i njihove roditelje, ali i omladinu i rekreativce. Siguran sam da \u0107e bavljenje sportom na\u0161u omladinu udaljiti od poroka i lo\u0161ih navika\u201d, zaklju\u010dio je on.<\/p>\n","protected":false},"excerpt":{"rendered":"<p>Sportski tereni \u0161kole \u201cD\u017eafer Niko\u010devi\u0107\u201d u Gusinju, vrijedni oko 350 hiljada eura, otvoreni su danas, saop\u0161tili su iz Ministarstva prosvjete. Taj sportski kompleks, kako je saop\u0161teno, sadr\u017ei dva multifunkcionalna terena za fudbal, rukomet, ko\u0161arku i odbojku, sa monta\u017enim tribinama na oba terena, oko 420 sjede\u0107ih mjesta, za\u0161titnom mre\u017eom, osvjetljenjem, specijalnim podlogama za tu vrstu terena [&hellip;]<\/p>\n","protected":false},"author":509,"featured_media":230162,"comment_status":"open","ping_status":"open","sticky":false,"template":"","format":"standard","meta":{"footnotes":""},"categories":[5,10173],"tags":[],"class_list":{"0":"post-230157","1":"post","2":"type-post","3":"status-publish","4":"format-standard","5":"has-post-thumbnail","7":"category-drustvo","8":"category-gusinje-vase-vijesti"},"yoast_head":"<!-- This site is optimized with the Yoast SEO Premium plugin v23.1 (Yoast SEO v24.9) - https:\/\/yoast.com\/wordpress\/plugins\/seo\/ -->\n<title>U Gusinju otvoreni \u0161kolski sportski tereni<\/title>\n<meta name=\"robots\" content=\"index, follow, max-snippet:-1, max-image-preview:large, max-video-preview:-1\" \/>\n<link rel=\"canonical\" href=\"https:\/\/sandzakpress.net\/arhiva\/u-gusinju-otvoreni-skolski-sportski-tereni\/\" \/>\n<meta property=\"og:locale\" content=\"bs_BA\" \/>\n<meta property=\"og:type\" content=\"article\" \/>\n<meta property=\"og:title\" content=\"U Gusinju otvoreni \u0161kolski sportski tereni\" \/>\n<meta property=\"og:description\" content=\"Sportski tereni \u0161kole \u201cD\u017eafer Niko\u010devi\u0107\u201d u Gusinju, vrijedni oko 350 hiljada eura, otvoreni su danas, saop\u0161tili su iz Ministarstva prosvjete. Taj sportski kompleks, kako je saop\u0161teno, sadr\u017ei dva multifunkcionalna terena za fudbal, rukomet, ko\u0161arku i odbojku, sa monta\u017enim tribinama na oba terena, oko 420 sjede\u0107ih mjesta, za\u0161titnom mre\u017eom, osvjetljenjem, specijalnim podlogama za tu vrstu terena [&hellip;]\" \/>\n<meta property=\"og:url\" content=\"https:\/\/sandzakpress.net\/arhiva\/u-gusinju-otvoreni-skolski-sportski-tereni\/\" \/>\n<meta property=\"og:site_name\" content=\"Sand\u017eak PRESS\" \/>\n<meta property=\"article:published_time\" content=\"2019-11-01T14:07:47+00:00\" \/>\n<meta property=\"og:image\" content=\"https:\/\/sandzakpress.net\/arhiva\/wp-content\/uploads\/2019\/11\/20191029171028_e59762e6-a5df-41eb-8e61-5e8dace27fb5.jpeg.jpg\" \/>\n\t<meta property=\"og:image:width\" content=\"800\" \/>\n\t<meta property=\"og:image:height\" content=\"385\" \/>\n\t<meta property=\"og:image:type\" content=\"image\/jpeg\" \/>\n<meta name=\"author\" content=\"Agencija\" \/>\n<meta name=\"twitter:card\" content=\"summary_large_image\" \/>\n<meta name=\"twitter:label1\" content=\"Written by\" \/>\n\t<meta name=\"twitter:data1\" content=\"Agencija\" \/>\n\t<meta name=\"twitter:label2\" content=\"Est. reading time\" \/>\n\t<meta name=\"twitter:data2\" content=\"2 minute\" \/>\n<script type=\"application\/ld+json\" class=\"yoast-schema-graph\">{\"@context\":\"https:\/\/schema.org\",\"@graph\":[{\"@type\":\"Article\",\"@id\":\"https:\/\/sandzakpress.net\/arhiva\/u-gusinju-otvoreni-skolski-sportski-tereni\/#article\",\"isPartOf\":{\"@id\":\"https:\/\/sandzakpress.net\/arhiva\/u-gusinju-otvoreni-skolski-sportski-tereni\/\"},\"author\":{\"name\":\"Agencija\",\"@id\":\"https:\/\/sandzakpress.net\/arhiva\/#\/schema\/person\/cb59d7e3ab91ab90dd680ad0305a6185\"},\"headline\":\"U Gusinju otvoreni \u0161kolski sportski tereni\",\"datePublished\":\"2019-11-01T14:07:47+00:00\",\"mainEntityOfPage\":{\"@id\":\"https:\/\/sandzakpress.net\/arhiva\/u-gusinju-otvoreni-skolski-sportski-tereni\/\"},\"wordCount\":446,\"commentCount\":0,\"publisher\":{\"@id\":\"https:\/\/sandzakpress.net\/arhiva\/#\/schema\/person\/6e72b67d6e51910a1117b3b483ba20bd\"},\"image\":{\"@id\":\"https:\/\/sandzakpress.net\/arhiva\/u-gusinju-otvoreni-skolski-sportski-tereni\/#primaryimage\"},\"thumbnailUrl\":\"https:\/\/sandzakpress.net\/arhiva\/wp-content\/uploads\/2019\/11\/20191029171028_e59762e6-a5df-41eb-8e61-5e8dace27fb5.jpeg.jpg\",\"articleSection\":[\"Dru\u0161tvo\",\"Gusinje\"],\"inLanguage\":\"bs-BA\",\"potentialAction\":[{\"@type\":\"CommentAction\",\"name\":\"Comment\",\"target\":[\"https:\/\/sandzakpress.net\/arhiva\/u-gusinju-otvoreni-skolski-sportski-tereni\/#respond\"]}]},{\"@type\":\"WebPage\",\"@id\":\"https:\/\/sandzakpress.net\/arhiva\/u-gusinju-otvoreni-skolski-sportski-tereni\/\",\"url\":\"https:\/\/sandzakpress.net\/arhiva\/u-gusinju-otvoreni-skolski-sportski-tereni\/\",\"name\":\"U Gusinju otvoreni \u0161kolski sportski tereni\",\"isPartOf\":{\"@id\":\"https:\/\/sandzakpress.net\/arhiva\/#website\"},\"primaryImageOfPage\":{\"@id\":\"https:\/\/sandzakpress.net\/arhiva\/u-gusinju-otvoreni-skolski-sportski-tereni\/#primaryimage\"},\"image\":{\"@id\":\"https:\/\/sandzakpress.net\/arhiva\/u-gusinju-otvoreni-skolski-sportski-tereni\/#primaryimage\"},\"thumbnailUrl\":\"https:\/\/sandzakpress.net\/arhiva\/wp-content\/uploads\/2019\/11\/20191029171028_e59762e6-a5df-41eb-8e61-5e8dace27fb5.jpeg.jpg\",\"datePublished\":\"2019-11-01T14:07:47+00:00\",\"breadcrumb\":{\"@id\":\"https:\/\/sandzakpress.net\/arhiva\/u-gusinju-otvoreni-skolski-sportski-tereni\/#breadcrumb\"},\"inLanguage\":\"bs-BA\",\"potentialAction\":[{\"@type\":\"ReadAction\",\"target\":[\"https:\/\/sandzakpress.net\/arhiva\/u-gusinju-otvoreni-skolski-sportski-tereni\/\"]}]},{\"@type\":\"ImageObject\",\"inLanguage\":\"bs-BA\",\"@id\":\"https:\/\/sandzakpress.net\/arhiva\/u-gusinju-otvoreni-skolski-sportski-tereni\/#primaryimage\",\"url\":\"https:\/\/sandzakpress.net\/arhiva\/wp-content\/uploads\/2019\/11\/20191029171028_e59762e6-a5df-41eb-8e61-5e8dace27fb5.jpeg.jpg\",\"contentUrl\":\"https:\/\/sandzakpress.net\/arhiva\/wp-content\/uploads\/2019\/11\/20191029171028_e59762e6-a5df-41eb-8e61-5e8dace27fb5.jpeg.jpg\",\"width\":800,\"height\":385},{\"@type\":\"BreadcrumbList\",\"@id\":\"https:\/\/sandzakpress.net\/arhiva\/u-gusinju-otvoreni-skolski-sportski-tereni\/#breadcrumb\",\"itemListElement\":[{\"@type\":\"ListItem\",\"position\":1,\"name\":\"Home\",\"item\":\"https:\/\/sandzakpress.net\/arhiva\/\"},{\"@type\":\"ListItem\",\"position\":2,\"name\":\"U Gusinju otvoreni \u0161kolski sportski tereni\"}]},{\"@type\":\"WebSite\",\"@id\":\"https:\/\/sandzakpress.net\/arhiva\/#website\",\"url\":\"https:\/\/sandzakpress.net\/arhiva\/\",\"name\":\"Sand\u017eak PRESS\",\"description\":\"Prve elektronske novine u Sand\u017eaku\",\"publisher\":{\"@id\":\"https:\/\/sandzakpress.net\/arhiva\/#\/schema\/person\/6e72b67d6e51910a1117b3b483ba20bd\"},\"potentialAction\":[{\"@type\":\"SearchAction\",\"target\":{\"@type\":\"EntryPoint\",\"urlTemplate\":\"https:\/\/sandzakpress.net\/arhiva\/?s={search_term_string}\"},\"query-input\":{\"@type\":\"PropertyValueSpecification\",\"valueRequired\":true,\"valueName\":\"search_term_string\"}}],\"inLanguage\":\"bs-BA\"},{\"@type\":[\"Person\",\"Organization\"],\"@id\":\"https:\/\/sandzakpress.net\/arhiva\/#\/schema\/person\/6e72b67d6e51910a1117b3b483ba20bd\",\"name\":\"Kul\",\"image\":{\"@type\":\"ImageObject\",\"inLanguage\":\"bs-BA\",\"@id\":\"https:\/\/sandzakpress.net\/arhiva\/#\/schema\/person\/image\/\",\"url\":\"https:\/\/secure.gravatar.com\/avatar\/42263f39aa27ac04c43cab85c280eb2e?s=96&d=mm&r=pg\",\"contentUrl\":\"https:\/\/secure.gravatar.com\/avatar\/42263f39aa27ac04c43cab85c280eb2e?s=96&d=mm&r=pg\",\"caption\":\"Kul\"},\"logo\":{\"@id\":\"https:\/\/sandzakpress.net\/arhiva\/#\/schema\/person\/image\/\"}},{\"@type\":\"Person\",\"@id\":\"https:\/\/sandzakpress.net\/arhiva\/#\/schema\/person\/cb59d7e3ab91ab90dd680ad0305a6185\",\"name\":\"Agencija\",\"image\":{\"@type\":\"ImageObject\",\"inLanguage\":\"bs-BA\",\"@id\":\"https:\/\/sandzakpress.net\/arhiva\/#\/schema\/person\/image\/\",\"url\":\"https:\/\/secure.gravatar.com\/avatar\/4b7fafa80a22f0c2afe23966b3961fe0?s=96&d=mm&r=pg\",\"contentUrl\":\"https:\/\/secure.gravatar.com\/avatar\/4b7fafa80a22f0c2afe23966b3961fe0?s=96&d=mm&r=pg\",\"caption\":\"Agencija\"},\"url\":\"https:\/\/sandzakpress.net\/arhiva\/author\/agencija\/\"}]}<\/script>\n<!-- \/ Yoast SEO Premium plugin. -->","yoast_head_json":{"title":"U Gusinju otvoreni \u0161kolski sportski tereni","robots":{"index":"index","follow":"follow","max-snippet":"max-snippet:-1","max-image-preview":"max-image-preview:large","max-video-preview":"max-video-preview:-1"},"canonical":"https:\/\/sandzakpress.net\/arhiva\/u-gusinju-otvoreni-skolski-sportski-tereni\/","og_locale":"bs_BA","og_type":"article","og_title":"U Gusinju otvoreni \u0161kolski sportski tereni","og_description":"Sportski tereni \u0161kole \u201cD\u017eafer Niko\u010devi\u0107\u201d u Gusinju, vrijedni oko 350 hiljada eura, otvoreni su danas, saop\u0161tili su iz Ministarstva prosvjete. Taj sportski kompleks, kako je saop\u0161teno, sadr\u017ei dva multifunkcionalna terena za fudbal, rukomet, ko\u0161arku i odbojku, sa monta\u017enim tribinama na oba terena, oko 420 sjede\u0107ih mjesta, za\u0161titnom mre\u017eom, osvjetljenjem, specijalnim podlogama za tu vrstu terena [&hellip;]","og_url":"https:\/\/sandzakpress.net\/arhiva\/u-gusinju-otvoreni-skolski-sportski-tereni\/","og_site_name":"Sand\u017eak PRESS","article_published_time":"2019-11-01T14:07:47+00:00","og_image":[{"width":800,"height":385,"url":"https:\/\/sandzakpress.net\/arhiva\/wp-content\/uploads\/2019\/11\/20191029171028_e59762e6-a5df-41eb-8e61-5e8dace27fb5.jpeg.jpg","type":"image\/jpeg"}],"author":"Agencija","twitter_card":"summary_large_image","twitter_misc":{"Written by":"Agencija","Est. reading time":"2 minute"},"schema":{"@context":"https:\/\/schema.org","@graph":[{"@type":"Article","@id":"https:\/\/sandzakpress.net\/arhiva\/u-gusinju-otvoreni-skolski-sportski-tereni\/#article","isPartOf":{"@id":"https:\/\/sandzakpress.net\/arhiva\/u-gusinju-otvoreni-skolski-sportski-tereni\/"},"author":{"name":"Agencija","@id":"https:\/\/sandzakpress.net\/arhiva\/#\/schema\/person\/cb59d7e3ab91ab90dd680ad0305a6185"},"headline":"U Gusinju otvoreni \u0161kolski sportski tereni","datePublished":"2019-11-01T14:07:47+00:00","mainEntityOfPage":{"@id":"https:\/\/sandzakpress.net\/arhiva\/u-gusinju-otvoreni-skolski-sportski-tereni\/"},"wordCount":446,"commentCount":0,"publisher":{"@id":"https:\/\/sandzakpress.net\/arhiva\/#\/schema\/person\/6e72b67d6e51910a1117b3b483ba20bd"},"image":{"@id":"https:\/\/sandzakpress.net\/arhiva\/u-gusinju-otvoreni-skolski-sportski-tereni\/#primaryimage"},"thumbnailUrl":"https:\/\/sandzakpress.net\/arhiva\/wp-content\/uploads\/2019\/11\/20191029171028_e59762e6-a5df-41eb-8e61-5e8dace27fb5.jpeg.jpg","articleSection":["Dru\u0161tvo","Gusinje"],"inLanguage":"bs-BA","potentialAction":[{"@type":"CommentAction","name":"Comment","target":["https:\/\/sandzakpress.net\/arhiva\/u-gusinju-otvoreni-skolski-sportski-tereni\/#respond"]}]},{"@type":"WebPage","@id":"https:\/\/sandzakpress.net\/arhiva\/u-gusinju-otvoreni-skolski-sportski-tereni\/","url":"https:\/\/sandzakpress.net\/arhiva\/u-gusinju-otvoreni-skolski-sportski-tereni\/","name":"U Gusinju otvoreni \u0161kolski sportski tereni","isPartOf":{"@id":"https:\/\/sandzakpress.net\/arhiva\/#website"},"primaryImageOfPage":{"@id":"https:\/\/sandzakpress.net\/arhiva\/u-gusinju-otvoreni-skolski-sportski-tereni\/#primaryimage"},"image":{"@id":"https:\/\/sandzakpress.net\/arhiva\/u-gusinju-otvoreni-skolski-sportski-tereni\/#primaryimage"},"thumbnailUrl":"https:\/\/sandzakpress.net\/arhiva\/wp-content\/uploads\/2019\/11\/20191029171028_e59762e6-a5df-41eb-8e61-5e8dace27fb5.jpeg.jpg","datePublished":"2019-11-01T14:07:47+00:00","breadcrumb":{"@id":"https:\/\/sandzakpress.net\/arhiva\/u-gusinju-otvoreni-skolski-sportski-tereni\/#breadcrumb"},"inLanguage":"bs-BA","potentialAction":[{"@type":"ReadAction","target":["https:\/\/sandzakpress.net\/arhiva\/u-gusinju-otvoreni-skolski-sportski-tereni\/"]}]},{"@type":"ImageObject","inLanguage":"bs-BA","@id":"https:\/\/sandzakpress.net\/arhiva\/u-gusinju-otvoreni-skolski-sportski-tereni\/#primaryimage","url":"https:\/\/sandzakpress.net\/arhiva\/wp-content\/uploads\/2019\/11\/20191029171028_e59762e6-a5df-41eb-8e61-5e8dace27fb5.jpeg.jpg","contentUrl":"https:\/\/sandzakpress.net\/arhiva\/wp-content\/uploads\/2019\/11\/20191029171028_e59762e6-a5df-41eb-8e61-5e8dace27fb5.jpeg.jpg","width":800,"height":385},{"@type":"BreadcrumbList","@id":"https:\/\/sandzakpress.net\/arhiva\/u-gusinju-otvoreni-skolski-sportski-tereni\/#breadcrumb","itemListElement":[{"@type":"ListItem","position":1,"name":"Home","item":"https:\/\/sandzakpress.net\/arhiva\/"},{"@type":"ListItem","position":2,"name":"U Gusinju otvoreni \u0161kolski sportski tereni"}]},{"@type":"WebSite","@id":"https:\/\/sandzakpress.net\/arhiva\/#website","url":"https:\/\/sandzakpress.net\/arhiva\/","name":"Sand\u017eak PRESS","description":"Prve elektronske novine u Sand\u017eaku","publisher":{"@id":"https:\/\/sandzakpress.net\/arhiva\/#\/schema\/person\/6e72b67d6e51910a1117b3b483ba20bd"},"potentialAction":[{"@type":"SearchAction","target":{"@type":"EntryPoint","urlTemplate":"https:\/\/sandzakpress.net\/arhiva\/?s={search_term_string}"},"query-input":{"@type":"PropertyValueSpecification","valueRequired":true,"valueName":"search_term_string"}}],"inLanguage":"bs-BA"},{"@type":["Person","Organization"],"@id":"https:\/\/sandzakpress.net\/arhiva\/#\/schema\/person\/6e72b67d6e51910a1117b3b483ba20bd","name":"Kul","image":{"@type":"ImageObject","inLanguage":"bs-BA","@id":"https:\/\/sandzakpress.net\/arhiva\/#\/schema\/person\/image\/","url":"https:\/\/secure.gravatar.com\/avatar\/42263f39aa27ac04c43cab85c280eb2e?s=96&d=mm&r=pg","contentUrl":"https:\/\/secure.gravatar.com\/avatar\/42263f39aa27ac04c43cab85c280eb2e?s=96&d=mm&r=pg","caption":"Kul"},"logo":{"@id":"https:\/\/sandzakpress.net\/arhiva\/#\/schema\/person\/image\/"}},{"@type":"Person","@id":"https:\/\/sandzakpress.net\/arhiva\/#\/schema\/person\/cb59d7e3ab91ab90dd680ad0305a6185","name":"Agencija","image":{"@type":"ImageObject","inLanguage":"bs-BA","@id":"https:\/\/sandzakpress.net\/arhiva\/#\/schema\/person\/image\/","url":"https:\/\/secure.gravatar.com\/avatar\/4b7fafa80a22f0c2afe23966b3961fe0?s=96&d=mm&r=pg","contentUrl":"https:\/\/secure.gravatar.com\/avatar\/4b7fafa80a22f0c2afe23966b3961fe0?s=96&d=mm&r=pg","caption":"Agencija"},"url":"https:\/\/sandzakpress.net\/arhiva\/author\/agencija\/"}]}},"_links":{"self":[{"href":"https:\/\/sandzakpress.net\/arhiva\/wp-json\/wp\/v2\/posts\/230157"}],"collection":[{"href":"https:\/\/sandzakpress.net\/arhiva\/wp-json\/wp\/v2\/posts"}],"about":[{"href":"https:\/\/sandzakpress.net\/arhiva\/wp-json\/wp\/v2\/types\/post"}],"author":[{"embeddable":true,"href":"https:\/\/sandzakpress.net\/arhiva\/wp-json\/wp\/v2\/users\/509"}],"replies":[{"embeddable":true,"href":"https:\/\/sandzakpress.net\/arhiva\/wp-json\/wp\/v2\/comments?post=230157"}],"version-history":[{"count":0,"href":"https:\/\/sandzakpress.net\/arhiva\/wp-json\/wp\/v2\/posts\/230157\/revisions"}],"wp:featuredmedia":[{"embeddable":true,"href":"https:\/\/sandzakpress.net\/arhiva\/wp-json\/wp\/v2\/media\/230162"}],"wp:attachment":[{"href":"https:\/\/sandzakpress.net\/arhiva\/wp-json\/wp\/v2\/media?parent=230157"}],"wp:term":[{"taxonomy":"category","embeddable":true,"href":"https:\/\/sandzakpress.net\/arhiva\/wp-json\/wp\/v2\/categories?post=230157"},{"taxonomy":"post_tag","embeddable":true,"href":"https:\/\/sandzakpress.net\/arhiva\/wp-json\/wp\/v2\/tags?post=230157"}],"curies":[{"name":"wp","href":"https:\/\/api.w.org\/{rel}","templated":true}]}}