{"id":230130,"date":"2019-11-01T13:53:16","date_gmt":"2019-11-01T12:53:16","guid":{"rendered":"https:\/\/sandzakpress.net\/arhiva\/?p=230130"},"modified":"2019-11-01T22:08:12","modified_gmt":"2019-11-01T21:08:12","slug":"od-decembra-struja-skuplja-za-39-odsto","status":"publish","type":"post","link":"https:\/\/sandzakpress.net\/arhiva\/od-decembra-struja-skuplja-za-39-odsto\/","title":{"rendered":"Od decembra struja skuplja za 3,9 odsto"},"content":{"rendered":"<p><img loading=\"lazy\" decoding=\"async\" class=\"size-full wp-image-230131 aligncenter\" src=\"https:\/\/sandzakpress.net\/arhiva\/wp-content\/uploads\/2019\/11\/5b9c7c96c4dfbc21170d48a2cdefd3e8_L.jpg\" alt=\"\" width=\"850\" height=\"478\" srcset=\"https:\/\/sandzakpress.net\/arhiva\/wp-content\/uploads\/2019\/11\/5b9c7c96c4dfbc21170d48a2cdefd3e8_L.jpg 850w, https:\/\/sandzakpress.net\/arhiva\/wp-content\/uploads\/2019\/11\/5b9c7c96c4dfbc21170d48a2cdefd3e8_L-768x432.jpg 768w, https:\/\/sandzakpress.net\/arhiva\/wp-content\/uploads\/2019\/11\/5b9c7c96c4dfbc21170d48a2cdefd3e8_L-616x346.jpg 616w\" sizes=\"(max-width: 850px) 100vw, 850px\" \/><\/p>\n<p><strong>Ministar energetike i rudarstva Aleksandar Anti\u0107 rekao je danas da \u0107e, po\u010dev sa decembarskim ra\u010duna, cijena struja biti pove\u0107ana za 3,9 odsto.<\/strong><\/p>\n<p>Anti\u0107 je za rekao da du\u017ee od dvije godine nije bilo korekcija cijena elektri\u010dne energije.<\/p>\n<p>\u201cOvo je mala podr\u0161ka na\u0161im energetskim kompanijama\u201d, naveo je Anti\u0107 za RTS.<\/p>\n<p>On\u00a0je rekao da za to poskupljenje postoje sva opravdanja koja su, kako je rekao, daleko ispod zahtjeva i opravdanih tro\u0161kova energetskih kompanija.<\/p>\n<p>On je rekao da je Srbija i sa pove\u0107anom cijenom strujom ima \u201capsolutno najjeftiniju cenu i u regionu i EU\u201d.<\/p>\n<p>\u201cJa ne\u0107u sada da govorim da smo \u010detiri ili \u010detiri i po puta sa ni\u017eom cijene od Njema\u010dke i Danske\u201d, rekao je Anti\u0107 i dodao da je cijena u Srbiji 7,2 odsto ni\u017ea od Sjeverne Makedonije, 24 odsto nego u Albaniji i 40,6 odsto od cijene u Crnoj Gori.<\/p>\n<p>On je rekao da od 2015. godine nije bilo \u201cozbiljno pove\u0107anje cijene, a da su 2016. i 2017. bile minimalne korekcije cijene struje\u201d.<\/p>\n<p>\u201cSvi zajedno aposlutno vodimo ra\u010duna o gradjanima\u201d, rekao je Anti\u0107 za RTS i dodao da je Agencija za energetiku ju\u010de donjela odluku o poskupljenju i da \u0107e cijena biti pove\u0107ana od decembarskih ra\u010duna koji dolaze u januaru.<\/p>\n<p>Anti\u0107 je rekao da su toplane u Srbiji u\u0161le spremno u grijnu sezonu i da je stabilno snabdjevanje gasa.<\/p>\n<p>Izvor:\u00a0<em>Beta, Insajder<\/em><\/p>\n","protected":false},"excerpt":{"rendered":"<p>Ministar energetike i rudarstva Aleksandar Anti\u0107 rekao je danas da \u0107e, po\u010dev sa decembarskim ra\u010duna, cijena struja biti pove\u0107ana za 3,9 odsto. Anti\u0107 je za rekao da du\u017ee od dvije godine nije bilo korekcija cijena elektri\u010dne energije. \u201cOvo je mala podr\u0161ka na\u0161im energetskim kompanijama\u201d, naveo je Anti\u0107 za RTS. On\u00a0je rekao da za to poskupljenje [&hellip;]<\/p>\n","protected":false},"author":509,"featured_media":230131,"comment_status":"open","ping_status":"open","sticky":false,"template":"","format":"standard","meta":{"footnotes":""},"categories":[72,52,327,392,393,394,5,8957],"tags":[],"class_list":{"0":"post-230130","1":"post","2":"type-post","3":"status-publish","4":"format-standard","5":"has-post-thumbnail","7":"category-novi-pazar","8":"category-sjenica","9":"category-tutin","10":"category-prijepolje_","11":"category-priboj","12":"category-nova-varos","13":"category-drustvo","14":"category-vijesti-dana"},"yoast_head":"<!-- This site is optimized with the Yoast SEO Premium plugin v23.1 (Yoast SEO v24.9) - https:\/\/yoast.com\/wordpress\/plugins\/seo\/ -->\n<title>Od decembra struja skuplja za 3,9 odsto<\/title>\n<meta name=\"robots\" content=\"index, follow, max-snippet:-1, max-image-preview:large, max-video-preview:-1\" \/>\n<link rel=\"canonical\" href=\"https:\/\/sandzakpress.net\/arhiva\/od-decembra-struja-skuplja-za-39-odsto\/\" \/>\n<meta property=\"og:locale\" content=\"bs_BA\" \/>\n<meta property=\"og:type\" content=\"article\" \/>\n<meta property=\"og:title\" content=\"Od decembra struja skuplja za 3,9 odsto\" \/>\n<meta property=\"og:description\" content=\"Ministar energetike i rudarstva Aleksandar Anti\u0107 rekao je danas da \u0107e, po\u010dev sa decembarskim ra\u010duna, cijena struja biti pove\u0107ana za 3,9 odsto. Anti\u0107 je za rekao da du\u017ee od dvije godine nije bilo korekcija cijena elektri\u010dne energije. \u201cOvo je mala podr\u0161ka na\u0161im energetskim kompanijama\u201d, naveo je Anti\u0107 za RTS. On\u00a0je rekao da za to poskupljenje [&hellip;]\" \/>\n<meta property=\"og:url\" content=\"https:\/\/sandzakpress.net\/arhiva\/od-decembra-struja-skuplja-za-39-odsto\/\" \/>\n<meta property=\"og:site_name\" content=\"Sand\u017eak PRESS\" \/>\n<meta property=\"article:published_time\" content=\"2019-11-01T12:53:16+00:00\" \/>\n<meta property=\"article:modified_time\" content=\"2019-11-01T21:08:12+00:00\" \/>\n<meta property=\"og:image\" content=\"https:\/\/sandzakpress.net\/arhiva\/wp-content\/uploads\/2019\/11\/5b9c7c96c4dfbc21170d48a2cdefd3e8_L.jpg\" \/>\n\t<meta property=\"og:image:width\" content=\"850\" \/>\n\t<meta property=\"og:image:height\" content=\"478\" \/>\n\t<meta property=\"og:image:type\" content=\"image\/jpeg\" \/>\n<meta name=\"author\" content=\"Agencija\" \/>\n<meta name=\"twitter:card\" content=\"summary_large_image\" \/>\n<meta name=\"twitter:label1\" content=\"Written by\" \/>\n\t<meta name=\"twitter:data1\" content=\"Agencija\" \/>\n\t<meta name=\"twitter:label2\" content=\"Est. reading time\" \/>\n\t<meta name=\"twitter:data2\" content=\"1 minuta\" \/>\n<script type=\"application\/ld+json\" class=\"yoast-schema-graph\">{\"@context\":\"https:\/\/schema.org\",\"@graph\":[{\"@type\":\"Article\",\"@id\":\"https:\/\/sandzakpress.net\/arhiva\/od-decembra-struja-skuplja-za-39-odsto\/#article\",\"isPartOf\":{\"@id\":\"https:\/\/sandzakpress.net\/arhiva\/od-decembra-struja-skuplja-za-39-odsto\/\"},\"author\":{\"name\":\"Agencija\",\"@id\":\"https:\/\/sandzakpress.net\/arhiva\/#\/schema\/person\/cb59d7e3ab91ab90dd680ad0305a6185\"},\"headline\":\"Od decembra struja skuplja za 3,9 odsto\",\"datePublished\":\"2019-11-01T12:53:16+00:00\",\"dateModified\":\"2019-11-01T21:08:12+00:00\",\"mainEntityOfPage\":{\"@id\":\"https:\/\/sandzakpress.net\/arhiva\/od-decembra-struja-skuplja-za-39-odsto\/\"},\"wordCount\":241,\"commentCount\":1,\"publisher\":{\"@id\":\"https:\/\/sandzakpress.net\/arhiva\/#\/schema\/person\/6e72b67d6e51910a1117b3b483ba20bd\"},\"image\":{\"@id\":\"https:\/\/sandzakpress.net\/arhiva\/od-decembra-struja-skuplja-za-39-odsto\/#primaryimage\"},\"thumbnailUrl\":\"https:\/\/sandzakpress.net\/arhiva\/wp-content\/uploads\/2019\/11\/5b9c7c96c4dfbc21170d48a2cdefd3e8_L.jpg\",\"articleSection\":[\"Novi Pazar\",\"Sjenica\",\"Tutin\",\"Prijepolje\",\"Priboj\",\"Nova Varo\u0161\",\"Dru\u0161tvo\",\"VIJESTI DANA\"],\"inLanguage\":\"bs-BA\",\"potentialAction\":[{\"@type\":\"CommentAction\",\"name\":\"Comment\",\"target\":[\"https:\/\/sandzakpress.net\/arhiva\/od-decembra-struja-skuplja-za-39-odsto\/#respond\"]}]},{\"@type\":\"WebPage\",\"@id\":\"https:\/\/sandzakpress.net\/arhiva\/od-decembra-struja-skuplja-za-39-odsto\/\",\"url\":\"https:\/\/sandzakpress.net\/arhiva\/od-decembra-struja-skuplja-za-39-odsto\/\",\"name\":\"Od decembra struja skuplja za 3,9 odsto\",\"isPartOf\":{\"@id\":\"https:\/\/sandzakpress.net\/arhiva\/#website\"},\"primaryImageOfPage\":{\"@id\":\"https:\/\/sandzakpress.net\/arhiva\/od-decembra-struja-skuplja-za-39-odsto\/#primaryimage\"},\"image\":{\"@id\":\"https:\/\/sandzakpress.net\/arhiva\/od-decembra-struja-skuplja-za-39-odsto\/#primaryimage\"},\"thumbnailUrl\":\"https:\/\/sandzakpress.net\/arhiva\/wp-content\/uploads\/2019\/11\/5b9c7c96c4dfbc21170d48a2cdefd3e8_L.jpg\",\"datePublished\":\"2019-11-01T12:53:16+00:00\",\"dateModified\":\"2019-11-01T21:08:12+00:00\",\"breadcrumb\":{\"@id\":\"https:\/\/sandzakpress.net\/arhiva\/od-decembra-struja-skuplja-za-39-odsto\/#breadcrumb\"},\"inLanguage\":\"bs-BA\",\"potentialAction\":[{\"@type\":\"ReadAction\",\"target\":[\"https:\/\/sandzakpress.net\/arhiva\/od-decembra-struja-skuplja-za-39-odsto\/\"]}]},{\"@type\":\"ImageObject\",\"inLanguage\":\"bs-BA\",\"@id\":\"https:\/\/sandzakpress.net\/arhiva\/od-decembra-struja-skuplja-za-39-odsto\/#primaryimage\",\"url\":\"https:\/\/sandzakpress.net\/arhiva\/wp-content\/uploads\/2019\/11\/5b9c7c96c4dfbc21170d48a2cdefd3e8_L.jpg\",\"contentUrl\":\"https:\/\/sandzakpress.net\/arhiva\/wp-content\/uploads\/2019\/11\/5b9c7c96c4dfbc21170d48a2cdefd3e8_L.jpg\",\"width\":850,\"height\":478},{\"@type\":\"BreadcrumbList\",\"@id\":\"https:\/\/sandzakpress.net\/arhiva\/od-decembra-struja-skuplja-za-39-odsto\/#breadcrumb\",\"itemListElement\":[{\"@type\":\"ListItem\",\"position\":1,\"name\":\"Home\",\"item\":\"https:\/\/sandzakpress.net\/arhiva\/\"},{\"@type\":\"ListItem\",\"position\":2,\"name\":\"Od decembra struja skuplja za 3,9 odsto\"}]},{\"@type\":\"WebSite\",\"@id\":\"https:\/\/sandzakpress.net\/arhiva\/#website\",\"url\":\"https:\/\/sandzakpress.net\/arhiva\/\",\"name\":\"Sand\u017eak PRESS\",\"description\":\"Prve elektronske novine u Sand\u017eaku\",\"publisher\":{\"@id\":\"https:\/\/sandzakpress.net\/arhiva\/#\/schema\/person\/6e72b67d6e51910a1117b3b483ba20bd\"},\"potentialAction\":[{\"@type\":\"SearchAction\",\"target\":{\"@type\":\"EntryPoint\",\"urlTemplate\":\"https:\/\/sandzakpress.net\/arhiva\/?s={search_term_string}\"},\"query-input\":{\"@type\":\"PropertyValueSpecification\",\"valueRequired\":true,\"valueName\":\"search_term_string\"}}],\"inLanguage\":\"bs-BA\"},{\"@type\":[\"Person\",\"Organization\"],\"@id\":\"https:\/\/sandzakpress.net\/arhiva\/#\/schema\/person\/6e72b67d6e51910a1117b3b483ba20bd\",\"name\":\"Kul\",\"image\":{\"@type\":\"ImageObject\",\"inLanguage\":\"bs-BA\",\"@id\":\"https:\/\/sandzakpress.net\/arhiva\/#\/schema\/person\/image\/\",\"url\":\"https:\/\/secure.gravatar.com\/avatar\/42263f39aa27ac04c43cab85c280eb2e?s=96&d=mm&r=pg\",\"contentUrl\":\"https:\/\/secure.gravatar.com\/avatar\/42263f39aa27ac04c43cab85c280eb2e?s=96&d=mm&r=pg\",\"caption\":\"Kul\"},\"logo\":{\"@id\":\"https:\/\/sandzakpress.net\/arhiva\/#\/schema\/person\/image\/\"}},{\"@type\":\"Person\",\"@id\":\"https:\/\/sandzakpress.net\/arhiva\/#\/schema\/person\/cb59d7e3ab91ab90dd680ad0305a6185\",\"name\":\"Agencija\",\"image\":{\"@type\":\"ImageObject\",\"inLanguage\":\"bs-BA\",\"@id\":\"https:\/\/sandzakpress.net\/arhiva\/#\/schema\/person\/image\/\",\"url\":\"https:\/\/secure.gravatar.com\/avatar\/4b7fafa80a22f0c2afe23966b3961fe0?s=96&d=mm&r=pg\",\"contentUrl\":\"https:\/\/secure.gravatar.com\/avatar\/4b7fafa80a22f0c2afe23966b3961fe0?s=96&d=mm&r=pg\",\"caption\":\"Agencija\"},\"url\":\"https:\/\/sandzakpress.net\/arhiva\/author\/agencija\/\"}]}<\/script>\n<!-- \/ Yoast SEO Premium plugin. -->","yoast_head_json":{"title":"Od decembra struja skuplja za 3,9 odsto","robots":{"index":"index","follow":"follow","max-snippet":"max-snippet:-1","max-image-preview":"max-image-preview:large","max-video-preview":"max-video-preview:-1"},"canonical":"https:\/\/sandzakpress.net\/arhiva\/od-decembra-struja-skuplja-za-39-odsto\/","og_locale":"bs_BA","og_type":"article","og_title":"Od decembra struja skuplja za 3,9 odsto","og_description":"Ministar energetike i rudarstva Aleksandar Anti\u0107 rekao je danas da \u0107e, po\u010dev sa decembarskim ra\u010duna, cijena struja biti pove\u0107ana za 3,9 odsto. Anti\u0107 je za rekao da du\u017ee od dvije godine nije bilo korekcija cijena elektri\u010dne energije. \u201cOvo je mala podr\u0161ka na\u0161im energetskim kompanijama\u201d, naveo je Anti\u0107 za RTS. On\u00a0je rekao da za to poskupljenje [&hellip;]","og_url":"https:\/\/sandzakpress.net\/arhiva\/od-decembra-struja-skuplja-za-39-odsto\/","og_site_name":"Sand\u017eak PRESS","article_published_time":"2019-11-01T12:53:16+00:00","article_modified_time":"2019-11-01T21:08:12+00:00","og_image":[{"width":850,"height":478,"url":"https:\/\/sandzakpress.net\/arhiva\/wp-content\/uploads\/2019\/11\/5b9c7c96c4dfbc21170d48a2cdefd3e8_L.jpg","type":"image\/jpeg"}],"author":"Agencija","twitter_card":"summary_large_image","twitter_misc":{"Written by":"Agencija","Est. reading time":"1 minuta"},"schema":{"@context":"https:\/\/schema.org","@graph":[{"@type":"Article","@id":"https:\/\/sandzakpress.net\/arhiva\/od-decembra-struja-skuplja-za-39-odsto\/#article","isPartOf":{"@id":"https:\/\/sandzakpress.net\/arhiva\/od-decembra-struja-skuplja-za-39-odsto\/"},"author":{"name":"Agencija","@id":"https:\/\/sandzakpress.net\/arhiva\/#\/schema\/person\/cb59d7e3ab91ab90dd680ad0305a6185"},"headline":"Od decembra struja skuplja za 3,9 odsto","datePublished":"2019-11-01T12:53:16+00:00","dateModified":"2019-11-01T21:08:12+00:00","mainEntityOfPage":{"@id":"https:\/\/sandzakpress.net\/arhiva\/od-decembra-struja-skuplja-za-39-odsto\/"},"wordCount":241,"commentCount":1,"publisher":{"@id":"https:\/\/sandzakpress.net\/arhiva\/#\/schema\/person\/6e72b67d6e51910a1117b3b483ba20bd"},"image":{"@id":"https:\/\/sandzakpress.net\/arhiva\/od-decembra-struja-skuplja-za-39-odsto\/#primaryimage"},"thumbnailUrl":"https:\/\/sandzakpress.net\/arhiva\/wp-content\/uploads\/2019\/11\/5b9c7c96c4dfbc21170d48a2cdefd3e8_L.jpg","articleSection":["Novi Pazar","Sjenica","Tutin","Prijepolje","Priboj","Nova Varo\u0161","Dru\u0161tvo","VIJESTI DANA"],"inLanguage":"bs-BA","potentialAction":[{"@type":"CommentAction","name":"Comment","target":["https:\/\/sandzakpress.net\/arhiva\/od-decembra-struja-skuplja-za-39-odsto\/#respond"]}]},{"@type":"WebPage","@id":"https:\/\/sandzakpress.net\/arhiva\/od-decembra-struja-skuplja-za-39-odsto\/","url":"https:\/\/sandzakpress.net\/arhiva\/od-decembra-struja-skuplja-za-39-odsto\/","name":"Od decembra struja skuplja za 3,9 odsto","isPartOf":{"@id":"https:\/\/sandzakpress.net\/arhiva\/#website"},"primaryImageOfPage":{"@id":"https:\/\/sandzakpress.net\/arhiva\/od-decembra-struja-skuplja-za-39-odsto\/#primaryimage"},"image":{"@id":"https:\/\/sandzakpress.net\/arhiva\/od-decembra-struja-skuplja-za-39-odsto\/#primaryimage"},"thumbnailUrl":"https:\/\/sandzakpress.net\/arhiva\/wp-content\/uploads\/2019\/11\/5b9c7c96c4dfbc21170d48a2cdefd3e8_L.jpg","datePublished":"2019-11-01T12:53:16+00:00","dateModified":"2019-11-01T21:08:12+00:00","breadcrumb":{"@id":"https:\/\/sandzakpress.net\/arhiva\/od-decembra-struja-skuplja-za-39-odsto\/#breadcrumb"},"inLanguage":"bs-BA","potentialAction":[{"@type":"ReadAction","target":["https:\/\/sandzakpress.net\/arhiva\/od-decembra-struja-skuplja-za-39-odsto\/"]}]},{"@type":"ImageObject","inLanguage":"bs-BA","@id":"https:\/\/sandzakpress.net\/arhiva\/od-decembra-struja-skuplja-za-39-odsto\/#primaryimage","url":"https:\/\/sandzakpress.net\/arhiva\/wp-content\/uploads\/2019\/11\/5b9c7c96c4dfbc21170d48a2cdefd3e8_L.jpg","contentUrl":"https:\/\/sandzakpress.net\/arhiva\/wp-content\/uploads\/2019\/11\/5b9c7c96c4dfbc21170d48a2cdefd3e8_L.jpg","width":850,"height":478},{"@type":"BreadcrumbList","@id":"https:\/\/sandzakpress.net\/arhiva\/od-decembra-struja-skuplja-za-39-odsto\/#breadcrumb","itemListElement":[{"@type":"ListItem","position":1,"name":"Home","item":"https:\/\/sandzakpress.net\/arhiva\/"},{"@type":"ListItem","position":2,"name":"Od decembra struja skuplja za 3,9 odsto"}]},{"@type":"WebSite","@id":"https:\/\/sandzakpress.net\/arhiva\/#website","url":"https:\/\/sandzakpress.net\/arhiva\/","name":"Sand\u017eak PRESS","description":"Prve elektronske novine u Sand\u017eaku","publisher":{"@id":"https:\/\/sandzakpress.net\/arhiva\/#\/schema\/person\/6e72b67d6e51910a1117b3b483ba20bd"},"potentialAction":[{"@type":"SearchAction","target":{"@type":"EntryPoint","urlTemplate":"https:\/\/sandzakpress.net\/arhiva\/?s={search_term_string}"},"query-input":{"@type":"PropertyValueSpecification","valueRequired":true,"valueName":"search_term_string"}}],"inLanguage":"bs-BA"},{"@type":["Person","Organization"],"@id":"https:\/\/sandzakpress.net\/arhiva\/#\/schema\/person\/6e72b67d6e51910a1117b3b483ba20bd","name":"Kul","image":{"@type":"ImageObject","inLanguage":"bs-BA","@id":"https:\/\/sandzakpress.net\/arhiva\/#\/schema\/person\/image\/","url":"https:\/\/secure.gravatar.com\/avatar\/42263f39aa27ac04c43cab85c280eb2e?s=96&d=mm&r=pg","contentUrl":"https:\/\/secure.gravatar.com\/avatar\/42263f39aa27ac04c43cab85c280eb2e?s=96&d=mm&r=pg","caption":"Kul"},"logo":{"@id":"https:\/\/sandzakpress.net\/arhiva\/#\/schema\/person\/image\/"}},{"@type":"Person","@id":"https:\/\/sandzakpress.net\/arhiva\/#\/schema\/person\/cb59d7e3ab91ab90dd680ad0305a6185","name":"Agencija","image":{"@type":"ImageObject","inLanguage":"bs-BA","@id":"https:\/\/sandzakpress.net\/arhiva\/#\/schema\/person\/image\/","url":"https:\/\/secure.gravatar.com\/avatar\/4b7fafa80a22f0c2afe23966b3961fe0?s=96&d=mm&r=pg","contentUrl":"https:\/\/secure.gravatar.com\/avatar\/4b7fafa80a22f0c2afe23966b3961fe0?s=96&d=mm&r=pg","caption":"Agencija"},"url":"https:\/\/sandzakpress.net\/arhiva\/author\/agencija\/"}]}},"_links":{"self":[{"href":"https:\/\/sandzakpress.net\/arhiva\/wp-json\/wp\/v2\/posts\/230130"}],"collection":[{"href":"https:\/\/sandzakpress.net\/arhiva\/wp-json\/wp\/v2\/posts"}],"about":[{"href":"https:\/\/sandzakpress.net\/arhiva\/wp-json\/wp\/v2\/types\/post"}],"author":[{"embeddable":true,"href":"https:\/\/sandzakpress.net\/arhiva\/wp-json\/wp\/v2\/users\/509"}],"replies":[{"embeddable":true,"href":"https:\/\/sandzakpress.net\/arhiva\/wp-json\/wp\/v2\/comments?post=230130"}],"version-history":[{"count":0,"href":"https:\/\/sandzakpress.net\/arhiva\/wp-json\/wp\/v2\/posts\/230130\/revisions"}],"wp:featuredmedia":[{"embeddable":true,"href":"https:\/\/sandzakpress.net\/arhiva\/wp-json\/wp\/v2\/media\/230131"}],"wp:attachment":[{"href":"https:\/\/sandzakpress.net\/arhiva\/wp-json\/wp\/v2\/media?parent=230130"}],"wp:term":[{"taxonomy":"category","embeddable":true,"href":"https:\/\/sandzakpress.net\/arhiva\/wp-json\/wp\/v2\/categories?post=230130"},{"taxonomy":"post_tag","embeddable":true,"href":"https:\/\/sandzakpress.net\/arhiva\/wp-json\/wp\/v2\/tags?post=230130"}],"curies":[{"name":"wp","href":"https:\/\/api.w.org\/{rel}","templated":true}]}}