{"id":230124,"date":"2019-11-01T13:30:43","date_gmt":"2019-11-01T12:30:43","guid":{"rendered":"https:\/\/sandzakpress.net\/arhiva\/?p=230124"},"modified":"2019-11-01T13:30:43","modified_gmt":"2019-11-01T12:30:43","slug":"drama-trudnice-iz-tutina-zahvalna-sam-bogu-i-kragujevackim-ljekarima-sto-sam-prezivjela","status":"publish","type":"post","link":"https:\/\/sandzakpress.net\/arhiva\/drama-trudnice-iz-tutina-zahvalna-sam-bogu-i-kragujevackim-ljekarima-sto-sam-prezivjela\/","title":{"rendered":"Drama trudnice iz Tutina: Zahvalna sam Bogu i kragujeva\u010dkim ljekarima \u0161to sam pre\u017eivjela!"},"content":{"rendered":"<p><img loading=\"lazy\" decoding=\"async\" class=\"size-full wp-image-230127 aligncenter\" src=\"https:\/\/sandzakpress.net\/arhiva\/wp-content\/uploads\/2019\/11\/nejma-halitovic-696x469.jpg\" alt=\"\" width=\"696\" height=\"469\" srcset=\"https:\/\/sandzakpress.net\/arhiva\/wp-content\/uploads\/2019\/11\/nejma-halitovic-696x469.jpg 696w, https:\/\/sandzakpress.net\/arhiva\/wp-content\/uploads\/2019\/11\/nejma-halitovic-696x469-616x415.jpg 616w\" sizes=\"(max-width: 696px) 100vw, 696px\" \/><\/p>\n<p><strong>\u201cPoslije Boga, njima sam najvi\u0161e zahvalna. Nisam znala koliko je sve ovo trajalo, ni \u0161ta se sve de\u0161avalo. Kada su mi rekli, nisam mogla da vjerujem \u0161ta su sve ovi ljudi uradili za mene i da sam sve to pre\u017eivjela\u201d, ovako danas pri\u010da Nejma Halitovi\u0107, trudnica iz Tutina, koja je zbog sepse poslije spontanog poba\u010daja na jednoj privatnoj klinici u Novom Pazaru danima bila na rubu \u017eivota i smrti, o medicinskom timu Klini\u010dkog centra Kragujevac koji ju je spasao iz gotovo beznade\u017ene situacije.<\/strong><\/p>\n<p>Ova dvadesetosmogodi\u0161nja majka dvoje djece nalazi se u kragujeva\u010dkom Urgentnom centru gdje je hospitalizovana.<\/p>\n<p>Naime, Nejmi je u \u0161estoj nedelji trudno\u0107e na jednoj privatnoj klinici u Novom Pazaru pro\u0161log petka iz materice odstranjen mrtav plod i nakon toga po\u010dinje njena drama. U op\u0161te lo\u0161em stanju sutradan je primljena u bolnicu u tom gradu, stanje joj se pogor\u0161avalo i nakon ustanovljene te\u0161ke sepse u nedjelju je hitno transportovana u Urgentni centar kragujeva\u010dkog Klini\u010dkog centra, pi\u0161e\u00a0<strong>Infokg.rs<\/strong>.<\/p>\n<figure id=\"attachment_230128\" aria-describedby=\"caption-attachment-230128\" style=\"width: 800px\" class=\"wp-caption alignnone\"><img loading=\"lazy\" decoding=\"async\" class=\"wp-image-230128 size-full\" src=\"https:\/\/sandzakpress.net\/arhiva\/wp-content\/uploads\/2019\/11\/urgentni_centar_trudnica__3_.jpg\" alt=\"\" width=\"800\" height=\"600\" srcset=\"https:\/\/sandzakpress.net\/arhiva\/wp-content\/uploads\/2019\/11\/urgentni_centar_trudnica__3_.jpg 800w, https:\/\/sandzakpress.net\/arhiva\/wp-content\/uploads\/2019\/11\/urgentni_centar_trudnica__3_-768x576.jpg 768w, https:\/\/sandzakpress.net\/arhiva\/wp-content\/uploads\/2019\/11\/urgentni_centar_trudnica__3_-616x462.jpg 616w\" sizes=\"(max-width: 800px) 100vw, 800px\" \/><figcaption id=\"caption-attachment-230128\" class=\"wp-caption-text\">Nejma sa lekarima u KC Kragujevac \/ Foto: infokg.rs<\/figcaption><\/figure>\n<p>Iz minuta u minut opadale su apsolutno sve funkcije u organizmu potrebne za \u017eivot: kardiovaskularna, respiratorna, bubre\u017ena, sistem zgru\u0161avanja krvi\u2026 Izostajao je efekat primjene mo\u0107nih lijekova u najve\u0107im dozama, pri\u010da dr. Vladimir Vuki\u0107evi\u0107, na\u010delnik anestezije na Urgentnom centru.<\/p>\n<p>Ljekari, koji nerado govore o statistici, ne kriju da su \u0161anse pacijentkinje za pre\u017eivljavanje bile minimalne.<\/p>\n<p>Urgentni centar je doslovno regrutovan \u2013 okupio se ve\u0107i broj specijalista, prije svega anesteziologa, nefrologa, hematologa, ginekologa, farmakologa. Nejma je za 5 dana primila toliku koli\u010dinu krvi za koju je potrebno 40 davalaca.<\/p>\n<figure id=\"attachment_230129\" aria-describedby=\"caption-attachment-230129\" style=\"width: 800px\" class=\"wp-caption alignnone\"><img loading=\"lazy\" decoding=\"async\" class=\"wp-image-230129 size-full\" src=\"https:\/\/sandzakpress.net\/arhiva\/wp-content\/uploads\/2019\/11\/urgentni_centar_trudnica__5_.jpg\" alt=\"\" width=\"800\" height=\"600\" srcset=\"https:\/\/sandzakpress.net\/arhiva\/wp-content\/uploads\/2019\/11\/urgentni_centar_trudnica__5_.jpg 800w, https:\/\/sandzakpress.net\/arhiva\/wp-content\/uploads\/2019\/11\/urgentni_centar_trudnica__5_-768x576.jpg 768w, https:\/\/sandzakpress.net\/arhiva\/wp-content\/uploads\/2019\/11\/urgentni_centar_trudnica__5_-616x462.jpg 616w\" sizes=\"(max-width: 800px) 100vw, 800px\" \/><figcaption id=\"caption-attachment-230129\" class=\"wp-caption-text\">Nejma se oporavlja posle drame \/ Foto: infokg.rs<\/figcaption><\/figure>\n<p>Jedna od klju\u010dnih stvari za njeno pre\u017eivljavanje bila je upravo primjena vantjelesne (ekstrakorporalne) podr\u0161ke organima, metode koja se koristi kod najkriti\u010dnijih pacijenata, gdje je potrebno istovremeno odr\u017eavati funkcije apsolutno svih vitalnih organa. Tu su klju\u010dnu ulogu odigrali dr Tatjana Lazarevi\u0107 i dr Zoran Kova\u010devi\u0107, koji su, sa timom tehni\u010dara Odjeljenja dijalize i Urgentnog centra, danono\u0107no pratili klini\u010dke i laboratorijske parametre, korigovali terapiju.<\/p>\n<h4><strong>Drama trajala 4 dana<\/strong><\/h4>\n<p>Nejmina drama bila je toliko velika da se doktori nisu odvajali od nje, sjedeli su na stolici pored le\u017eaja i bdili nad njom.<\/p>\n<p>Pozitivni odgovori na primjenjenu terapiju koji su uslijedili tek nakon 4 dana drame, kona\u010dno su bili trenutak da ljekari Nejminoj porodici, koja je premirala od straha za njen \u017eivot i pribojavala se najgoreg, saop\u0161te optimisti\u010dne vijesti, a do nedelje njeno stanje se pobolj\u0161alo toliko da su sa olak\u0161anjem mogli da ka\u017eu da \u0107e izvjesno pre\u017eivjeti.<\/p>\n<p>Direktorka Urgentnog centra dr Tatjana Lazarevi\u0107 ovom prilikom isti\u010de iskustvo i po\u017ertvovanost svog tima. To je ono bez \u010dega, kako ka\u017ee, ne vrede ni oprema, ni sva dostupna sredstva.<\/p>\n<p>\u201cKlini\u010dkom centru Kragujevac gravitira oko dva miliona gra\u0111ana. Ograni\u010denja vezana za prostor i brojnost kadra u na\u0161oj profesiji i ustanovi ne smeju biti izgovor. Zato posve\u0107enost, entuzijazam, humanost, uz znanje koje ide u korak sa najnovijim trendovima le\u010denja, anuliraju navedene nedostatke. Okupljen je veliki tim, ljudi su dali sve od sebe i ovakvi uspesi nas sve zajedno pozitivno inspiri\u0161u\u201d, navela je ona.<\/p>\n<p>Izvor:\u00a0<strong>Infokg.rs<\/strong><\/p>\n","protected":false},"excerpt":{"rendered":"<p>\u201cPoslije Boga, njima sam najvi\u0161e zahvalna. Nisam znala koliko je sve ovo trajalo, ni \u0161ta se sve de\u0161avalo. Kada su mi rekli, nisam mogla da vjerujem \u0161ta su sve ovi ljudi uradili za mene i da sam sve to pre\u017eivjela\u201d, ovako danas pri\u010da Nejma Halitovi\u0107, trudnica iz Tutina, koja je zbog sepse poslije spontanog poba\u010daja [&hellip;]<\/p>\n","protected":false},"author":509,"featured_media":230127,"comment_status":"open","ping_status":"open","sticky":false,"template":"","format":"standard","meta":{"footnotes":""},"categories":[72,327,5,8957],"tags":[],"class_list":{"0":"post-230124","1":"post","2":"type-post","3":"status-publish","4":"format-standard","5":"has-post-thumbnail","7":"category-novi-pazar","8":"category-tutin","9":"category-drustvo","10":"category-vijesti-dana"},"yoast_head":"<!-- This site is optimized with the Yoast SEO Premium plugin v23.1 (Yoast SEO v24.9) - https:\/\/yoast.com\/wordpress\/plugins\/seo\/ -->\n<title>Drama trudnice iz Tutina: Zahvalna sam Bogu i kragujeva\u010dkim ljekarima \u0161to sam pre\u017eivjela!<\/title>\n<meta name=\"robots\" content=\"index, follow, max-snippet:-1, max-image-preview:large, max-video-preview:-1\" \/>\n<link rel=\"canonical\" href=\"https:\/\/sandzakpress.net\/arhiva\/drama-trudnice-iz-tutina-zahvalna-sam-bogu-i-kragujevackim-ljekarima-sto-sam-prezivjela\/\" \/>\n<meta property=\"og:locale\" content=\"bs_BA\" \/>\n<meta property=\"og:type\" content=\"article\" \/>\n<meta property=\"og:title\" content=\"Drama trudnice iz Tutina: Zahvalna sam Bogu i kragujeva\u010dkim ljekarima \u0161to sam pre\u017eivjela!\" \/>\n<meta property=\"og:description\" content=\"\u201cPoslije Boga, njima sam najvi\u0161e zahvalna. Nisam znala koliko je sve ovo trajalo, ni \u0161ta se sve de\u0161avalo. Kada su mi rekli, nisam mogla da vjerujem \u0161ta su sve ovi ljudi uradili za mene i da sam sve to pre\u017eivjela\u201d, ovako danas pri\u010da Nejma Halitovi\u0107, trudnica iz Tutina, koja je zbog sepse poslije spontanog poba\u010daja [&hellip;]\" \/>\n<meta property=\"og:url\" content=\"https:\/\/sandzakpress.net\/arhiva\/drama-trudnice-iz-tutina-zahvalna-sam-bogu-i-kragujevackim-ljekarima-sto-sam-prezivjela\/\" \/>\n<meta property=\"og:site_name\" content=\"Sand\u017eak PRESS\" \/>\n<meta property=\"article:published_time\" content=\"2019-11-01T12:30:43+00:00\" \/>\n<meta property=\"og:image\" content=\"https:\/\/sandzakpress.net\/arhiva\/wp-content\/uploads\/2019\/11\/nejma-halitovic-696x469.jpg\" \/>\n\t<meta property=\"og:image:width\" content=\"696\" \/>\n\t<meta property=\"og:image:height\" content=\"469\" \/>\n\t<meta property=\"og:image:type\" content=\"image\/jpeg\" \/>\n<meta name=\"author\" content=\"Agencija\" \/>\n<meta name=\"twitter:card\" content=\"summary_large_image\" \/>\n<meta name=\"twitter:label1\" content=\"Written by\" \/>\n\t<meta name=\"twitter:data1\" content=\"Agencija\" \/>\n\t<meta name=\"twitter:label2\" content=\"Est. reading time\" \/>\n\t<meta name=\"twitter:data2\" content=\"3 minute\" \/>\n<script type=\"application\/ld+json\" class=\"yoast-schema-graph\">{\"@context\":\"https:\/\/schema.org\",\"@graph\":[{\"@type\":\"Article\",\"@id\":\"https:\/\/sandzakpress.net\/arhiva\/drama-trudnice-iz-tutina-zahvalna-sam-bogu-i-kragujevackim-ljekarima-sto-sam-prezivjela\/#article\",\"isPartOf\":{\"@id\":\"https:\/\/sandzakpress.net\/arhiva\/drama-trudnice-iz-tutina-zahvalna-sam-bogu-i-kragujevackim-ljekarima-sto-sam-prezivjela\/\"},\"author\":{\"name\":\"Agencija\",\"@id\":\"https:\/\/sandzakpress.net\/arhiva\/#\/schema\/person\/cb59d7e3ab91ab90dd680ad0305a6185\"},\"headline\":\"Drama trudnice iz Tutina: Zahvalna sam Bogu i kragujeva\u010dkim ljekarima \u0161to sam pre\u017eivjela!\",\"datePublished\":\"2019-11-01T12:30:43+00:00\",\"mainEntityOfPage\":{\"@id\":\"https:\/\/sandzakpress.net\/arhiva\/drama-trudnice-iz-tutina-zahvalna-sam-bogu-i-kragujevackim-ljekarima-sto-sam-prezivjela\/\"},\"wordCount\":582,\"commentCount\":8,\"publisher\":{\"@id\":\"https:\/\/sandzakpress.net\/arhiva\/#\/schema\/person\/6e72b67d6e51910a1117b3b483ba20bd\"},\"image\":{\"@id\":\"https:\/\/sandzakpress.net\/arhiva\/drama-trudnice-iz-tutina-zahvalna-sam-bogu-i-kragujevackim-ljekarima-sto-sam-prezivjela\/#primaryimage\"},\"thumbnailUrl\":\"https:\/\/sandzakpress.net\/arhiva\/wp-content\/uploads\/2019\/11\/nejma-halitovic-696x469.jpg\",\"articleSection\":[\"Novi Pazar\",\"Tutin\",\"Dru\u0161tvo\",\"VIJESTI DANA\"],\"inLanguage\":\"bs-BA\",\"potentialAction\":[{\"@type\":\"CommentAction\",\"name\":\"Comment\",\"target\":[\"https:\/\/sandzakpress.net\/arhiva\/drama-trudnice-iz-tutina-zahvalna-sam-bogu-i-kragujevackim-ljekarima-sto-sam-prezivjela\/#respond\"]}]},{\"@type\":\"WebPage\",\"@id\":\"https:\/\/sandzakpress.net\/arhiva\/drama-trudnice-iz-tutina-zahvalna-sam-bogu-i-kragujevackim-ljekarima-sto-sam-prezivjela\/\",\"url\":\"https:\/\/sandzakpress.net\/arhiva\/drama-trudnice-iz-tutina-zahvalna-sam-bogu-i-kragujevackim-ljekarima-sto-sam-prezivjela\/\",\"name\":\"Drama trudnice iz Tutina: Zahvalna sam Bogu i kragujeva\u010dkim ljekarima \u0161to sam pre\u017eivjela!\",\"isPartOf\":{\"@id\":\"https:\/\/sandzakpress.net\/arhiva\/#website\"},\"primaryImageOfPage\":{\"@id\":\"https:\/\/sandzakpress.net\/arhiva\/drama-trudnice-iz-tutina-zahvalna-sam-bogu-i-kragujevackim-ljekarima-sto-sam-prezivjela\/#primaryimage\"},\"image\":{\"@id\":\"https:\/\/sandzakpress.net\/arhiva\/drama-trudnice-iz-tutina-zahvalna-sam-bogu-i-kragujevackim-ljekarima-sto-sam-prezivjela\/#primaryimage\"},\"thumbnailUrl\":\"https:\/\/sandzakpress.net\/arhiva\/wp-content\/uploads\/2019\/11\/nejma-halitovic-696x469.jpg\",\"datePublished\":\"2019-11-01T12:30:43+00:00\",\"breadcrumb\":{\"@id\":\"https:\/\/sandzakpress.net\/arhiva\/drama-trudnice-iz-tutina-zahvalna-sam-bogu-i-kragujevackim-ljekarima-sto-sam-prezivjela\/#breadcrumb\"},\"inLanguage\":\"bs-BA\",\"potentialAction\":[{\"@type\":\"ReadAction\",\"target\":[\"https:\/\/sandzakpress.net\/arhiva\/drama-trudnice-iz-tutina-zahvalna-sam-bogu-i-kragujevackim-ljekarima-sto-sam-prezivjela\/\"]}]},{\"@type\":\"ImageObject\",\"inLanguage\":\"bs-BA\",\"@id\":\"https:\/\/sandzakpress.net\/arhiva\/drama-trudnice-iz-tutina-zahvalna-sam-bogu-i-kragujevackim-ljekarima-sto-sam-prezivjela\/#primaryimage\",\"url\":\"https:\/\/sandzakpress.net\/arhiva\/wp-content\/uploads\/2019\/11\/nejma-halitovic-696x469.jpg\",\"contentUrl\":\"https:\/\/sandzakpress.net\/arhiva\/wp-content\/uploads\/2019\/11\/nejma-halitovic-696x469.jpg\",\"width\":696,\"height\":469},{\"@type\":\"BreadcrumbList\",\"@id\":\"https:\/\/sandzakpress.net\/arhiva\/drama-trudnice-iz-tutina-zahvalna-sam-bogu-i-kragujevackim-ljekarima-sto-sam-prezivjela\/#breadcrumb\",\"itemListElement\":[{\"@type\":\"ListItem\",\"position\":1,\"name\":\"Home\",\"item\":\"https:\/\/sandzakpress.net\/arhiva\/\"},{\"@type\":\"ListItem\",\"position\":2,\"name\":\"Drama trudnice iz Tutina: Zahvalna sam Bogu i kragujeva\u010dkim ljekarima \u0161to sam pre\u017eivjela!\"}]},{\"@type\":\"WebSite\",\"@id\":\"https:\/\/sandzakpress.net\/arhiva\/#website\",\"url\":\"https:\/\/sandzakpress.net\/arhiva\/\",\"name\":\"Sand\u017eak PRESS\",\"description\":\"Prve elektronske novine u Sand\u017eaku\",\"publisher\":{\"@id\":\"https:\/\/sandzakpress.net\/arhiva\/#\/schema\/person\/6e72b67d6e51910a1117b3b483ba20bd\"},\"potentialAction\":[{\"@type\":\"SearchAction\",\"target\":{\"@type\":\"EntryPoint\",\"urlTemplate\":\"https:\/\/sandzakpress.net\/arhiva\/?s={search_term_string}\"},\"query-input\":{\"@type\":\"PropertyValueSpecification\",\"valueRequired\":true,\"valueName\":\"search_term_string\"}}],\"inLanguage\":\"bs-BA\"},{\"@type\":[\"Person\",\"Organization\"],\"@id\":\"https:\/\/sandzakpress.net\/arhiva\/#\/schema\/person\/6e72b67d6e51910a1117b3b483ba20bd\",\"name\":\"Kul\",\"image\":{\"@type\":\"ImageObject\",\"inLanguage\":\"bs-BA\",\"@id\":\"https:\/\/sandzakpress.net\/arhiva\/#\/schema\/person\/image\/\",\"url\":\"https:\/\/secure.gravatar.com\/avatar\/42263f39aa27ac04c43cab85c280eb2e?s=96&d=mm&r=pg\",\"contentUrl\":\"https:\/\/secure.gravatar.com\/avatar\/42263f39aa27ac04c43cab85c280eb2e?s=96&d=mm&r=pg\",\"caption\":\"Kul\"},\"logo\":{\"@id\":\"https:\/\/sandzakpress.net\/arhiva\/#\/schema\/person\/image\/\"}},{\"@type\":\"Person\",\"@id\":\"https:\/\/sandzakpress.net\/arhiva\/#\/schema\/person\/cb59d7e3ab91ab90dd680ad0305a6185\",\"name\":\"Agencija\",\"image\":{\"@type\":\"ImageObject\",\"inLanguage\":\"bs-BA\",\"@id\":\"https:\/\/sandzakpress.net\/arhiva\/#\/schema\/person\/image\/\",\"url\":\"https:\/\/secure.gravatar.com\/avatar\/4b7fafa80a22f0c2afe23966b3961fe0?s=96&d=mm&r=pg\",\"contentUrl\":\"https:\/\/secure.gravatar.com\/avatar\/4b7fafa80a22f0c2afe23966b3961fe0?s=96&d=mm&r=pg\",\"caption\":\"Agencija\"},\"url\":\"https:\/\/sandzakpress.net\/arhiva\/author\/agencija\/\"}]}<\/script>\n<!-- \/ Yoast SEO Premium plugin. -->","yoast_head_json":{"title":"Drama trudnice iz Tutina: Zahvalna sam Bogu i kragujeva\u010dkim ljekarima \u0161to sam pre\u017eivjela!","robots":{"index":"index","follow":"follow","max-snippet":"max-snippet:-1","max-image-preview":"max-image-preview:large","max-video-preview":"max-video-preview:-1"},"canonical":"https:\/\/sandzakpress.net\/arhiva\/drama-trudnice-iz-tutina-zahvalna-sam-bogu-i-kragujevackim-ljekarima-sto-sam-prezivjela\/","og_locale":"bs_BA","og_type":"article","og_title":"Drama trudnice iz Tutina: Zahvalna sam Bogu i kragujeva\u010dkim ljekarima \u0161to sam pre\u017eivjela!","og_description":"\u201cPoslije Boga, njima sam najvi\u0161e zahvalna. Nisam znala koliko je sve ovo trajalo, ni \u0161ta se sve de\u0161avalo. Kada su mi rekli, nisam mogla da vjerujem \u0161ta su sve ovi ljudi uradili za mene i da sam sve to pre\u017eivjela\u201d, ovako danas pri\u010da Nejma Halitovi\u0107, trudnica iz Tutina, koja je zbog sepse poslije spontanog poba\u010daja [&hellip;]","og_url":"https:\/\/sandzakpress.net\/arhiva\/drama-trudnice-iz-tutina-zahvalna-sam-bogu-i-kragujevackim-ljekarima-sto-sam-prezivjela\/","og_site_name":"Sand\u017eak PRESS","article_published_time":"2019-11-01T12:30:43+00:00","og_image":[{"width":696,"height":469,"url":"https:\/\/sandzakpress.net\/arhiva\/wp-content\/uploads\/2019\/11\/nejma-halitovic-696x469.jpg","type":"image\/jpeg"}],"author":"Agencija","twitter_card":"summary_large_image","twitter_misc":{"Written by":"Agencija","Est. reading time":"3 minute"},"schema":{"@context":"https:\/\/schema.org","@graph":[{"@type":"Article","@id":"https:\/\/sandzakpress.net\/arhiva\/drama-trudnice-iz-tutina-zahvalna-sam-bogu-i-kragujevackim-ljekarima-sto-sam-prezivjela\/#article","isPartOf":{"@id":"https:\/\/sandzakpress.net\/arhiva\/drama-trudnice-iz-tutina-zahvalna-sam-bogu-i-kragujevackim-ljekarima-sto-sam-prezivjela\/"},"author":{"name":"Agencija","@id":"https:\/\/sandzakpress.net\/arhiva\/#\/schema\/person\/cb59d7e3ab91ab90dd680ad0305a6185"},"headline":"Drama trudnice iz Tutina: Zahvalna sam Bogu i kragujeva\u010dkim ljekarima \u0161to sam pre\u017eivjela!","datePublished":"2019-11-01T12:30:43+00:00","mainEntityOfPage":{"@id":"https:\/\/sandzakpress.net\/arhiva\/drama-trudnice-iz-tutina-zahvalna-sam-bogu-i-kragujevackim-ljekarima-sto-sam-prezivjela\/"},"wordCount":582,"commentCount":8,"publisher":{"@id":"https:\/\/sandzakpress.net\/arhiva\/#\/schema\/person\/6e72b67d6e51910a1117b3b483ba20bd"},"image":{"@id":"https:\/\/sandzakpress.net\/arhiva\/drama-trudnice-iz-tutina-zahvalna-sam-bogu-i-kragujevackim-ljekarima-sto-sam-prezivjela\/#primaryimage"},"thumbnailUrl":"https:\/\/sandzakpress.net\/arhiva\/wp-content\/uploads\/2019\/11\/nejma-halitovic-696x469.jpg","articleSection":["Novi Pazar","Tutin","Dru\u0161tvo","VIJESTI DANA"],"inLanguage":"bs-BA","potentialAction":[{"@type":"CommentAction","name":"Comment","target":["https:\/\/sandzakpress.net\/arhiva\/drama-trudnice-iz-tutina-zahvalna-sam-bogu-i-kragujevackim-ljekarima-sto-sam-prezivjela\/#respond"]}]},{"@type":"WebPage","@id":"https:\/\/sandzakpress.net\/arhiva\/drama-trudnice-iz-tutina-zahvalna-sam-bogu-i-kragujevackim-ljekarima-sto-sam-prezivjela\/","url":"https:\/\/sandzakpress.net\/arhiva\/drama-trudnice-iz-tutina-zahvalna-sam-bogu-i-kragujevackim-ljekarima-sto-sam-prezivjela\/","name":"Drama trudnice iz Tutina: Zahvalna sam Bogu i kragujeva\u010dkim ljekarima \u0161to sam pre\u017eivjela!","isPartOf":{"@id":"https:\/\/sandzakpress.net\/arhiva\/#website"},"primaryImageOfPage":{"@id":"https:\/\/sandzakpress.net\/arhiva\/drama-trudnice-iz-tutina-zahvalna-sam-bogu-i-kragujevackim-ljekarima-sto-sam-prezivjela\/#primaryimage"},"image":{"@id":"https:\/\/sandzakpress.net\/arhiva\/drama-trudnice-iz-tutina-zahvalna-sam-bogu-i-kragujevackim-ljekarima-sto-sam-prezivjela\/#primaryimage"},"thumbnailUrl":"https:\/\/sandzakpress.net\/arhiva\/wp-content\/uploads\/2019\/11\/nejma-halitovic-696x469.jpg","datePublished":"2019-11-01T12:30:43+00:00","breadcrumb":{"@id":"https:\/\/sandzakpress.net\/arhiva\/drama-trudnice-iz-tutina-zahvalna-sam-bogu-i-kragujevackim-ljekarima-sto-sam-prezivjela\/#breadcrumb"},"inLanguage":"bs-BA","potentialAction":[{"@type":"ReadAction","target":["https:\/\/sandzakpress.net\/arhiva\/drama-trudnice-iz-tutina-zahvalna-sam-bogu-i-kragujevackim-ljekarima-sto-sam-prezivjela\/"]}]},{"@type":"ImageObject","inLanguage":"bs-BA","@id":"https:\/\/sandzakpress.net\/arhiva\/drama-trudnice-iz-tutina-zahvalna-sam-bogu-i-kragujevackim-ljekarima-sto-sam-prezivjela\/#primaryimage","url":"https:\/\/sandzakpress.net\/arhiva\/wp-content\/uploads\/2019\/11\/nejma-halitovic-696x469.jpg","contentUrl":"https:\/\/sandzakpress.net\/arhiva\/wp-content\/uploads\/2019\/11\/nejma-halitovic-696x469.jpg","width":696,"height":469},{"@type":"BreadcrumbList","@id":"https:\/\/sandzakpress.net\/arhiva\/drama-trudnice-iz-tutina-zahvalna-sam-bogu-i-kragujevackim-ljekarima-sto-sam-prezivjela\/#breadcrumb","itemListElement":[{"@type":"ListItem","position":1,"name":"Home","item":"https:\/\/sandzakpress.net\/arhiva\/"},{"@type":"ListItem","position":2,"name":"Drama trudnice iz Tutina: Zahvalna sam Bogu i kragujeva\u010dkim ljekarima \u0161to sam pre\u017eivjela!"}]},{"@type":"WebSite","@id":"https:\/\/sandzakpress.net\/arhiva\/#website","url":"https:\/\/sandzakpress.net\/arhiva\/","name":"Sand\u017eak PRESS","description":"Prve elektronske novine u Sand\u017eaku","publisher":{"@id":"https:\/\/sandzakpress.net\/arhiva\/#\/schema\/person\/6e72b67d6e51910a1117b3b483ba20bd"},"potentialAction":[{"@type":"SearchAction","target":{"@type":"EntryPoint","urlTemplate":"https:\/\/sandzakpress.net\/arhiva\/?s={search_term_string}"},"query-input":{"@type":"PropertyValueSpecification","valueRequired":true,"valueName":"search_term_string"}}],"inLanguage":"bs-BA"},{"@type":["Person","Organization"],"@id":"https:\/\/sandzakpress.net\/arhiva\/#\/schema\/person\/6e72b67d6e51910a1117b3b483ba20bd","name":"Kul","image":{"@type":"ImageObject","inLanguage":"bs-BA","@id":"https:\/\/sandzakpress.net\/arhiva\/#\/schema\/person\/image\/","url":"https:\/\/secure.gravatar.com\/avatar\/42263f39aa27ac04c43cab85c280eb2e?s=96&d=mm&r=pg","contentUrl":"https:\/\/secure.gravatar.com\/avatar\/42263f39aa27ac04c43cab85c280eb2e?s=96&d=mm&r=pg","caption":"Kul"},"logo":{"@id":"https:\/\/sandzakpress.net\/arhiva\/#\/schema\/person\/image\/"}},{"@type":"Person","@id":"https:\/\/sandzakpress.net\/arhiva\/#\/schema\/person\/cb59d7e3ab91ab90dd680ad0305a6185","name":"Agencija","image":{"@type":"ImageObject","inLanguage":"bs-BA","@id":"https:\/\/sandzakpress.net\/arhiva\/#\/schema\/person\/image\/","url":"https:\/\/secure.gravatar.com\/avatar\/4b7fafa80a22f0c2afe23966b3961fe0?s=96&d=mm&r=pg","contentUrl":"https:\/\/secure.gravatar.com\/avatar\/4b7fafa80a22f0c2afe23966b3961fe0?s=96&d=mm&r=pg","caption":"Agencija"},"url":"https:\/\/sandzakpress.net\/arhiva\/author\/agencija\/"}]}},"_links":{"self":[{"href":"https:\/\/sandzakpress.net\/arhiva\/wp-json\/wp\/v2\/posts\/230124"}],"collection":[{"href":"https:\/\/sandzakpress.net\/arhiva\/wp-json\/wp\/v2\/posts"}],"about":[{"href":"https:\/\/sandzakpress.net\/arhiva\/wp-json\/wp\/v2\/types\/post"}],"author":[{"embeddable":true,"href":"https:\/\/sandzakpress.net\/arhiva\/wp-json\/wp\/v2\/users\/509"}],"replies":[{"embeddable":true,"href":"https:\/\/sandzakpress.net\/arhiva\/wp-json\/wp\/v2\/comments?post=230124"}],"version-history":[{"count":0,"href":"https:\/\/sandzakpress.net\/arhiva\/wp-json\/wp\/v2\/posts\/230124\/revisions"}],"wp:featuredmedia":[{"embeddable":true,"href":"https:\/\/sandzakpress.net\/arhiva\/wp-json\/wp\/v2\/media\/230127"}],"wp:attachment":[{"href":"https:\/\/sandzakpress.net\/arhiva\/wp-json\/wp\/v2\/media?parent=230124"}],"wp:term":[{"taxonomy":"category","embeddable":true,"href":"https:\/\/sandzakpress.net\/arhiva\/wp-json\/wp\/v2\/categories?post=230124"},{"taxonomy":"post_tag","embeddable":true,"href":"https:\/\/sandzakpress.net\/arhiva\/wp-json\/wp\/v2\/tags?post=230124"}],"curies":[{"name":"wp","href":"https:\/\/api.w.org\/{rel}","templated":true}]}}