{"id":230085,"date":"2019-10-31T12:58:30","date_gmt":"2019-10-31T11:58:30","guid":{"rendered":"https:\/\/sandzakpress.net\/arhiva\/dragan-covic-misli-da-se-do-nove-godine-moze-uspostaviti-drzavna-vlast"},"modified":"2019-10-31T12:58:30","modified_gmt":"2019-10-31T11:58:30","slug":"dragan-covic-misli-da-se-do-nove-godine-moze-uspostaviti-drzavna-vlast","status":"publish","type":"post","link":"https:\/\/sandzakpress.net\/arhiva\/dragan-covic-misli-da-se-do-nove-godine-moze-uspostaviti-drzavna-vlast\/","title":{"rendered":"Dragan \u010covi\u0107 misli da se do Nove godine mo\u017ee uspostaviti dr\u017eavna vlast"},"content":{"rendered":"<p><span class=\"cb-itemprop\"><\/p>\n<div><img loading=\"lazy\" decoding=\"async\" class=\"alignnone size-full wp-image-211123\" src=\"https:\/\/bosnapress.net\/wp-content\/uploads\/2019\/10\/\u010dovi\u0107-13.jpeg\" alt=\"\" width=\"1612\" height=\"1080\" \/><\/div>\n<div><\/div>\n<div class=\"uvod uvod-clanka hidden-xs\"><strong>Predsjednik HDZ-a i HNS-a BiH Dragan \u010covi\u0107 kazao je u \u010detvrtak kako se nada da \u0107e se na sastanku sa Strankom demokratske akcije (SDA), koji \u0107e se odr\u017eati 7. novembra u Mostaru, prona\u0107i na\u010din za stvaranje ambijenta da se vlast u BiH mo\u017ee uspostaviti na svim nivoima.<\/strong><\/div>\n<div><\/div>\n<div class=\"tekst clanak_vijesti\">Istaknuo je kako \u0107e predstavnici HDZ-a i SDA-a na sastanku razgovarati o dvije teme.<\/p>\n<p>\u201cPrva tema je saradnja izme\u0111u dviju politi\u010dkih opcija koje predstavljamo s ciljem osna\u017eivanja povjerenja koje je vidno poljuljano u zadnjem vremenu, a druga izborno zakonodavstvuo\u201d, kazao je \u010covi\u0107 novinarima u Mostaru.<\/p>\n<p>Pritom je izrazio mi\u0161ljenje kako postoji dovoljno prostora da se u naredna dva mjeseca poku\u0161a privesti kraju pri\u010da oko uspostave vlasti koja, po njegovim rije\u010dima, dugo traje.<\/p>\n<p>\u201cMislim da imamo dovoljno prostora i mudrosti da na neki na\u010din stvorimo ambijent da se mo\u017ee uspostaviti vlast na svim nivoima i da ove tri preostale godine iskoristimo na pravi na\u010din. Isto tako, razgovor sa SDA je samo prvi u nizu, bit \u0107e tu jo\u0161 puno razgovora sa svim drugim politi\u010dkim opcijama kako bi mi u ova na\u010dela na kojima gradimo opstojnost BiH, na\u0161 euroatlantski put, ekonomsko-socijalnu stabilnost, a naravno i izmjene izbornog zakonodavstva, ugradili jednu agendu koju mo\u017eemo slijediti do kraja ovog izbornog ciklusa\u201d, istaknuo je \u010covi\u0107.<\/p>\n<p>Podsjetimo, prije samo nekoliko dana \u010covi\u0107 je bio optimisti\u010dniji kazav\u0161i kako se Vije\u0107e ministara mo\u017ee, kada bi se htjelo, dovesti pred formiranje za samo 15 dana.<\/p>\n<\/div>\n<div><\/div>\n<div>Naveo je kako je uspostava vlasti jedini uvjet da BiH zajedno sa Sjevernom Makedonijom i Albanijom postane kandidat za \u010dlanstvo u EU.<\/p>\n<p>\u201cSve druge uvjete, kad je u pitanju otpo\u010dinjanje pregovara\u010dkog procesa, Bosna i Hercegovina je ve\u0107 odavno ispunila predajom upitnika i dodatnih odgovora tako da vjerujem da u naredna dva mjeseca mo\u017eemo stvoriti tehni\u010dke preduvjete, a to je vlast koja normalno funkcionira i radni ambijent u BiH. Svi drugi, formalni uvjeti koji su pred nas stavljeni, potpuno su ispunjeni i ako budemo dovoljno mudri i odlu\u010dni, u svibnju, kada \u0107e se o tome odlu\u010divati u Zagrebu, mo\u017eemo biti u istom pregovara\u010dkom procesu zajedno s dvije spomenute zemlje\u201d, kazao je \u010covi\u0107.<\/p>\n<p>Dodao je kako je siguran da \u0107e u maju hrvatski premijer Andrej Plenkovi\u0107 u\u010diniti sve kako bi Bosna i Hercegovina dobila to svoje mjesto.<\/p>\n<p>\u201cMi naravno moramo uraditi svoj dio posla i nitko nam ni\u0161ta ne\u0107e pokloniti, ali sve je u na\u0161im rukama\u201d, zaklju\u010dio je predsjednik HDZ-a i HNS-a BiH.<\/p>\n<\/div>\n<div><\/div>\n<div>(Klix)<\/div>\n<p><\/span><br \/>\nPogledajte vijest na izvornom sajtu:<\/p>\n<p><a href=\"https:\/\/bosnapress.net\/dragan-covic-misli-da-se-do-nove-godine-moze-uspostaviti-drzavna-vlast\/\" target=\"_blank\">Dragan \u010covi\u0107 misli da se do Nove godine mo\u017ee uspostaviti dr\u017eavna vlast<\/a><\/p>\n","protected":false},"excerpt":{"rendered":"<p>Predsjednik HDZ-a i HNS-a BiH Dragan \u010covi\u0107 kazao je u \u010detvrtak kako se nada da \u0107e se na sastanku sa Strankom demokratske akcije (SDA), koji \u0107e se odr\u017eati 7. novembra u Mostaru, prona\u0107i na\u010din za stvaranje ambijenta da se vlast u BiH mo\u017ee uspostaviti na svim nivoima. Istaknuo je kako \u0107e predstavnici HDZ-a i SDA-a [&hellip;]<\/p>\n","protected":false},"author":83,"featured_media":230086,"comment_status":"open","ping_status":"open","sticky":false,"template":"","format":"standard","meta":{"footnotes":""},"categories":[10513],"tags":[10466],"class_list":{"0":"post-230085","1":"post","2":"type-post","3":"status-publish","4":"format-standard","5":"has-post-thumbnail","7":"category-bosna-press","8":"tag-bosna-i-hercegovina"},"yoast_head":"<!-- This site is optimized with the Yoast SEO Premium plugin v23.1 (Yoast SEO v24.9) - https:\/\/yoast.com\/wordpress\/plugins\/seo\/ -->\n<title>Dragan \u010covi\u0107 misli da se do Nove godine mo\u017ee uspostaviti dr\u017eavna vlast<\/title>\n<meta name=\"robots\" content=\"index, follow, max-snippet:-1, max-image-preview:large, max-video-preview:-1\" \/>\n<link rel=\"canonical\" href=\"https:\/\/sandzakpress.net\/arhiva\/dragan-covic-misli-da-se-do-nove-godine-moze-uspostaviti-drzavna-vlast\/\" \/>\n<meta property=\"og:locale\" content=\"bs_BA\" \/>\n<meta property=\"og:type\" content=\"article\" \/>\n<meta property=\"og:title\" content=\"Dragan \u010covi\u0107 misli da se do Nove godine mo\u017ee uspostaviti dr\u017eavna vlast\" \/>\n<meta property=\"og:description\" content=\"Predsjednik HDZ-a i HNS-a BiH Dragan \u010covi\u0107 kazao je u \u010detvrtak kako se nada da \u0107e se na sastanku sa Strankom demokratske akcije (SDA), koji \u0107e se odr\u017eati 7. novembra u Mostaru, prona\u0107i na\u010din za stvaranje ambijenta da se vlast u BiH mo\u017ee uspostaviti na svim nivoima. Istaknuo je kako \u0107e predstavnici HDZ-a i SDA-a [&hellip;]\" \/>\n<meta property=\"og:url\" content=\"https:\/\/sandzakpress.net\/arhiva\/dragan-covic-misli-da-se-do-nove-godine-moze-uspostaviti-drzavna-vlast\/\" \/>\n<meta property=\"og:site_name\" content=\"Sand\u017eak PRESS\" \/>\n<meta property=\"article:published_time\" content=\"2019-10-31T11:58:30+00:00\" \/>\n<meta property=\"og:image\" content=\"https:\/\/sandzakpress.net\/arhiva\/wp-content\/uploads\/2019\/10\/\u010dovi\u0107-13.jpeg\" \/>\n\t<meta property=\"og:image:width\" content=\"1612\" \/>\n\t<meta property=\"og:image:height\" content=\"1080\" \/>\n\t<meta property=\"og:image:type\" content=\"image\/jpeg\" \/>\n<meta name=\"author\" content=\"bosniak\" \/>\n<meta name=\"twitter:card\" content=\"summary_large_image\" \/>\n<meta name=\"twitter:label1\" content=\"Written by\" \/>\n\t<meta name=\"twitter:data1\" content=\"bosniak\" \/>\n\t<meta name=\"twitter:label2\" content=\"Est. reading time\" \/>\n\t<meta name=\"twitter:data2\" content=\"2 minute\" \/>\n<script type=\"application\/ld+json\" class=\"yoast-schema-graph\">{\"@context\":\"https:\/\/schema.org\",\"@graph\":[{\"@type\":\"Article\",\"@id\":\"https:\/\/sandzakpress.net\/arhiva\/dragan-covic-misli-da-se-do-nove-godine-moze-uspostaviti-drzavna-vlast\/#article\",\"isPartOf\":{\"@id\":\"https:\/\/sandzakpress.net\/arhiva\/dragan-covic-misli-da-se-do-nove-godine-moze-uspostaviti-drzavna-vlast\/\"},\"author\":{\"name\":\"bosniak\",\"@id\":\"https:\/\/sandzakpress.net\/arhiva\/#\/schema\/person\/c8baee722073534b583ea7bdb2e36c02\"},\"headline\":\"Dragan \u010covi\u0107 misli da se do Nove godine mo\u017ee uspostaviti dr\u017eavna vlast\",\"datePublished\":\"2019-10-31T11:58:30+00:00\",\"mainEntityOfPage\":{\"@id\":\"https:\/\/sandzakpress.net\/arhiva\/dragan-covic-misli-da-se-do-nove-godine-moze-uspostaviti-drzavna-vlast\/\"},\"wordCount\":460,\"commentCount\":0,\"publisher\":{\"@id\":\"https:\/\/sandzakpress.net\/arhiva\/#\/schema\/person\/6e72b67d6e51910a1117b3b483ba20bd\"},\"image\":{\"@id\":\"https:\/\/sandzakpress.net\/arhiva\/dragan-covic-misli-da-se-do-nove-godine-moze-uspostaviti-drzavna-vlast\/#primaryimage\"},\"thumbnailUrl\":\"https:\/\/sandzakpress.net\/arhiva\/wp-content\/uploads\/2019\/10\/\u010dovi\u0107-13.jpeg\",\"keywords\":[\"Bosna i Hercegovina\"],\"articleSection\":[\"Bosna PRESS\"],\"inLanguage\":\"bs-BA\",\"potentialAction\":[{\"@type\":\"CommentAction\",\"name\":\"Comment\",\"target\":[\"https:\/\/sandzakpress.net\/arhiva\/dragan-covic-misli-da-se-do-nove-godine-moze-uspostaviti-drzavna-vlast\/#respond\"]}]},{\"@type\":\"WebPage\",\"@id\":\"https:\/\/sandzakpress.net\/arhiva\/dragan-covic-misli-da-se-do-nove-godine-moze-uspostaviti-drzavna-vlast\/\",\"url\":\"https:\/\/sandzakpress.net\/arhiva\/dragan-covic-misli-da-se-do-nove-godine-moze-uspostaviti-drzavna-vlast\/\",\"name\":\"Dragan \u010covi\u0107 misli da se do Nove godine mo\u017ee uspostaviti dr\u017eavna vlast\",\"isPartOf\":{\"@id\":\"https:\/\/sandzakpress.net\/arhiva\/#website\"},\"primaryImageOfPage\":{\"@id\":\"https:\/\/sandzakpress.net\/arhiva\/dragan-covic-misli-da-se-do-nove-godine-moze-uspostaviti-drzavna-vlast\/#primaryimage\"},\"image\":{\"@id\":\"https:\/\/sandzakpress.net\/arhiva\/dragan-covic-misli-da-se-do-nove-godine-moze-uspostaviti-drzavna-vlast\/#primaryimage\"},\"thumbnailUrl\":\"https:\/\/sandzakpress.net\/arhiva\/wp-content\/uploads\/2019\/10\/\u010dovi\u0107-13.jpeg\",\"datePublished\":\"2019-10-31T11:58:30+00:00\",\"breadcrumb\":{\"@id\":\"https:\/\/sandzakpress.net\/arhiva\/dragan-covic-misli-da-se-do-nove-godine-moze-uspostaviti-drzavna-vlast\/#breadcrumb\"},\"inLanguage\":\"bs-BA\",\"potentialAction\":[{\"@type\":\"ReadAction\",\"target\":[\"https:\/\/sandzakpress.net\/arhiva\/dragan-covic-misli-da-se-do-nove-godine-moze-uspostaviti-drzavna-vlast\/\"]}]},{\"@type\":\"ImageObject\",\"inLanguage\":\"bs-BA\",\"@id\":\"https:\/\/sandzakpress.net\/arhiva\/dragan-covic-misli-da-se-do-nove-godine-moze-uspostaviti-drzavna-vlast\/#primaryimage\",\"url\":\"https:\/\/sandzakpress.net\/arhiva\/wp-content\/uploads\/2019\/10\/\u010dovi\u0107-13.jpeg\",\"contentUrl\":\"https:\/\/sandzakpress.net\/arhiva\/wp-content\/uploads\/2019\/10\/\u010dovi\u0107-13.jpeg\",\"width\":1612,\"height\":1080},{\"@type\":\"BreadcrumbList\",\"@id\":\"https:\/\/sandzakpress.net\/arhiva\/dragan-covic-misli-da-se-do-nove-godine-moze-uspostaviti-drzavna-vlast\/#breadcrumb\",\"itemListElement\":[{\"@type\":\"ListItem\",\"position\":1,\"name\":\"Home\",\"item\":\"https:\/\/sandzakpress.net\/arhiva\/\"},{\"@type\":\"ListItem\",\"position\":2,\"name\":\"Dragan \u010covi\u0107 misli da se do Nove godine mo\u017ee uspostaviti dr\u017eavna vlast\"}]},{\"@type\":\"WebSite\",\"@id\":\"https:\/\/sandzakpress.net\/arhiva\/#website\",\"url\":\"https:\/\/sandzakpress.net\/arhiva\/\",\"name\":\"Sand\u017eak PRESS\",\"description\":\"Prve elektronske novine u Sand\u017eaku\",\"publisher\":{\"@id\":\"https:\/\/sandzakpress.net\/arhiva\/#\/schema\/person\/6e72b67d6e51910a1117b3b483ba20bd\"},\"potentialAction\":[{\"@type\":\"SearchAction\",\"target\":{\"@type\":\"EntryPoint\",\"urlTemplate\":\"https:\/\/sandzakpress.net\/arhiva\/?s={search_term_string}\"},\"query-input\":{\"@type\":\"PropertyValueSpecification\",\"valueRequired\":true,\"valueName\":\"search_term_string\"}}],\"inLanguage\":\"bs-BA\"},{\"@type\":[\"Person\",\"Organization\"],\"@id\":\"https:\/\/sandzakpress.net\/arhiva\/#\/schema\/person\/6e72b67d6e51910a1117b3b483ba20bd\",\"name\":\"Kul\",\"image\":{\"@type\":\"ImageObject\",\"inLanguage\":\"bs-BA\",\"@id\":\"https:\/\/sandzakpress.net\/arhiva\/#\/schema\/person\/image\/\",\"url\":\"https:\/\/secure.gravatar.com\/avatar\/42263f39aa27ac04c43cab85c280eb2e?s=96&d=mm&r=pg\",\"contentUrl\":\"https:\/\/secure.gravatar.com\/avatar\/42263f39aa27ac04c43cab85c280eb2e?s=96&d=mm&r=pg\",\"caption\":\"Kul\"},\"logo\":{\"@id\":\"https:\/\/sandzakpress.net\/arhiva\/#\/schema\/person\/image\/\"}},{\"@type\":\"Person\",\"@id\":\"https:\/\/sandzakpress.net\/arhiva\/#\/schema\/person\/c8baee722073534b583ea7bdb2e36c02\",\"name\":\"bosniak\",\"image\":{\"@type\":\"ImageObject\",\"inLanguage\":\"bs-BA\",\"@id\":\"https:\/\/sandzakpress.net\/arhiva\/#\/schema\/person\/image\/\",\"url\":\"https:\/\/secure.gravatar.com\/avatar\/a04fd330bfe3a36a72a0ad4a6d89fca7?s=96&d=mm&r=pg\",\"contentUrl\":\"https:\/\/secure.gravatar.com\/avatar\/a04fd330bfe3a36a72a0ad4a6d89fca7?s=96&d=mm&r=pg\",\"caption\":\"bosniak\"},\"url\":\"https:\/\/sandzakpress.net\/arhiva\/author\/bosniak\/\"}]}<\/script>\n<!-- \/ Yoast SEO Premium plugin. -->","yoast_head_json":{"title":"Dragan \u010covi\u0107 misli da se do Nove godine mo\u017ee uspostaviti dr\u017eavna vlast","robots":{"index":"index","follow":"follow","max-snippet":"max-snippet:-1","max-image-preview":"max-image-preview:large","max-video-preview":"max-video-preview:-1"},"canonical":"https:\/\/sandzakpress.net\/arhiva\/dragan-covic-misli-da-se-do-nove-godine-moze-uspostaviti-drzavna-vlast\/","og_locale":"bs_BA","og_type":"article","og_title":"Dragan \u010covi\u0107 misli da se do Nove godine mo\u017ee uspostaviti dr\u017eavna vlast","og_description":"Predsjednik HDZ-a i HNS-a BiH Dragan \u010covi\u0107 kazao je u \u010detvrtak kako se nada da \u0107e se na sastanku sa Strankom demokratske akcije (SDA), koji \u0107e se odr\u017eati 7. novembra u Mostaru, prona\u0107i na\u010din za stvaranje ambijenta da se vlast u BiH mo\u017ee uspostaviti na svim nivoima. Istaknuo je kako \u0107e predstavnici HDZ-a i SDA-a [&hellip;]","og_url":"https:\/\/sandzakpress.net\/arhiva\/dragan-covic-misli-da-se-do-nove-godine-moze-uspostaviti-drzavna-vlast\/","og_site_name":"Sand\u017eak PRESS","article_published_time":"2019-10-31T11:58:30+00:00","og_image":[{"width":1612,"height":1080,"url":"https:\/\/sandzakpress.net\/arhiva\/wp-content\/uploads\/2019\/10\/\u010dovi\u0107-13.jpeg","type":"image\/jpeg"}],"author":"bosniak","twitter_card":"summary_large_image","twitter_misc":{"Written by":"bosniak","Est. reading time":"2 minute"},"schema":{"@context":"https:\/\/schema.org","@graph":[{"@type":"Article","@id":"https:\/\/sandzakpress.net\/arhiva\/dragan-covic-misli-da-se-do-nove-godine-moze-uspostaviti-drzavna-vlast\/#article","isPartOf":{"@id":"https:\/\/sandzakpress.net\/arhiva\/dragan-covic-misli-da-se-do-nove-godine-moze-uspostaviti-drzavna-vlast\/"},"author":{"name":"bosniak","@id":"https:\/\/sandzakpress.net\/arhiva\/#\/schema\/person\/c8baee722073534b583ea7bdb2e36c02"},"headline":"Dragan \u010covi\u0107 misli da se do Nove godine mo\u017ee uspostaviti dr\u017eavna vlast","datePublished":"2019-10-31T11:58:30+00:00","mainEntityOfPage":{"@id":"https:\/\/sandzakpress.net\/arhiva\/dragan-covic-misli-da-se-do-nove-godine-moze-uspostaviti-drzavna-vlast\/"},"wordCount":460,"commentCount":0,"publisher":{"@id":"https:\/\/sandzakpress.net\/arhiva\/#\/schema\/person\/6e72b67d6e51910a1117b3b483ba20bd"},"image":{"@id":"https:\/\/sandzakpress.net\/arhiva\/dragan-covic-misli-da-se-do-nove-godine-moze-uspostaviti-drzavna-vlast\/#primaryimage"},"thumbnailUrl":"https:\/\/sandzakpress.net\/arhiva\/wp-content\/uploads\/2019\/10\/\u010dovi\u0107-13.jpeg","keywords":["Bosna i Hercegovina"],"articleSection":["Bosna PRESS"],"inLanguage":"bs-BA","potentialAction":[{"@type":"CommentAction","name":"Comment","target":["https:\/\/sandzakpress.net\/arhiva\/dragan-covic-misli-da-se-do-nove-godine-moze-uspostaviti-drzavna-vlast\/#respond"]}]},{"@type":"WebPage","@id":"https:\/\/sandzakpress.net\/arhiva\/dragan-covic-misli-da-se-do-nove-godine-moze-uspostaviti-drzavna-vlast\/","url":"https:\/\/sandzakpress.net\/arhiva\/dragan-covic-misli-da-se-do-nove-godine-moze-uspostaviti-drzavna-vlast\/","name":"Dragan \u010covi\u0107 misli da se do Nove godine mo\u017ee uspostaviti dr\u017eavna vlast","isPartOf":{"@id":"https:\/\/sandzakpress.net\/arhiva\/#website"},"primaryImageOfPage":{"@id":"https:\/\/sandzakpress.net\/arhiva\/dragan-covic-misli-da-se-do-nove-godine-moze-uspostaviti-drzavna-vlast\/#primaryimage"},"image":{"@id":"https:\/\/sandzakpress.net\/arhiva\/dragan-covic-misli-da-se-do-nove-godine-moze-uspostaviti-drzavna-vlast\/#primaryimage"},"thumbnailUrl":"https:\/\/sandzakpress.net\/arhiva\/wp-content\/uploads\/2019\/10\/\u010dovi\u0107-13.jpeg","datePublished":"2019-10-31T11:58:30+00:00","breadcrumb":{"@id":"https:\/\/sandzakpress.net\/arhiva\/dragan-covic-misli-da-se-do-nove-godine-moze-uspostaviti-drzavna-vlast\/#breadcrumb"},"inLanguage":"bs-BA","potentialAction":[{"@type":"ReadAction","target":["https:\/\/sandzakpress.net\/arhiva\/dragan-covic-misli-da-se-do-nove-godine-moze-uspostaviti-drzavna-vlast\/"]}]},{"@type":"ImageObject","inLanguage":"bs-BA","@id":"https:\/\/sandzakpress.net\/arhiva\/dragan-covic-misli-da-se-do-nove-godine-moze-uspostaviti-drzavna-vlast\/#primaryimage","url":"https:\/\/sandzakpress.net\/arhiva\/wp-content\/uploads\/2019\/10\/\u010dovi\u0107-13.jpeg","contentUrl":"https:\/\/sandzakpress.net\/arhiva\/wp-content\/uploads\/2019\/10\/\u010dovi\u0107-13.jpeg","width":1612,"height":1080},{"@type":"BreadcrumbList","@id":"https:\/\/sandzakpress.net\/arhiva\/dragan-covic-misli-da-se-do-nove-godine-moze-uspostaviti-drzavna-vlast\/#breadcrumb","itemListElement":[{"@type":"ListItem","position":1,"name":"Home","item":"https:\/\/sandzakpress.net\/arhiva\/"},{"@type":"ListItem","position":2,"name":"Dragan \u010covi\u0107 misli da se do Nove godine mo\u017ee uspostaviti dr\u017eavna vlast"}]},{"@type":"WebSite","@id":"https:\/\/sandzakpress.net\/arhiva\/#website","url":"https:\/\/sandzakpress.net\/arhiva\/","name":"Sand\u017eak PRESS","description":"Prve elektronske novine u Sand\u017eaku","publisher":{"@id":"https:\/\/sandzakpress.net\/arhiva\/#\/schema\/person\/6e72b67d6e51910a1117b3b483ba20bd"},"potentialAction":[{"@type":"SearchAction","target":{"@type":"EntryPoint","urlTemplate":"https:\/\/sandzakpress.net\/arhiva\/?s={search_term_string}"},"query-input":{"@type":"PropertyValueSpecification","valueRequired":true,"valueName":"search_term_string"}}],"inLanguage":"bs-BA"},{"@type":["Person","Organization"],"@id":"https:\/\/sandzakpress.net\/arhiva\/#\/schema\/person\/6e72b67d6e51910a1117b3b483ba20bd","name":"Kul","image":{"@type":"ImageObject","inLanguage":"bs-BA","@id":"https:\/\/sandzakpress.net\/arhiva\/#\/schema\/person\/image\/","url":"https:\/\/secure.gravatar.com\/avatar\/42263f39aa27ac04c43cab85c280eb2e?s=96&d=mm&r=pg","contentUrl":"https:\/\/secure.gravatar.com\/avatar\/42263f39aa27ac04c43cab85c280eb2e?s=96&d=mm&r=pg","caption":"Kul"},"logo":{"@id":"https:\/\/sandzakpress.net\/arhiva\/#\/schema\/person\/image\/"}},{"@type":"Person","@id":"https:\/\/sandzakpress.net\/arhiva\/#\/schema\/person\/c8baee722073534b583ea7bdb2e36c02","name":"bosniak","image":{"@type":"ImageObject","inLanguage":"bs-BA","@id":"https:\/\/sandzakpress.net\/arhiva\/#\/schema\/person\/image\/","url":"https:\/\/secure.gravatar.com\/avatar\/a04fd330bfe3a36a72a0ad4a6d89fca7?s=96&d=mm&r=pg","contentUrl":"https:\/\/secure.gravatar.com\/avatar\/a04fd330bfe3a36a72a0ad4a6d89fca7?s=96&d=mm&r=pg","caption":"bosniak"},"url":"https:\/\/sandzakpress.net\/arhiva\/author\/bosniak\/"}]}},"_links":{"self":[{"href":"https:\/\/sandzakpress.net\/arhiva\/wp-json\/wp\/v2\/posts\/230085"}],"collection":[{"href":"https:\/\/sandzakpress.net\/arhiva\/wp-json\/wp\/v2\/posts"}],"about":[{"href":"https:\/\/sandzakpress.net\/arhiva\/wp-json\/wp\/v2\/types\/post"}],"author":[{"embeddable":true,"href":"https:\/\/sandzakpress.net\/arhiva\/wp-json\/wp\/v2\/users\/83"}],"replies":[{"embeddable":true,"href":"https:\/\/sandzakpress.net\/arhiva\/wp-json\/wp\/v2\/comments?post=230085"}],"version-history":[{"count":0,"href":"https:\/\/sandzakpress.net\/arhiva\/wp-json\/wp\/v2\/posts\/230085\/revisions"}],"wp:featuredmedia":[{"embeddable":true,"href":"https:\/\/sandzakpress.net\/arhiva\/wp-json\/wp\/v2\/media\/230086"}],"wp:attachment":[{"href":"https:\/\/sandzakpress.net\/arhiva\/wp-json\/wp\/v2\/media?parent=230085"}],"wp:term":[{"taxonomy":"category","embeddable":true,"href":"https:\/\/sandzakpress.net\/arhiva\/wp-json\/wp\/v2\/categories?post=230085"},{"taxonomy":"post_tag","embeddable":true,"href":"https:\/\/sandzakpress.net\/arhiva\/wp-json\/wp\/v2\/tags?post=230085"}],"curies":[{"name":"wp","href":"https:\/\/api.w.org\/{rel}","templated":true}]}}