{"id":230016,"date":"2019-10-29T18:32:04","date_gmt":"2019-10-29T17:32:04","guid":{"rendered":"https:\/\/sandzakpress.net\/arhiva\/?p=230016"},"modified":"2019-10-29T18:32:04","modified_gmt":"2019-10-29T17:32:04","slug":"u-beogradu-otvorena-izlozba-radova-studenata-iunp-a","status":"publish","type":"post","link":"https:\/\/sandzakpress.net\/arhiva\/u-beogradu-otvorena-izlozba-radova-studenata-iunp-a\/","title":{"rendered":"U Beogradu otvorena izlo\u017eba radova studenata IUNP-a"},"content":{"rendered":"<p><img loading=\"lazy\" decoding=\"async\" class=\"alignnone size-full wp-image-50605\" src=\"http:\/\/sanapress.info\/wp-content\/uploads\/2019\/10\/1-17.jpg\" alt=\"\" width=\"2048\" height=\"1365\" \/><\/p>\n<p><strong>U eminentnom muzeju, Ku\u0107i kralja Petra Prvog na Savskom vijencu u Beogradu sino\u0107 je sve\u010dano otvorena izlo\u017eba studentskih radova od prve do \u010detvrte godine Deprtmana umjetnosti Internacionalnog univerziteta. Jo\u0161 jedan primjer kako etika i estetika jedna bez druge ne mogu.<\/strong><\/p>\n<p>Promocija dobrih vrijednosti, kulture, obrazovanja, stvarala\u0161tva, umjetnosti i mladosti studenata.<\/p>\n<p><strong>&#8211; <\/strong>Svim tim ljudima koji se zala\u017eu za takve vrijednosti na\u0161a vrata uvijek \u0107e biti otvorena i nadam se da \u0107emo sara\u0111ivati i u narednom period i sa vama i sa Internacionalnim univerzitetom u Novom Pazaru, isti\u010de Strahinja Huki\u0107 ispred Op\u0161tinskog vije\u0107a Savski Venac.<\/p>\n<div class=\"youtube-embed\" data-video_id=\"Sqp8TfiJm7s\"><iframe loading=\"lazy\" title=\"U Beogradu otvorena izlo\u017eba radova studenata IUNP-a\" width=\"696\" height=\"392\" src=\"https:\/\/www.youtube.com\/embed\/Sqp8TfiJm7s?start=258&#038;feature=oembed\" frameborder=\"0\" allow=\"accelerometer; autoplay; encrypted-media; gyroscope; picture-in-picture\" allowfullscreen><\/iframe><\/div>\n<p>Prema rije\u010dima prof.dr. Mehmeda Slezovi\u0107a izlo\u017eba u jednom izuzetnom ambijentu kakav se samo mo\u017ee po\u017eeljeti.<\/p>\n<p>&#8211; U ovakvom ambijentu ono \u0161to radimo dobija jo\u0161 jednu dozu ozbiljnosti, s ogromnom energijom koju mladi ljudi u Novom Pazaru ispoljavaju. Evo prilike da se to ovdje vidi u Beogradu.<\/p>\n<p>U susretu razli\u010ditosti upravo i ve\u0107 stabilni identiteti i sva ba\u0161tina kulture i umjetnosti samo se jo\u0161 vi\u0161e oplemenjuju.<\/p>\n<p><strong>&#8211; <\/strong>Zahvaljujem Internacionalnom univerzitetu, Fakultetu za umjetnost, Upravi, Menad\u017ementu, studentima, ne samo na stvarala\u0161tvu i kreacijama ve\u0107 i na energiji, hrabrosti, ideji da ka\u017eu idemo u Beograd, idemo na Savski vijenac. Rukovati se ne mo\u017ee bez dvije ruke i zahvaljujem i Op\u0161tini koja je prepoznala ideju, poru\u010duje akademik Muamer Zukorli\u0107, osniva\u010d IUNP.<\/p>\n<p><iframe loading=\"lazy\" style=\"border: none; overflow: hidden;\" src=\"https:\/\/www.facebook.com\/plugins\/post.php?href=https%3A%2F%2Fwww.facebook.com%2Fmedia%2Fset%2F%3Fset%3Da.2804993412852511%26type%3D3&amp;width=500\" width=\"500\" height=\"621\" frameborder=\"0\" scrolling=\"no\"><\/iframe><\/p>\n<p>U kraljevskom ambijentu, radovi studenata, kako i sami ka\u017eu, u\u017eitak za o\u010di a za neke i inspiracija. Umjetnici, i sami priznaju, jedni bez drugih ne mogu.<\/p>\n<p>&#8211; Velika mi je \u010dast i zadovoljstvo \u0161to sam pozvana a drago mi je \u0161to sam se pozivu odazvala tako da sam mogla da vidim ovu jako dobru izlo\u017ebu s obzirom na mlade godine studenata koji izla\u017eu i koji su zaista pokazali mnogo, ka\u017ee Ksenija Vu\u010di\u0107, novinar i histori\u010dar umjetnost.<\/p>\n<p>&#8211; Moja sljede\u0107a kolekcija prolje\u0107e-ljeto za koju sam upravo dobio inspiraciju. Ovo je neki kolorit kojeg ja volim u boji. Automatski sam dobio jednu povratnu informaciju za moj rad i napravila se jedna simbioza, nagla\u0161ava Sa\u0161a Milojkovi\u0107 modni kreator.<\/p>\n<p>Za Suzanu Peri\u0107, modnu kreatorku fascinantna ve\u010der.<\/p>\n<p><strong>&#8211; <\/strong>Prvo sam se \u0161okirala da ovako izgleda senzacionalno, da to nisu studenti i koliki rad i trud je ovdje ulo\u017een. Prvo sam zastala. O\u010dekivala sam neke crte\u017ee, a ovo su ba\u0161 slike.<\/p>\n<p>Novinarka Studija B Biljana \u017divkovi\u0107 posebno zadivljena slikom dva djeteta.<\/p>\n<p>&#8211; Ostavila je na meni veliki utisak da sam morala da stanem.<\/p>\n<p>Advokat Mirjana Radovanovi\u0107 u\u017eiva, ka\u017ee, kad mo\u017ee posjetiti ovako lijepu izlo\u017ebu.<\/p>\n<p>&#8211; Prijatna za oko i lajicima kakav sam ja kad je ovakva vrsta umjetnosti u pitanju. Hobi mi je slikarstvo ali jo\u0161 nisam nacrtala ne\u0161to sli\u010dno \u0161to sam imala priliku da vidim ovdje.<\/p>\n<p>Za advokata Danku Zari\u0107 divno okupljanje.<\/p>\n<p>&#8211; Divna ideja, zaista divan senzibilitet. Okru\u017eeni smo u ovo vrijeme nekom nervozom a ove divne slike smiruju pogotovo \u0161to potje\u010du od mladih ljudi koji usmjeravaju ka nekim pravim vrijednostima.<\/p>\n<p><strong>&#8211; <\/strong>Meni je izuzetno draga jedna fotografija. To je jedna djevoj\u010dica koja posmatra svijet i grad i vjerujem da \u0107e to biti jedna pjesma koja u mojoj glavi ve\u0107 postoji, ka\u017ee talentirana mlada pjesnikinja Jelena Ljubenovi\u0107.<\/p>\n<p>Ina\u010de, izlo\u017eba obuhvata radove studenata sve \u010detiri godine Departmana za umjetnost Internacionalnog univerziteta.<\/p>\n<p><strong>&#8211; <\/strong>Mi smo prije godinu dana dolazili ovdje u Beograd s ve\u0107 zadatom temom Inspiracija. Rezultat toga je ova izlo\u017eba i nadam se da je ispunila zadatak koji je studentima bio postavljen, isti\u010de prof. Azra Hamzagi\u0107.<\/p>\n<p>Izla\u017eu\u0107i u eminentnom Muzeju kralja Petra studenti cjelokupnog Departmana lijepih umjetnosti pokazali su sve kvalitete.<\/p>\n<p><strong>&#8211; <\/strong>Internacionalni univerzitet prvenstveno gaji mladost, talente i tu je prvenstveno da bude sredstvo pomo\u0107u kojeg \u0107e student mo\u0107i da poka\u017eu sve svoje kvalitete koje imaju. Kao generalni menad\u017eer smatram da moja uloga i obaveze jesu da studentima Internacionalnog, bilo Departmana umjetnosti ili ostalih departmana otvorim vrata svih institucija kako u glavnom gradu Srbije tako i u svim gradovima ove zemlje kao i regiona, poru\u010duje prof.dr. Elma Elfi\u0107 Zukorli\u0107, generalni menad\u017eer IUNP.<\/p>\n<p>U kraljevskom ambijentu uz radove studenata Internacionalnog univerziteta u Novom Pazaru, svi se sla\u017eu, i siva postaje jedna kreativna boja.<\/p>\n<p>&nbsp;<\/p>\n<p><img loading=\"lazy\" decoding=\"async\" class=\"alignnone size-full wp-image-50606\" src=\"http:\/\/sanapress.info\/wp-content\/uploads\/2019\/10\/2-13.jpg\" alt=\"\" width=\"2048\" height=\"1365\" \/> <img loading=\"lazy\" decoding=\"async\" class=\"alignnone size-full wp-image-50607\" src=\"http:\/\/sanapress.info\/wp-content\/uploads\/2019\/10\/3-10.jpg\" alt=\"\" width=\"2048\" height=\"1365\" \/> <img loading=\"lazy\" decoding=\"async\" class=\"alignnone size-full wp-image-50608\" src=\"http:\/\/sanapress.info\/wp-content\/uploads\/2019\/10\/4-9.jpg\" alt=\"\" width=\"2048\" height=\"1365\" \/> <img loading=\"lazy\" decoding=\"async\" class=\"alignnone size-full wp-image-50609\" src=\"http:\/\/sanapress.info\/wp-content\/uploads\/2019\/10\/5-8.jpg\" alt=\"\" width=\"2048\" height=\"1365\" \/> <img loading=\"lazy\" decoding=\"async\" class=\"alignnone size-full wp-image-50610\" src=\"http:\/\/sanapress.info\/wp-content\/uploads\/2019\/10\/6-7.jpg\" alt=\"\" width=\"2048\" height=\"1365\" \/> <img loading=\"lazy\" decoding=\"async\" class=\"alignnone size-full wp-image-50611\" src=\"http:\/\/sanapress.info\/wp-content\/uploads\/2019\/10\/7-6.jpg\" alt=\"\" width=\"2048\" height=\"1365\" \/><\/p>\n<p>izvor: SANA<\/p>\n","protected":false},"excerpt":{"rendered":"<p>U eminentnom muzeju, Ku\u0107i kralja Petra Prvog na Savskom vijencu u Beogradu sino\u0107 je sve\u010dano otvorena izlo\u017eba studentskih radova od prve do \u010detvrte godine Deprtmana umjetnosti Internacionalnog univerziteta. Jo\u0161 jedan primjer kako etika i estetika jedna bez druge ne mogu. Promocija dobrih vrijednosti, kulture, obrazovanja, stvarala\u0161tva, umjetnosti i mladosti studenata. &#8211; Svim tim ljudima koji [&hellip;]<\/p>\n","protected":false},"author":509,"featured_media":230017,"comment_status":"open","ping_status":"open","sticky":false,"template":"","format":"standard","meta":{"footnotes":""},"categories":[72,10307,5,8957],"tags":[10272],"class_list":{"0":"post-230016","1":"post","2":"type-post","3":"status-publish","4":"format-standard","5":"has-post-thumbnail","7":"category-novi-pazar","8":"category-srbija","9":"category-drustvo","10":"category-vijesti-dana","11":"tag-internacionalni-univerzitet-u-novom-pazaru"},"yoast_head":"<!-- This site is optimized with the Yoast SEO Premium plugin v23.1 (Yoast SEO v24.9) - https:\/\/yoast.com\/wordpress\/plugins\/seo\/ -->\n<title>U Beogradu otvorena izlo\u017eba radova studenata IUNP-a<\/title>\n<meta name=\"robots\" content=\"index, follow, max-snippet:-1, max-image-preview:large, max-video-preview:-1\" \/>\n<link rel=\"canonical\" href=\"https:\/\/sandzakpress.net\/arhiva\/u-beogradu-otvorena-izlozba-radova-studenata-iunp-a\/\" \/>\n<meta property=\"og:locale\" content=\"bs_BA\" \/>\n<meta property=\"og:type\" content=\"article\" \/>\n<meta property=\"og:title\" content=\"U Beogradu otvorena izlo\u017eba radova studenata IUNP-a\" \/>\n<meta property=\"og:description\" content=\"U eminentnom muzeju, Ku\u0107i kralja Petra Prvog na Savskom vijencu u Beogradu sino\u0107 je sve\u010dano otvorena izlo\u017eba studentskih radova od prve do \u010detvrte godine Deprtmana umjetnosti Internacionalnog univerziteta. Jo\u0161 jedan primjer kako etika i estetika jedna bez druge ne mogu. Promocija dobrih vrijednosti, kulture, obrazovanja, stvarala\u0161tva, umjetnosti i mladosti studenata. &#8211; Svim tim ljudima koji [&hellip;]\" \/>\n<meta property=\"og:url\" content=\"https:\/\/sandzakpress.net\/arhiva\/u-beogradu-otvorena-izlozba-radova-studenata-iunp-a\/\" \/>\n<meta property=\"og:site_name\" content=\"Sand\u017eak PRESS\" \/>\n<meta property=\"article:published_time\" content=\"2019-10-29T17:32:04+00:00\" \/>\n<meta property=\"og:image\" content=\"https:\/\/sandzakpress.net\/arhiva\/wp-content\/uploads\/2019\/10\/1-17-1.jpg\" \/>\n\t<meta property=\"og:image:width\" content=\"2048\" \/>\n\t<meta property=\"og:image:height\" content=\"1365\" \/>\n\t<meta property=\"og:image:type\" content=\"image\/jpeg\" \/>\n<meta name=\"author\" content=\"Agencija\" \/>\n<meta name=\"twitter:card\" content=\"summary_large_image\" \/>\n<meta name=\"twitter:label1\" content=\"Written by\" \/>\n\t<meta name=\"twitter:data1\" content=\"Agencija\" \/>\n\t<meta name=\"twitter:label2\" content=\"Est. reading time\" \/>\n\t<meta name=\"twitter:data2\" content=\"4 minute\" \/>\n<script type=\"application\/ld+json\" class=\"yoast-schema-graph\">{\"@context\":\"https:\/\/schema.org\",\"@graph\":[{\"@type\":\"Article\",\"@id\":\"https:\/\/sandzakpress.net\/arhiva\/u-beogradu-otvorena-izlozba-radova-studenata-iunp-a\/#article\",\"isPartOf\":{\"@id\":\"https:\/\/sandzakpress.net\/arhiva\/u-beogradu-otvorena-izlozba-radova-studenata-iunp-a\/\"},\"author\":{\"name\":\"Agencija\",\"@id\":\"https:\/\/sandzakpress.net\/arhiva\/#\/schema\/person\/cb59d7e3ab91ab90dd680ad0305a6185\"},\"headline\":\"U Beogradu otvorena izlo\u017eba radova studenata IUNP-a\",\"datePublished\":\"2019-10-29T17:32:04+00:00\",\"mainEntityOfPage\":{\"@id\":\"https:\/\/sandzakpress.net\/arhiva\/u-beogradu-otvorena-izlozba-radova-studenata-iunp-a\/\"},\"wordCount\":748,\"commentCount\":0,\"publisher\":{\"@id\":\"https:\/\/sandzakpress.net\/arhiva\/#\/schema\/person\/6e72b67d6e51910a1117b3b483ba20bd\"},\"image\":{\"@id\":\"https:\/\/sandzakpress.net\/arhiva\/u-beogradu-otvorena-izlozba-radova-studenata-iunp-a\/#primaryimage\"},\"thumbnailUrl\":\"https:\/\/sandzakpress.net\/arhiva\/wp-content\/uploads\/2019\/10\/1-17-1.jpg\",\"keywords\":[\"Internacionalni univerzitet u Novom Pazaru\"],\"articleSection\":[\"Novi Pazar\",\"Srbija\",\"Dru\u0161tvo\",\"VIJESTI DANA\"],\"inLanguage\":\"bs-BA\",\"potentialAction\":[{\"@type\":\"CommentAction\",\"name\":\"Comment\",\"target\":[\"https:\/\/sandzakpress.net\/arhiva\/u-beogradu-otvorena-izlozba-radova-studenata-iunp-a\/#respond\"]}]},{\"@type\":\"WebPage\",\"@id\":\"https:\/\/sandzakpress.net\/arhiva\/u-beogradu-otvorena-izlozba-radova-studenata-iunp-a\/\",\"url\":\"https:\/\/sandzakpress.net\/arhiva\/u-beogradu-otvorena-izlozba-radova-studenata-iunp-a\/\",\"name\":\"U Beogradu otvorena izlo\u017eba radova studenata IUNP-a\",\"isPartOf\":{\"@id\":\"https:\/\/sandzakpress.net\/arhiva\/#website\"},\"primaryImageOfPage\":{\"@id\":\"https:\/\/sandzakpress.net\/arhiva\/u-beogradu-otvorena-izlozba-radova-studenata-iunp-a\/#primaryimage\"},\"image\":{\"@id\":\"https:\/\/sandzakpress.net\/arhiva\/u-beogradu-otvorena-izlozba-radova-studenata-iunp-a\/#primaryimage\"},\"thumbnailUrl\":\"https:\/\/sandzakpress.net\/arhiva\/wp-content\/uploads\/2019\/10\/1-17-1.jpg\",\"datePublished\":\"2019-10-29T17:32:04+00:00\",\"breadcrumb\":{\"@id\":\"https:\/\/sandzakpress.net\/arhiva\/u-beogradu-otvorena-izlozba-radova-studenata-iunp-a\/#breadcrumb\"},\"inLanguage\":\"bs-BA\",\"potentialAction\":[{\"@type\":\"ReadAction\",\"target\":[\"https:\/\/sandzakpress.net\/arhiva\/u-beogradu-otvorena-izlozba-radova-studenata-iunp-a\/\"]}]},{\"@type\":\"ImageObject\",\"inLanguage\":\"bs-BA\",\"@id\":\"https:\/\/sandzakpress.net\/arhiva\/u-beogradu-otvorena-izlozba-radova-studenata-iunp-a\/#primaryimage\",\"url\":\"https:\/\/sandzakpress.net\/arhiva\/wp-content\/uploads\/2019\/10\/1-17-1.jpg\",\"contentUrl\":\"https:\/\/sandzakpress.net\/arhiva\/wp-content\/uploads\/2019\/10\/1-17-1.jpg\",\"width\":2048,\"height\":1365},{\"@type\":\"BreadcrumbList\",\"@id\":\"https:\/\/sandzakpress.net\/arhiva\/u-beogradu-otvorena-izlozba-radova-studenata-iunp-a\/#breadcrumb\",\"itemListElement\":[{\"@type\":\"ListItem\",\"position\":1,\"name\":\"Home\",\"item\":\"https:\/\/sandzakpress.net\/arhiva\/\"},{\"@type\":\"ListItem\",\"position\":2,\"name\":\"U Beogradu otvorena izlo\u017eba radova studenata IUNP-a\"}]},{\"@type\":\"WebSite\",\"@id\":\"https:\/\/sandzakpress.net\/arhiva\/#website\",\"url\":\"https:\/\/sandzakpress.net\/arhiva\/\",\"name\":\"Sand\u017eak PRESS\",\"description\":\"Prve elektronske novine u Sand\u017eaku\",\"publisher\":{\"@id\":\"https:\/\/sandzakpress.net\/arhiva\/#\/schema\/person\/6e72b67d6e51910a1117b3b483ba20bd\"},\"potentialAction\":[{\"@type\":\"SearchAction\",\"target\":{\"@type\":\"EntryPoint\",\"urlTemplate\":\"https:\/\/sandzakpress.net\/arhiva\/?s={search_term_string}\"},\"query-input\":{\"@type\":\"PropertyValueSpecification\",\"valueRequired\":true,\"valueName\":\"search_term_string\"}}],\"inLanguage\":\"bs-BA\"},{\"@type\":[\"Person\",\"Organization\"],\"@id\":\"https:\/\/sandzakpress.net\/arhiva\/#\/schema\/person\/6e72b67d6e51910a1117b3b483ba20bd\",\"name\":\"Kul\",\"image\":{\"@type\":\"ImageObject\",\"inLanguage\":\"bs-BA\",\"@id\":\"https:\/\/sandzakpress.net\/arhiva\/#\/schema\/person\/image\/\",\"url\":\"https:\/\/secure.gravatar.com\/avatar\/42263f39aa27ac04c43cab85c280eb2e?s=96&d=mm&r=pg\",\"contentUrl\":\"https:\/\/secure.gravatar.com\/avatar\/42263f39aa27ac04c43cab85c280eb2e?s=96&d=mm&r=pg\",\"caption\":\"Kul\"},\"logo\":{\"@id\":\"https:\/\/sandzakpress.net\/arhiva\/#\/schema\/person\/image\/\"}},{\"@type\":\"Person\",\"@id\":\"https:\/\/sandzakpress.net\/arhiva\/#\/schema\/person\/cb59d7e3ab91ab90dd680ad0305a6185\",\"name\":\"Agencija\",\"image\":{\"@type\":\"ImageObject\",\"inLanguage\":\"bs-BA\",\"@id\":\"https:\/\/sandzakpress.net\/arhiva\/#\/schema\/person\/image\/\",\"url\":\"https:\/\/secure.gravatar.com\/avatar\/4b7fafa80a22f0c2afe23966b3961fe0?s=96&d=mm&r=pg\",\"contentUrl\":\"https:\/\/secure.gravatar.com\/avatar\/4b7fafa80a22f0c2afe23966b3961fe0?s=96&d=mm&r=pg\",\"caption\":\"Agencija\"},\"url\":\"https:\/\/sandzakpress.net\/arhiva\/author\/agencija\/\"}]}<\/script>\n<!-- \/ Yoast SEO Premium plugin. -->","yoast_head_json":{"title":"U Beogradu otvorena izlo\u017eba radova studenata IUNP-a","robots":{"index":"index","follow":"follow","max-snippet":"max-snippet:-1","max-image-preview":"max-image-preview:large","max-video-preview":"max-video-preview:-1"},"canonical":"https:\/\/sandzakpress.net\/arhiva\/u-beogradu-otvorena-izlozba-radova-studenata-iunp-a\/","og_locale":"bs_BA","og_type":"article","og_title":"U Beogradu otvorena izlo\u017eba radova studenata IUNP-a","og_description":"U eminentnom muzeju, Ku\u0107i kralja Petra Prvog na Savskom vijencu u Beogradu sino\u0107 je sve\u010dano otvorena izlo\u017eba studentskih radova od prve do \u010detvrte godine Deprtmana umjetnosti Internacionalnog univerziteta. Jo\u0161 jedan primjer kako etika i estetika jedna bez druge ne mogu. Promocija dobrih vrijednosti, kulture, obrazovanja, stvarala\u0161tva, umjetnosti i mladosti studenata. &#8211; Svim tim ljudima koji [&hellip;]","og_url":"https:\/\/sandzakpress.net\/arhiva\/u-beogradu-otvorena-izlozba-radova-studenata-iunp-a\/","og_site_name":"Sand\u017eak PRESS","article_published_time":"2019-10-29T17:32:04+00:00","og_image":[{"width":2048,"height":1365,"url":"https:\/\/sandzakpress.net\/arhiva\/wp-content\/uploads\/2019\/10\/1-17-1.jpg","type":"image\/jpeg"}],"author":"Agencija","twitter_card":"summary_large_image","twitter_misc":{"Written by":"Agencija","Est. reading time":"4 minute"},"schema":{"@context":"https:\/\/schema.org","@graph":[{"@type":"Article","@id":"https:\/\/sandzakpress.net\/arhiva\/u-beogradu-otvorena-izlozba-radova-studenata-iunp-a\/#article","isPartOf":{"@id":"https:\/\/sandzakpress.net\/arhiva\/u-beogradu-otvorena-izlozba-radova-studenata-iunp-a\/"},"author":{"name":"Agencija","@id":"https:\/\/sandzakpress.net\/arhiva\/#\/schema\/person\/cb59d7e3ab91ab90dd680ad0305a6185"},"headline":"U Beogradu otvorena izlo\u017eba radova studenata IUNP-a","datePublished":"2019-10-29T17:32:04+00:00","mainEntityOfPage":{"@id":"https:\/\/sandzakpress.net\/arhiva\/u-beogradu-otvorena-izlozba-radova-studenata-iunp-a\/"},"wordCount":748,"commentCount":0,"publisher":{"@id":"https:\/\/sandzakpress.net\/arhiva\/#\/schema\/person\/6e72b67d6e51910a1117b3b483ba20bd"},"image":{"@id":"https:\/\/sandzakpress.net\/arhiva\/u-beogradu-otvorena-izlozba-radova-studenata-iunp-a\/#primaryimage"},"thumbnailUrl":"https:\/\/sandzakpress.net\/arhiva\/wp-content\/uploads\/2019\/10\/1-17-1.jpg","keywords":["Internacionalni univerzitet u Novom Pazaru"],"articleSection":["Novi Pazar","Srbija","Dru\u0161tvo","VIJESTI DANA"],"inLanguage":"bs-BA","potentialAction":[{"@type":"CommentAction","name":"Comment","target":["https:\/\/sandzakpress.net\/arhiva\/u-beogradu-otvorena-izlozba-radova-studenata-iunp-a\/#respond"]}]},{"@type":"WebPage","@id":"https:\/\/sandzakpress.net\/arhiva\/u-beogradu-otvorena-izlozba-radova-studenata-iunp-a\/","url":"https:\/\/sandzakpress.net\/arhiva\/u-beogradu-otvorena-izlozba-radova-studenata-iunp-a\/","name":"U Beogradu otvorena izlo\u017eba radova studenata IUNP-a","isPartOf":{"@id":"https:\/\/sandzakpress.net\/arhiva\/#website"},"primaryImageOfPage":{"@id":"https:\/\/sandzakpress.net\/arhiva\/u-beogradu-otvorena-izlozba-radova-studenata-iunp-a\/#primaryimage"},"image":{"@id":"https:\/\/sandzakpress.net\/arhiva\/u-beogradu-otvorena-izlozba-radova-studenata-iunp-a\/#primaryimage"},"thumbnailUrl":"https:\/\/sandzakpress.net\/arhiva\/wp-content\/uploads\/2019\/10\/1-17-1.jpg","datePublished":"2019-10-29T17:32:04+00:00","breadcrumb":{"@id":"https:\/\/sandzakpress.net\/arhiva\/u-beogradu-otvorena-izlozba-radova-studenata-iunp-a\/#breadcrumb"},"inLanguage":"bs-BA","potentialAction":[{"@type":"ReadAction","target":["https:\/\/sandzakpress.net\/arhiva\/u-beogradu-otvorena-izlozba-radova-studenata-iunp-a\/"]}]},{"@type":"ImageObject","inLanguage":"bs-BA","@id":"https:\/\/sandzakpress.net\/arhiva\/u-beogradu-otvorena-izlozba-radova-studenata-iunp-a\/#primaryimage","url":"https:\/\/sandzakpress.net\/arhiva\/wp-content\/uploads\/2019\/10\/1-17-1.jpg","contentUrl":"https:\/\/sandzakpress.net\/arhiva\/wp-content\/uploads\/2019\/10\/1-17-1.jpg","width":2048,"height":1365},{"@type":"BreadcrumbList","@id":"https:\/\/sandzakpress.net\/arhiva\/u-beogradu-otvorena-izlozba-radova-studenata-iunp-a\/#breadcrumb","itemListElement":[{"@type":"ListItem","position":1,"name":"Home","item":"https:\/\/sandzakpress.net\/arhiva\/"},{"@type":"ListItem","position":2,"name":"U Beogradu otvorena izlo\u017eba radova studenata IUNP-a"}]},{"@type":"WebSite","@id":"https:\/\/sandzakpress.net\/arhiva\/#website","url":"https:\/\/sandzakpress.net\/arhiva\/","name":"Sand\u017eak PRESS","description":"Prve elektronske novine u Sand\u017eaku","publisher":{"@id":"https:\/\/sandzakpress.net\/arhiva\/#\/schema\/person\/6e72b67d6e51910a1117b3b483ba20bd"},"potentialAction":[{"@type":"SearchAction","target":{"@type":"EntryPoint","urlTemplate":"https:\/\/sandzakpress.net\/arhiva\/?s={search_term_string}"},"query-input":{"@type":"PropertyValueSpecification","valueRequired":true,"valueName":"search_term_string"}}],"inLanguage":"bs-BA"},{"@type":["Person","Organization"],"@id":"https:\/\/sandzakpress.net\/arhiva\/#\/schema\/person\/6e72b67d6e51910a1117b3b483ba20bd","name":"Kul","image":{"@type":"ImageObject","inLanguage":"bs-BA","@id":"https:\/\/sandzakpress.net\/arhiva\/#\/schema\/person\/image\/","url":"https:\/\/secure.gravatar.com\/avatar\/42263f39aa27ac04c43cab85c280eb2e?s=96&d=mm&r=pg","contentUrl":"https:\/\/secure.gravatar.com\/avatar\/42263f39aa27ac04c43cab85c280eb2e?s=96&d=mm&r=pg","caption":"Kul"},"logo":{"@id":"https:\/\/sandzakpress.net\/arhiva\/#\/schema\/person\/image\/"}},{"@type":"Person","@id":"https:\/\/sandzakpress.net\/arhiva\/#\/schema\/person\/cb59d7e3ab91ab90dd680ad0305a6185","name":"Agencija","image":{"@type":"ImageObject","inLanguage":"bs-BA","@id":"https:\/\/sandzakpress.net\/arhiva\/#\/schema\/person\/image\/","url":"https:\/\/secure.gravatar.com\/avatar\/4b7fafa80a22f0c2afe23966b3961fe0?s=96&d=mm&r=pg","contentUrl":"https:\/\/secure.gravatar.com\/avatar\/4b7fafa80a22f0c2afe23966b3961fe0?s=96&d=mm&r=pg","caption":"Agencija"},"url":"https:\/\/sandzakpress.net\/arhiva\/author\/agencija\/"}]}},"_links":{"self":[{"href":"https:\/\/sandzakpress.net\/arhiva\/wp-json\/wp\/v2\/posts\/230016"}],"collection":[{"href":"https:\/\/sandzakpress.net\/arhiva\/wp-json\/wp\/v2\/posts"}],"about":[{"href":"https:\/\/sandzakpress.net\/arhiva\/wp-json\/wp\/v2\/types\/post"}],"author":[{"embeddable":true,"href":"https:\/\/sandzakpress.net\/arhiva\/wp-json\/wp\/v2\/users\/509"}],"replies":[{"embeddable":true,"href":"https:\/\/sandzakpress.net\/arhiva\/wp-json\/wp\/v2\/comments?post=230016"}],"version-history":[{"count":0,"href":"https:\/\/sandzakpress.net\/arhiva\/wp-json\/wp\/v2\/posts\/230016\/revisions"}],"wp:featuredmedia":[{"embeddable":true,"href":"https:\/\/sandzakpress.net\/arhiva\/wp-json\/wp\/v2\/media\/230017"}],"wp:attachment":[{"href":"https:\/\/sandzakpress.net\/arhiva\/wp-json\/wp\/v2\/media?parent=230016"}],"wp:term":[{"taxonomy":"category","embeddable":true,"href":"https:\/\/sandzakpress.net\/arhiva\/wp-json\/wp\/v2\/categories?post=230016"},{"taxonomy":"post_tag","embeddable":true,"href":"https:\/\/sandzakpress.net\/arhiva\/wp-json\/wp\/v2\/tags?post=230016"}],"curies":[{"name":"wp","href":"https:\/\/api.w.org\/{rel}","templated":true}]}}