{"id":230004,"date":"2019-10-29T13:52:48","date_gmt":"2019-10-29T12:52:48","guid":{"rendered":"https:\/\/sandzakpress.net\/arhiva\/?p=230004"},"modified":"2019-10-29T13:52:48","modified_gmt":"2019-10-29T12:52:48","slug":"mladi-izradili-analizu-polozaja-mladih-i-njihovih-potreba-u-plavu-gusinju-i-andrijevici","status":"publish","type":"post","link":"https:\/\/sandzakpress.net\/arhiva\/mladi-izradili-analizu-polozaja-mladih-i-njihovih-potreba-u-plavu-gusinju-i-andrijevici\/","title":{"rendered":"Mladi izradili analizu polo\u017eaja mladih i njihovih potreba u Plavu, Gusinju i Andrijevici"},"content":{"rendered":"<p><img decoding=\"async\" src=\"https:\/\/publisher-publish.s3.eu-central-1.amazonaws.com\/pb-vijesti\/swp\/9sju0v\/media\/20191024111016_0e91f699-6598-4655-b831-84dbd7e6d80d.jpeg\" alt=\"Mladi u Andrijevici\" \/><\/p>\n<p><strong>SOS telefon za \u017eene i djecu \u017ertve nasilja Podgorica i Plav, su u okviru projekta \u201e Biram da se pitam\u201c organizovali niz aktivnosti u cilju unaprje\u0111enja polo\u017eaja mladih, kroz njihovo direktno aktivno u\u010de\u0161\u0107e u procesima kreiranja i sprovo\u0111enja javnih politika u Plavu, Gusinju i Andrijevici, navodi se u \u00a0njihovom saop\u0161tenju. \u00a0Kako navode, \u00a0kju\u010dni akteri u projektu su bili mladi iz navedenih op\u0161tina, koji su kroz specifi\u010dne obuke stekli znanja i vje\u0161tine na temu aktvizma i savremenih principa javnog zastupanja.<\/strong><\/p>\n<p>\u00a0Kako navode, polaznici obuka su ste\u010dena znanja iskoristili relizuju\u0107i radionice\/fokus grupe sa vr\u0161njacima u svojim zajednicama tokom kojih su razgovarali o problemima sa kojima se susre\u0107u, a ti\u010du se uklju\u010denosti mladih u aktivnosti koji se de\u0161avaju u njihovom gradu i drzavi, nedostatku kulturnih aktivnosti i anga\u017eovanosti mladih na tom polju, neinformisanosti, kao i bezbjednosti mladih u njihovoj lokalnoj zajednici. \u00a0<\/p>\n<p>&#8220;Zahvaljuju\u0107i informacijama dobijenim od svojih vr\u0161njaka u\u010desnici programa su izradili analizu polo\u017eaja mladih i njihovih potreba, koju su prezentovali na sastancima sa predsjednicima op\u0161tina Andrijevice i Plava i predsjednicom op\u0161tine Gusinje&#8221;, saop\u0161teno je iz SOS Telefon za \u00a0djecu i \u017eene \u017ertve \u00a0nasilja.\u00a0<\/p>\n<p>U saop\u0161tenju se dodaje da su sastanci odr\u017eani 23. i 24. oktobra i da se \u00a0razgovaralo \u00a0o polo\u017eaju mladih ali i budu\u0107im zajedni\u010dkim inicijativama koje bi odgovorile na potrebe mladih u navedenim op\u0161tinama. \u00a0<\/p>\n<p>\u00a0Kako dalje navode, predsjednica op\u0161tine Gusinje \u00a0Anela \u010ceki\u0107 izrazila je veliko zadovoljstvo \u0161to su istaknuti predlozi i inicijative pokrenute od strane upravo mladih ljudi, slo\u017eila se sa svim informacijama koje su joj prezentovane i obe\u0107ala punu podr\u0161ku aktivnostima koje \u0107e sprovoditi mladi u ovoj op\u0161tini. \u00a0\u00a0<\/p>\n<p>Predjednik op\u0161tine Plav, \u00a0Mirsad Bajraktarevic istakao je zna\u010daj anga\u017eovanja mladih zasnovanog na jednakosti i multikulturalnosti. Iste \u017eelje i potrebe kvalitetnog su\u017eivota povezale su ove mlade ljude, a iskustvo i podr\u0161ka starijih, posebno zaposlenih u lokalnoj upravi sigurno ne\u0107e izostati, dodao je \u00a0gospodin Barjaktarevi\u0107, isti\u010du\u0107i da je \u00a0neophodno da mladi ljudi daju doprinos razvoju zajednice i kroz gra\u0111anski aktivizam a ne samo \u00a0politi\u010dki anga\u017eman, prenose u saop\u0161tenju.<\/p>\n<p>Predsjednik op\u0161tine Andrijevica, \u00a0Sr\u0111an Ma\u0161ovi\u0107 je iskazao zadovoljstvo \u0161to su ba\u0161 mladi bili inicijatori ovog sastanka.<\/p>\n<p>&#8221; U potpunosti je podr\u017eao ideju o organizovanom djelovanju mladih u Andrijevici kroz formiranje udru\u017eenja, izradi lokalnog plana za mlade i osnivanje omladinskog kluba. Istakao je \u00a0da je op\u0161tina Andrijevica spremna da podr\u017ei ideje mladih, te da uspje\u0161nost budu\u0107e saradnje zavisi isklju\u010divo od motivisanosti i \u017eelje mladih Andrijevice da se aktivnije uklju\u010de u \u017eivot zajednice&#8221;, pi\u0161e u saop\u0161tenju.<\/p>\n<p>Projekat \u201e Biram da se pitam\u201c realizovan je uz finansijsku podr\u0161ku Ministarstva sporta i mladih, a njegovi klju\u010dni ciljevi su bili informisanje i motivisanje mladih da u\u010destvuju u procesu dono\u0161enja odluka, ja\u010danje kapaciteta mladih za u\u010de\u0161\u0107e u procesu kreiranja i sprovo\u0111enja javnih politika od va\u017enosti za mlade kao i sprovo\u0111enje akcija direktno od strane mladih i od interesa za mlade, zaklju\u010duje se u saop\u0161tenju SOS telefon za djecu i \u017eene \u017ertve nasilja.<\/p>\n","protected":false},"excerpt":{"rendered":"<p>SOS telefon za \u017eene i djecu \u017ertve nasilja Podgorica i Plav, su u okviru projekta \u201e Biram da se pitam\u201c organizovali niz aktivnosti u cilju unaprje\u0111enja polo\u017eaja mladih, kroz njihovo direktno aktivno u\u010de\u0161\u0107e u procesima kreiranja i sprovo\u0111enja javnih politika u Plavu, Gusinju i Andrijevici, navodi se u \u00a0njihovom saop\u0161tenju. \u00a0Kako navode, \u00a0kju\u010dni akteri u [&hellip;]<\/p>\n","protected":false},"author":509,"featured_media":230005,"comment_status":"open","ping_status":"open","sticky":false,"template":"","format":"standard","meta":{"footnotes":""},"categories":[399,5,10173],"tags":[],"class_list":{"0":"post-230004","1":"post","2":"type-post","3":"status-publish","4":"format-standard","5":"has-post-thumbnail","7":"category-plav_","8":"category-drustvo","9":"category-gusinje-vase-vijesti"},"yoast_head":"<!-- This site is optimized with the Yoast SEO Premium plugin v23.1 (Yoast SEO v24.9) - https:\/\/yoast.com\/wordpress\/plugins\/seo\/ -->\n<title>Mladi izradili analizu polo\u017eaja mladih i njihovih potreba u Plavu, Gusinju i Andrijevici<\/title>\n<meta name=\"robots\" content=\"index, follow, max-snippet:-1, max-image-preview:large, max-video-preview:-1\" \/>\n<link rel=\"canonical\" href=\"https:\/\/sandzakpress.net\/arhiva\/mladi-izradili-analizu-polozaja-mladih-i-njihovih-potreba-u-plavu-gusinju-i-andrijevici\/\" \/>\n<meta property=\"og:locale\" content=\"bs_BA\" \/>\n<meta property=\"og:type\" content=\"article\" \/>\n<meta property=\"og:title\" content=\"Mladi izradili analizu polo\u017eaja mladih i njihovih potreba u Plavu, Gusinju i Andrijevici\" \/>\n<meta property=\"og:description\" content=\"SOS telefon za \u017eene i djecu \u017ertve nasilja Podgorica i Plav, su u okviru projekta \u201e Biram da se pitam\u201c organizovali niz aktivnosti u cilju unaprje\u0111enja polo\u017eaja mladih, kroz njihovo direktno aktivno u\u010de\u0161\u0107e u procesima kreiranja i sprovo\u0111enja javnih politika u Plavu, Gusinju i Andrijevici, navodi se u \u00a0njihovom saop\u0161tenju. \u00a0Kako navode, \u00a0kju\u010dni akteri u [&hellip;]\" \/>\n<meta property=\"og:url\" content=\"https:\/\/sandzakpress.net\/arhiva\/mladi-izradili-analizu-polozaja-mladih-i-njihovih-potreba-u-plavu-gusinju-i-andrijevici\/\" \/>\n<meta property=\"og:site_name\" content=\"Sand\u017eak PRESS\" \/>\n<meta property=\"article:published_time\" content=\"2019-10-29T12:52:48+00:00\" \/>\n<meta property=\"og:image\" content=\"https:\/\/sandzakpress.net\/arhiva\/wp-content\/uploads\/2019\/10\/20191024111016_0e91f699-6598-4655-b831-84dbd7e6d80d.jpeg.jpg\" \/>\n\t<meta property=\"og:image:width\" content=\"800\" \/>\n\t<meta property=\"og:image:height\" content=\"385\" \/>\n\t<meta property=\"og:image:type\" content=\"image\/jpeg\" \/>\n<meta name=\"author\" content=\"Agencija\" \/>\n<meta name=\"twitter:card\" content=\"summary_large_image\" \/>\n<meta name=\"twitter:label1\" content=\"Written by\" \/>\n\t<meta name=\"twitter:data1\" content=\"Agencija\" \/>\n\t<meta name=\"twitter:label2\" content=\"Est. reading time\" \/>\n\t<meta name=\"twitter:data2\" content=\"3 minute\" \/>\n<script type=\"application\/ld+json\" class=\"yoast-schema-graph\">{\"@context\":\"https:\/\/schema.org\",\"@graph\":[{\"@type\":\"Article\",\"@id\":\"https:\/\/sandzakpress.net\/arhiva\/mladi-izradili-analizu-polozaja-mladih-i-njihovih-potreba-u-plavu-gusinju-i-andrijevici\/#article\",\"isPartOf\":{\"@id\":\"https:\/\/sandzakpress.net\/arhiva\/mladi-izradili-analizu-polozaja-mladih-i-njihovih-potreba-u-plavu-gusinju-i-andrijevici\/\"},\"author\":{\"name\":\"Agencija\",\"@id\":\"https:\/\/sandzakpress.net\/arhiva\/#\/schema\/person\/cb59d7e3ab91ab90dd680ad0305a6185\"},\"headline\":\"Mladi izradili analizu polo\u017eaja mladih i njihovih potreba u Plavu, Gusinju i Andrijevici\",\"datePublished\":\"2019-10-29T12:52:48+00:00\",\"mainEntityOfPage\":{\"@id\":\"https:\/\/sandzakpress.net\/arhiva\/mladi-izradili-analizu-polozaja-mladih-i-njihovih-potreba-u-plavu-gusinju-i-andrijevici\/\"},\"wordCount\":553,\"commentCount\":0,\"publisher\":{\"@id\":\"https:\/\/sandzakpress.net\/arhiva\/#\/schema\/person\/6e72b67d6e51910a1117b3b483ba20bd\"},\"image\":{\"@id\":\"https:\/\/sandzakpress.net\/arhiva\/mladi-izradili-analizu-polozaja-mladih-i-njihovih-potreba-u-plavu-gusinju-i-andrijevici\/#primaryimage\"},\"thumbnailUrl\":\"https:\/\/sandzakpress.net\/arhiva\/wp-content\/uploads\/2019\/10\/20191024111016_0e91f699-6598-4655-b831-84dbd7e6d80d.jpeg.jpg\",\"articleSection\":[\"Plav\",\"Dru\u0161tvo\",\"Gusinje\"],\"inLanguage\":\"bs-BA\",\"potentialAction\":[{\"@type\":\"CommentAction\",\"name\":\"Comment\",\"target\":[\"https:\/\/sandzakpress.net\/arhiva\/mladi-izradili-analizu-polozaja-mladih-i-njihovih-potreba-u-plavu-gusinju-i-andrijevici\/#respond\"]}]},{\"@type\":\"WebPage\",\"@id\":\"https:\/\/sandzakpress.net\/arhiva\/mladi-izradili-analizu-polozaja-mladih-i-njihovih-potreba-u-plavu-gusinju-i-andrijevici\/\",\"url\":\"https:\/\/sandzakpress.net\/arhiva\/mladi-izradili-analizu-polozaja-mladih-i-njihovih-potreba-u-plavu-gusinju-i-andrijevici\/\",\"name\":\"Mladi izradili analizu polo\u017eaja mladih i njihovih potreba u Plavu, Gusinju i Andrijevici\",\"isPartOf\":{\"@id\":\"https:\/\/sandzakpress.net\/arhiva\/#website\"},\"primaryImageOfPage\":{\"@id\":\"https:\/\/sandzakpress.net\/arhiva\/mladi-izradili-analizu-polozaja-mladih-i-njihovih-potreba-u-plavu-gusinju-i-andrijevici\/#primaryimage\"},\"image\":{\"@id\":\"https:\/\/sandzakpress.net\/arhiva\/mladi-izradili-analizu-polozaja-mladih-i-njihovih-potreba-u-plavu-gusinju-i-andrijevici\/#primaryimage\"},\"thumbnailUrl\":\"https:\/\/sandzakpress.net\/arhiva\/wp-content\/uploads\/2019\/10\/20191024111016_0e91f699-6598-4655-b831-84dbd7e6d80d.jpeg.jpg\",\"datePublished\":\"2019-10-29T12:52:48+00:00\",\"breadcrumb\":{\"@id\":\"https:\/\/sandzakpress.net\/arhiva\/mladi-izradili-analizu-polozaja-mladih-i-njihovih-potreba-u-plavu-gusinju-i-andrijevici\/#breadcrumb\"},\"inLanguage\":\"bs-BA\",\"potentialAction\":[{\"@type\":\"ReadAction\",\"target\":[\"https:\/\/sandzakpress.net\/arhiva\/mladi-izradili-analizu-polozaja-mladih-i-njihovih-potreba-u-plavu-gusinju-i-andrijevici\/\"]}]},{\"@type\":\"ImageObject\",\"inLanguage\":\"bs-BA\",\"@id\":\"https:\/\/sandzakpress.net\/arhiva\/mladi-izradili-analizu-polozaja-mladih-i-njihovih-potreba-u-plavu-gusinju-i-andrijevici\/#primaryimage\",\"url\":\"https:\/\/sandzakpress.net\/arhiva\/wp-content\/uploads\/2019\/10\/20191024111016_0e91f699-6598-4655-b831-84dbd7e6d80d.jpeg.jpg\",\"contentUrl\":\"https:\/\/sandzakpress.net\/arhiva\/wp-content\/uploads\/2019\/10\/20191024111016_0e91f699-6598-4655-b831-84dbd7e6d80d.jpeg.jpg\",\"width\":800,\"height\":385},{\"@type\":\"BreadcrumbList\",\"@id\":\"https:\/\/sandzakpress.net\/arhiva\/mladi-izradili-analizu-polozaja-mladih-i-njihovih-potreba-u-plavu-gusinju-i-andrijevici\/#breadcrumb\",\"itemListElement\":[{\"@type\":\"ListItem\",\"position\":1,\"name\":\"Home\",\"item\":\"https:\/\/sandzakpress.net\/arhiva\/\"},{\"@type\":\"ListItem\",\"position\":2,\"name\":\"Mladi izradili analizu polo\u017eaja mladih i njihovih potreba u Plavu, Gusinju i Andrijevici\"}]},{\"@type\":\"WebSite\",\"@id\":\"https:\/\/sandzakpress.net\/arhiva\/#website\",\"url\":\"https:\/\/sandzakpress.net\/arhiva\/\",\"name\":\"Sand\u017eak PRESS\",\"description\":\"Prve elektronske novine u Sand\u017eaku\",\"publisher\":{\"@id\":\"https:\/\/sandzakpress.net\/arhiva\/#\/schema\/person\/6e72b67d6e51910a1117b3b483ba20bd\"},\"potentialAction\":[{\"@type\":\"SearchAction\",\"target\":{\"@type\":\"EntryPoint\",\"urlTemplate\":\"https:\/\/sandzakpress.net\/arhiva\/?s={search_term_string}\"},\"query-input\":{\"@type\":\"PropertyValueSpecification\",\"valueRequired\":true,\"valueName\":\"search_term_string\"}}],\"inLanguage\":\"bs-BA\"},{\"@type\":[\"Person\",\"Organization\"],\"@id\":\"https:\/\/sandzakpress.net\/arhiva\/#\/schema\/person\/6e72b67d6e51910a1117b3b483ba20bd\",\"name\":\"Kul\",\"image\":{\"@type\":\"ImageObject\",\"inLanguage\":\"bs-BA\",\"@id\":\"https:\/\/sandzakpress.net\/arhiva\/#\/schema\/person\/image\/\",\"url\":\"https:\/\/secure.gravatar.com\/avatar\/42263f39aa27ac04c43cab85c280eb2e?s=96&d=mm&r=pg\",\"contentUrl\":\"https:\/\/secure.gravatar.com\/avatar\/42263f39aa27ac04c43cab85c280eb2e?s=96&d=mm&r=pg\",\"caption\":\"Kul\"},\"logo\":{\"@id\":\"https:\/\/sandzakpress.net\/arhiva\/#\/schema\/person\/image\/\"}},{\"@type\":\"Person\",\"@id\":\"https:\/\/sandzakpress.net\/arhiva\/#\/schema\/person\/cb59d7e3ab91ab90dd680ad0305a6185\",\"name\":\"Agencija\",\"image\":{\"@type\":\"ImageObject\",\"inLanguage\":\"bs-BA\",\"@id\":\"https:\/\/sandzakpress.net\/arhiva\/#\/schema\/person\/image\/\",\"url\":\"https:\/\/secure.gravatar.com\/avatar\/4b7fafa80a22f0c2afe23966b3961fe0?s=96&d=mm&r=pg\",\"contentUrl\":\"https:\/\/secure.gravatar.com\/avatar\/4b7fafa80a22f0c2afe23966b3961fe0?s=96&d=mm&r=pg\",\"caption\":\"Agencija\"},\"url\":\"https:\/\/sandzakpress.net\/arhiva\/author\/agencija\/\"}]}<\/script>\n<!-- \/ Yoast SEO Premium plugin. -->","yoast_head_json":{"title":"Mladi izradili analizu polo\u017eaja mladih i njihovih potreba u Plavu, Gusinju i Andrijevici","robots":{"index":"index","follow":"follow","max-snippet":"max-snippet:-1","max-image-preview":"max-image-preview:large","max-video-preview":"max-video-preview:-1"},"canonical":"https:\/\/sandzakpress.net\/arhiva\/mladi-izradili-analizu-polozaja-mladih-i-njihovih-potreba-u-plavu-gusinju-i-andrijevici\/","og_locale":"bs_BA","og_type":"article","og_title":"Mladi izradili analizu polo\u017eaja mladih i njihovih potreba u Plavu, Gusinju i Andrijevici","og_description":"SOS telefon za \u017eene i djecu \u017ertve nasilja Podgorica i Plav, su u okviru projekta \u201e Biram da se pitam\u201c organizovali niz aktivnosti u cilju unaprje\u0111enja polo\u017eaja mladih, kroz njihovo direktno aktivno u\u010de\u0161\u0107e u procesima kreiranja i sprovo\u0111enja javnih politika u Plavu, Gusinju i Andrijevici, navodi se u \u00a0njihovom saop\u0161tenju. \u00a0Kako navode, \u00a0kju\u010dni akteri u [&hellip;]","og_url":"https:\/\/sandzakpress.net\/arhiva\/mladi-izradili-analizu-polozaja-mladih-i-njihovih-potreba-u-plavu-gusinju-i-andrijevici\/","og_site_name":"Sand\u017eak PRESS","article_published_time":"2019-10-29T12:52:48+00:00","og_image":[{"width":800,"height":385,"url":"https:\/\/sandzakpress.net\/arhiva\/wp-content\/uploads\/2019\/10\/20191024111016_0e91f699-6598-4655-b831-84dbd7e6d80d.jpeg.jpg","type":"image\/jpeg"}],"author":"Agencija","twitter_card":"summary_large_image","twitter_misc":{"Written by":"Agencija","Est. reading time":"3 minute"},"schema":{"@context":"https:\/\/schema.org","@graph":[{"@type":"Article","@id":"https:\/\/sandzakpress.net\/arhiva\/mladi-izradili-analizu-polozaja-mladih-i-njihovih-potreba-u-plavu-gusinju-i-andrijevici\/#article","isPartOf":{"@id":"https:\/\/sandzakpress.net\/arhiva\/mladi-izradili-analizu-polozaja-mladih-i-njihovih-potreba-u-plavu-gusinju-i-andrijevici\/"},"author":{"name":"Agencija","@id":"https:\/\/sandzakpress.net\/arhiva\/#\/schema\/person\/cb59d7e3ab91ab90dd680ad0305a6185"},"headline":"Mladi izradili analizu polo\u017eaja mladih i njihovih potreba u Plavu, Gusinju i Andrijevici","datePublished":"2019-10-29T12:52:48+00:00","mainEntityOfPage":{"@id":"https:\/\/sandzakpress.net\/arhiva\/mladi-izradili-analizu-polozaja-mladih-i-njihovih-potreba-u-plavu-gusinju-i-andrijevici\/"},"wordCount":553,"commentCount":0,"publisher":{"@id":"https:\/\/sandzakpress.net\/arhiva\/#\/schema\/person\/6e72b67d6e51910a1117b3b483ba20bd"},"image":{"@id":"https:\/\/sandzakpress.net\/arhiva\/mladi-izradili-analizu-polozaja-mladih-i-njihovih-potreba-u-plavu-gusinju-i-andrijevici\/#primaryimage"},"thumbnailUrl":"https:\/\/sandzakpress.net\/arhiva\/wp-content\/uploads\/2019\/10\/20191024111016_0e91f699-6598-4655-b831-84dbd7e6d80d.jpeg.jpg","articleSection":["Plav","Dru\u0161tvo","Gusinje"],"inLanguage":"bs-BA","potentialAction":[{"@type":"CommentAction","name":"Comment","target":["https:\/\/sandzakpress.net\/arhiva\/mladi-izradili-analizu-polozaja-mladih-i-njihovih-potreba-u-plavu-gusinju-i-andrijevici\/#respond"]}]},{"@type":"WebPage","@id":"https:\/\/sandzakpress.net\/arhiva\/mladi-izradili-analizu-polozaja-mladih-i-njihovih-potreba-u-plavu-gusinju-i-andrijevici\/","url":"https:\/\/sandzakpress.net\/arhiva\/mladi-izradili-analizu-polozaja-mladih-i-njihovih-potreba-u-plavu-gusinju-i-andrijevici\/","name":"Mladi izradili analizu polo\u017eaja mladih i njihovih potreba u Plavu, Gusinju i Andrijevici","isPartOf":{"@id":"https:\/\/sandzakpress.net\/arhiva\/#website"},"primaryImageOfPage":{"@id":"https:\/\/sandzakpress.net\/arhiva\/mladi-izradili-analizu-polozaja-mladih-i-njihovih-potreba-u-plavu-gusinju-i-andrijevici\/#primaryimage"},"image":{"@id":"https:\/\/sandzakpress.net\/arhiva\/mladi-izradili-analizu-polozaja-mladih-i-njihovih-potreba-u-plavu-gusinju-i-andrijevici\/#primaryimage"},"thumbnailUrl":"https:\/\/sandzakpress.net\/arhiva\/wp-content\/uploads\/2019\/10\/20191024111016_0e91f699-6598-4655-b831-84dbd7e6d80d.jpeg.jpg","datePublished":"2019-10-29T12:52:48+00:00","breadcrumb":{"@id":"https:\/\/sandzakpress.net\/arhiva\/mladi-izradili-analizu-polozaja-mladih-i-njihovih-potreba-u-plavu-gusinju-i-andrijevici\/#breadcrumb"},"inLanguage":"bs-BA","potentialAction":[{"@type":"ReadAction","target":["https:\/\/sandzakpress.net\/arhiva\/mladi-izradili-analizu-polozaja-mladih-i-njihovih-potreba-u-plavu-gusinju-i-andrijevici\/"]}]},{"@type":"ImageObject","inLanguage":"bs-BA","@id":"https:\/\/sandzakpress.net\/arhiva\/mladi-izradili-analizu-polozaja-mladih-i-njihovih-potreba-u-plavu-gusinju-i-andrijevici\/#primaryimage","url":"https:\/\/sandzakpress.net\/arhiva\/wp-content\/uploads\/2019\/10\/20191024111016_0e91f699-6598-4655-b831-84dbd7e6d80d.jpeg.jpg","contentUrl":"https:\/\/sandzakpress.net\/arhiva\/wp-content\/uploads\/2019\/10\/20191024111016_0e91f699-6598-4655-b831-84dbd7e6d80d.jpeg.jpg","width":800,"height":385},{"@type":"BreadcrumbList","@id":"https:\/\/sandzakpress.net\/arhiva\/mladi-izradili-analizu-polozaja-mladih-i-njihovih-potreba-u-plavu-gusinju-i-andrijevici\/#breadcrumb","itemListElement":[{"@type":"ListItem","position":1,"name":"Home","item":"https:\/\/sandzakpress.net\/arhiva\/"},{"@type":"ListItem","position":2,"name":"Mladi izradili analizu polo\u017eaja mladih i njihovih potreba u Plavu, Gusinju i Andrijevici"}]},{"@type":"WebSite","@id":"https:\/\/sandzakpress.net\/arhiva\/#website","url":"https:\/\/sandzakpress.net\/arhiva\/","name":"Sand\u017eak PRESS","description":"Prve elektronske novine u Sand\u017eaku","publisher":{"@id":"https:\/\/sandzakpress.net\/arhiva\/#\/schema\/person\/6e72b67d6e51910a1117b3b483ba20bd"},"potentialAction":[{"@type":"SearchAction","target":{"@type":"EntryPoint","urlTemplate":"https:\/\/sandzakpress.net\/arhiva\/?s={search_term_string}"},"query-input":{"@type":"PropertyValueSpecification","valueRequired":true,"valueName":"search_term_string"}}],"inLanguage":"bs-BA"},{"@type":["Person","Organization"],"@id":"https:\/\/sandzakpress.net\/arhiva\/#\/schema\/person\/6e72b67d6e51910a1117b3b483ba20bd","name":"Kul","image":{"@type":"ImageObject","inLanguage":"bs-BA","@id":"https:\/\/sandzakpress.net\/arhiva\/#\/schema\/person\/image\/","url":"https:\/\/secure.gravatar.com\/avatar\/42263f39aa27ac04c43cab85c280eb2e?s=96&d=mm&r=pg","contentUrl":"https:\/\/secure.gravatar.com\/avatar\/42263f39aa27ac04c43cab85c280eb2e?s=96&d=mm&r=pg","caption":"Kul"},"logo":{"@id":"https:\/\/sandzakpress.net\/arhiva\/#\/schema\/person\/image\/"}},{"@type":"Person","@id":"https:\/\/sandzakpress.net\/arhiva\/#\/schema\/person\/cb59d7e3ab91ab90dd680ad0305a6185","name":"Agencija","image":{"@type":"ImageObject","inLanguage":"bs-BA","@id":"https:\/\/sandzakpress.net\/arhiva\/#\/schema\/person\/image\/","url":"https:\/\/secure.gravatar.com\/avatar\/4b7fafa80a22f0c2afe23966b3961fe0?s=96&d=mm&r=pg","contentUrl":"https:\/\/secure.gravatar.com\/avatar\/4b7fafa80a22f0c2afe23966b3961fe0?s=96&d=mm&r=pg","caption":"Agencija"},"url":"https:\/\/sandzakpress.net\/arhiva\/author\/agencija\/"}]}},"_links":{"self":[{"href":"https:\/\/sandzakpress.net\/arhiva\/wp-json\/wp\/v2\/posts\/230004"}],"collection":[{"href":"https:\/\/sandzakpress.net\/arhiva\/wp-json\/wp\/v2\/posts"}],"about":[{"href":"https:\/\/sandzakpress.net\/arhiva\/wp-json\/wp\/v2\/types\/post"}],"author":[{"embeddable":true,"href":"https:\/\/sandzakpress.net\/arhiva\/wp-json\/wp\/v2\/users\/509"}],"replies":[{"embeddable":true,"href":"https:\/\/sandzakpress.net\/arhiva\/wp-json\/wp\/v2\/comments?post=230004"}],"version-history":[{"count":0,"href":"https:\/\/sandzakpress.net\/arhiva\/wp-json\/wp\/v2\/posts\/230004\/revisions"}],"wp:featuredmedia":[{"embeddable":true,"href":"https:\/\/sandzakpress.net\/arhiva\/wp-json\/wp\/v2\/media\/230005"}],"wp:attachment":[{"href":"https:\/\/sandzakpress.net\/arhiva\/wp-json\/wp\/v2\/media?parent=230004"}],"wp:term":[{"taxonomy":"category","embeddable":true,"href":"https:\/\/sandzakpress.net\/arhiva\/wp-json\/wp\/v2\/categories?post=230004"},{"taxonomy":"post_tag","embeddable":true,"href":"https:\/\/sandzakpress.net\/arhiva\/wp-json\/wp\/v2\/tags?post=230004"}],"curies":[{"name":"wp","href":"https:\/\/api.w.org\/{rel}","templated":true}]}}