{"id":229955,"date":"2019-10-29T11:47:42","date_gmt":"2019-10-29T10:47:42","guid":{"rendered":"https:\/\/sandzakpress.net\/arhiva\/?p=229955"},"modified":"2019-10-29T11:47:42","modified_gmt":"2019-10-29T10:47:42","slug":"nesreca-kod-sjenice-poginuo-rudar-u-stavlju","status":"publish","type":"post","link":"https:\/\/sandzakpress.net\/arhiva\/nesreca-kod-sjenice-poginuo-rudar-u-stavlju\/","title":{"rendered":"Nesre\u0107a kod Sjenice: Poginuo rudar u \u0160tavlju"},"content":{"rendered":"<p><img loading=\"lazy\" decoding=\"async\" class=\"alignnone size-full wp-image-229957\" src=\"https:\/\/sandzakpress.net\/arhiva\/wp-content\/uploads\/2019\/10\/rudnik-696x469.jpg\" alt=\"\" width=\"696\" height=\"469\" srcset=\"https:\/\/sandzakpress.net\/arhiva\/wp-content\/uploads\/2019\/10\/rudnik-696x469.jpg 696w, https:\/\/sandzakpress.net\/arhiva\/wp-content\/uploads\/2019\/10\/rudnik-696x469-616x415.jpg 616w\" sizes=\"(max-width: 696px) 100vw, 696px\" \/><\/p>\n<p><strong>U nesre\u0107i koja se desila oko dva sata poslije pono\u0107i u rudniku \u0160tavalj kod Sjenice poginuo je rudar Edin M. (29), nezvani\u010dno saznaje radio Sto plus.<\/strong><\/p>\n<p>Prema nepotvr\u0111enim informacijama, na mladi\u0107a koji je radio kao pomo\u0107nik kopa\u010da, odronila se velika koli\u010dina uglja prilikom otkopa usmrtiv\u0161i ga na licu mjesta.<\/p>\n<p>Drugi detalji nesre\u0107e nisu poznati, a o\u010dekuje se dolazak rudarskih inspektora iz Beograda koji \u0107e ispitati kako se sve desilo.<\/p>\n<p>Rudnik \u0160tavalj nalazi se na desetak kilometara od Sjenice, a procjenjuje se da ima 250 miliona tona rezervi uglja.<\/p>\n<p>Izvor:\u00a0<strong>Radiostoplus.com<\/strong><\/p>\n","protected":false},"excerpt":{"rendered":"<p>U nesre\u0107i koja se desila oko dva sata poslije pono\u0107i u rudniku \u0160tavalj kod Sjenice poginuo je rudar Edin M. (29), nezvani\u010dno saznaje radio Sto plus. Prema nepotvr\u0111enim informacijama, na mladi\u0107a koji je radio kao pomo\u0107nik kopa\u010da, odronila se velika koli\u010dina uglja prilikom otkopa usmrtiv\u0161i ga na licu mjesta. Drugi detalji nesre\u0107e nisu poznati, a [&hellip;]<\/p>\n","protected":false},"author":509,"featured_media":229957,"comment_status":"open","ping_status":"open","sticky":false,"template":"","format":"standard","meta":{"footnotes":""},"categories":[52,801,8957],"tags":[],"class_list":{"0":"post-229955","1":"post","2":"type-post","3":"status-publish","4":"format-standard","5":"has-post-thumbnail","7":"category-sjenica","8":"category-crna_hronika","9":"category-vijesti-dana"},"yoast_head":"<!-- This site is optimized with the Yoast SEO Premium plugin v23.1 (Yoast SEO v24.9) - https:\/\/yoast.com\/wordpress\/plugins\/seo\/ -->\n<title>Nesre\u0107a kod Sjenice: Poginuo rudar u \u0160tavlju<\/title>\n<meta name=\"robots\" content=\"index, follow, max-snippet:-1, max-image-preview:large, max-video-preview:-1\" \/>\n<link rel=\"canonical\" href=\"https:\/\/sandzakpress.net\/arhiva\/nesreca-kod-sjenice-poginuo-rudar-u-stavlju\/\" \/>\n<meta property=\"og:locale\" content=\"bs_BA\" \/>\n<meta property=\"og:type\" content=\"article\" \/>\n<meta property=\"og:title\" content=\"Nesre\u0107a kod Sjenice: Poginuo rudar u \u0160tavlju\" \/>\n<meta property=\"og:description\" content=\"U nesre\u0107i koja se desila oko dva sata poslije pono\u0107i u rudniku \u0160tavalj kod Sjenice poginuo je rudar Edin M. (29), nezvani\u010dno saznaje radio Sto plus. Prema nepotvr\u0111enim informacijama, na mladi\u0107a koji je radio kao pomo\u0107nik kopa\u010da, odronila se velika koli\u010dina uglja prilikom otkopa usmrtiv\u0161i ga na licu mjesta. Drugi detalji nesre\u0107e nisu poznati, a [&hellip;]\" \/>\n<meta property=\"og:url\" content=\"https:\/\/sandzakpress.net\/arhiva\/nesreca-kod-sjenice-poginuo-rudar-u-stavlju\/\" \/>\n<meta property=\"og:site_name\" content=\"Sand\u017eak PRESS\" \/>\n<meta property=\"article:published_time\" content=\"2019-10-29T10:47:42+00:00\" \/>\n<meta property=\"og:image\" content=\"https:\/\/sandzakpress.net\/arhiva\/wp-content\/uploads\/2019\/10\/rudnik-696x469.jpg\" \/>\n\t<meta property=\"og:image:width\" content=\"696\" \/>\n\t<meta property=\"og:image:height\" content=\"469\" \/>\n\t<meta property=\"og:image:type\" content=\"image\/jpeg\" \/>\n<meta name=\"author\" content=\"Agencija\" \/>\n<meta name=\"twitter:card\" content=\"summary_large_image\" \/>\n<meta name=\"twitter:label1\" content=\"Written by\" \/>\n\t<meta name=\"twitter:data1\" content=\"Agencija\" \/>\n\t<meta name=\"twitter:label2\" content=\"Est. reading time\" \/>\n\t<meta name=\"twitter:data2\" content=\"1 minuta\" \/>\n<script type=\"application\/ld+json\" class=\"yoast-schema-graph\">{\"@context\":\"https:\/\/schema.org\",\"@graph\":[{\"@type\":\"Article\",\"@id\":\"https:\/\/sandzakpress.net\/arhiva\/nesreca-kod-sjenice-poginuo-rudar-u-stavlju\/#article\",\"isPartOf\":{\"@id\":\"https:\/\/sandzakpress.net\/arhiva\/nesreca-kod-sjenice-poginuo-rudar-u-stavlju\/\"},\"author\":{\"name\":\"Agencija\",\"@id\":\"https:\/\/sandzakpress.net\/arhiva\/#\/schema\/person\/cb59d7e3ab91ab90dd680ad0305a6185\"},\"headline\":\"Nesre\u0107a kod Sjenice: Poginuo rudar u \u0160tavlju\",\"datePublished\":\"2019-10-29T10:47:42+00:00\",\"mainEntityOfPage\":{\"@id\":\"https:\/\/sandzakpress.net\/arhiva\/nesreca-kod-sjenice-poginuo-rudar-u-stavlju\/\"},\"wordCount\":108,\"commentCount\":0,\"publisher\":{\"@id\":\"https:\/\/sandzakpress.net\/arhiva\/#\/schema\/person\/6e72b67d6e51910a1117b3b483ba20bd\"},\"image\":{\"@id\":\"https:\/\/sandzakpress.net\/arhiva\/nesreca-kod-sjenice-poginuo-rudar-u-stavlju\/#primaryimage\"},\"thumbnailUrl\":\"https:\/\/sandzakpress.net\/arhiva\/wp-content\/uploads\/2019\/10\/rudnik-696x469.jpg\",\"articleSection\":[\"Sjenica\",\"Hronika\",\"VIJESTI DANA\"],\"inLanguage\":\"bs-BA\",\"potentialAction\":[{\"@type\":\"CommentAction\",\"name\":\"Comment\",\"target\":[\"https:\/\/sandzakpress.net\/arhiva\/nesreca-kod-sjenice-poginuo-rudar-u-stavlju\/#respond\"]}]},{\"@type\":\"WebPage\",\"@id\":\"https:\/\/sandzakpress.net\/arhiva\/nesreca-kod-sjenice-poginuo-rudar-u-stavlju\/\",\"url\":\"https:\/\/sandzakpress.net\/arhiva\/nesreca-kod-sjenice-poginuo-rudar-u-stavlju\/\",\"name\":\"Nesre\u0107a kod Sjenice: Poginuo rudar u \u0160tavlju\",\"isPartOf\":{\"@id\":\"https:\/\/sandzakpress.net\/arhiva\/#website\"},\"primaryImageOfPage\":{\"@id\":\"https:\/\/sandzakpress.net\/arhiva\/nesreca-kod-sjenice-poginuo-rudar-u-stavlju\/#primaryimage\"},\"image\":{\"@id\":\"https:\/\/sandzakpress.net\/arhiva\/nesreca-kod-sjenice-poginuo-rudar-u-stavlju\/#primaryimage\"},\"thumbnailUrl\":\"https:\/\/sandzakpress.net\/arhiva\/wp-content\/uploads\/2019\/10\/rudnik-696x469.jpg\",\"datePublished\":\"2019-10-29T10:47:42+00:00\",\"breadcrumb\":{\"@id\":\"https:\/\/sandzakpress.net\/arhiva\/nesreca-kod-sjenice-poginuo-rudar-u-stavlju\/#breadcrumb\"},\"inLanguage\":\"bs-BA\",\"potentialAction\":[{\"@type\":\"ReadAction\",\"target\":[\"https:\/\/sandzakpress.net\/arhiva\/nesreca-kod-sjenice-poginuo-rudar-u-stavlju\/\"]}]},{\"@type\":\"ImageObject\",\"inLanguage\":\"bs-BA\",\"@id\":\"https:\/\/sandzakpress.net\/arhiva\/nesreca-kod-sjenice-poginuo-rudar-u-stavlju\/#primaryimage\",\"url\":\"https:\/\/sandzakpress.net\/arhiva\/wp-content\/uploads\/2019\/10\/rudnik-696x469.jpg\",\"contentUrl\":\"https:\/\/sandzakpress.net\/arhiva\/wp-content\/uploads\/2019\/10\/rudnik-696x469.jpg\",\"width\":696,\"height\":469},{\"@type\":\"BreadcrumbList\",\"@id\":\"https:\/\/sandzakpress.net\/arhiva\/nesreca-kod-sjenice-poginuo-rudar-u-stavlju\/#breadcrumb\",\"itemListElement\":[{\"@type\":\"ListItem\",\"position\":1,\"name\":\"Home\",\"item\":\"https:\/\/sandzakpress.net\/arhiva\/\"},{\"@type\":\"ListItem\",\"position\":2,\"name\":\"Nesre\u0107a kod Sjenice: Poginuo rudar u \u0160tavlju\"}]},{\"@type\":\"WebSite\",\"@id\":\"https:\/\/sandzakpress.net\/arhiva\/#website\",\"url\":\"https:\/\/sandzakpress.net\/arhiva\/\",\"name\":\"Sand\u017eak PRESS\",\"description\":\"Prve elektronske novine u Sand\u017eaku\",\"publisher\":{\"@id\":\"https:\/\/sandzakpress.net\/arhiva\/#\/schema\/person\/6e72b67d6e51910a1117b3b483ba20bd\"},\"potentialAction\":[{\"@type\":\"SearchAction\",\"target\":{\"@type\":\"EntryPoint\",\"urlTemplate\":\"https:\/\/sandzakpress.net\/arhiva\/?s={search_term_string}\"},\"query-input\":{\"@type\":\"PropertyValueSpecification\",\"valueRequired\":true,\"valueName\":\"search_term_string\"}}],\"inLanguage\":\"bs-BA\"},{\"@type\":[\"Person\",\"Organization\"],\"@id\":\"https:\/\/sandzakpress.net\/arhiva\/#\/schema\/person\/6e72b67d6e51910a1117b3b483ba20bd\",\"name\":\"Kul\",\"image\":{\"@type\":\"ImageObject\",\"inLanguage\":\"bs-BA\",\"@id\":\"https:\/\/sandzakpress.net\/arhiva\/#\/schema\/person\/image\/\",\"url\":\"https:\/\/secure.gravatar.com\/avatar\/42263f39aa27ac04c43cab85c280eb2e?s=96&d=mm&r=pg\",\"contentUrl\":\"https:\/\/secure.gravatar.com\/avatar\/42263f39aa27ac04c43cab85c280eb2e?s=96&d=mm&r=pg\",\"caption\":\"Kul\"},\"logo\":{\"@id\":\"https:\/\/sandzakpress.net\/arhiva\/#\/schema\/person\/image\/\"}},{\"@type\":\"Person\",\"@id\":\"https:\/\/sandzakpress.net\/arhiva\/#\/schema\/person\/cb59d7e3ab91ab90dd680ad0305a6185\",\"name\":\"Agencija\",\"image\":{\"@type\":\"ImageObject\",\"inLanguage\":\"bs-BA\",\"@id\":\"https:\/\/sandzakpress.net\/arhiva\/#\/schema\/person\/image\/\",\"url\":\"https:\/\/secure.gravatar.com\/avatar\/4b7fafa80a22f0c2afe23966b3961fe0?s=96&d=mm&r=pg\",\"contentUrl\":\"https:\/\/secure.gravatar.com\/avatar\/4b7fafa80a22f0c2afe23966b3961fe0?s=96&d=mm&r=pg\",\"caption\":\"Agencija\"},\"url\":\"https:\/\/sandzakpress.net\/arhiva\/author\/agencija\/\"}]}<\/script>\n<!-- \/ Yoast SEO Premium plugin. -->","yoast_head_json":{"title":"Nesre\u0107a kod Sjenice: Poginuo rudar u \u0160tavlju","robots":{"index":"index","follow":"follow","max-snippet":"max-snippet:-1","max-image-preview":"max-image-preview:large","max-video-preview":"max-video-preview:-1"},"canonical":"https:\/\/sandzakpress.net\/arhiva\/nesreca-kod-sjenice-poginuo-rudar-u-stavlju\/","og_locale":"bs_BA","og_type":"article","og_title":"Nesre\u0107a kod Sjenice: Poginuo rudar u \u0160tavlju","og_description":"U nesre\u0107i koja se desila oko dva sata poslije pono\u0107i u rudniku \u0160tavalj kod Sjenice poginuo je rudar Edin M. (29), nezvani\u010dno saznaje radio Sto plus. Prema nepotvr\u0111enim informacijama, na mladi\u0107a koji je radio kao pomo\u0107nik kopa\u010da, odronila se velika koli\u010dina uglja prilikom otkopa usmrtiv\u0161i ga na licu mjesta. Drugi detalji nesre\u0107e nisu poznati, a [&hellip;]","og_url":"https:\/\/sandzakpress.net\/arhiva\/nesreca-kod-sjenice-poginuo-rudar-u-stavlju\/","og_site_name":"Sand\u017eak PRESS","article_published_time":"2019-10-29T10:47:42+00:00","og_image":[{"width":696,"height":469,"url":"https:\/\/sandzakpress.net\/arhiva\/wp-content\/uploads\/2019\/10\/rudnik-696x469.jpg","type":"image\/jpeg"}],"author":"Agencija","twitter_card":"summary_large_image","twitter_misc":{"Written by":"Agencija","Est. reading time":"1 minuta"},"schema":{"@context":"https:\/\/schema.org","@graph":[{"@type":"Article","@id":"https:\/\/sandzakpress.net\/arhiva\/nesreca-kod-sjenice-poginuo-rudar-u-stavlju\/#article","isPartOf":{"@id":"https:\/\/sandzakpress.net\/arhiva\/nesreca-kod-sjenice-poginuo-rudar-u-stavlju\/"},"author":{"name":"Agencija","@id":"https:\/\/sandzakpress.net\/arhiva\/#\/schema\/person\/cb59d7e3ab91ab90dd680ad0305a6185"},"headline":"Nesre\u0107a kod Sjenice: Poginuo rudar u \u0160tavlju","datePublished":"2019-10-29T10:47:42+00:00","mainEntityOfPage":{"@id":"https:\/\/sandzakpress.net\/arhiva\/nesreca-kod-sjenice-poginuo-rudar-u-stavlju\/"},"wordCount":108,"commentCount":0,"publisher":{"@id":"https:\/\/sandzakpress.net\/arhiva\/#\/schema\/person\/6e72b67d6e51910a1117b3b483ba20bd"},"image":{"@id":"https:\/\/sandzakpress.net\/arhiva\/nesreca-kod-sjenice-poginuo-rudar-u-stavlju\/#primaryimage"},"thumbnailUrl":"https:\/\/sandzakpress.net\/arhiva\/wp-content\/uploads\/2019\/10\/rudnik-696x469.jpg","articleSection":["Sjenica","Hronika","VIJESTI DANA"],"inLanguage":"bs-BA","potentialAction":[{"@type":"CommentAction","name":"Comment","target":["https:\/\/sandzakpress.net\/arhiva\/nesreca-kod-sjenice-poginuo-rudar-u-stavlju\/#respond"]}]},{"@type":"WebPage","@id":"https:\/\/sandzakpress.net\/arhiva\/nesreca-kod-sjenice-poginuo-rudar-u-stavlju\/","url":"https:\/\/sandzakpress.net\/arhiva\/nesreca-kod-sjenice-poginuo-rudar-u-stavlju\/","name":"Nesre\u0107a kod Sjenice: Poginuo rudar u \u0160tavlju","isPartOf":{"@id":"https:\/\/sandzakpress.net\/arhiva\/#website"},"primaryImageOfPage":{"@id":"https:\/\/sandzakpress.net\/arhiva\/nesreca-kod-sjenice-poginuo-rudar-u-stavlju\/#primaryimage"},"image":{"@id":"https:\/\/sandzakpress.net\/arhiva\/nesreca-kod-sjenice-poginuo-rudar-u-stavlju\/#primaryimage"},"thumbnailUrl":"https:\/\/sandzakpress.net\/arhiva\/wp-content\/uploads\/2019\/10\/rudnik-696x469.jpg","datePublished":"2019-10-29T10:47:42+00:00","breadcrumb":{"@id":"https:\/\/sandzakpress.net\/arhiva\/nesreca-kod-sjenice-poginuo-rudar-u-stavlju\/#breadcrumb"},"inLanguage":"bs-BA","potentialAction":[{"@type":"ReadAction","target":["https:\/\/sandzakpress.net\/arhiva\/nesreca-kod-sjenice-poginuo-rudar-u-stavlju\/"]}]},{"@type":"ImageObject","inLanguage":"bs-BA","@id":"https:\/\/sandzakpress.net\/arhiva\/nesreca-kod-sjenice-poginuo-rudar-u-stavlju\/#primaryimage","url":"https:\/\/sandzakpress.net\/arhiva\/wp-content\/uploads\/2019\/10\/rudnik-696x469.jpg","contentUrl":"https:\/\/sandzakpress.net\/arhiva\/wp-content\/uploads\/2019\/10\/rudnik-696x469.jpg","width":696,"height":469},{"@type":"BreadcrumbList","@id":"https:\/\/sandzakpress.net\/arhiva\/nesreca-kod-sjenice-poginuo-rudar-u-stavlju\/#breadcrumb","itemListElement":[{"@type":"ListItem","position":1,"name":"Home","item":"https:\/\/sandzakpress.net\/arhiva\/"},{"@type":"ListItem","position":2,"name":"Nesre\u0107a kod Sjenice: Poginuo rudar u \u0160tavlju"}]},{"@type":"WebSite","@id":"https:\/\/sandzakpress.net\/arhiva\/#website","url":"https:\/\/sandzakpress.net\/arhiva\/","name":"Sand\u017eak PRESS","description":"Prve elektronske novine u Sand\u017eaku","publisher":{"@id":"https:\/\/sandzakpress.net\/arhiva\/#\/schema\/person\/6e72b67d6e51910a1117b3b483ba20bd"},"potentialAction":[{"@type":"SearchAction","target":{"@type":"EntryPoint","urlTemplate":"https:\/\/sandzakpress.net\/arhiva\/?s={search_term_string}"},"query-input":{"@type":"PropertyValueSpecification","valueRequired":true,"valueName":"search_term_string"}}],"inLanguage":"bs-BA"},{"@type":["Person","Organization"],"@id":"https:\/\/sandzakpress.net\/arhiva\/#\/schema\/person\/6e72b67d6e51910a1117b3b483ba20bd","name":"Kul","image":{"@type":"ImageObject","inLanguage":"bs-BA","@id":"https:\/\/sandzakpress.net\/arhiva\/#\/schema\/person\/image\/","url":"https:\/\/secure.gravatar.com\/avatar\/42263f39aa27ac04c43cab85c280eb2e?s=96&d=mm&r=pg","contentUrl":"https:\/\/secure.gravatar.com\/avatar\/42263f39aa27ac04c43cab85c280eb2e?s=96&d=mm&r=pg","caption":"Kul"},"logo":{"@id":"https:\/\/sandzakpress.net\/arhiva\/#\/schema\/person\/image\/"}},{"@type":"Person","@id":"https:\/\/sandzakpress.net\/arhiva\/#\/schema\/person\/cb59d7e3ab91ab90dd680ad0305a6185","name":"Agencija","image":{"@type":"ImageObject","inLanguage":"bs-BA","@id":"https:\/\/sandzakpress.net\/arhiva\/#\/schema\/person\/image\/","url":"https:\/\/secure.gravatar.com\/avatar\/4b7fafa80a22f0c2afe23966b3961fe0?s=96&d=mm&r=pg","contentUrl":"https:\/\/secure.gravatar.com\/avatar\/4b7fafa80a22f0c2afe23966b3961fe0?s=96&d=mm&r=pg","caption":"Agencija"},"url":"https:\/\/sandzakpress.net\/arhiva\/author\/agencija\/"}]}},"_links":{"self":[{"href":"https:\/\/sandzakpress.net\/arhiva\/wp-json\/wp\/v2\/posts\/229955"}],"collection":[{"href":"https:\/\/sandzakpress.net\/arhiva\/wp-json\/wp\/v2\/posts"}],"about":[{"href":"https:\/\/sandzakpress.net\/arhiva\/wp-json\/wp\/v2\/types\/post"}],"author":[{"embeddable":true,"href":"https:\/\/sandzakpress.net\/arhiva\/wp-json\/wp\/v2\/users\/509"}],"replies":[{"embeddable":true,"href":"https:\/\/sandzakpress.net\/arhiva\/wp-json\/wp\/v2\/comments?post=229955"}],"version-history":[{"count":0,"href":"https:\/\/sandzakpress.net\/arhiva\/wp-json\/wp\/v2\/posts\/229955\/revisions"}],"wp:featuredmedia":[{"embeddable":true,"href":"https:\/\/sandzakpress.net\/arhiva\/wp-json\/wp\/v2\/media\/229957"}],"wp:attachment":[{"href":"https:\/\/sandzakpress.net\/arhiva\/wp-json\/wp\/v2\/media?parent=229955"}],"wp:term":[{"taxonomy":"category","embeddable":true,"href":"https:\/\/sandzakpress.net\/arhiva\/wp-json\/wp\/v2\/categories?post=229955"},{"taxonomy":"post_tag","embeddable":true,"href":"https:\/\/sandzakpress.net\/arhiva\/wp-json\/wp\/v2\/tags?post=229955"}],"curies":[{"name":"wp","href":"https:\/\/api.w.org\/{rel}","templated":true}]}}