{"id":229913,"date":"2019-10-28T13:30:21","date_gmt":"2019-10-28T12:30:21","guid":{"rendered":"https:\/\/sandzakpress.net\/arhiva\/?p=229913"},"modified":"2019-10-28T13:30:59","modified_gmt":"2019-10-28T12:30:59","slug":"akademik-zukorlic-prvi-ucesnik-akademskih-besjeda-banu-a","status":"publish","type":"post","link":"https:\/\/sandzakpress.net\/arhiva\/akademik-zukorlic-prvi-ucesnik-akademskih-besjeda-banu-a\/","title":{"rendered":"Akademik Zukorli\u0107 prvi u\u010desnik \u201cAkademskih besjeda\u201d BANU-a"},"content":{"rendered":"<p><img loading=\"lazy\" decoding=\"async\" class=\"alignnone size-full wp-image-50547\" src=\"http:\/\/sanapress.info\/wp-content\/uploads\/2019\/10\/0-6.jpg\" alt=\"\" width=\"1944\" height=\"1296\" \/><\/p>\n<p><strong>Bo\u0161nja\u010dka akademija nauka i umjetnosti (BANU) organizirala je \u201cAkademske besjede\u201d koje su posve\u0107ene izlaganjima \u010dlanova Akademije iz domena njihovog znanstvenog djelovanja.<\/strong><\/p>\n<p>Na prvoj &#8220;Akademskoj besjedi&#8221; generalni sekretar BANU akademik Muamer Zukorli\u0107 je imao izlaganje na temu \u201cBo\u0161njaci i dr\u017eavotvorna svijest\u201d<\/p>\n<p>Akademik Zukorli\u0107 apelovao na povratak samopouzdanja Bo\u0161njaka kao klju\u010dnog i neophodnog faktora za narod koji je, gledano duboko kroz historiju, ve\u0107 davno do\u017eivio nacionalnu, dr\u017eavotvornu svijest.<\/p>\n<p>\u201cKao sredi\u0161te drevnog Ilirika, to je isti prostor na kome se vi\u0161e stotina godina od prvih granica, profilira poseban identitet. Jo\u0161 u 4. vijeku, izuzimanje bosanskog prostora iz pravila o \u2018nametanju vjere preko postojanja teritorije\u2019, profilira Bosnu, s posebnostima, kao ostrvo slobode s dubokim korijenima, sa svim \u0161to se danas mo\u017ee nazvati savremenim evropskim vrijednostima. Bo\u0161njaci su zapravo ve\u0107 u 12. vijeku \u2018potro\u0161ili\u2019, i\u017eivjeli svoj nacionalizam, a jedan od osnovnih problema koji je zna\u010dio ugro\u017eavanje dr\u017eavotvorne svijesti je dezorijantacija nastala nakon gubitka elite, uklju\u010duju\u0107i intelektualnu, polovinom XIX stolje\u0107a. Od Berlinskog kongresa do devedesetih godina proteklog stolje\u0107a, intelektualno i kulturno se borimo \u201cigraju\u0107i u tu\u0111im dresovima\u201c, a naj\u010de\u0161\u0107e na svoju \u0161tetu\u201d, isti\u010de akademik Zukorli\u0107.<br \/><iframe loading=\"lazy\" style=\"border: none; overflow: hidden;\" src=\"https:\/\/www.facebook.com\/plugins\/post.php?href=https%3A%2F%2Fwww.facebook.com%2Fmedia%2Fset%2F%3Fset%3Da.2411422142465932%26type%3D3&amp;width=500\" width=\"500\" height=\"732\" frameborder=\"0\" scrolling=\"no\" data-mce-fragment=\"1\"><\/iframe><\/p>\n<p>Ostanak i opstanak Bosne i Bo\u0161njaka je stoga pravo \u010dudo u takvim okolnostima, smatra on.<\/p>\n<p>\u201cU nedostatku jakih institucija, samo jaki pojedinci mogu ubla\u017eiti nedostatak i povesti do izgradnje institucija, dovoljno jaki da mogu odoljeti svim otporima sa strane koji odlu\u010dno ne dopu\u0161taju osloba\u0111anje mentalne porobljenosti politi\u010dke svijesti. Formiranje Bo\u0161nja\u010dke akademije nauka je jedan od poku\u0161aja, ma koliko kasnio, za popravljanje stanja\u201d, zaklju\u010duje akademik Zukorli\u0107.<\/p>\n<p>Besjedu je akademik Zukorli\u0107 po\u010deo pitanjem \u2013 \u0161ta se desilo s narodom koji iza sebe ima toliko vremena dr\u017eavotvornosti, koji je nastao i opstao na prostoru na kojem su, prakti\u010dno, nastale prve granice u Evropi?<\/p>\n<p>Moderator besjede bio je akademik prof.dr. Suad Kurt\u0107ehaji\u0107.<\/p>\n<p>\u201eOvo je po\u010detak Akademskih besjeda. Ovo je BANU utvrdila kao jednu od svojih aktivnosti gdje bi akademici BANU-a trebali da izlo\u017ee odre\u0111enu temu koja je njima najbli\u017ea i najpoznatija i da se u tom pogledu vodi odre\u0111ena rasprava. Mi \u0107emo gledati da ovo postane praksa i da jednom mjese\u010dno odr\u017eavamo Akademske besjede. Ovo je danas prva i to je neki historijski momenat za na\u0161u Akademiju. Bo\u0161nja\u010dki narod je bio narod koji je prakti\u010dno bio u nekoj stogodi\u0161njoj amneziji u odnosu na svoj identitet. Ja mislim da bo\u0161nja\u010dki narod jo\u0161 uvijek ima najnerazvijeniju dr\u017eavotvornu svijest na ovim prostorima i da smo zbog neadekvatnog odgovora na\u0161eg politi\u010dkog i intelektualnog establi\u0161menta dovedeni u situaciju da imamo probleme i tamo gdje ih u principu nema.\u201c<\/p>\n<p>Nakon izlaganja prisutni studenti, profesori, akademici su imali prilike postavljati pitanja akademiku Muameru Zukorli\u0107u.<\/p>\n<p>Izvor:\u00a0<strong>FENA\/SANA<\/strong>\u00a0<\/p>\n<p><img loading=\"lazy\" decoding=\"async\" class=\"alignnone size-full wp-image-50554\" src=\"http:\/\/sanapress.info\/wp-content\/uploads\/2019\/10\/5b.jpg\" alt=\"\" width=\"1944\" height=\"1296\" \/><\/p>\n<div class=\"td-g-rec td-g-rec-id-content_bottom \">\u00a0<img loading=\"lazy\" decoding=\"async\" class=\"alignnone size-full wp-image-50548\" src=\"http:\/\/sanapress.info\/wp-content\/uploads\/2019\/10\/1-15.jpg\" alt=\"\" width=\"1944\" height=\"1296\" \/> <img loading=\"lazy\" decoding=\"async\" class=\"alignnone size-full wp-image-50549\" src=\"http:\/\/sanapress.info\/wp-content\/uploads\/2019\/10\/3-9.jpg\" alt=\"\" width=\"1944\" height=\"1296\" \/> <img loading=\"lazy\" decoding=\"async\" class=\"alignnone size-full wp-image-50550\" src=\"http:\/\/sanapress.info\/wp-content\/uploads\/2019\/10\/4-8.jpg\" alt=\"\" width=\"1944\" height=\"1296\" \/> <img loading=\"lazy\" decoding=\"async\" class=\"alignnone size-full wp-image-50551\" src=\"http:\/\/sanapress.info\/wp-content\/uploads\/2019\/10\/4a.jpg\" alt=\"\" width=\"1944\" height=\"1296\" \/> <img loading=\"lazy\" decoding=\"async\" class=\"alignnone size-full wp-image-50552\" src=\"http:\/\/sanapress.info\/wp-content\/uploads\/2019\/10\/5-7.jpg\" alt=\"\" width=\"1944\" height=\"1296\" \/> <img loading=\"lazy\" decoding=\"async\" class=\"alignnone size-full wp-image-50553\" src=\"http:\/\/sanapress.info\/wp-content\/uploads\/2019\/10\/5a.jpg\" alt=\"\" width=\"1944\" height=\"1296\" \/> \u00a0<img loading=\"lazy\" decoding=\"async\" class=\"alignnone size-full wp-image-50555\" src=\"http:\/\/sanapress.info\/wp-content\/uploads\/2019\/10\/6-6.jpg\" alt=\"\" width=\"1944\" height=\"1296\" \/><\/div>\n","protected":false},"excerpt":{"rendered":"<p>Bo\u0161nja\u010dka akademija nauka i umjetnosti (BANU) organizirala je \u201cAkademske besjede\u201d koje su posve\u0107ene izlaganjima \u010dlanova Akademije iz domena njihovog znanstvenog djelovanja. Na prvoj &#8220;Akademskoj besjedi&#8221; generalni sekretar BANU akademik Muamer Zukorli\u0107 je imao izlaganje na temu \u201cBo\u0161njaci i dr\u017eavotvorna svijest\u201d Akademik Zukorli\u0107 apelovao na povratak samopouzdanja Bo\u0161njaka kao klju\u010dnog i neophodnog faktora za narod koji [&hellip;]<\/p>\n","protected":false},"author":509,"featured_media":229914,"comment_status":"open","ping_status":"open","sticky":false,"template":"","format":"standard","meta":{"footnotes":""},"categories":[800,72,52,327,392,393,394,8957],"tags":[10204],"class_list":{"0":"post-229913","1":"post","2":"type-post","3":"status-publish","4":"format-standard","5":"has-post-thumbnail","7":"category-nacija","8":"category-novi-pazar","9":"category-sjenica","10":"category-tutin","11":"category-prijepolje_","12":"category-priboj","13":"category-nova-varos","14":"category-vijesti-dana","15":"tag-muftija-muamer-zukorlic"},"yoast_head":"<!-- This site is optimized with the Yoast SEO Premium plugin v23.1 (Yoast SEO v24.9) - https:\/\/yoast.com\/wordpress\/plugins\/seo\/ -->\n<title>Akademik Zukorli\u0107 prvi u\u010desnik \u201cAkademskih besjeda\u201d BANU-a<\/title>\n<meta name=\"robots\" content=\"index, follow, max-snippet:-1, max-image-preview:large, max-video-preview:-1\" \/>\n<link rel=\"canonical\" href=\"https:\/\/sandzakpress.net\/arhiva\/akademik-zukorlic-prvi-ucesnik-akademskih-besjeda-banu-a\/\" \/>\n<meta property=\"og:locale\" content=\"bs_BA\" \/>\n<meta property=\"og:type\" content=\"article\" \/>\n<meta property=\"og:title\" content=\"Akademik Zukorli\u0107 prvi u\u010desnik \u201cAkademskih besjeda\u201d BANU-a\" \/>\n<meta property=\"og:description\" content=\"Bo\u0161nja\u010dka akademija nauka i umjetnosti (BANU) organizirala je \u201cAkademske besjede\u201d koje su posve\u0107ene izlaganjima \u010dlanova Akademije iz domena njihovog znanstvenog djelovanja. Na prvoj &#8220;Akademskoj besjedi&#8221; generalni sekretar BANU akademik Muamer Zukorli\u0107 je imao izlaganje na temu \u201cBo\u0161njaci i dr\u017eavotvorna svijest\u201d Akademik Zukorli\u0107 apelovao na povratak samopouzdanja Bo\u0161njaka kao klju\u010dnog i neophodnog faktora za narod koji [&hellip;]\" \/>\n<meta property=\"og:url\" content=\"https:\/\/sandzakpress.net\/arhiva\/akademik-zukorlic-prvi-ucesnik-akademskih-besjeda-banu-a\/\" \/>\n<meta property=\"og:site_name\" content=\"Sand\u017eak PRESS\" \/>\n<meta property=\"article:published_time\" content=\"2019-10-28T12:30:21+00:00\" \/>\n<meta property=\"article:modified_time\" content=\"2019-10-28T12:30:59+00:00\" \/>\n<meta property=\"og:image\" content=\"https:\/\/sandzakpress.net\/arhiva\/wp-content\/uploads\/2019\/10\/0-6.jpg\" \/>\n\t<meta property=\"og:image:width\" content=\"1944\" \/>\n\t<meta property=\"og:image:height\" content=\"1296\" \/>\n\t<meta property=\"og:image:type\" content=\"image\/jpeg\" \/>\n<meta name=\"author\" content=\"Agencija\" \/>\n<meta name=\"twitter:card\" content=\"summary_large_image\" \/>\n<meta name=\"twitter:label1\" content=\"Written by\" \/>\n\t<meta name=\"twitter:data1\" content=\"Agencija\" \/>\n\t<meta name=\"twitter:label2\" content=\"Est. reading time\" \/>\n\t<meta name=\"twitter:data2\" content=\"2 minute\" \/>\n<script type=\"application\/ld+json\" class=\"yoast-schema-graph\">{\"@context\":\"https:\/\/schema.org\",\"@graph\":[{\"@type\":\"Article\",\"@id\":\"https:\/\/sandzakpress.net\/arhiva\/akademik-zukorlic-prvi-ucesnik-akademskih-besjeda-banu-a\/#article\",\"isPartOf\":{\"@id\":\"https:\/\/sandzakpress.net\/arhiva\/akademik-zukorlic-prvi-ucesnik-akademskih-besjeda-banu-a\/\"},\"author\":{\"name\":\"Agencija\",\"@id\":\"https:\/\/sandzakpress.net\/arhiva\/#\/schema\/person\/cb59d7e3ab91ab90dd680ad0305a6185\"},\"headline\":\"Akademik Zukorli\u0107 prvi u\u010desnik \u201cAkademskih besjeda\u201d BANU-a\",\"datePublished\":\"2019-10-28T12:30:21+00:00\",\"dateModified\":\"2019-10-28T12:30:59+00:00\",\"mainEntityOfPage\":{\"@id\":\"https:\/\/sandzakpress.net\/arhiva\/akademik-zukorlic-prvi-ucesnik-akademskih-besjeda-banu-a\/\"},\"wordCount\":491,\"commentCount\":1,\"publisher\":{\"@id\":\"https:\/\/sandzakpress.net\/arhiva\/#\/schema\/person\/6e72b67d6e51910a1117b3b483ba20bd\"},\"image\":{\"@id\":\"https:\/\/sandzakpress.net\/arhiva\/akademik-zukorlic-prvi-ucesnik-akademskih-besjeda-banu-a\/#primaryimage\"},\"thumbnailUrl\":\"https:\/\/sandzakpress.net\/arhiva\/wp-content\/uploads\/2019\/10\/0-6.jpg\",\"keywords\":[\"muftija Muamer Zukorli\u0107\"],\"articleSection\":[\"Nacija\",\"Novi Pazar\",\"Sjenica\",\"Tutin\",\"Prijepolje\",\"Priboj\",\"Nova Varo\u0161\",\"VIJESTI DANA\"],\"inLanguage\":\"bs-BA\",\"potentialAction\":[{\"@type\":\"CommentAction\",\"name\":\"Comment\",\"target\":[\"https:\/\/sandzakpress.net\/arhiva\/akademik-zukorlic-prvi-ucesnik-akademskih-besjeda-banu-a\/#respond\"]}]},{\"@type\":\"WebPage\",\"@id\":\"https:\/\/sandzakpress.net\/arhiva\/akademik-zukorlic-prvi-ucesnik-akademskih-besjeda-banu-a\/\",\"url\":\"https:\/\/sandzakpress.net\/arhiva\/akademik-zukorlic-prvi-ucesnik-akademskih-besjeda-banu-a\/\",\"name\":\"Akademik Zukorli\u0107 prvi u\u010desnik \u201cAkademskih besjeda\u201d BANU-a\",\"isPartOf\":{\"@id\":\"https:\/\/sandzakpress.net\/arhiva\/#website\"},\"primaryImageOfPage\":{\"@id\":\"https:\/\/sandzakpress.net\/arhiva\/akademik-zukorlic-prvi-ucesnik-akademskih-besjeda-banu-a\/#primaryimage\"},\"image\":{\"@id\":\"https:\/\/sandzakpress.net\/arhiva\/akademik-zukorlic-prvi-ucesnik-akademskih-besjeda-banu-a\/#primaryimage\"},\"thumbnailUrl\":\"https:\/\/sandzakpress.net\/arhiva\/wp-content\/uploads\/2019\/10\/0-6.jpg\",\"datePublished\":\"2019-10-28T12:30:21+00:00\",\"dateModified\":\"2019-10-28T12:30:59+00:00\",\"breadcrumb\":{\"@id\":\"https:\/\/sandzakpress.net\/arhiva\/akademik-zukorlic-prvi-ucesnik-akademskih-besjeda-banu-a\/#breadcrumb\"},\"inLanguage\":\"bs-BA\",\"potentialAction\":[{\"@type\":\"ReadAction\",\"target\":[\"https:\/\/sandzakpress.net\/arhiva\/akademik-zukorlic-prvi-ucesnik-akademskih-besjeda-banu-a\/\"]}]},{\"@type\":\"ImageObject\",\"inLanguage\":\"bs-BA\",\"@id\":\"https:\/\/sandzakpress.net\/arhiva\/akademik-zukorlic-prvi-ucesnik-akademskih-besjeda-banu-a\/#primaryimage\",\"url\":\"https:\/\/sandzakpress.net\/arhiva\/wp-content\/uploads\/2019\/10\/0-6.jpg\",\"contentUrl\":\"https:\/\/sandzakpress.net\/arhiva\/wp-content\/uploads\/2019\/10\/0-6.jpg\",\"width\":1944,\"height\":1296},{\"@type\":\"BreadcrumbList\",\"@id\":\"https:\/\/sandzakpress.net\/arhiva\/akademik-zukorlic-prvi-ucesnik-akademskih-besjeda-banu-a\/#breadcrumb\",\"itemListElement\":[{\"@type\":\"ListItem\",\"position\":1,\"name\":\"Home\",\"item\":\"https:\/\/sandzakpress.net\/arhiva\/\"},{\"@type\":\"ListItem\",\"position\":2,\"name\":\"Akademik Zukorli\u0107 prvi u\u010desnik \u201cAkademskih besjeda\u201d BANU-a\"}]},{\"@type\":\"WebSite\",\"@id\":\"https:\/\/sandzakpress.net\/arhiva\/#website\",\"url\":\"https:\/\/sandzakpress.net\/arhiva\/\",\"name\":\"Sand\u017eak PRESS\",\"description\":\"Prve elektronske novine u Sand\u017eaku\",\"publisher\":{\"@id\":\"https:\/\/sandzakpress.net\/arhiva\/#\/schema\/person\/6e72b67d6e51910a1117b3b483ba20bd\"},\"potentialAction\":[{\"@type\":\"SearchAction\",\"target\":{\"@type\":\"EntryPoint\",\"urlTemplate\":\"https:\/\/sandzakpress.net\/arhiva\/?s={search_term_string}\"},\"query-input\":{\"@type\":\"PropertyValueSpecification\",\"valueRequired\":true,\"valueName\":\"search_term_string\"}}],\"inLanguage\":\"bs-BA\"},{\"@type\":[\"Person\",\"Organization\"],\"@id\":\"https:\/\/sandzakpress.net\/arhiva\/#\/schema\/person\/6e72b67d6e51910a1117b3b483ba20bd\",\"name\":\"Kul\",\"image\":{\"@type\":\"ImageObject\",\"inLanguage\":\"bs-BA\",\"@id\":\"https:\/\/sandzakpress.net\/arhiva\/#\/schema\/person\/image\/\",\"url\":\"https:\/\/secure.gravatar.com\/avatar\/42263f39aa27ac04c43cab85c280eb2e?s=96&d=mm&r=pg\",\"contentUrl\":\"https:\/\/secure.gravatar.com\/avatar\/42263f39aa27ac04c43cab85c280eb2e?s=96&d=mm&r=pg\",\"caption\":\"Kul\"},\"logo\":{\"@id\":\"https:\/\/sandzakpress.net\/arhiva\/#\/schema\/person\/image\/\"}},{\"@type\":\"Person\",\"@id\":\"https:\/\/sandzakpress.net\/arhiva\/#\/schema\/person\/cb59d7e3ab91ab90dd680ad0305a6185\",\"name\":\"Agencija\",\"image\":{\"@type\":\"ImageObject\",\"inLanguage\":\"bs-BA\",\"@id\":\"https:\/\/sandzakpress.net\/arhiva\/#\/schema\/person\/image\/\",\"url\":\"https:\/\/secure.gravatar.com\/avatar\/4b7fafa80a22f0c2afe23966b3961fe0?s=96&d=mm&r=pg\",\"contentUrl\":\"https:\/\/secure.gravatar.com\/avatar\/4b7fafa80a22f0c2afe23966b3961fe0?s=96&d=mm&r=pg\",\"caption\":\"Agencija\"},\"url\":\"https:\/\/sandzakpress.net\/arhiva\/author\/agencija\/\"}]}<\/script>\n<!-- \/ Yoast SEO Premium plugin. -->","yoast_head_json":{"title":"Akademik Zukorli\u0107 prvi u\u010desnik \u201cAkademskih besjeda\u201d BANU-a","robots":{"index":"index","follow":"follow","max-snippet":"max-snippet:-1","max-image-preview":"max-image-preview:large","max-video-preview":"max-video-preview:-1"},"canonical":"https:\/\/sandzakpress.net\/arhiva\/akademik-zukorlic-prvi-ucesnik-akademskih-besjeda-banu-a\/","og_locale":"bs_BA","og_type":"article","og_title":"Akademik Zukorli\u0107 prvi u\u010desnik \u201cAkademskih besjeda\u201d BANU-a","og_description":"Bo\u0161nja\u010dka akademija nauka i umjetnosti (BANU) organizirala je \u201cAkademske besjede\u201d koje su posve\u0107ene izlaganjima \u010dlanova Akademije iz domena njihovog znanstvenog djelovanja. Na prvoj &#8220;Akademskoj besjedi&#8221; generalni sekretar BANU akademik Muamer Zukorli\u0107 je imao izlaganje na temu \u201cBo\u0161njaci i dr\u017eavotvorna svijest\u201d Akademik Zukorli\u0107 apelovao na povratak samopouzdanja Bo\u0161njaka kao klju\u010dnog i neophodnog faktora za narod koji [&hellip;]","og_url":"https:\/\/sandzakpress.net\/arhiva\/akademik-zukorlic-prvi-ucesnik-akademskih-besjeda-banu-a\/","og_site_name":"Sand\u017eak PRESS","article_published_time":"2019-10-28T12:30:21+00:00","article_modified_time":"2019-10-28T12:30:59+00:00","og_image":[{"width":1944,"height":1296,"url":"https:\/\/sandzakpress.net\/arhiva\/wp-content\/uploads\/2019\/10\/0-6.jpg","type":"image\/jpeg"}],"author":"Agencija","twitter_card":"summary_large_image","twitter_misc":{"Written by":"Agencija","Est. reading time":"2 minute"},"schema":{"@context":"https:\/\/schema.org","@graph":[{"@type":"Article","@id":"https:\/\/sandzakpress.net\/arhiva\/akademik-zukorlic-prvi-ucesnik-akademskih-besjeda-banu-a\/#article","isPartOf":{"@id":"https:\/\/sandzakpress.net\/arhiva\/akademik-zukorlic-prvi-ucesnik-akademskih-besjeda-banu-a\/"},"author":{"name":"Agencija","@id":"https:\/\/sandzakpress.net\/arhiva\/#\/schema\/person\/cb59d7e3ab91ab90dd680ad0305a6185"},"headline":"Akademik Zukorli\u0107 prvi u\u010desnik \u201cAkademskih besjeda\u201d BANU-a","datePublished":"2019-10-28T12:30:21+00:00","dateModified":"2019-10-28T12:30:59+00:00","mainEntityOfPage":{"@id":"https:\/\/sandzakpress.net\/arhiva\/akademik-zukorlic-prvi-ucesnik-akademskih-besjeda-banu-a\/"},"wordCount":491,"commentCount":1,"publisher":{"@id":"https:\/\/sandzakpress.net\/arhiva\/#\/schema\/person\/6e72b67d6e51910a1117b3b483ba20bd"},"image":{"@id":"https:\/\/sandzakpress.net\/arhiva\/akademik-zukorlic-prvi-ucesnik-akademskih-besjeda-banu-a\/#primaryimage"},"thumbnailUrl":"https:\/\/sandzakpress.net\/arhiva\/wp-content\/uploads\/2019\/10\/0-6.jpg","keywords":["muftija Muamer Zukorli\u0107"],"articleSection":["Nacija","Novi Pazar","Sjenica","Tutin","Prijepolje","Priboj","Nova Varo\u0161","VIJESTI DANA"],"inLanguage":"bs-BA","potentialAction":[{"@type":"CommentAction","name":"Comment","target":["https:\/\/sandzakpress.net\/arhiva\/akademik-zukorlic-prvi-ucesnik-akademskih-besjeda-banu-a\/#respond"]}]},{"@type":"WebPage","@id":"https:\/\/sandzakpress.net\/arhiva\/akademik-zukorlic-prvi-ucesnik-akademskih-besjeda-banu-a\/","url":"https:\/\/sandzakpress.net\/arhiva\/akademik-zukorlic-prvi-ucesnik-akademskih-besjeda-banu-a\/","name":"Akademik Zukorli\u0107 prvi u\u010desnik \u201cAkademskih besjeda\u201d BANU-a","isPartOf":{"@id":"https:\/\/sandzakpress.net\/arhiva\/#website"},"primaryImageOfPage":{"@id":"https:\/\/sandzakpress.net\/arhiva\/akademik-zukorlic-prvi-ucesnik-akademskih-besjeda-banu-a\/#primaryimage"},"image":{"@id":"https:\/\/sandzakpress.net\/arhiva\/akademik-zukorlic-prvi-ucesnik-akademskih-besjeda-banu-a\/#primaryimage"},"thumbnailUrl":"https:\/\/sandzakpress.net\/arhiva\/wp-content\/uploads\/2019\/10\/0-6.jpg","datePublished":"2019-10-28T12:30:21+00:00","dateModified":"2019-10-28T12:30:59+00:00","breadcrumb":{"@id":"https:\/\/sandzakpress.net\/arhiva\/akademik-zukorlic-prvi-ucesnik-akademskih-besjeda-banu-a\/#breadcrumb"},"inLanguage":"bs-BA","potentialAction":[{"@type":"ReadAction","target":["https:\/\/sandzakpress.net\/arhiva\/akademik-zukorlic-prvi-ucesnik-akademskih-besjeda-banu-a\/"]}]},{"@type":"ImageObject","inLanguage":"bs-BA","@id":"https:\/\/sandzakpress.net\/arhiva\/akademik-zukorlic-prvi-ucesnik-akademskih-besjeda-banu-a\/#primaryimage","url":"https:\/\/sandzakpress.net\/arhiva\/wp-content\/uploads\/2019\/10\/0-6.jpg","contentUrl":"https:\/\/sandzakpress.net\/arhiva\/wp-content\/uploads\/2019\/10\/0-6.jpg","width":1944,"height":1296},{"@type":"BreadcrumbList","@id":"https:\/\/sandzakpress.net\/arhiva\/akademik-zukorlic-prvi-ucesnik-akademskih-besjeda-banu-a\/#breadcrumb","itemListElement":[{"@type":"ListItem","position":1,"name":"Home","item":"https:\/\/sandzakpress.net\/arhiva\/"},{"@type":"ListItem","position":2,"name":"Akademik Zukorli\u0107 prvi u\u010desnik \u201cAkademskih besjeda\u201d BANU-a"}]},{"@type":"WebSite","@id":"https:\/\/sandzakpress.net\/arhiva\/#website","url":"https:\/\/sandzakpress.net\/arhiva\/","name":"Sand\u017eak PRESS","description":"Prve elektronske novine u Sand\u017eaku","publisher":{"@id":"https:\/\/sandzakpress.net\/arhiva\/#\/schema\/person\/6e72b67d6e51910a1117b3b483ba20bd"},"potentialAction":[{"@type":"SearchAction","target":{"@type":"EntryPoint","urlTemplate":"https:\/\/sandzakpress.net\/arhiva\/?s={search_term_string}"},"query-input":{"@type":"PropertyValueSpecification","valueRequired":true,"valueName":"search_term_string"}}],"inLanguage":"bs-BA"},{"@type":["Person","Organization"],"@id":"https:\/\/sandzakpress.net\/arhiva\/#\/schema\/person\/6e72b67d6e51910a1117b3b483ba20bd","name":"Kul","image":{"@type":"ImageObject","inLanguage":"bs-BA","@id":"https:\/\/sandzakpress.net\/arhiva\/#\/schema\/person\/image\/","url":"https:\/\/secure.gravatar.com\/avatar\/42263f39aa27ac04c43cab85c280eb2e?s=96&d=mm&r=pg","contentUrl":"https:\/\/secure.gravatar.com\/avatar\/42263f39aa27ac04c43cab85c280eb2e?s=96&d=mm&r=pg","caption":"Kul"},"logo":{"@id":"https:\/\/sandzakpress.net\/arhiva\/#\/schema\/person\/image\/"}},{"@type":"Person","@id":"https:\/\/sandzakpress.net\/arhiva\/#\/schema\/person\/cb59d7e3ab91ab90dd680ad0305a6185","name":"Agencija","image":{"@type":"ImageObject","inLanguage":"bs-BA","@id":"https:\/\/sandzakpress.net\/arhiva\/#\/schema\/person\/image\/","url":"https:\/\/secure.gravatar.com\/avatar\/4b7fafa80a22f0c2afe23966b3961fe0?s=96&d=mm&r=pg","contentUrl":"https:\/\/secure.gravatar.com\/avatar\/4b7fafa80a22f0c2afe23966b3961fe0?s=96&d=mm&r=pg","caption":"Agencija"},"url":"https:\/\/sandzakpress.net\/arhiva\/author\/agencija\/"}]}},"_links":{"self":[{"href":"https:\/\/sandzakpress.net\/arhiva\/wp-json\/wp\/v2\/posts\/229913"}],"collection":[{"href":"https:\/\/sandzakpress.net\/arhiva\/wp-json\/wp\/v2\/posts"}],"about":[{"href":"https:\/\/sandzakpress.net\/arhiva\/wp-json\/wp\/v2\/types\/post"}],"author":[{"embeddable":true,"href":"https:\/\/sandzakpress.net\/arhiva\/wp-json\/wp\/v2\/users\/509"}],"replies":[{"embeddable":true,"href":"https:\/\/sandzakpress.net\/arhiva\/wp-json\/wp\/v2\/comments?post=229913"}],"version-history":[{"count":0,"href":"https:\/\/sandzakpress.net\/arhiva\/wp-json\/wp\/v2\/posts\/229913\/revisions"}],"wp:featuredmedia":[{"embeddable":true,"href":"https:\/\/sandzakpress.net\/arhiva\/wp-json\/wp\/v2\/media\/229914"}],"wp:attachment":[{"href":"https:\/\/sandzakpress.net\/arhiva\/wp-json\/wp\/v2\/media?parent=229913"}],"wp:term":[{"taxonomy":"category","embeddable":true,"href":"https:\/\/sandzakpress.net\/arhiva\/wp-json\/wp\/v2\/categories?post=229913"},{"taxonomy":"post_tag","embeddable":true,"href":"https:\/\/sandzakpress.net\/arhiva\/wp-json\/wp\/v2\/tags?post=229913"}],"curies":[{"name":"wp","href":"https:\/\/api.w.org\/{rel}","templated":true}]}}