{"id":229910,"date":"2019-10-27T18:33:01","date_gmt":"2019-10-27T17:33:01","guid":{"rendered":"https:\/\/sandzakpress.net\/arhiva\/?p=229910"},"modified":"2019-10-28T09:07:14","modified_gmt":"2019-10-28T08:07:14","slug":"pasivnost-i-selektivnost-medija-iz-e-u-bih-dovela-je-do-brojnih-problema-u-izbornom-procesu","status":"publish","type":"post","link":"https:\/\/sandzakpress.net\/arhiva\/pasivnost-i-selektivnost-medija-iz-e-u-bih-dovela-je-do-brojnih-problema-u-izbornom-procesu\/","title":{"rendered":"Pasivnost i selektivnost medija IZ-e u BiH  dovela je do brojnih problema u izbornom procesu"},"content":{"rendered":"<p><img loading=\"lazy\" decoding=\"async\" class=\"alignnone size-full wp-image-229911\" src=\"https:\/\/sandzakpress.net\/arhiva\/wp-content\/uploads\/2019\/10\/salahudin-fetic.jpg\" alt=\"\" width=\"1600\" height=\"1066\" srcset=\"https:\/\/sandzakpress.net\/arhiva\/wp-content\/uploads\/2019\/10\/salahudin-fetic.jpg 1600w, https:\/\/sandzakpress.net\/arhiva\/wp-content\/uploads\/2019\/10\/salahudin-fetic-768x512.jpg 768w, https:\/\/sandzakpress.net\/arhiva\/wp-content\/uploads\/2019\/10\/salahudin-fetic-616x410.jpg 616w, https:\/\/sandzakpress.net\/arhiva\/wp-content\/uploads\/2019\/10\/salahudin-fetic-360x240.jpg 360w\" sizes=\"(max-width: 1600px) 100vw, 1600px\" \/><\/p>\n<p>Reakcija na analizu kolege Nedima Hrbata Izvr\u0161nog direktora programa Media centra IZ-e u BiH objavljenu na portalu radija Bir 24.10.2019. na linku: <a href=\"https:\/\/www.bir.ba\/index.php\/tekstovi-i-kolumne\/item\/9529-izbori-za-reisu-l-ulemu-kako-je-pocelo-tako-i-zavrsava\">https:\/\/www.bir.ba\/index.php\/tekstovi-i-kolumne\/item\/9529-izbori-za-reisu-l-ulemu-kako-je-pocelo-tako-i-zavrsava<\/a><\/p>\n<p>&nbsp;<\/p>\n<p><strong>Pasivnost i selektivnost medija IZ-e u BiH <br \/>dovela je do brojnih problema u izbornom procesu<\/strong><\/p>\n<p>&nbsp;<\/p>\n<p>Iako je preporuka Rijaseta IZ-e u BiH, kao i Me\u0161ihata IZ-e u Srbiji, bila da se nakon izbora za reisu-l-ulemu i poruke zajedni\u0161tva koju su kandidati poslali neposredno nakon izbora, da mediji i novinari Islamske zajednice kako u Bosni i Hercegovini tako i u Sand\u017eaku, ostanu suzdr\u017eani od postizbornog komentiranja i analiziranja, smatraju\u0107i da bi se bilo kakvim reagiranjem i javnom polemikom naru\u0161io dignitet kandidata i samih izbora, ju\u010der se na portalu radija Bir oglasio Izvr\u0161ni direktor programa Media centra IZ-e u BiH Nedim Hrbat, iznijev\u0161i svoj stav i kritike na ra\u010dun jednog kandidata, komentiraju\u0107i tekstove pojedinaca na drugim bh. portalima, te dopise sabornika i muftija IZ-e u Srbiji i IZ-e u Hrvatskoj koji su uslijedili kao reakcija na optu\u017ebe i uvrede upu\u0107ene njima, \u010dime se prekr\u0161ila gore navedena preporuka, te sam u obavezi da odgovorim na teze iznijete u tekstu kolege Hrbata.<\/p>\n<p>Interesantno je da kolega Hrbat komentira negativnim \u201epaljenje\u201c dru\u0161tvenih mre\u017ea, interesovanje vjernika na dru\u0161tvenim mre\u017eama za izbore za reisu-l-ulemu, ankete i sve \u0161to se na njima de\u0161avalo, a ni malo kriti\u010dki ne govori o pasivnosti medija IZ-e u BiH na dru\u0161tvenim mre\u017eama, gdje je na nekoliko zvani\u010dnih FB stranica objavljeno tek par postova u vezi izbora, a da ne govorimo da na zvani\u010dnoj FB stranici Rijaseta nema niti jedne objave o kandidaturi i izborima za reisu-l-ulemu i gdje je posljednji post bajramska \u010destitka od prije nekoliko mjeseci. Tamo gdje se ostavi prazan prostor, nastupaju oni koji nisu pozvani da taj prostor popune. <strong>Da je Media centar IZ-e u BiH koristio dru\u0161tvene mre\u017ee na pravi na\u010din, i da nije ostavljen prazan prostor, svaka aktivnost mimo te bila bi irelevantna. Tako da je, na \u017ealost, prva opaska itekako gre\u0161ka Media centra IZ-e u BiH. <\/strong><\/p>\n<p>Iako, kolega Hrbat potencira na tome \u201eko je prvi po\u010deo\u201c, ipak konstatuje da sabornici i muftije Me\u0161ihata IZ-e u Srbiji i Me\u0161ihata IZ-e u Hrvatskoj vode kampanju protiv profesora Mustafe-Mujkija Spahi\u0107a, bez obzira \u0161to je isti u bh. listu Oslobo\u0111enje prvi javno prozvao rukovodstva dvaju me\u0161ihata, muftiju Dudi\u0107a i Muftiju Hasanovi\u0107a, za nekorektnost u odnosu prema Rijasetu, te najpogrdnijim kvalifikacijama na ra\u010dun lika i porodice izvrije\u0111ao kandidata za reisu-l-ulemu muftiju Zukorli\u0107a. <strong>Dakle radi se o klasi\u010dnoj zamjeni teza: ne vode hajku me\u0161ihati i muftije protiv Mujkija, ve\u0107 Mujki, vodi kampanju protiv njih.<\/strong><\/p>\n<p>Kolega Hrbat navodi, da je uprkos prozivkama kandidata i sabornika na ra\u010dun medija IZ-e u BiH, njihov stav bio da na iste ne\u0107e odgovarati. Na \u017ealost, ta teza ili nije ta\u010dna ili je rukovodstvo bilo nemo\u0107no da svojim novinarima nalo\u017ei da sprovedu tu odluku, <strong>jer smo imali prilike gledati \u017eustru reakciju pojedinih novinara Media centra IZ-e u BiH, uz uvrede sabornicima koji su ih kritikovali, kao i onima koji su komentirali na istom postu, te \u0161to\u0161ta drugo \u0161to ne prili\u010di novinaru IZ-e<\/strong><\/p>\n<p>Vrlo je \u010dudno, da je, kako navodi kolega Hrbat, bio obradovan izjavom kandidata Zukorli\u0107a \u201eda o\u010dekuje da se izbori za reisu-l-ulemu odr\u017ee u pozitivnoj atmosferi, bez velikih rije\u010di i optu\u017ebi\u201c, te da je sve to, kako on navodi, palo u vodu ve\u0107 na njegovoj prvoj prezentaciji programa, u Gora\u017edu, kada je iznio niz optu\u017ebi na ra\u010dun sada\u0161njih i biv\u0161ih muftija i aktuelnog reisu-l-uleme. Nejasno je za\u0161to kolega Hrbat sada, nakon izbora, potencira to svoje mi\u0161ljenje i zaklju\u010dak, iako dok je Muftija Zukorli\u0107 bio gost u programu na radiju Bir nije mu postavljeno niti jedno pitanje te vrste. Nije svojstveno korektnom novinaru da iznosi optu\u017ebe, tvrdnje i analize o bilo kome, a da optu\u017eene ne pozove i dodijeli im prostor na mediju da odgovore na sve te kritike. Pogotovo ako ti, koji se kritikuju a ne pozivaju, nikada ne odbijaju pozive medija da na njima govore, a naro\u010dito medija Islamske zajednice. Pozivam kolegu Hrbata da citira jednu te\u0161ku rije\u010d izne\u0161enu na ra\u010dun reisu-l-uleme Kavazovi\u0107a od strane kandidata dr. Zukorli\u0107a tokom kampanje. <strong>Akademik Zukorli\u0107 nije bio fiktivni ve\u0107 pravi protukandidat, te se od njega nikako nije moglo o\u010dekivati da vodi fiktivnu ve\u0107 pravu kampanju. Samim tim, uz izlaganje programa i vizije kako Islamska zajednica treba funkcionirati, sasvim je normalno iznijeti i odre\u0111ene kritike, ali kritike ne optu\u017ebe i te\u0161ke rije\u010di, uz maksimalno po\u0161tivanje protukandidata.<\/strong><\/p>\n<p>Kolega Hrbat konstatuje da je tre\u0107i kandidat Dedovi\u0107 odustao od kandidature, jer je \u201ekampanja vo\u0111ena na medijima iz druge dr\u017eave\u201c, ali uop\u0107e ne tretira to \u0161to prava kampanja (ako izuzmemo pljuva\u010dke tekstove Klixa, Oslobo\u0111enja, Avaza i dr) nije vo\u0111ena na medijima u BiH, kao ni to \u0161to kandidati nisu imali prilike da govore na bh. medijima o programima i kandidaturi. Bilo bi razumljivo da uop\u0107e u javnosti nije bilo pri\u010de pa da se ni kandidatima ne dade nikakav prostor, me\u0111utim, <strong>svjedoci smo da je u kampanji i o izboru za reisu-l-ulemu mogao da govori bilo ko osim kandidata<\/strong>, pa i sam biv\u0161i kandidat, koji je povukao kandidaturu i koji se u svom svakom obra\u0107anju nije ustezao da negativno govori o jednom, a pozitivno o drugom kandidatu.<\/p>\n<p>Jako je interesantno \u0161utanje kolega novinara iz IZ-e u BiH na medijsku hajku i najgnusnije optu\u017ebe bh. medija na ra\u010dun kandidata Zukorli\u0107a, muftija dr. Dudi\u0107a i dr. Hasanovi\u0107a, dok sa druge strane legitimne kritike muftija i sabornika na ra\u010dun rukovodstva i organa IZ-e u BiH se shvataju kao najve\u0107a uvreda. <strong>Zar je vrije\u0111anje samo jednog kandidata \u201eru\u0161enje digniteta izbora za reisu-l-ulemu\u201c, a drugog ne?<\/strong><\/p>\n<p>Na kraju, ne bih se slo\u017eio da su ovi izbori za reisu-l-ulemu zavr\u0161eni kako su po\u010deli, a pogotovo se ne bih slo\u017eio da je situacija poslije izbora jednaka onoj prije izbora. Uprkos divnom bratskom zagrljaju i porukama dvaju kandidata, <strong>miran postizborni period o\u010digledno nekome ne godi. Poku\u0161avaju se postaviti jazovi tamo gdje ih nije bilo, a one koji su ve\u0107 postojali i trebali zarastati, nanovo se \u017eele pro\u0161iriti i produbiti.<\/strong><\/p>\n<p>I na kraju rije\u010d-dvije o objektivnosti kolega i medija IZ-e u BiH. Ne\u0107u ih posebno analizirati, ve\u0107 \u0107u uz ovaj tekst prilo\u017eiti statisti\u010dki prikaz objavljenih informacija o kandidatima za reisu-l-ulemu na medijima IZ-e u BiH, koji je napravljen 11.10.2019, dakle jedan dan prije izbora. Ova analiza nastala je za interne potrebe rukovodstva Islamske zajednice. Me\u0111utim, obzirom na vi\u0161estruki poku\u0161aj njihovog utjerivanja u la\u017e, objavljujemo je i ovim putem javno.<\/p>\n<p>&nbsp;<\/p>\n<p><img loading=\"lazy\" decoding=\"async\" class=\"alignnone size-full wp-image-229912\" src=\"https:\/\/sandzakpress.net\/arhiva\/wp-content\/uploads\/2019\/10\/sts.jpg\" alt=\"\" width=\"1131\" height=\"1600\" srcset=\"https:\/\/sandzakpress.net\/arhiva\/wp-content\/uploads\/2019\/10\/sts.jpg 1131w, https:\/\/sandzakpress.net\/arhiva\/wp-content\/uploads\/2019\/10\/sts-768x1086.jpg 768w, https:\/\/sandzakpress.net\/arhiva\/wp-content\/uploads\/2019\/10\/sts-616x871.jpg 616w\" sizes=\"(max-width: 1131px) 100vw, 1131px\" \/><\/p>\n<p style=\"text-align: center;\">U Novom Pazaru, 25.10.2019.<\/p>\n<p style=\"text-align: right;\"><strong>Salahudin Feti\u0107 <\/strong><\/p>\n<p style=\"text-align: right;\"><strong>Direktor Media centra IZ-e u Srbiji<\/strong><\/p>\n","protected":false},"excerpt":{"rendered":"<p>Reakcija na analizu kolege Nedima Hrbata Izvr\u0161nog direktora programa Media centra IZ-e u BiH objavljenu na portalu radija Bir 24.10.2019. na linku: https:\/\/www.bir.ba\/index.php\/tekstovi-i-kolumne\/item\/9529-izbori-za-reisu-l-ulemu-kako-je-pocelo-tako-i-zavrsava &nbsp; Pasivnost i selektivnost medija IZ-e u BiH dovela je do brojnih problema u izbornom procesu &nbsp; Iako je preporuka Rijaseta IZ-e u BiH, kao i Me\u0161ihata IZ-e u Srbiji, bila da [&hellip;]<\/p>\n","protected":false},"author":509,"featured_media":229911,"comment_status":"open","ping_status":"open","sticky":false,"template":"","format":"standard","meta":{"footnotes":""},"categories":[10196,8957],"tags":[],"class_list":{"0":"post-229910","1":"post","2":"type-post","3":"status-publish","4":"format-standard","5":"has-post-thumbnail","7":"category-iz-pera-nasih-autora","8":"category-vijesti-dana"},"yoast_head":"<!-- This site is optimized with the Yoast SEO Premium plugin v23.1 (Yoast SEO v24.9) - https:\/\/yoast.com\/wordpress\/plugins\/seo\/ -->\n<title>Pasivnost i selektivnost medija IZ-e u BiH dovela je do brojnih problema u izbornom procesu<\/title>\n<meta name=\"robots\" content=\"index, follow, max-snippet:-1, max-image-preview:large, max-video-preview:-1\" \/>\n<link rel=\"canonical\" href=\"https:\/\/sandzakpress.net\/arhiva\/pasivnost-i-selektivnost-medija-iz-e-u-bih-dovela-je-do-brojnih-problema-u-izbornom-procesu\/\" \/>\n<meta property=\"og:locale\" content=\"bs_BA\" \/>\n<meta property=\"og:type\" content=\"article\" \/>\n<meta property=\"og:title\" content=\"Pasivnost i selektivnost medija IZ-e u BiH dovela je do brojnih problema u izbornom procesu\" \/>\n<meta property=\"og:description\" content=\"Reakcija na analizu kolege Nedima Hrbata Izvr\u0161nog direktora programa Media centra IZ-e u BiH objavljenu na portalu radija Bir 24.10.2019. na linku: https:\/\/www.bir.ba\/index.php\/tekstovi-i-kolumne\/item\/9529-izbori-za-reisu-l-ulemu-kako-je-pocelo-tako-i-zavrsava &nbsp; Pasivnost i selektivnost medija IZ-e u BiH dovela je do brojnih problema u izbornom procesu &nbsp; Iako je preporuka Rijaseta IZ-e u BiH, kao i Me\u0161ihata IZ-e u Srbiji, bila da [&hellip;]\" \/>\n<meta property=\"og:url\" content=\"https:\/\/sandzakpress.net\/arhiva\/pasivnost-i-selektivnost-medija-iz-e-u-bih-dovela-je-do-brojnih-problema-u-izbornom-procesu\/\" \/>\n<meta property=\"og:site_name\" content=\"Sand\u017eak PRESS\" \/>\n<meta property=\"article:published_time\" content=\"2019-10-27T17:33:01+00:00\" \/>\n<meta property=\"article:modified_time\" content=\"2019-10-28T08:07:14+00:00\" \/>\n<meta property=\"og:image\" content=\"https:\/\/sandzakpress.net\/arhiva\/wp-content\/uploads\/2019\/10\/salahudin-fetic.jpg\" \/>\n\t<meta property=\"og:image:width\" content=\"1600\" \/>\n\t<meta property=\"og:image:height\" content=\"1066\" \/>\n\t<meta property=\"og:image:type\" content=\"image\/jpeg\" \/>\n<meta name=\"author\" content=\"Agencija\" \/>\n<meta name=\"twitter:card\" content=\"summary_large_image\" \/>\n<meta name=\"twitter:label1\" content=\"Written by\" \/>\n\t<meta name=\"twitter:data1\" content=\"Agencija\" \/>\n\t<meta name=\"twitter:label2\" content=\"Est. reading time\" \/>\n\t<meta name=\"twitter:data2\" content=\"6 minuta\" \/>\n<script type=\"application\/ld+json\" class=\"yoast-schema-graph\">{\"@context\":\"https:\/\/schema.org\",\"@graph\":[{\"@type\":\"Article\",\"@id\":\"https:\/\/sandzakpress.net\/arhiva\/pasivnost-i-selektivnost-medija-iz-e-u-bih-dovela-je-do-brojnih-problema-u-izbornom-procesu\/#article\",\"isPartOf\":{\"@id\":\"https:\/\/sandzakpress.net\/arhiva\/pasivnost-i-selektivnost-medija-iz-e-u-bih-dovela-je-do-brojnih-problema-u-izbornom-procesu\/\"},\"author\":{\"name\":\"Agencija\",\"@id\":\"https:\/\/sandzakpress.net\/arhiva\/#\/schema\/person\/cb59d7e3ab91ab90dd680ad0305a6185\"},\"headline\":\"Pasivnost i selektivnost medija IZ-e u BiH dovela je do brojnih problema u izbornom procesu\",\"datePublished\":\"2019-10-27T17:33:01+00:00\",\"dateModified\":\"2019-10-28T08:07:14+00:00\",\"mainEntityOfPage\":{\"@id\":\"https:\/\/sandzakpress.net\/arhiva\/pasivnost-i-selektivnost-medija-iz-e-u-bih-dovela-je-do-brojnih-problema-u-izbornom-procesu\/\"},\"wordCount\":1194,\"commentCount\":0,\"publisher\":{\"@id\":\"https:\/\/sandzakpress.net\/arhiva\/#\/schema\/person\/6e72b67d6e51910a1117b3b483ba20bd\"},\"image\":{\"@id\":\"https:\/\/sandzakpress.net\/arhiva\/pasivnost-i-selektivnost-medija-iz-e-u-bih-dovela-je-do-brojnih-problema-u-izbornom-procesu\/#primaryimage\"},\"thumbnailUrl\":\"https:\/\/sandzakpress.net\/arhiva\/wp-content\/uploads\/2019\/10\/salahudin-fetic.jpg\",\"articleSection\":[\"Iz pera na\u0161ih autora\",\"VIJESTI DANA\"],\"inLanguage\":\"bs-BA\",\"potentialAction\":[{\"@type\":\"CommentAction\",\"name\":\"Comment\",\"target\":[\"https:\/\/sandzakpress.net\/arhiva\/pasivnost-i-selektivnost-medija-iz-e-u-bih-dovela-je-do-brojnih-problema-u-izbornom-procesu\/#respond\"]}]},{\"@type\":\"WebPage\",\"@id\":\"https:\/\/sandzakpress.net\/arhiva\/pasivnost-i-selektivnost-medija-iz-e-u-bih-dovela-je-do-brojnih-problema-u-izbornom-procesu\/\",\"url\":\"https:\/\/sandzakpress.net\/arhiva\/pasivnost-i-selektivnost-medija-iz-e-u-bih-dovela-je-do-brojnih-problema-u-izbornom-procesu\/\",\"name\":\"Pasivnost i selektivnost medija IZ-e u BiH dovela je do brojnih problema u izbornom procesu\",\"isPartOf\":{\"@id\":\"https:\/\/sandzakpress.net\/arhiva\/#website\"},\"primaryImageOfPage\":{\"@id\":\"https:\/\/sandzakpress.net\/arhiva\/pasivnost-i-selektivnost-medija-iz-e-u-bih-dovela-je-do-brojnih-problema-u-izbornom-procesu\/#primaryimage\"},\"image\":{\"@id\":\"https:\/\/sandzakpress.net\/arhiva\/pasivnost-i-selektivnost-medija-iz-e-u-bih-dovela-je-do-brojnih-problema-u-izbornom-procesu\/#primaryimage\"},\"thumbnailUrl\":\"https:\/\/sandzakpress.net\/arhiva\/wp-content\/uploads\/2019\/10\/salahudin-fetic.jpg\",\"datePublished\":\"2019-10-27T17:33:01+00:00\",\"dateModified\":\"2019-10-28T08:07:14+00:00\",\"breadcrumb\":{\"@id\":\"https:\/\/sandzakpress.net\/arhiva\/pasivnost-i-selektivnost-medija-iz-e-u-bih-dovela-je-do-brojnih-problema-u-izbornom-procesu\/#breadcrumb\"},\"inLanguage\":\"bs-BA\",\"potentialAction\":[{\"@type\":\"ReadAction\",\"target\":[\"https:\/\/sandzakpress.net\/arhiva\/pasivnost-i-selektivnost-medija-iz-e-u-bih-dovela-je-do-brojnih-problema-u-izbornom-procesu\/\"]}]},{\"@type\":\"ImageObject\",\"inLanguage\":\"bs-BA\",\"@id\":\"https:\/\/sandzakpress.net\/arhiva\/pasivnost-i-selektivnost-medija-iz-e-u-bih-dovela-je-do-brojnih-problema-u-izbornom-procesu\/#primaryimage\",\"url\":\"https:\/\/sandzakpress.net\/arhiva\/wp-content\/uploads\/2019\/10\/salahudin-fetic.jpg\",\"contentUrl\":\"https:\/\/sandzakpress.net\/arhiva\/wp-content\/uploads\/2019\/10\/salahudin-fetic.jpg\",\"width\":1600,\"height\":1066},{\"@type\":\"BreadcrumbList\",\"@id\":\"https:\/\/sandzakpress.net\/arhiva\/pasivnost-i-selektivnost-medija-iz-e-u-bih-dovela-je-do-brojnih-problema-u-izbornom-procesu\/#breadcrumb\",\"itemListElement\":[{\"@type\":\"ListItem\",\"position\":1,\"name\":\"Home\",\"item\":\"https:\/\/sandzakpress.net\/arhiva\/\"},{\"@type\":\"ListItem\",\"position\":2,\"name\":\"Pasivnost i selektivnost medija IZ-e u BiH dovela je do brojnih problema u izbornom procesu\"}]},{\"@type\":\"WebSite\",\"@id\":\"https:\/\/sandzakpress.net\/arhiva\/#website\",\"url\":\"https:\/\/sandzakpress.net\/arhiva\/\",\"name\":\"Sand\u017eak PRESS\",\"description\":\"Prve elektronske novine u Sand\u017eaku\",\"publisher\":{\"@id\":\"https:\/\/sandzakpress.net\/arhiva\/#\/schema\/person\/6e72b67d6e51910a1117b3b483ba20bd\"},\"potentialAction\":[{\"@type\":\"SearchAction\",\"target\":{\"@type\":\"EntryPoint\",\"urlTemplate\":\"https:\/\/sandzakpress.net\/arhiva\/?s={search_term_string}\"},\"query-input\":{\"@type\":\"PropertyValueSpecification\",\"valueRequired\":true,\"valueName\":\"search_term_string\"}}],\"inLanguage\":\"bs-BA\"},{\"@type\":[\"Person\",\"Organization\"],\"@id\":\"https:\/\/sandzakpress.net\/arhiva\/#\/schema\/person\/6e72b67d6e51910a1117b3b483ba20bd\",\"name\":\"Kul\",\"image\":{\"@type\":\"ImageObject\",\"inLanguage\":\"bs-BA\",\"@id\":\"https:\/\/sandzakpress.net\/arhiva\/#\/schema\/person\/image\/\",\"url\":\"https:\/\/secure.gravatar.com\/avatar\/42263f39aa27ac04c43cab85c280eb2e?s=96&d=mm&r=pg\",\"contentUrl\":\"https:\/\/secure.gravatar.com\/avatar\/42263f39aa27ac04c43cab85c280eb2e?s=96&d=mm&r=pg\",\"caption\":\"Kul\"},\"logo\":{\"@id\":\"https:\/\/sandzakpress.net\/arhiva\/#\/schema\/person\/image\/\"}},{\"@type\":\"Person\",\"@id\":\"https:\/\/sandzakpress.net\/arhiva\/#\/schema\/person\/cb59d7e3ab91ab90dd680ad0305a6185\",\"name\":\"Agencija\",\"image\":{\"@type\":\"ImageObject\",\"inLanguage\":\"bs-BA\",\"@id\":\"https:\/\/sandzakpress.net\/arhiva\/#\/schema\/person\/image\/\",\"url\":\"https:\/\/secure.gravatar.com\/avatar\/4b7fafa80a22f0c2afe23966b3961fe0?s=96&d=mm&r=pg\",\"contentUrl\":\"https:\/\/secure.gravatar.com\/avatar\/4b7fafa80a22f0c2afe23966b3961fe0?s=96&d=mm&r=pg\",\"caption\":\"Agencija\"},\"url\":\"https:\/\/sandzakpress.net\/arhiva\/author\/agencija\/\"}]}<\/script>\n<!-- \/ Yoast SEO Premium plugin. -->","yoast_head_json":{"title":"Pasivnost i selektivnost medija IZ-e u BiH dovela je do brojnih problema u izbornom procesu","robots":{"index":"index","follow":"follow","max-snippet":"max-snippet:-1","max-image-preview":"max-image-preview:large","max-video-preview":"max-video-preview:-1"},"canonical":"https:\/\/sandzakpress.net\/arhiva\/pasivnost-i-selektivnost-medija-iz-e-u-bih-dovela-je-do-brojnih-problema-u-izbornom-procesu\/","og_locale":"bs_BA","og_type":"article","og_title":"Pasivnost i selektivnost medija IZ-e u BiH dovela je do brojnih problema u izbornom procesu","og_description":"Reakcija na analizu kolege Nedima Hrbata Izvr\u0161nog direktora programa Media centra IZ-e u BiH objavljenu na portalu radija Bir 24.10.2019. na linku: https:\/\/www.bir.ba\/index.php\/tekstovi-i-kolumne\/item\/9529-izbori-za-reisu-l-ulemu-kako-je-pocelo-tako-i-zavrsava &nbsp; Pasivnost i selektivnost medija IZ-e u BiH dovela je do brojnih problema u izbornom procesu &nbsp; Iako je preporuka Rijaseta IZ-e u BiH, kao i Me\u0161ihata IZ-e u Srbiji, bila da [&hellip;]","og_url":"https:\/\/sandzakpress.net\/arhiva\/pasivnost-i-selektivnost-medija-iz-e-u-bih-dovela-je-do-brojnih-problema-u-izbornom-procesu\/","og_site_name":"Sand\u017eak PRESS","article_published_time":"2019-10-27T17:33:01+00:00","article_modified_time":"2019-10-28T08:07:14+00:00","og_image":[{"width":1600,"height":1066,"url":"https:\/\/sandzakpress.net\/arhiva\/wp-content\/uploads\/2019\/10\/salahudin-fetic.jpg","type":"image\/jpeg"}],"author":"Agencija","twitter_card":"summary_large_image","twitter_misc":{"Written by":"Agencija","Est. reading time":"6 minuta"},"schema":{"@context":"https:\/\/schema.org","@graph":[{"@type":"Article","@id":"https:\/\/sandzakpress.net\/arhiva\/pasivnost-i-selektivnost-medija-iz-e-u-bih-dovela-je-do-brojnih-problema-u-izbornom-procesu\/#article","isPartOf":{"@id":"https:\/\/sandzakpress.net\/arhiva\/pasivnost-i-selektivnost-medija-iz-e-u-bih-dovela-je-do-brojnih-problema-u-izbornom-procesu\/"},"author":{"name":"Agencija","@id":"https:\/\/sandzakpress.net\/arhiva\/#\/schema\/person\/cb59d7e3ab91ab90dd680ad0305a6185"},"headline":"Pasivnost i selektivnost medija IZ-e u BiH dovela je do brojnih problema u izbornom procesu","datePublished":"2019-10-27T17:33:01+00:00","dateModified":"2019-10-28T08:07:14+00:00","mainEntityOfPage":{"@id":"https:\/\/sandzakpress.net\/arhiva\/pasivnost-i-selektivnost-medija-iz-e-u-bih-dovela-je-do-brojnih-problema-u-izbornom-procesu\/"},"wordCount":1194,"commentCount":0,"publisher":{"@id":"https:\/\/sandzakpress.net\/arhiva\/#\/schema\/person\/6e72b67d6e51910a1117b3b483ba20bd"},"image":{"@id":"https:\/\/sandzakpress.net\/arhiva\/pasivnost-i-selektivnost-medija-iz-e-u-bih-dovela-je-do-brojnih-problema-u-izbornom-procesu\/#primaryimage"},"thumbnailUrl":"https:\/\/sandzakpress.net\/arhiva\/wp-content\/uploads\/2019\/10\/salahudin-fetic.jpg","articleSection":["Iz pera na\u0161ih autora","VIJESTI DANA"],"inLanguage":"bs-BA","potentialAction":[{"@type":"CommentAction","name":"Comment","target":["https:\/\/sandzakpress.net\/arhiva\/pasivnost-i-selektivnost-medija-iz-e-u-bih-dovela-je-do-brojnih-problema-u-izbornom-procesu\/#respond"]}]},{"@type":"WebPage","@id":"https:\/\/sandzakpress.net\/arhiva\/pasivnost-i-selektivnost-medija-iz-e-u-bih-dovela-je-do-brojnih-problema-u-izbornom-procesu\/","url":"https:\/\/sandzakpress.net\/arhiva\/pasivnost-i-selektivnost-medija-iz-e-u-bih-dovela-je-do-brojnih-problema-u-izbornom-procesu\/","name":"Pasivnost i selektivnost medija IZ-e u BiH dovela je do brojnih problema u izbornom procesu","isPartOf":{"@id":"https:\/\/sandzakpress.net\/arhiva\/#website"},"primaryImageOfPage":{"@id":"https:\/\/sandzakpress.net\/arhiva\/pasivnost-i-selektivnost-medija-iz-e-u-bih-dovela-je-do-brojnih-problema-u-izbornom-procesu\/#primaryimage"},"image":{"@id":"https:\/\/sandzakpress.net\/arhiva\/pasivnost-i-selektivnost-medija-iz-e-u-bih-dovela-je-do-brojnih-problema-u-izbornom-procesu\/#primaryimage"},"thumbnailUrl":"https:\/\/sandzakpress.net\/arhiva\/wp-content\/uploads\/2019\/10\/salahudin-fetic.jpg","datePublished":"2019-10-27T17:33:01+00:00","dateModified":"2019-10-28T08:07:14+00:00","breadcrumb":{"@id":"https:\/\/sandzakpress.net\/arhiva\/pasivnost-i-selektivnost-medija-iz-e-u-bih-dovela-je-do-brojnih-problema-u-izbornom-procesu\/#breadcrumb"},"inLanguage":"bs-BA","potentialAction":[{"@type":"ReadAction","target":["https:\/\/sandzakpress.net\/arhiva\/pasivnost-i-selektivnost-medija-iz-e-u-bih-dovela-je-do-brojnih-problema-u-izbornom-procesu\/"]}]},{"@type":"ImageObject","inLanguage":"bs-BA","@id":"https:\/\/sandzakpress.net\/arhiva\/pasivnost-i-selektivnost-medija-iz-e-u-bih-dovela-je-do-brojnih-problema-u-izbornom-procesu\/#primaryimage","url":"https:\/\/sandzakpress.net\/arhiva\/wp-content\/uploads\/2019\/10\/salahudin-fetic.jpg","contentUrl":"https:\/\/sandzakpress.net\/arhiva\/wp-content\/uploads\/2019\/10\/salahudin-fetic.jpg","width":1600,"height":1066},{"@type":"BreadcrumbList","@id":"https:\/\/sandzakpress.net\/arhiva\/pasivnost-i-selektivnost-medija-iz-e-u-bih-dovela-je-do-brojnih-problema-u-izbornom-procesu\/#breadcrumb","itemListElement":[{"@type":"ListItem","position":1,"name":"Home","item":"https:\/\/sandzakpress.net\/arhiva\/"},{"@type":"ListItem","position":2,"name":"Pasivnost i selektivnost medija IZ-e u BiH dovela je do brojnih problema u izbornom procesu"}]},{"@type":"WebSite","@id":"https:\/\/sandzakpress.net\/arhiva\/#website","url":"https:\/\/sandzakpress.net\/arhiva\/","name":"Sand\u017eak PRESS","description":"Prve elektronske novine u Sand\u017eaku","publisher":{"@id":"https:\/\/sandzakpress.net\/arhiva\/#\/schema\/person\/6e72b67d6e51910a1117b3b483ba20bd"},"potentialAction":[{"@type":"SearchAction","target":{"@type":"EntryPoint","urlTemplate":"https:\/\/sandzakpress.net\/arhiva\/?s={search_term_string}"},"query-input":{"@type":"PropertyValueSpecification","valueRequired":true,"valueName":"search_term_string"}}],"inLanguage":"bs-BA"},{"@type":["Person","Organization"],"@id":"https:\/\/sandzakpress.net\/arhiva\/#\/schema\/person\/6e72b67d6e51910a1117b3b483ba20bd","name":"Kul","image":{"@type":"ImageObject","inLanguage":"bs-BA","@id":"https:\/\/sandzakpress.net\/arhiva\/#\/schema\/person\/image\/","url":"https:\/\/secure.gravatar.com\/avatar\/42263f39aa27ac04c43cab85c280eb2e?s=96&d=mm&r=pg","contentUrl":"https:\/\/secure.gravatar.com\/avatar\/42263f39aa27ac04c43cab85c280eb2e?s=96&d=mm&r=pg","caption":"Kul"},"logo":{"@id":"https:\/\/sandzakpress.net\/arhiva\/#\/schema\/person\/image\/"}},{"@type":"Person","@id":"https:\/\/sandzakpress.net\/arhiva\/#\/schema\/person\/cb59d7e3ab91ab90dd680ad0305a6185","name":"Agencija","image":{"@type":"ImageObject","inLanguage":"bs-BA","@id":"https:\/\/sandzakpress.net\/arhiva\/#\/schema\/person\/image\/","url":"https:\/\/secure.gravatar.com\/avatar\/4b7fafa80a22f0c2afe23966b3961fe0?s=96&d=mm&r=pg","contentUrl":"https:\/\/secure.gravatar.com\/avatar\/4b7fafa80a22f0c2afe23966b3961fe0?s=96&d=mm&r=pg","caption":"Agencija"},"url":"https:\/\/sandzakpress.net\/arhiva\/author\/agencija\/"}]}},"_links":{"self":[{"href":"https:\/\/sandzakpress.net\/arhiva\/wp-json\/wp\/v2\/posts\/229910"}],"collection":[{"href":"https:\/\/sandzakpress.net\/arhiva\/wp-json\/wp\/v2\/posts"}],"about":[{"href":"https:\/\/sandzakpress.net\/arhiva\/wp-json\/wp\/v2\/types\/post"}],"author":[{"embeddable":true,"href":"https:\/\/sandzakpress.net\/arhiva\/wp-json\/wp\/v2\/users\/509"}],"replies":[{"embeddable":true,"href":"https:\/\/sandzakpress.net\/arhiva\/wp-json\/wp\/v2\/comments?post=229910"}],"version-history":[{"count":0,"href":"https:\/\/sandzakpress.net\/arhiva\/wp-json\/wp\/v2\/posts\/229910\/revisions"}],"wp:featuredmedia":[{"embeddable":true,"href":"https:\/\/sandzakpress.net\/arhiva\/wp-json\/wp\/v2\/media\/229911"}],"wp:attachment":[{"href":"https:\/\/sandzakpress.net\/arhiva\/wp-json\/wp\/v2\/media?parent=229910"}],"wp:term":[{"taxonomy":"category","embeddable":true,"href":"https:\/\/sandzakpress.net\/arhiva\/wp-json\/wp\/v2\/categories?post=229910"},{"taxonomy":"post_tag","embeddable":true,"href":"https:\/\/sandzakpress.net\/arhiva\/wp-json\/wp\/v2\/tags?post=229910"}],"curies":[{"name":"wp","href":"https:\/\/api.w.org\/{rel}","templated":true}]}}