{"id":229858,"date":"2019-10-25T11:33:29","date_gmt":"2019-10-25T09:33:29","guid":{"rendered":"https:\/\/sandzakpress.net\/arhiva\/?p=229858"},"modified":"2019-10-25T11:33:29","modified_gmt":"2019-10-25T09:33:29","slug":"sandzak-media-prvi-mediji-iz-sandzaka-koji-nastupa-na-sajmu-informisanja-komunikacija-i-marketinga","status":"publish","type":"post","link":"https:\/\/sandzakpress.net\/arhiva\/sandzak-media-prvi-mediji-iz-sandzaka-koji-nastupa-na-sajmu-informisanja-komunikacija-i-marketinga\/","title":{"rendered":"Sand\u017eak Media prvi mediji iz Sand\u017eaka koji nastupa na Sajmu informisanja, komunikacija i marketinga"},"content":{"rendered":"<p><img decoding=\"async\" class=\"aligncenter\" src=\"http:\/\/sanapress.info\/wp-content\/uploads\/2019\/10\/stv.jpg\" \/><\/p>\n<p><strong>Sajam informisanja, komunikacija i merketinga \u201eMedia market\u201c zvani\u010dno je otvoren 23. i traja\u0107e do 27. oktobra. Uz prezentaciju medija, omogu\u0107uje i njihov neposredni susret sa brojnom publikom, jer je ova manifestacija dio tradicionalnog Me\u0111unarodnog beogradskog sajma knjiga. To, naravno, nije slu\u010dajno, publika ovih sajmova se \u201epreklapa\u201c, jer su oba va\u017ena za kulturu i umjetnost, ali i op\u0161tu informisanost i svakodnevni \u017eivot.<\/strong><\/p>\n<p>Na ovom sajmu prvi put u\u010destvuje i Sand\u017eak Media centar.<\/p>\n<p><em>\u201eSand\u017eak media u okviru kojeg djeluju Sand\u017eak televizija, Refref radio, Agencija SANA i list Glas Islama po prvi put ove godine su na sajmu medija i marketinga u Beogradu, koji se odr\u017eava u okviru beogradskog sajma knjiga. Mi smo i ovaj put jedini mediji sa prostora Sand\u017eaka koji su se pojavili na ovom sajmu, \u0161to nas \u010dini posebno ponosnim iz razloga \u0161to smo u prilici da neka svoja iskustva sa terena koja se itekako razlikuju od onih iskustava sa terena velikih novinara i medija ovdje u Beogradu, preneseme, sa njima razmijenimo, tako\u0111er informi\u0161emo svu tu javnost o na\u010dinu na koji radimo i svemu onome sa \u010dime se susre\u0107emo u na\u0161em radu.\u201c\u00a0<\/em>istakao Salahudin Feti\u0107.<\/p>\n<p><iframe loading=\"lazy\" title=\"Sand\u017eak Media centar u\u010destvuje na sajmu medija\" width=\"696\" height=\"392\" src=\"https:\/\/www.youtube.com\/embed\/1xD3zp4-Hwo?feature=oembed\" frameborder=\"0\" allow=\"accelerometer; autoplay; encrypted-media; gyroscope; picture-in-picture\" allowfullscreen><\/iframe><\/p>\n<p>Direktor Sand\u017eak Media centra istakao da su posetioci pokazali zainteresiranost o programu i aktivnostima Sand\u017eak Media centra.<\/p>\n<p><em>\u201eImali smo prilike da na an\u0161em \u0161tandu ugostimo na\u0161e paneliste ali i da ugostimo predstavnike brojnih ministarstava, udru\u017eenja, kolega drugih medijskih ku\u0107a. Do nedjelje \u0107emo biti na ovom sajmu u Hali 3, pozivamo sve one koji \u017eele, koji \u017eive u Beogradu i okolini da nas posjete, da se informi\u0161u, da nas pitaju sve ono \u0161to \u017eele, mo\u017eda i da nam predlo\u017ee ne\u0161to ukoliko imaju a nadam se da \u0107emo i sa ostalim firmama i kompanijama na polju marketinga ostvariti dobre kontakte i rezultate.\u201c<\/em><\/p>\n<p>Naglasio je da \u0107e Sand\u017eak Media centar biti svake naredne godine redovan u\u010desnik ovog sajma.<\/p>\n<p>izvor: SANA<\/p>\n","protected":false},"excerpt":{"rendered":"<p>Sajam informisanja, komunikacija i merketinga \u201eMedia market\u201c zvani\u010dno je otvoren 23. i traja\u0107e do 27. oktobra. Uz prezentaciju medija, omogu\u0107uje i njihov neposredni susret sa brojnom publikom, jer je ova manifestacija dio tradicionalnog Me\u0111unarodnog beogradskog sajma knjiga. To, naravno, nije slu\u010dajno, publika ovih sajmova se \u201epreklapa\u201c, jer su oba va\u017ena za kulturu i umjetnost, ali [&hellip;]<\/p>\n","protected":false},"author":509,"featured_media":229865,"comment_status":"open","ping_status":"open","sticky":false,"template":"","format":"standard","meta":{"footnotes":""},"categories":[72,5,8957],"tags":[],"class_list":{"0":"post-229858","1":"post","2":"type-post","3":"status-publish","4":"format-standard","5":"has-post-thumbnail","7":"category-novi-pazar","8":"category-drustvo","9":"category-vijesti-dana"},"yoast_head":"<!-- This site is optimized with the Yoast SEO Premium plugin v23.1 (Yoast SEO v24.9) - https:\/\/yoast.com\/wordpress\/plugins\/seo\/ -->\n<title>Sand\u017eak Media prvi mediji iz Sand\u017eaka koji nastupa na Sajmu informisanja, komunikacija i marketinga<\/title>\n<meta name=\"robots\" content=\"index, follow, max-snippet:-1, max-image-preview:large, max-video-preview:-1\" \/>\n<link rel=\"canonical\" href=\"https:\/\/sandzakpress.net\/arhiva\/sandzak-media-prvi-mediji-iz-sandzaka-koji-nastupa-na-sajmu-informisanja-komunikacija-i-marketinga\/\" \/>\n<meta property=\"og:locale\" content=\"bs_BA\" \/>\n<meta property=\"og:type\" content=\"article\" \/>\n<meta property=\"og:title\" content=\"Sand\u017eak Media prvi mediji iz Sand\u017eaka koji nastupa na Sajmu informisanja, komunikacija i marketinga\" \/>\n<meta property=\"og:description\" content=\"Sajam informisanja, komunikacija i merketinga \u201eMedia market\u201c zvani\u010dno je otvoren 23. i traja\u0107e do 27. oktobra. Uz prezentaciju medija, omogu\u0107uje i njihov neposredni susret sa brojnom publikom, jer je ova manifestacija dio tradicionalnog Me\u0111unarodnog beogradskog sajma knjiga. To, naravno, nije slu\u010dajno, publika ovih sajmova se \u201epreklapa\u201c, jer su oba va\u017ena za kulturu i umjetnost, ali [&hellip;]\" \/>\n<meta property=\"og:url\" content=\"https:\/\/sandzakpress.net\/arhiva\/sandzak-media-prvi-mediji-iz-sandzaka-koji-nastupa-na-sajmu-informisanja-komunikacija-i-marketinga\/\" \/>\n<meta property=\"og:site_name\" content=\"Sand\u017eak PRESS\" \/>\n<meta property=\"article:published_time\" content=\"2019-10-25T09:33:29+00:00\" \/>\n<meta property=\"og:image\" content=\"https:\/\/sandzakpress.net\/arhiva\/wp-content\/uploads\/2019\/10\/stv.jpg\" \/>\n\t<meta property=\"og:image:width\" content=\"1600\" \/>\n\t<meta property=\"og:image:height\" content=\"1200\" \/>\n\t<meta property=\"og:image:type\" content=\"image\/jpeg\" \/>\n<meta name=\"author\" content=\"Agencija\" \/>\n<meta name=\"twitter:card\" content=\"summary_large_image\" \/>\n<meta name=\"twitter:label1\" content=\"Written by\" \/>\n\t<meta name=\"twitter:data1\" content=\"Agencija\" \/>\n\t<meta name=\"twitter:label2\" content=\"Est. reading time\" \/>\n\t<meta name=\"twitter:data2\" content=\"2 minute\" \/>\n<script type=\"application\/ld+json\" class=\"yoast-schema-graph\">{\"@context\":\"https:\/\/schema.org\",\"@graph\":[{\"@type\":\"Article\",\"@id\":\"https:\/\/sandzakpress.net\/arhiva\/sandzak-media-prvi-mediji-iz-sandzaka-koji-nastupa-na-sajmu-informisanja-komunikacija-i-marketinga\/#article\",\"isPartOf\":{\"@id\":\"https:\/\/sandzakpress.net\/arhiva\/sandzak-media-prvi-mediji-iz-sandzaka-koji-nastupa-na-sajmu-informisanja-komunikacija-i-marketinga\/\"},\"author\":{\"name\":\"Agencija\",\"@id\":\"https:\/\/sandzakpress.net\/arhiva\/#\/schema\/person\/cb59d7e3ab91ab90dd680ad0305a6185\"},\"headline\":\"Sand\u017eak Media prvi mediji iz Sand\u017eaka koji nastupa na Sajmu informisanja, komunikacija i marketinga\",\"datePublished\":\"2019-10-25T09:33:29+00:00\",\"mainEntityOfPage\":{\"@id\":\"https:\/\/sandzakpress.net\/arhiva\/sandzak-media-prvi-mediji-iz-sandzaka-koji-nastupa-na-sajmu-informisanja-komunikacija-i-marketinga\/\"},\"wordCount\":351,\"commentCount\":0,\"publisher\":{\"@id\":\"https:\/\/sandzakpress.net\/arhiva\/#\/schema\/person\/6e72b67d6e51910a1117b3b483ba20bd\"},\"image\":{\"@id\":\"https:\/\/sandzakpress.net\/arhiva\/sandzak-media-prvi-mediji-iz-sandzaka-koji-nastupa-na-sajmu-informisanja-komunikacija-i-marketinga\/#primaryimage\"},\"thumbnailUrl\":\"https:\/\/sandzakpress.net\/arhiva\/wp-content\/uploads\/2019\/10\/stv.jpg\",\"articleSection\":[\"Novi Pazar\",\"Dru\u0161tvo\",\"VIJESTI DANA\"],\"inLanguage\":\"bs-BA\",\"potentialAction\":[{\"@type\":\"CommentAction\",\"name\":\"Comment\",\"target\":[\"https:\/\/sandzakpress.net\/arhiva\/sandzak-media-prvi-mediji-iz-sandzaka-koji-nastupa-na-sajmu-informisanja-komunikacija-i-marketinga\/#respond\"]}]},{\"@type\":\"WebPage\",\"@id\":\"https:\/\/sandzakpress.net\/arhiva\/sandzak-media-prvi-mediji-iz-sandzaka-koji-nastupa-na-sajmu-informisanja-komunikacija-i-marketinga\/\",\"url\":\"https:\/\/sandzakpress.net\/arhiva\/sandzak-media-prvi-mediji-iz-sandzaka-koji-nastupa-na-sajmu-informisanja-komunikacija-i-marketinga\/\",\"name\":\"Sand\u017eak Media prvi mediji iz Sand\u017eaka koji nastupa na Sajmu informisanja, komunikacija i marketinga\",\"isPartOf\":{\"@id\":\"https:\/\/sandzakpress.net\/arhiva\/#website\"},\"primaryImageOfPage\":{\"@id\":\"https:\/\/sandzakpress.net\/arhiva\/sandzak-media-prvi-mediji-iz-sandzaka-koji-nastupa-na-sajmu-informisanja-komunikacija-i-marketinga\/#primaryimage\"},\"image\":{\"@id\":\"https:\/\/sandzakpress.net\/arhiva\/sandzak-media-prvi-mediji-iz-sandzaka-koji-nastupa-na-sajmu-informisanja-komunikacija-i-marketinga\/#primaryimage\"},\"thumbnailUrl\":\"https:\/\/sandzakpress.net\/arhiva\/wp-content\/uploads\/2019\/10\/stv.jpg\",\"datePublished\":\"2019-10-25T09:33:29+00:00\",\"breadcrumb\":{\"@id\":\"https:\/\/sandzakpress.net\/arhiva\/sandzak-media-prvi-mediji-iz-sandzaka-koji-nastupa-na-sajmu-informisanja-komunikacija-i-marketinga\/#breadcrumb\"},\"inLanguage\":\"bs-BA\",\"potentialAction\":[{\"@type\":\"ReadAction\",\"target\":[\"https:\/\/sandzakpress.net\/arhiva\/sandzak-media-prvi-mediji-iz-sandzaka-koji-nastupa-na-sajmu-informisanja-komunikacija-i-marketinga\/\"]}]},{\"@type\":\"ImageObject\",\"inLanguage\":\"bs-BA\",\"@id\":\"https:\/\/sandzakpress.net\/arhiva\/sandzak-media-prvi-mediji-iz-sandzaka-koji-nastupa-na-sajmu-informisanja-komunikacija-i-marketinga\/#primaryimage\",\"url\":\"https:\/\/sandzakpress.net\/arhiva\/wp-content\/uploads\/2019\/10\/stv.jpg\",\"contentUrl\":\"https:\/\/sandzakpress.net\/arhiva\/wp-content\/uploads\/2019\/10\/stv.jpg\",\"width\":1600,\"height\":1200},{\"@type\":\"BreadcrumbList\",\"@id\":\"https:\/\/sandzakpress.net\/arhiva\/sandzak-media-prvi-mediji-iz-sandzaka-koji-nastupa-na-sajmu-informisanja-komunikacija-i-marketinga\/#breadcrumb\",\"itemListElement\":[{\"@type\":\"ListItem\",\"position\":1,\"name\":\"Home\",\"item\":\"https:\/\/sandzakpress.net\/arhiva\/\"},{\"@type\":\"ListItem\",\"position\":2,\"name\":\"Sand\u017eak Media prvi mediji iz Sand\u017eaka koji nastupa na Sajmu informisanja, komunikacija i marketinga\"}]},{\"@type\":\"WebSite\",\"@id\":\"https:\/\/sandzakpress.net\/arhiva\/#website\",\"url\":\"https:\/\/sandzakpress.net\/arhiva\/\",\"name\":\"Sand\u017eak PRESS\",\"description\":\"Prve elektronske novine u Sand\u017eaku\",\"publisher\":{\"@id\":\"https:\/\/sandzakpress.net\/arhiva\/#\/schema\/person\/6e72b67d6e51910a1117b3b483ba20bd\"},\"potentialAction\":[{\"@type\":\"SearchAction\",\"target\":{\"@type\":\"EntryPoint\",\"urlTemplate\":\"https:\/\/sandzakpress.net\/arhiva\/?s={search_term_string}\"},\"query-input\":{\"@type\":\"PropertyValueSpecification\",\"valueRequired\":true,\"valueName\":\"search_term_string\"}}],\"inLanguage\":\"bs-BA\"},{\"@type\":[\"Person\",\"Organization\"],\"@id\":\"https:\/\/sandzakpress.net\/arhiva\/#\/schema\/person\/6e72b67d6e51910a1117b3b483ba20bd\",\"name\":\"Kul\",\"image\":{\"@type\":\"ImageObject\",\"inLanguage\":\"bs-BA\",\"@id\":\"https:\/\/sandzakpress.net\/arhiva\/#\/schema\/person\/image\/\",\"url\":\"https:\/\/secure.gravatar.com\/avatar\/42263f39aa27ac04c43cab85c280eb2e?s=96&d=mm&r=pg\",\"contentUrl\":\"https:\/\/secure.gravatar.com\/avatar\/42263f39aa27ac04c43cab85c280eb2e?s=96&d=mm&r=pg\",\"caption\":\"Kul\"},\"logo\":{\"@id\":\"https:\/\/sandzakpress.net\/arhiva\/#\/schema\/person\/image\/\"}},{\"@type\":\"Person\",\"@id\":\"https:\/\/sandzakpress.net\/arhiva\/#\/schema\/person\/cb59d7e3ab91ab90dd680ad0305a6185\",\"name\":\"Agencija\",\"image\":{\"@type\":\"ImageObject\",\"inLanguage\":\"bs-BA\",\"@id\":\"https:\/\/sandzakpress.net\/arhiva\/#\/schema\/person\/image\/\",\"url\":\"https:\/\/secure.gravatar.com\/avatar\/4b7fafa80a22f0c2afe23966b3961fe0?s=96&d=mm&r=pg\",\"contentUrl\":\"https:\/\/secure.gravatar.com\/avatar\/4b7fafa80a22f0c2afe23966b3961fe0?s=96&d=mm&r=pg\",\"caption\":\"Agencija\"},\"url\":\"https:\/\/sandzakpress.net\/arhiva\/author\/agencija\/\"}]}<\/script>\n<!-- \/ Yoast SEO Premium plugin. -->","yoast_head_json":{"title":"Sand\u017eak Media prvi mediji iz Sand\u017eaka koji nastupa na Sajmu informisanja, komunikacija i marketinga","robots":{"index":"index","follow":"follow","max-snippet":"max-snippet:-1","max-image-preview":"max-image-preview:large","max-video-preview":"max-video-preview:-1"},"canonical":"https:\/\/sandzakpress.net\/arhiva\/sandzak-media-prvi-mediji-iz-sandzaka-koji-nastupa-na-sajmu-informisanja-komunikacija-i-marketinga\/","og_locale":"bs_BA","og_type":"article","og_title":"Sand\u017eak Media prvi mediji iz Sand\u017eaka koji nastupa na Sajmu informisanja, komunikacija i marketinga","og_description":"Sajam informisanja, komunikacija i merketinga \u201eMedia market\u201c zvani\u010dno je otvoren 23. i traja\u0107e do 27. oktobra. Uz prezentaciju medija, omogu\u0107uje i njihov neposredni susret sa brojnom publikom, jer je ova manifestacija dio tradicionalnog Me\u0111unarodnog beogradskog sajma knjiga. To, naravno, nije slu\u010dajno, publika ovih sajmova se \u201epreklapa\u201c, jer su oba va\u017ena za kulturu i umjetnost, ali [&hellip;]","og_url":"https:\/\/sandzakpress.net\/arhiva\/sandzak-media-prvi-mediji-iz-sandzaka-koji-nastupa-na-sajmu-informisanja-komunikacija-i-marketinga\/","og_site_name":"Sand\u017eak PRESS","article_published_time":"2019-10-25T09:33:29+00:00","og_image":[{"width":1600,"height":1200,"url":"https:\/\/sandzakpress.net\/arhiva\/wp-content\/uploads\/2019\/10\/stv.jpg","type":"image\/jpeg"}],"author":"Agencija","twitter_card":"summary_large_image","twitter_misc":{"Written by":"Agencija","Est. reading time":"2 minute"},"schema":{"@context":"https:\/\/schema.org","@graph":[{"@type":"Article","@id":"https:\/\/sandzakpress.net\/arhiva\/sandzak-media-prvi-mediji-iz-sandzaka-koji-nastupa-na-sajmu-informisanja-komunikacija-i-marketinga\/#article","isPartOf":{"@id":"https:\/\/sandzakpress.net\/arhiva\/sandzak-media-prvi-mediji-iz-sandzaka-koji-nastupa-na-sajmu-informisanja-komunikacija-i-marketinga\/"},"author":{"name":"Agencija","@id":"https:\/\/sandzakpress.net\/arhiva\/#\/schema\/person\/cb59d7e3ab91ab90dd680ad0305a6185"},"headline":"Sand\u017eak Media prvi mediji iz Sand\u017eaka koji nastupa na Sajmu informisanja, komunikacija i marketinga","datePublished":"2019-10-25T09:33:29+00:00","mainEntityOfPage":{"@id":"https:\/\/sandzakpress.net\/arhiva\/sandzak-media-prvi-mediji-iz-sandzaka-koji-nastupa-na-sajmu-informisanja-komunikacija-i-marketinga\/"},"wordCount":351,"commentCount":0,"publisher":{"@id":"https:\/\/sandzakpress.net\/arhiva\/#\/schema\/person\/6e72b67d6e51910a1117b3b483ba20bd"},"image":{"@id":"https:\/\/sandzakpress.net\/arhiva\/sandzak-media-prvi-mediji-iz-sandzaka-koji-nastupa-na-sajmu-informisanja-komunikacija-i-marketinga\/#primaryimage"},"thumbnailUrl":"https:\/\/sandzakpress.net\/arhiva\/wp-content\/uploads\/2019\/10\/stv.jpg","articleSection":["Novi Pazar","Dru\u0161tvo","VIJESTI DANA"],"inLanguage":"bs-BA","potentialAction":[{"@type":"CommentAction","name":"Comment","target":["https:\/\/sandzakpress.net\/arhiva\/sandzak-media-prvi-mediji-iz-sandzaka-koji-nastupa-na-sajmu-informisanja-komunikacija-i-marketinga\/#respond"]}]},{"@type":"WebPage","@id":"https:\/\/sandzakpress.net\/arhiva\/sandzak-media-prvi-mediji-iz-sandzaka-koji-nastupa-na-sajmu-informisanja-komunikacija-i-marketinga\/","url":"https:\/\/sandzakpress.net\/arhiva\/sandzak-media-prvi-mediji-iz-sandzaka-koji-nastupa-na-sajmu-informisanja-komunikacija-i-marketinga\/","name":"Sand\u017eak Media prvi mediji iz Sand\u017eaka koji nastupa na Sajmu informisanja, komunikacija i marketinga","isPartOf":{"@id":"https:\/\/sandzakpress.net\/arhiva\/#website"},"primaryImageOfPage":{"@id":"https:\/\/sandzakpress.net\/arhiva\/sandzak-media-prvi-mediji-iz-sandzaka-koji-nastupa-na-sajmu-informisanja-komunikacija-i-marketinga\/#primaryimage"},"image":{"@id":"https:\/\/sandzakpress.net\/arhiva\/sandzak-media-prvi-mediji-iz-sandzaka-koji-nastupa-na-sajmu-informisanja-komunikacija-i-marketinga\/#primaryimage"},"thumbnailUrl":"https:\/\/sandzakpress.net\/arhiva\/wp-content\/uploads\/2019\/10\/stv.jpg","datePublished":"2019-10-25T09:33:29+00:00","breadcrumb":{"@id":"https:\/\/sandzakpress.net\/arhiva\/sandzak-media-prvi-mediji-iz-sandzaka-koji-nastupa-na-sajmu-informisanja-komunikacija-i-marketinga\/#breadcrumb"},"inLanguage":"bs-BA","potentialAction":[{"@type":"ReadAction","target":["https:\/\/sandzakpress.net\/arhiva\/sandzak-media-prvi-mediji-iz-sandzaka-koji-nastupa-na-sajmu-informisanja-komunikacija-i-marketinga\/"]}]},{"@type":"ImageObject","inLanguage":"bs-BA","@id":"https:\/\/sandzakpress.net\/arhiva\/sandzak-media-prvi-mediji-iz-sandzaka-koji-nastupa-na-sajmu-informisanja-komunikacija-i-marketinga\/#primaryimage","url":"https:\/\/sandzakpress.net\/arhiva\/wp-content\/uploads\/2019\/10\/stv.jpg","contentUrl":"https:\/\/sandzakpress.net\/arhiva\/wp-content\/uploads\/2019\/10\/stv.jpg","width":1600,"height":1200},{"@type":"BreadcrumbList","@id":"https:\/\/sandzakpress.net\/arhiva\/sandzak-media-prvi-mediji-iz-sandzaka-koji-nastupa-na-sajmu-informisanja-komunikacija-i-marketinga\/#breadcrumb","itemListElement":[{"@type":"ListItem","position":1,"name":"Home","item":"https:\/\/sandzakpress.net\/arhiva\/"},{"@type":"ListItem","position":2,"name":"Sand\u017eak Media prvi mediji iz Sand\u017eaka koji nastupa na Sajmu informisanja, komunikacija i marketinga"}]},{"@type":"WebSite","@id":"https:\/\/sandzakpress.net\/arhiva\/#website","url":"https:\/\/sandzakpress.net\/arhiva\/","name":"Sand\u017eak PRESS","description":"Prve elektronske novine u Sand\u017eaku","publisher":{"@id":"https:\/\/sandzakpress.net\/arhiva\/#\/schema\/person\/6e72b67d6e51910a1117b3b483ba20bd"},"potentialAction":[{"@type":"SearchAction","target":{"@type":"EntryPoint","urlTemplate":"https:\/\/sandzakpress.net\/arhiva\/?s={search_term_string}"},"query-input":{"@type":"PropertyValueSpecification","valueRequired":true,"valueName":"search_term_string"}}],"inLanguage":"bs-BA"},{"@type":["Person","Organization"],"@id":"https:\/\/sandzakpress.net\/arhiva\/#\/schema\/person\/6e72b67d6e51910a1117b3b483ba20bd","name":"Kul","image":{"@type":"ImageObject","inLanguage":"bs-BA","@id":"https:\/\/sandzakpress.net\/arhiva\/#\/schema\/person\/image\/","url":"https:\/\/secure.gravatar.com\/avatar\/42263f39aa27ac04c43cab85c280eb2e?s=96&d=mm&r=pg","contentUrl":"https:\/\/secure.gravatar.com\/avatar\/42263f39aa27ac04c43cab85c280eb2e?s=96&d=mm&r=pg","caption":"Kul"},"logo":{"@id":"https:\/\/sandzakpress.net\/arhiva\/#\/schema\/person\/image\/"}},{"@type":"Person","@id":"https:\/\/sandzakpress.net\/arhiva\/#\/schema\/person\/cb59d7e3ab91ab90dd680ad0305a6185","name":"Agencija","image":{"@type":"ImageObject","inLanguage":"bs-BA","@id":"https:\/\/sandzakpress.net\/arhiva\/#\/schema\/person\/image\/","url":"https:\/\/secure.gravatar.com\/avatar\/4b7fafa80a22f0c2afe23966b3961fe0?s=96&d=mm&r=pg","contentUrl":"https:\/\/secure.gravatar.com\/avatar\/4b7fafa80a22f0c2afe23966b3961fe0?s=96&d=mm&r=pg","caption":"Agencija"},"url":"https:\/\/sandzakpress.net\/arhiva\/author\/agencija\/"}]}},"_links":{"self":[{"href":"https:\/\/sandzakpress.net\/arhiva\/wp-json\/wp\/v2\/posts\/229858"}],"collection":[{"href":"https:\/\/sandzakpress.net\/arhiva\/wp-json\/wp\/v2\/posts"}],"about":[{"href":"https:\/\/sandzakpress.net\/arhiva\/wp-json\/wp\/v2\/types\/post"}],"author":[{"embeddable":true,"href":"https:\/\/sandzakpress.net\/arhiva\/wp-json\/wp\/v2\/users\/509"}],"replies":[{"embeddable":true,"href":"https:\/\/sandzakpress.net\/arhiva\/wp-json\/wp\/v2\/comments?post=229858"}],"version-history":[{"count":0,"href":"https:\/\/sandzakpress.net\/arhiva\/wp-json\/wp\/v2\/posts\/229858\/revisions"}],"wp:featuredmedia":[{"embeddable":true,"href":"https:\/\/sandzakpress.net\/arhiva\/wp-json\/wp\/v2\/media\/229865"}],"wp:attachment":[{"href":"https:\/\/sandzakpress.net\/arhiva\/wp-json\/wp\/v2\/media?parent=229858"}],"wp:term":[{"taxonomy":"category","embeddable":true,"href":"https:\/\/sandzakpress.net\/arhiva\/wp-json\/wp\/v2\/categories?post=229858"},{"taxonomy":"post_tag","embeddable":true,"href":"https:\/\/sandzakpress.net\/arhiva\/wp-json\/wp\/v2\/tags?post=229858"}],"curies":[{"name":"wp","href":"https:\/\/api.w.org\/{rel}","templated":true}]}}