{"id":229853,"date":"2019-10-24T21:25:18","date_gmt":"2019-10-24T19:25:18","guid":{"rendered":"https:\/\/sandzakpress.net\/arhiva\/crkva-u-jerusalemu-dokaz-da-islamsko-osvajanje-nije-donijelo-razaranja"},"modified":"2019-10-24T21:25:18","modified_gmt":"2019-10-24T19:25:18","slug":"crkva-u-jerusalemu-dokaz-da-islamsko-osvajanje-nije-donijelo-razaranja","status":"publish","type":"post","link":"https:\/\/sandzakpress.net\/arhiva\/crkva-u-jerusalemu-dokaz-da-islamsko-osvajanje-nije-donijelo-razaranja\/","title":{"rendered":"Crkva u Jerusalemu dokaz da islamsko osvajanje nije donijelo razaranja"},"content":{"rendered":"<p><span class=\"cb-itemprop\"><\/p>\n<header class=\"group-header group-article-header article-header-full clearfix\">\n<div class=\"field field-name-field-standfirst field-type-text-long field-label-hidden\">\n<div class=\"field-items\">\n<div class=\"field-item even\"><strong><img decoding=\"async\" src=\"http:\/\/balkans.aljazeera.net\/sites\/default\/files\/styles\/d8\/public\/izrael_crkva.jpg?itok=xDsEfB24\" \/><\/strong><\/div>\n<div><\/div>\n<div class=\"field-item even\"><strong>Izraelski arheolozi otkrili su baziliku iz vremena Bizantije, sagra\u0111enu pod carom Justinijanom (527\u2013565).<\/strong><\/div>\n<\/div>\n<\/div>\n<\/header>\n<article class=\"group-main-group field-group-div article-main clearfix\">\n<div class=\"field field-name-field-media field-type-file field-label-hidden\">\n<div class=\"field-items\">\n<div class=\"ds-1col file file-image file-image-jpeg view-mode-full clearfix\">\n<article class=\"group-main-group field-group-div article-main clearfix\">\n<div class=\"field field-name-body field-type-text-with-summary field-label-hidden\">\n<div class=\"field-items\">\n<div class=\"field-item even\">\n<p>Izraelski arheolozi otkrili su baziliku iz vremena Bizantije, sagra\u0111enu pod carem Justinijanom i ukra\u0161enu zadivljuju\u0107im mozaicima i staklenim prozorima, kao i natpisom koji crkvu posve\u0107uje neimenovanom &#8220;slavnom mu\u010deniku&#8221;.<\/p>\n<p>Identitet mu\u010denika ostaje misterija, objavila je Fena,\u00a0pozivaju\u0107i se na list\u00a0<em>Haaretz<\/em>.<\/p>\n<p>Agencija navodi da Crkva datira iz 6. stolje\u0107a, a otkrivena\u00a0je uo\u010di planirane izgradnje novog naselja u Beit Shemsu, zapadno od Jerusalema.<\/p>\n<p>Izraelsko Ministarstvo za antikvitete ve\u0107 tri godine obavlja iskopavanje, rekli su arheolozi prilikom otkrivanja nalazi\u0161ta u srijedu.<\/p>\n<h4>Identitet mu\u010denika nije poznat<\/h4>\n<p><em>Haaretz\u00a0<\/em>podsje\u0107a da je crkva ostala popularno hodo\u010dasni\u010dko odredi\u0161te tokom ranog islamskog perioda, navode\u0107i da je to doprinijelo dugogodi\u0161njoj raspravi me\u0111u u\u010denjacima o tome koliko je bilo nasilno i iznenadno muslimansko osvajanje Svete zemlje i posljedi\u010dno preobra\u0107enje stanovni\u0161tva.<\/p>\n<p>Izgra\u0111ena prema standardnom planu bazilike, s\u00a0centralnom kupolom i dva uzdu\u017ena prilaza, crkva je bila ukra\u0161ena zamr\u0161enim mozaicima, koji prikazuju biljke, ptice i geometrijske dizajne, kao i raznobojnim freskama koje su oblo\u017eile zidove.<\/p>\n<p>Vjerski kompleks prostirao se na 1.500 kvadratnih metara i imao je nekoliko dodatnih prostora povezanih s glavnom zgradom, uklju\u010duju\u0107i veliko dvori\u0161te ispred ulaza u crkvu.<\/p>\n<p>&#8220;I bazilika, i dvori\u0161te ogromni su za to razdoblje \u2013\u00a0ve\u0107e od ve\u0107ine bizantijskih crkava koje su\u00a0u Svetoj zemlji&#8221;, rekao je Benjamin Storchan, direktor za iskopine pri Izraelskom Ministarstvu za antikvitete.<\/p>\n<p>U dvori\u0161tu su istra\u017eiva\u010di otkrili netaknuti gr\u010dki natpis kojim se to sveto mjesto posve\u0107uje sje\u0107anju na &#8220;endoxo martis&#8221;\u00a0\u2013 slavnog mu\u010denika.<\/p>\n<p>&#8220;Identitet mu\u010denika nije poznat, ali izuzetno bogatstvo strukture i njeni natpisi govore da je ta osoba bila veoma va\u017ena&#8221;, rekao je Storchan.<\/p>\n<h4>Gradnja dovr\u0161ena 542.<\/h4>\n<p>Nau\u010dnici se okre\u0107u drevnim spisima u poku\u0161aju da odgonetnu identitet misterioznog mu\u010denika.<\/p>\n<p>Uglavnom \u010ditaju pri\u010de o hodo\u010da\u0161\u0107u i spiskovima ranokr\u0161\u0107anskih mu\u010denika kako bi poku\u0161ali identificirati tu svetu li\u010dnost, ali je dosad\u00a0nisu uspjeli precizno utvrditi.<\/p>\n<p>Zna\u00a0se da je lokacija crkve, u dolini izvan bizantijskog seoskog grada Beit Nativa, na neki na\u010din povezana sa \u017eivotom mu\u010denika.<\/p>\n<p>&#8220;Nema smisla graditi takvu monumentalnu strukturu na dnu doline\u00a0osim ako to ne ozna\u010dava mjesto smrti ili naknadno sahranjivanje mu\u010denika&#8221;, ka\u017ee Storchan.<\/p>\n<p>Tekst u dvori\u0161tu ka\u017ee da je gradnja crkva dovr\u0161ena 542. i da je glavni dobro\u010dinitelj i opat manastira imenovan kao neko zvan Malchos.<\/p>\n<p>Kako je to uobi\u010dajeno semitsko ime, koje se u raznim izvorima pojavljuje mnogo puta, te\u0161ko ga je dalje identificirati, ka\u017ee arheolog.<\/p>\n<p>Unutar bazilike arheolozi su mogli pristupiti kripti u kojoj su mo\u017eda nekad\u00a0bile\u00a0mo\u0161ti neimenovane svete osobe, izlo\u017eene u podzemnoj komori.<\/p>\n<p>&#8220;Otkriveno je samo nekoliko crkava u Izraelu s\u00a0potpuno netaknutim kriptama. Jedna vodi dolje u odaju, a druga nazad u molitvenu dvoranu. To je omogu\u0107ilo velikim grupama kr\u0161\u0107anskih hodo\u010dasnika da posjete to mjesto&#8221;, rekao je Storchan.<\/p>\n<h4>Muslimansko osvajanje Svete zemlje<\/h4>\n<p>Prvobitno podignuta za vrijeme Justinijanove vladavine (527\u2013565), crkva je dodatno pro\u0161irena novcem koji je donirao car Tiberije II Konstantin (574\u2013582).<\/p>\n<p>O Konstantinovoj li\u010dnoj uklju\u010denosti u taj projekt svjedo\u010di jo\u0161 jedan gr\u010dki natpis prona\u0111en u velikoj prigra\u0111enoj kapeli i datiran je na 583\u00a0\u2013\u00a0godinu nakon Tiberijeve smrti.<\/p>\n<p>Kapela je vjerovatno trebala ovjekovje\u010diti nedavno preminulog vladara, \u010diji je lik evociran velikim carskim orlom s ra\u0161irenim krilima, koji se pojavljuje u mozaiku u sredi\u0161tu kapele.<\/p>\n<p>&#8220;Brojni pisani izvori svjedo\u010de o carskom finansiranju crkava u Izraelu, me\u0111utim, malo se zna iz arheolo\u0161kih nalazi\u0161ta poput onog koji je prona\u0111en u Beit Shemeshu&#8221;, ka\u017ee Storchan.<\/p>\n<p>Nakon muslimanskog osvajanja Svete zemlje u prvoj polovici 7. stolje\u0107a, kompleks je i dalje kori\u0161ten, a mu\u010denik je obo\u017eavan, o \u010demu svjedo\u010di pribli\u017eno\u00a0300 glinenih svije\u0107a iz ranog islamskog perioda prona\u0111enih\u00a0u kripti.<\/p>\n<h4>Napu\u0161tena je netaknuta u 9. stolje\u0107u<\/h4>\n<p>Crkva nije uni\u0161tena i napu\u0161tena je netaknuta u 9. stolje\u0107u,\u00a0vjerovatno zbog &#8220;ekonomskog gu\u0161enja&#8221;\u00a0uzrokovanog smanjenim protokom kr\u0161\u0107anskih hodo\u010dasnika i sve ve\u0107om stopom prelaska mje\u0161tana na islam.<\/p>\n<p>&#8220;Na\u0161li smo ulaze u crkvu &#8216;zape\u010da\u0107ene&#8217; krupnim kamenjem, \u0161to zna\u010di da su posljednji ljudi koji su bili ovdje znali da moraju oti\u0107i, ali su imali vremena zatvoriti\u00a0vrata i nadali su se da \u0107e se vratiti&#8221;, ka\u017ee Storchan.<\/p>\n<p>To signalizira da, navodi\u00a0<em>Haaretz,<\/em>\u00a0barem na ovom podru\u010dju\u00a0nije do\u0161lo do vala nasilnih razaranja i masovnih prisilnih preobra\u0107enja povezanih s islamskim osvajanjem.<\/p>\n<p><em>Izvor: Agencije<\/em><\/p>\n<\/div>\n<\/div>\n<\/div>\n<\/article>\n<footer class=\"group-footer field-group-html-element clearfix\">\n<div class=\"field-name-field-tags\">\n<div class=\"label-above field-label\">(balkans.aljazeera.net)<\/div>\n<\/div>\n<\/footer>\n<\/div>\n<\/div>\n<\/div>\n<\/article>\n<p><\/span><br \/>\nPogledajte vijest na izvornom sajtu:<\/p>\n<p><a href=\"https:\/\/islampress.net\/46489\/crkva-u-jerusalemu-dokaz-da-islamsko-osvajanje-nije-donijelo-razaranja\/\" target=\"_blank\">Crkva u Jerusalemu dokaz da islamsko osvajanje nije donijelo razaranja<\/a><\/p>\n","protected":false},"excerpt":{"rendered":"<p>Izraelski arheolozi otkrili su baziliku iz vremena Bizantije, sagra\u0111enu pod carom Justinijanom (527\u2013565). Izraelski arheolozi otkrili su baziliku iz vremena Bizantije, sagra\u0111enu pod carem Justinijanom i ukra\u0161enu zadivljuju\u0107im mozaicima i staklenim prozorima, kao i natpisom koji crkvu posve\u0107uje neimenovanom &#8220;slavnom mu\u010deniku&#8221;. Identitet mu\u010denika ostaje misterija, objavila je Fena,\u00a0pozivaju\u0107i se na list\u00a0Haaretz. Agencija navodi da Crkva [&hellip;]<\/p>\n","protected":false},"author":83,"featured_media":0,"comment_status":"open","ping_status":"open","sticky":false,"template":"","format":"standard","meta":{"footnotes":""},"categories":[10514],"tags":[10516],"class_list":{"0":"post-229853","1":"post","2":"type-post","3":"status-publish","4":"format-standard","6":"category-islam-press","7":"tag-islam"},"yoast_head":"<!-- This site is optimized with the Yoast SEO Premium plugin v23.1 (Yoast SEO v24.9) - https:\/\/yoast.com\/wordpress\/plugins\/seo\/ -->\n<title>Crkva u Jerusalemu dokaz da islamsko osvajanje nije donijelo razaranja<\/title>\n<meta name=\"robots\" content=\"index, follow, max-snippet:-1, max-image-preview:large, max-video-preview:-1\" \/>\n<link rel=\"canonical\" href=\"https:\/\/sandzakpress.net\/arhiva\/crkva-u-jerusalemu-dokaz-da-islamsko-osvajanje-nije-donijelo-razaranja\/\" \/>\n<meta property=\"og:locale\" content=\"bs_BA\" \/>\n<meta property=\"og:type\" content=\"article\" \/>\n<meta property=\"og:title\" content=\"Crkva u Jerusalemu dokaz da islamsko osvajanje nije donijelo razaranja\" \/>\n<meta property=\"og:description\" content=\"Izraelski arheolozi otkrili su baziliku iz vremena Bizantije, sagra\u0111enu pod carom Justinijanom (527\u2013565). Izraelski arheolozi otkrili su baziliku iz vremena Bizantije, sagra\u0111enu pod carem Justinijanom i ukra\u0161enu zadivljuju\u0107im mozaicima i staklenim prozorima, kao i natpisom koji crkvu posve\u0107uje neimenovanom &#8220;slavnom mu\u010deniku&#8221;. Identitet mu\u010denika ostaje misterija, objavila je Fena,\u00a0pozivaju\u0107i se na list\u00a0Haaretz. Agencija navodi da Crkva [&hellip;]\" \/>\n<meta property=\"og:url\" content=\"https:\/\/sandzakpress.net\/arhiva\/crkva-u-jerusalemu-dokaz-da-islamsko-osvajanje-nije-donijelo-razaranja\/\" \/>\n<meta property=\"og:site_name\" content=\"Sand\u017eak PRESS\" \/>\n<meta property=\"article:published_time\" content=\"2019-10-24T19:25:18+00:00\" \/>\n<meta property=\"og:image\" content=\"http:\/\/balkans.aljazeera.net\/sites\/default\/files\/styles\/d8\/public\/izrael_crkva.jpg?itok=xDsEfB24\" \/>\n<meta name=\"author\" content=\"bosniak\" \/>\n<meta name=\"twitter:card\" content=\"summary_large_image\" \/>\n<meta name=\"twitter:label1\" content=\"Written by\" \/>\n\t<meta name=\"twitter:data1\" content=\"bosniak\" \/>\n\t<meta name=\"twitter:label2\" content=\"Est. reading time\" \/>\n\t<meta name=\"twitter:data2\" content=\"4 minute\" \/>\n<script type=\"application\/ld+json\" class=\"yoast-schema-graph\">{\"@context\":\"https:\/\/schema.org\",\"@graph\":[{\"@type\":\"Article\",\"@id\":\"https:\/\/sandzakpress.net\/arhiva\/crkva-u-jerusalemu-dokaz-da-islamsko-osvajanje-nije-donijelo-razaranja\/#article\",\"isPartOf\":{\"@id\":\"https:\/\/sandzakpress.net\/arhiva\/crkva-u-jerusalemu-dokaz-da-islamsko-osvajanje-nije-donijelo-razaranja\/\"},\"author\":{\"name\":\"bosniak\",\"@id\":\"https:\/\/sandzakpress.net\/arhiva\/#\/schema\/person\/c8baee722073534b583ea7bdb2e36c02\"},\"headline\":\"Crkva u Jerusalemu dokaz da islamsko osvajanje nije donijelo razaranja\",\"datePublished\":\"2019-10-24T19:25:18+00:00\",\"mainEntityOfPage\":{\"@id\":\"https:\/\/sandzakpress.net\/arhiva\/crkva-u-jerusalemu-dokaz-da-islamsko-osvajanje-nije-donijelo-razaranja\/\"},\"wordCount\":811,\"commentCount\":0,\"publisher\":{\"@id\":\"https:\/\/sandzakpress.net\/arhiva\/#\/schema\/person\/6e72b67d6e51910a1117b3b483ba20bd\"},\"image\":{\"@id\":\"https:\/\/sandzakpress.net\/arhiva\/crkva-u-jerusalemu-dokaz-da-islamsko-osvajanje-nije-donijelo-razaranja\/#primaryimage\"},\"thumbnailUrl\":\"http:\/\/balkans.aljazeera.net\/sites\/default\/files\/styles\/d8\/public\/izrael_crkva.jpg?itok=xDsEfB24\",\"keywords\":[\"Islam\"],\"articleSection\":[\"Islam PRESS\"],\"inLanguage\":\"bs-BA\",\"potentialAction\":[{\"@type\":\"CommentAction\",\"name\":\"Comment\",\"target\":[\"https:\/\/sandzakpress.net\/arhiva\/crkva-u-jerusalemu-dokaz-da-islamsko-osvajanje-nije-donijelo-razaranja\/#respond\"]}]},{\"@type\":\"WebPage\",\"@id\":\"https:\/\/sandzakpress.net\/arhiva\/crkva-u-jerusalemu-dokaz-da-islamsko-osvajanje-nije-donijelo-razaranja\/\",\"url\":\"https:\/\/sandzakpress.net\/arhiva\/crkva-u-jerusalemu-dokaz-da-islamsko-osvajanje-nije-donijelo-razaranja\/\",\"name\":\"Crkva u Jerusalemu dokaz da islamsko osvajanje nije donijelo razaranja\",\"isPartOf\":{\"@id\":\"https:\/\/sandzakpress.net\/arhiva\/#website\"},\"primaryImageOfPage\":{\"@id\":\"https:\/\/sandzakpress.net\/arhiva\/crkva-u-jerusalemu-dokaz-da-islamsko-osvajanje-nije-donijelo-razaranja\/#primaryimage\"},\"image\":{\"@id\":\"https:\/\/sandzakpress.net\/arhiva\/crkva-u-jerusalemu-dokaz-da-islamsko-osvajanje-nije-donijelo-razaranja\/#primaryimage\"},\"thumbnailUrl\":\"http:\/\/balkans.aljazeera.net\/sites\/default\/files\/styles\/d8\/public\/izrael_crkva.jpg?itok=xDsEfB24\",\"datePublished\":\"2019-10-24T19:25:18+00:00\",\"breadcrumb\":{\"@id\":\"https:\/\/sandzakpress.net\/arhiva\/crkva-u-jerusalemu-dokaz-da-islamsko-osvajanje-nije-donijelo-razaranja\/#breadcrumb\"},\"inLanguage\":\"bs-BA\",\"potentialAction\":[{\"@type\":\"ReadAction\",\"target\":[\"https:\/\/sandzakpress.net\/arhiva\/crkva-u-jerusalemu-dokaz-da-islamsko-osvajanje-nije-donijelo-razaranja\/\"]}]},{\"@type\":\"ImageObject\",\"inLanguage\":\"bs-BA\",\"@id\":\"https:\/\/sandzakpress.net\/arhiva\/crkva-u-jerusalemu-dokaz-da-islamsko-osvajanje-nije-donijelo-razaranja\/#primaryimage\",\"url\":\"http:\/\/balkans.aljazeera.net\/sites\/default\/files\/styles\/d8\/public\/izrael_crkva.jpg?itok=xDsEfB24\",\"contentUrl\":\"http:\/\/balkans.aljazeera.net\/sites\/default\/files\/styles\/d8\/public\/izrael_crkva.jpg?itok=xDsEfB24\"},{\"@type\":\"BreadcrumbList\",\"@id\":\"https:\/\/sandzakpress.net\/arhiva\/crkva-u-jerusalemu-dokaz-da-islamsko-osvajanje-nije-donijelo-razaranja\/#breadcrumb\",\"itemListElement\":[{\"@type\":\"ListItem\",\"position\":1,\"name\":\"Home\",\"item\":\"https:\/\/sandzakpress.net\/arhiva\/\"},{\"@type\":\"ListItem\",\"position\":2,\"name\":\"Crkva u Jerusalemu dokaz da islamsko osvajanje nije donijelo razaranja\"}]},{\"@type\":\"WebSite\",\"@id\":\"https:\/\/sandzakpress.net\/arhiva\/#website\",\"url\":\"https:\/\/sandzakpress.net\/arhiva\/\",\"name\":\"Sand\u017eak PRESS\",\"description\":\"Prve elektronske novine u Sand\u017eaku\",\"publisher\":{\"@id\":\"https:\/\/sandzakpress.net\/arhiva\/#\/schema\/person\/6e72b67d6e51910a1117b3b483ba20bd\"},\"potentialAction\":[{\"@type\":\"SearchAction\",\"target\":{\"@type\":\"EntryPoint\",\"urlTemplate\":\"https:\/\/sandzakpress.net\/arhiva\/?s={search_term_string}\"},\"query-input\":{\"@type\":\"PropertyValueSpecification\",\"valueRequired\":true,\"valueName\":\"search_term_string\"}}],\"inLanguage\":\"bs-BA\"},{\"@type\":[\"Person\",\"Organization\"],\"@id\":\"https:\/\/sandzakpress.net\/arhiva\/#\/schema\/person\/6e72b67d6e51910a1117b3b483ba20bd\",\"name\":\"Kul\",\"image\":{\"@type\":\"ImageObject\",\"inLanguage\":\"bs-BA\",\"@id\":\"https:\/\/sandzakpress.net\/arhiva\/#\/schema\/person\/image\/\",\"url\":\"https:\/\/secure.gravatar.com\/avatar\/42263f39aa27ac04c43cab85c280eb2e?s=96&d=mm&r=pg\",\"contentUrl\":\"https:\/\/secure.gravatar.com\/avatar\/42263f39aa27ac04c43cab85c280eb2e?s=96&d=mm&r=pg\",\"caption\":\"Kul\"},\"logo\":{\"@id\":\"https:\/\/sandzakpress.net\/arhiva\/#\/schema\/person\/image\/\"}},{\"@type\":\"Person\",\"@id\":\"https:\/\/sandzakpress.net\/arhiva\/#\/schema\/person\/c8baee722073534b583ea7bdb2e36c02\",\"name\":\"bosniak\",\"image\":{\"@type\":\"ImageObject\",\"inLanguage\":\"bs-BA\",\"@id\":\"https:\/\/sandzakpress.net\/arhiva\/#\/schema\/person\/image\/\",\"url\":\"https:\/\/secure.gravatar.com\/avatar\/a04fd330bfe3a36a72a0ad4a6d89fca7?s=96&d=mm&r=pg\",\"contentUrl\":\"https:\/\/secure.gravatar.com\/avatar\/a04fd330bfe3a36a72a0ad4a6d89fca7?s=96&d=mm&r=pg\",\"caption\":\"bosniak\"},\"url\":\"https:\/\/sandzakpress.net\/arhiva\/author\/bosniak\/\"}]}<\/script>\n<!-- \/ Yoast SEO Premium plugin. -->","yoast_head_json":{"title":"Crkva u Jerusalemu dokaz da islamsko osvajanje nije donijelo razaranja","robots":{"index":"index","follow":"follow","max-snippet":"max-snippet:-1","max-image-preview":"max-image-preview:large","max-video-preview":"max-video-preview:-1"},"canonical":"https:\/\/sandzakpress.net\/arhiva\/crkva-u-jerusalemu-dokaz-da-islamsko-osvajanje-nije-donijelo-razaranja\/","og_locale":"bs_BA","og_type":"article","og_title":"Crkva u Jerusalemu dokaz da islamsko osvajanje nije donijelo razaranja","og_description":"Izraelski arheolozi otkrili su baziliku iz vremena Bizantije, sagra\u0111enu pod carom Justinijanom (527\u2013565). Izraelski arheolozi otkrili su baziliku iz vremena Bizantije, sagra\u0111enu pod carem Justinijanom i ukra\u0161enu zadivljuju\u0107im mozaicima i staklenim prozorima, kao i natpisom koji crkvu posve\u0107uje neimenovanom &#8220;slavnom mu\u010deniku&#8221;. Identitet mu\u010denika ostaje misterija, objavila je Fena,\u00a0pozivaju\u0107i se na list\u00a0Haaretz. Agencija navodi da Crkva [&hellip;]","og_url":"https:\/\/sandzakpress.net\/arhiva\/crkva-u-jerusalemu-dokaz-da-islamsko-osvajanje-nije-donijelo-razaranja\/","og_site_name":"Sand\u017eak PRESS","article_published_time":"2019-10-24T19:25:18+00:00","og_image":[{"url":"http:\/\/balkans.aljazeera.net\/sites\/default\/files\/styles\/d8\/public\/izrael_crkva.jpg?itok=xDsEfB24","type":"","width":"","height":""}],"author":"bosniak","twitter_card":"summary_large_image","twitter_misc":{"Written by":"bosniak","Est. reading time":"4 minute"},"schema":{"@context":"https:\/\/schema.org","@graph":[{"@type":"Article","@id":"https:\/\/sandzakpress.net\/arhiva\/crkva-u-jerusalemu-dokaz-da-islamsko-osvajanje-nije-donijelo-razaranja\/#article","isPartOf":{"@id":"https:\/\/sandzakpress.net\/arhiva\/crkva-u-jerusalemu-dokaz-da-islamsko-osvajanje-nije-donijelo-razaranja\/"},"author":{"name":"bosniak","@id":"https:\/\/sandzakpress.net\/arhiva\/#\/schema\/person\/c8baee722073534b583ea7bdb2e36c02"},"headline":"Crkva u Jerusalemu dokaz da islamsko osvajanje nije donijelo razaranja","datePublished":"2019-10-24T19:25:18+00:00","mainEntityOfPage":{"@id":"https:\/\/sandzakpress.net\/arhiva\/crkva-u-jerusalemu-dokaz-da-islamsko-osvajanje-nije-donijelo-razaranja\/"},"wordCount":811,"commentCount":0,"publisher":{"@id":"https:\/\/sandzakpress.net\/arhiva\/#\/schema\/person\/6e72b67d6e51910a1117b3b483ba20bd"},"image":{"@id":"https:\/\/sandzakpress.net\/arhiva\/crkva-u-jerusalemu-dokaz-da-islamsko-osvajanje-nije-donijelo-razaranja\/#primaryimage"},"thumbnailUrl":"http:\/\/balkans.aljazeera.net\/sites\/default\/files\/styles\/d8\/public\/izrael_crkva.jpg?itok=xDsEfB24","keywords":["Islam"],"articleSection":["Islam PRESS"],"inLanguage":"bs-BA","potentialAction":[{"@type":"CommentAction","name":"Comment","target":["https:\/\/sandzakpress.net\/arhiva\/crkva-u-jerusalemu-dokaz-da-islamsko-osvajanje-nije-donijelo-razaranja\/#respond"]}]},{"@type":"WebPage","@id":"https:\/\/sandzakpress.net\/arhiva\/crkva-u-jerusalemu-dokaz-da-islamsko-osvajanje-nije-donijelo-razaranja\/","url":"https:\/\/sandzakpress.net\/arhiva\/crkva-u-jerusalemu-dokaz-da-islamsko-osvajanje-nije-donijelo-razaranja\/","name":"Crkva u Jerusalemu dokaz da islamsko osvajanje nije donijelo razaranja","isPartOf":{"@id":"https:\/\/sandzakpress.net\/arhiva\/#website"},"primaryImageOfPage":{"@id":"https:\/\/sandzakpress.net\/arhiva\/crkva-u-jerusalemu-dokaz-da-islamsko-osvajanje-nije-donijelo-razaranja\/#primaryimage"},"image":{"@id":"https:\/\/sandzakpress.net\/arhiva\/crkva-u-jerusalemu-dokaz-da-islamsko-osvajanje-nije-donijelo-razaranja\/#primaryimage"},"thumbnailUrl":"http:\/\/balkans.aljazeera.net\/sites\/default\/files\/styles\/d8\/public\/izrael_crkva.jpg?itok=xDsEfB24","datePublished":"2019-10-24T19:25:18+00:00","breadcrumb":{"@id":"https:\/\/sandzakpress.net\/arhiva\/crkva-u-jerusalemu-dokaz-da-islamsko-osvajanje-nije-donijelo-razaranja\/#breadcrumb"},"inLanguage":"bs-BA","potentialAction":[{"@type":"ReadAction","target":["https:\/\/sandzakpress.net\/arhiva\/crkva-u-jerusalemu-dokaz-da-islamsko-osvajanje-nije-donijelo-razaranja\/"]}]},{"@type":"ImageObject","inLanguage":"bs-BA","@id":"https:\/\/sandzakpress.net\/arhiva\/crkva-u-jerusalemu-dokaz-da-islamsko-osvajanje-nije-donijelo-razaranja\/#primaryimage","url":"http:\/\/balkans.aljazeera.net\/sites\/default\/files\/styles\/d8\/public\/izrael_crkva.jpg?itok=xDsEfB24","contentUrl":"http:\/\/balkans.aljazeera.net\/sites\/default\/files\/styles\/d8\/public\/izrael_crkva.jpg?itok=xDsEfB24"},{"@type":"BreadcrumbList","@id":"https:\/\/sandzakpress.net\/arhiva\/crkva-u-jerusalemu-dokaz-da-islamsko-osvajanje-nije-donijelo-razaranja\/#breadcrumb","itemListElement":[{"@type":"ListItem","position":1,"name":"Home","item":"https:\/\/sandzakpress.net\/arhiva\/"},{"@type":"ListItem","position":2,"name":"Crkva u Jerusalemu dokaz da islamsko osvajanje nije donijelo razaranja"}]},{"@type":"WebSite","@id":"https:\/\/sandzakpress.net\/arhiva\/#website","url":"https:\/\/sandzakpress.net\/arhiva\/","name":"Sand\u017eak PRESS","description":"Prve elektronske novine u Sand\u017eaku","publisher":{"@id":"https:\/\/sandzakpress.net\/arhiva\/#\/schema\/person\/6e72b67d6e51910a1117b3b483ba20bd"},"potentialAction":[{"@type":"SearchAction","target":{"@type":"EntryPoint","urlTemplate":"https:\/\/sandzakpress.net\/arhiva\/?s={search_term_string}"},"query-input":{"@type":"PropertyValueSpecification","valueRequired":true,"valueName":"search_term_string"}}],"inLanguage":"bs-BA"},{"@type":["Person","Organization"],"@id":"https:\/\/sandzakpress.net\/arhiva\/#\/schema\/person\/6e72b67d6e51910a1117b3b483ba20bd","name":"Kul","image":{"@type":"ImageObject","inLanguage":"bs-BA","@id":"https:\/\/sandzakpress.net\/arhiva\/#\/schema\/person\/image\/","url":"https:\/\/secure.gravatar.com\/avatar\/42263f39aa27ac04c43cab85c280eb2e?s=96&d=mm&r=pg","contentUrl":"https:\/\/secure.gravatar.com\/avatar\/42263f39aa27ac04c43cab85c280eb2e?s=96&d=mm&r=pg","caption":"Kul"},"logo":{"@id":"https:\/\/sandzakpress.net\/arhiva\/#\/schema\/person\/image\/"}},{"@type":"Person","@id":"https:\/\/sandzakpress.net\/arhiva\/#\/schema\/person\/c8baee722073534b583ea7bdb2e36c02","name":"bosniak","image":{"@type":"ImageObject","inLanguage":"bs-BA","@id":"https:\/\/sandzakpress.net\/arhiva\/#\/schema\/person\/image\/","url":"https:\/\/secure.gravatar.com\/avatar\/a04fd330bfe3a36a72a0ad4a6d89fca7?s=96&d=mm&r=pg","contentUrl":"https:\/\/secure.gravatar.com\/avatar\/a04fd330bfe3a36a72a0ad4a6d89fca7?s=96&d=mm&r=pg","caption":"bosniak"},"url":"https:\/\/sandzakpress.net\/arhiva\/author\/bosniak\/"}]}},"_links":{"self":[{"href":"https:\/\/sandzakpress.net\/arhiva\/wp-json\/wp\/v2\/posts\/229853"}],"collection":[{"href":"https:\/\/sandzakpress.net\/arhiva\/wp-json\/wp\/v2\/posts"}],"about":[{"href":"https:\/\/sandzakpress.net\/arhiva\/wp-json\/wp\/v2\/types\/post"}],"author":[{"embeddable":true,"href":"https:\/\/sandzakpress.net\/arhiva\/wp-json\/wp\/v2\/users\/83"}],"replies":[{"embeddable":true,"href":"https:\/\/sandzakpress.net\/arhiva\/wp-json\/wp\/v2\/comments?post=229853"}],"version-history":[{"count":0,"href":"https:\/\/sandzakpress.net\/arhiva\/wp-json\/wp\/v2\/posts\/229853\/revisions"}],"wp:attachment":[{"href":"https:\/\/sandzakpress.net\/arhiva\/wp-json\/wp\/v2\/media?parent=229853"}],"wp:term":[{"taxonomy":"category","embeddable":true,"href":"https:\/\/sandzakpress.net\/arhiva\/wp-json\/wp\/v2\/categories?post=229853"},{"taxonomy":"post_tag","embeddable":true,"href":"https:\/\/sandzakpress.net\/arhiva\/wp-json\/wp\/v2\/tags?post=229853"}],"curies":[{"name":"wp","href":"https:\/\/api.w.org\/{rel}","templated":true}]}}