{"id":229807,"date":"2019-10-24T11:10:58","date_gmt":"2019-10-24T09:10:58","guid":{"rendered":"https:\/\/sandzakpress.net\/arhiva\/?p=229807"},"modified":"2019-10-24T11:10:58","modified_gmt":"2019-10-24T09:10:58","slug":"pokusaj-osjemenjivanja-truhle-legende-mustafe-spahica-u-truhlom-filipovom-stavu-bez-obraza-i-bez-stava","status":"publish","type":"post","link":"https:\/\/sandzakpress.net\/arhiva\/pokusaj-osjemenjivanja-truhle-legende-mustafe-spahica-u-truhlom-filipovom-stavu-bez-obraza-i-bez-stava\/","title":{"rendered":"Poku\u0161aj osjemenjivanja truhle legende Mustafe Spahi\u0107a u truhlom Filipovom &#8220;Stavu&#8221; bez obraza i bez stava"},"content":{"rendered":"<p><img loading=\"lazy\" decoding=\"async\" class=\"size-full wp-image-229808 aligncenter\" src=\"https:\/\/sandzakpress.net\/arhiva\/wp-content\/uploads\/2019\/10\/admir-muratovic.jpg\" alt=\"\" width=\"1280\" height=\"852\" srcset=\"https:\/\/sandzakpress.net\/arhiva\/wp-content\/uploads\/2019\/10\/admir-muratovic.jpg 1280w, https:\/\/sandzakpress.net\/arhiva\/wp-content\/uploads\/2019\/10\/admir-muratovic-768x511.jpg 768w, https:\/\/sandzakpress.net\/arhiva\/wp-content\/uploads\/2019\/10\/admir-muratovic-616x410.jpg 616w, https:\/\/sandzakpress.net\/arhiva\/wp-content\/uploads\/2019\/10\/admir-muratovic-360x240.jpg 360w\" sizes=\"(max-width: 1280px) 100vw, 1280px\" \/><\/p>\n<p>A (t)ko bi drugi nego Filip Mursel Begovi\u0107. On je i doveden, pardon, poslan u Sarajevo da zame\u0107e kavgu me\u0111u Bo\u0161njacima, da pali fitnu me\u0111u ulemom i da \u0161iri bezna\u0111e me\u0111u narodom. On brani Mustafu Spahi\u0107a!? I to od koga? Bilo bi dobro da ga brani od njega samoga, jer Mustafa Spahi\u0107 najvi\u0161e nanosi \u0161tetu samome sebi svojim prizemnim diskursom i ko\u010dija\u0161kim manirima.<\/p>\n<p>No, Filip, kao i Vildana, brani Mustafu Spahi\u0107a od muftija i sabornika Islamske zajednice, koji su, kona\u010dno, shvatili da se sa tom sortom ljudi nema fajde prepucavati preko medija, ve\u0107 slu\u010daj Mustafe Spahi\u0107a treba rje\u0161avati institucionalno, ba\u0161 onako kako &#8220;legendarni&#8221; Mujki moralizira svima, osim sebi, kako su ustanove Islamske zajednice neupitne i da svi bez razlike moraju po\u0161tivati ustanove Islamske zajednice osim njega i njegovih mu prisnih jarana. Oni su izuzetak od svih priznatih normi dru\u0161tva i od svih institucija, kako nekada tako i sada. S tom razlikom \u0161to su se te dru\u0161tvene norme u komunisti\u010dkom re\u017eimu morale po\u0161tivati, u protivnom &#8211; slijedila je \u201cadekvatna\u201d kazna. Danas usvojene, poznate i priznate norme lijepog pona\u0161anja i lijepog govora u javnosti se ne moraju po\u0161tivati.<\/p>\n<p>U haosu javne rije\u010di nema ni reda ni poretka. Sve je dopu\u0161teno, pa i ono \u0161to drugoga vrije\u0111a i poni\u017eava. \u00a0 \u00a0<\/p>\n<p>Ali, Filipa Mursela Begovi\u0107a, kao ni Mustafu Spahi\u0107a, ne obavezuju nikakve norme ni lijepog pona\u0161anja ni lijepog govora-pisanja, pa je, onda, bilo i za o\u010dekivati da se &#8220;legenda&#8221; Mustafe Spahi\u0107a iznova, ne znamo po koji put, osjemenjuje da ne bi skroz istruhla. Ali, o\u010dito je da joj (legendi) nema vi\u0161e oporavka, jer su joj se od silne zaga\u0111enosti iznutra sve \u017eile osu\u0161ile.\u00a0<\/p>\n<p>Zar se iko, a posebno Mustafa Spahi\u0107, mo\u017ee pozivati na svoju \u017ertvu pored \u017eivih, pre\u017eivjelih, \u017ertava genocida, ne samo u Srebrenici, ve\u0107 u cijeloj Bosni.<\/p>\n<p>Mustafa Spahi\u0107 je tu svoju zatvorsku \u017ertvu vi\u0161estruko ne samo naplatio, ve\u0107 mu se ona vi\u0161estruko preplatila, pa se \u010dovjek zdrave pameti i zdravog morala pita kako ga nije stid da se na tu svoju legendarnu \u017ertvu poziva pored majke, Prijedor\u010danke, Have Tatarevi\u0107, \u010dija je \u017ertva \u0161est sinova? Uporedite to sa \u017ertvom, &#8220;legende&#8221;, Mustafe Spahi\u0107a i sa dobitima koju je imao od toga? Majka Hava nije nikada ni tra\u017eila ni dobila ikakvu satisfakciju za tu svoju \u017ertvu, ve\u0107 je morala zimi odlaziti u Njema\u010dku, jer nije imala \u0161ta nalo\u017eiti, a u ljeto bi se vra\u0107ala u svoju skromnu ku\u0107icu kod Prijedora. \u00a0\u00a0<\/p>\n<p>Ako to znamo onda se pitamo: kako Mustafu Spahi\u0107a nije stid da govori o svojoj \u017ertvi, preko Filipovog megafona, nakon toliko ubijene djece u Sarajevu (1.600)? Kako ga nije sramota pred Bogom i svijetom da, pozivaju\u0107i se na tu svoju \u017ertvu, uzima sebi pravo da vrije\u0111a, poni\u017eava, omalova\u017eava nikog drugog do muftiju Islamske zajednice, kojem je reisu-l-ulema dao muraselu, kao \u010dasnom, po\u0161tenom i uglednom alimu u vjeri i moralu? I umjesto da se javno izvini, muftiji zagreba\u010dkom i biv\u0161em muftiji sand\u017ea\u010dkom za neprimjeren govor u neprimjerenim novinama, zatra\u017ei halala, Mustafa Spahi\u0107 je anga\u017eirao truhlog urednika &#8220;Stava&#8221;, bez obraza i bez stava, da mu poku\u0161a osjemeniti njegovu truhlu legendu, pa da bude iznova junak-\u017ertva za nove naplate i za nove udru\u017eene gibetske poduhvate.<\/p>\n<p>No, ovoga puta su devet punopravnih sabornika Sabora Islamske zajednice i dvojica legalnih i legitimnih muftija i predsjednika Me\u0161ihata iz Zagreba i Novog Pazara preduhitrili &#8220;legendu&#8221; Mustafu Spahi\u0107a i njegovog mu ahbaba Filipa Mursela Begovi\u0107a, pa najavljeno spinovanje \u201ene\u0107e da mo\u017ee\u201c pro\u0107i.<\/p>\n<p>Dosta je bilo la\u017enih legendi, la\u017enih junaka, la\u017enih u\u010denjaka, la\u017enih za\u0161titnika islama, muslimana i Islamske zajednice.<\/p>\n<p>Do\u0161lo je vrijeme da se Pandorina kutija otvori, pa neka se iz nje ispari sav \u0161ejtanski pogani dim.\u00a0<\/p>\n<p>Jedino tako je mogu\u0107e o\u010distiti Islamsku zajednicu od Mujkijevog gibetluka i fitneluka, koji traje vi\u0161e decenija. \u00a0\u00a0<\/p>\n<p>\u0160to je dosta, dosta je.<\/p>\n<p>No, nije ovdje rije\u010d o moralno i psihi\u010dki manijakalnoj osobi koja samoinicijativno djeluje.<\/p>\n<p>Mustafa Spahi\u0107 je jedan od \u010dlanova zloglasne grupe Fikreta Muslimovi\u0107a, ina\u010de oficira KOS-a, koji svu antibosansku i antibo\u0161nja\u010dku neprijateljsku djelatnost vr\u0161i sa visokih pozicija u dr\u017eavnom aparatu.\u00a0<\/p>\n<p>Specijalni zadatak ove grupe je diskreditacija svakog iole bitnog Bo\u0161njaka koji im se nalazi na putu uspostave nepremostivog jaza izme\u0111u Bo\u0161njaka Bosne i onih izvan njenih granica sa kona\u010dnim ciljem svo\u0111enja dr\u017eave i svih nacionalnih institucija na fild\u017ean d\u017eamahiriju, koja bi se zaokru\u017eila na bo\u0161nja\u010dkom \u00a0dijelu Federacije, \u010dime bi se sva politi\u010dka, privredna i cjelokupna nacionalna energija i svi procesi mogli kontrolisati od strane dana\u0161nje dominantne vladaju\u0107e politi\u010dke oligarhije.<\/p>\n<p>Zato se muftijama Zukorli\u0107u i Hasanovi\u0107u ne mo\u017ee oprostiti \u0161to su ustrajali u o\u010duvanju jedinstvene nadgrani\u010dne zajednice \u010dime je ostvarenju plana FDZ zadat, sva prilika, smrtonosni udarac.<\/p>\n<p>Zukorli\u0107eva kandidatura za reisu-l-ulemu predstavlja glogov kolac u grudi ovoj grupi koja bi nastavila kontrolisati Islamsku zajednicu preko monopola koji im je bio na dohvat ruke.\u00a0<\/p>\n<p>Dr. Zukorli\u0107 je tokom predstavljanja svog programa uspio izuzetno kvalitetno i nadasve efikasno formulisati originalan koncept organizovanja i vo\u0111enja Zajednice u 21. stolje\u0107u, koji predstavlja svojevrsnu presudu ne\u010dasnim nakanama.<\/p>\n<p>Jedina referenca na kojoj kvazi intelektuakac Mujki vi\u0161e od tri decenije egzistira u svojoj klevetni\u010dkoj misiji jeste zatvorenik komunisti\u010dkih vlasti, \u0161to bi trebalo zna\u010diti disidentnost i odre\u0111eni moralni i idejni kvalitet.\u00a0<\/p>\n<p>No, ovdje je rije\u010d o drasti\u010dno druga\u010dijem slu\u010daju. Po modelu \u0161tokholmskog sindroma, \u017ertva se pod mukama zaljubila u d\u017eelata, pa danas u atmosferi postkomunizma M. Spahi\u0107 sve komusti\u010dke metode u mi\u0161ljenju i djelovanju primjenjuje protiv svih koji se na\u0111u na putu ne\u010dasne misije njegove grupe.<\/p>\n<p>\u010cir je pukao, valja ga po\u010distiti.<\/p>\n<p>&nbsp;<\/p>\n<p><em>Autor: Dr. Admir Muratovi\u0107<\/em><\/p>\n","protected":false},"excerpt":{"rendered":"<p>A (t)ko bi drugi nego Filip Mursel Begovi\u0107. On je i doveden, pardon, poslan u Sarajevo da zame\u0107e kavgu me\u0111u Bo\u0161njacima, da pali fitnu me\u0111u ulemom i da \u0161iri bezna\u0111e me\u0111u narodom. On brani Mustafu Spahi\u0107a!? I to od koga? Bilo bi dobro da ga brani od njega samoga, jer Mustafa Spahi\u0107 najvi\u0161e nanosi \u0161tetu [&hellip;]<\/p>\n","protected":false},"author":509,"featured_media":229808,"comment_status":"open","ping_status":"open","sticky":false,"template":"","format":"standard","meta":{"footnotes":""},"categories":[10196,8957],"tags":[],"class_list":{"0":"post-229807","1":"post","2":"type-post","3":"status-publish","4":"format-standard","5":"has-post-thumbnail","7":"category-iz-pera-nasih-autora","8":"category-vijesti-dana"},"yoast_head":"<!-- This site is optimized with the Yoast SEO Premium plugin v23.1 (Yoast SEO v24.9) - https:\/\/yoast.com\/wordpress\/plugins\/seo\/ -->\n<title>Poku\u0161aj osjemenjivanja truhle legende Mustafe Spahi\u0107a u truhlom Filipovom &quot;Stavu&quot; bez obraza i bez stava<\/title>\n<meta name=\"robots\" content=\"index, follow, max-snippet:-1, max-image-preview:large, max-video-preview:-1\" \/>\n<link rel=\"canonical\" href=\"https:\/\/sandzakpress.net\/arhiva\/pokusaj-osjemenjivanja-truhle-legende-mustafe-spahica-u-truhlom-filipovom-stavu-bez-obraza-i-bez-stava\/\" \/>\n<meta property=\"og:locale\" content=\"bs_BA\" \/>\n<meta property=\"og:type\" content=\"article\" \/>\n<meta property=\"og:title\" content=\"Poku\u0161aj osjemenjivanja truhle legende Mustafe Spahi\u0107a u truhlom Filipovom &quot;Stavu&quot; bez obraza i bez stava\" \/>\n<meta property=\"og:description\" content=\"A (t)ko bi drugi nego Filip Mursel Begovi\u0107. On je i doveden, pardon, poslan u Sarajevo da zame\u0107e kavgu me\u0111u Bo\u0161njacima, da pali fitnu me\u0111u ulemom i da \u0161iri bezna\u0111e me\u0111u narodom. On brani Mustafu Spahi\u0107a!? I to od koga? Bilo bi dobro da ga brani od njega samoga, jer Mustafa Spahi\u0107 najvi\u0161e nanosi \u0161tetu [&hellip;]\" \/>\n<meta property=\"og:url\" content=\"https:\/\/sandzakpress.net\/arhiva\/pokusaj-osjemenjivanja-truhle-legende-mustafe-spahica-u-truhlom-filipovom-stavu-bez-obraza-i-bez-stava\/\" \/>\n<meta property=\"og:site_name\" content=\"Sand\u017eak PRESS\" \/>\n<meta property=\"article:published_time\" content=\"2019-10-24T09:10:58+00:00\" \/>\n<meta property=\"og:image\" content=\"https:\/\/sandzakpress.net\/arhiva\/wp-content\/uploads\/2019\/10\/admir-muratovic.jpg\" \/>\n\t<meta property=\"og:image:width\" content=\"1280\" \/>\n\t<meta property=\"og:image:height\" content=\"852\" \/>\n\t<meta property=\"og:image:type\" content=\"image\/jpeg\" \/>\n<meta name=\"author\" content=\"Agencija\" \/>\n<meta name=\"twitter:card\" content=\"summary_large_image\" \/>\n<meta name=\"twitter:label1\" content=\"Written by\" \/>\n\t<meta name=\"twitter:data1\" content=\"Agencija\" \/>\n\t<meta name=\"twitter:label2\" content=\"Est. reading time\" \/>\n\t<meta name=\"twitter:data2\" content=\"5 minuta\" \/>\n<script type=\"application\/ld+json\" class=\"yoast-schema-graph\">{\"@context\":\"https:\/\/schema.org\",\"@graph\":[{\"@type\":\"Article\",\"@id\":\"https:\/\/sandzakpress.net\/arhiva\/pokusaj-osjemenjivanja-truhle-legende-mustafe-spahica-u-truhlom-filipovom-stavu-bez-obraza-i-bez-stava\/#article\",\"isPartOf\":{\"@id\":\"https:\/\/sandzakpress.net\/arhiva\/pokusaj-osjemenjivanja-truhle-legende-mustafe-spahica-u-truhlom-filipovom-stavu-bez-obraza-i-bez-stava\/\"},\"author\":{\"name\":\"Agencija\",\"@id\":\"https:\/\/sandzakpress.net\/arhiva\/#\/schema\/person\/cb59d7e3ab91ab90dd680ad0305a6185\"},\"headline\":\"Poku\u0161aj osjemenjivanja truhle legende Mustafe Spahi\u0107a u truhlom Filipovom &#8220;Stavu&#8221; bez obraza i bez stava\",\"datePublished\":\"2019-10-24T09:10:58+00:00\",\"mainEntityOfPage\":{\"@id\":\"https:\/\/sandzakpress.net\/arhiva\/pokusaj-osjemenjivanja-truhle-legende-mustafe-spahica-u-truhlom-filipovom-stavu-bez-obraza-i-bez-stava\/\"},\"wordCount\":1030,\"commentCount\":3,\"publisher\":{\"@id\":\"https:\/\/sandzakpress.net\/arhiva\/#\/schema\/person\/6e72b67d6e51910a1117b3b483ba20bd\"},\"image\":{\"@id\":\"https:\/\/sandzakpress.net\/arhiva\/pokusaj-osjemenjivanja-truhle-legende-mustafe-spahica-u-truhlom-filipovom-stavu-bez-obraza-i-bez-stava\/#primaryimage\"},\"thumbnailUrl\":\"https:\/\/sandzakpress.net\/arhiva\/wp-content\/uploads\/2019\/10\/admir-muratovic.jpg\",\"articleSection\":[\"Iz pera na\u0161ih autora\",\"VIJESTI DANA\"],\"inLanguage\":\"bs-BA\",\"potentialAction\":[{\"@type\":\"CommentAction\",\"name\":\"Comment\",\"target\":[\"https:\/\/sandzakpress.net\/arhiva\/pokusaj-osjemenjivanja-truhle-legende-mustafe-spahica-u-truhlom-filipovom-stavu-bez-obraza-i-bez-stava\/#respond\"]}]},{\"@type\":\"WebPage\",\"@id\":\"https:\/\/sandzakpress.net\/arhiva\/pokusaj-osjemenjivanja-truhle-legende-mustafe-spahica-u-truhlom-filipovom-stavu-bez-obraza-i-bez-stava\/\",\"url\":\"https:\/\/sandzakpress.net\/arhiva\/pokusaj-osjemenjivanja-truhle-legende-mustafe-spahica-u-truhlom-filipovom-stavu-bez-obraza-i-bez-stava\/\",\"name\":\"Poku\u0161aj osjemenjivanja truhle legende Mustafe Spahi\u0107a u truhlom Filipovom \\\"Stavu\\\" bez obraza i bez stava\",\"isPartOf\":{\"@id\":\"https:\/\/sandzakpress.net\/arhiva\/#website\"},\"primaryImageOfPage\":{\"@id\":\"https:\/\/sandzakpress.net\/arhiva\/pokusaj-osjemenjivanja-truhle-legende-mustafe-spahica-u-truhlom-filipovom-stavu-bez-obraza-i-bez-stava\/#primaryimage\"},\"image\":{\"@id\":\"https:\/\/sandzakpress.net\/arhiva\/pokusaj-osjemenjivanja-truhle-legende-mustafe-spahica-u-truhlom-filipovom-stavu-bez-obraza-i-bez-stava\/#primaryimage\"},\"thumbnailUrl\":\"https:\/\/sandzakpress.net\/arhiva\/wp-content\/uploads\/2019\/10\/admir-muratovic.jpg\",\"datePublished\":\"2019-10-24T09:10:58+00:00\",\"breadcrumb\":{\"@id\":\"https:\/\/sandzakpress.net\/arhiva\/pokusaj-osjemenjivanja-truhle-legende-mustafe-spahica-u-truhlom-filipovom-stavu-bez-obraza-i-bez-stava\/#breadcrumb\"},\"inLanguage\":\"bs-BA\",\"potentialAction\":[{\"@type\":\"ReadAction\",\"target\":[\"https:\/\/sandzakpress.net\/arhiva\/pokusaj-osjemenjivanja-truhle-legende-mustafe-spahica-u-truhlom-filipovom-stavu-bez-obraza-i-bez-stava\/\"]}]},{\"@type\":\"ImageObject\",\"inLanguage\":\"bs-BA\",\"@id\":\"https:\/\/sandzakpress.net\/arhiva\/pokusaj-osjemenjivanja-truhle-legende-mustafe-spahica-u-truhlom-filipovom-stavu-bez-obraza-i-bez-stava\/#primaryimage\",\"url\":\"https:\/\/sandzakpress.net\/arhiva\/wp-content\/uploads\/2019\/10\/admir-muratovic.jpg\",\"contentUrl\":\"https:\/\/sandzakpress.net\/arhiva\/wp-content\/uploads\/2019\/10\/admir-muratovic.jpg\",\"width\":1280,\"height\":852},{\"@type\":\"BreadcrumbList\",\"@id\":\"https:\/\/sandzakpress.net\/arhiva\/pokusaj-osjemenjivanja-truhle-legende-mustafe-spahica-u-truhlom-filipovom-stavu-bez-obraza-i-bez-stava\/#breadcrumb\",\"itemListElement\":[{\"@type\":\"ListItem\",\"position\":1,\"name\":\"Home\",\"item\":\"https:\/\/sandzakpress.net\/arhiva\/\"},{\"@type\":\"ListItem\",\"position\":2,\"name\":\"Poku\u0161aj osjemenjivanja truhle legende Mustafe Spahi\u0107a u truhlom Filipovom &#8220;Stavu&#8221; bez obraza i bez stava\"}]},{\"@type\":\"WebSite\",\"@id\":\"https:\/\/sandzakpress.net\/arhiva\/#website\",\"url\":\"https:\/\/sandzakpress.net\/arhiva\/\",\"name\":\"Sand\u017eak PRESS\",\"description\":\"Prve elektronske novine u Sand\u017eaku\",\"publisher\":{\"@id\":\"https:\/\/sandzakpress.net\/arhiva\/#\/schema\/person\/6e72b67d6e51910a1117b3b483ba20bd\"},\"potentialAction\":[{\"@type\":\"SearchAction\",\"target\":{\"@type\":\"EntryPoint\",\"urlTemplate\":\"https:\/\/sandzakpress.net\/arhiva\/?s={search_term_string}\"},\"query-input\":{\"@type\":\"PropertyValueSpecification\",\"valueRequired\":true,\"valueName\":\"search_term_string\"}}],\"inLanguage\":\"bs-BA\"},{\"@type\":[\"Person\",\"Organization\"],\"@id\":\"https:\/\/sandzakpress.net\/arhiva\/#\/schema\/person\/6e72b67d6e51910a1117b3b483ba20bd\",\"name\":\"Kul\",\"image\":{\"@type\":\"ImageObject\",\"inLanguage\":\"bs-BA\",\"@id\":\"https:\/\/sandzakpress.net\/arhiva\/#\/schema\/person\/image\/\",\"url\":\"https:\/\/secure.gravatar.com\/avatar\/42263f39aa27ac04c43cab85c280eb2e?s=96&d=mm&r=pg\",\"contentUrl\":\"https:\/\/secure.gravatar.com\/avatar\/42263f39aa27ac04c43cab85c280eb2e?s=96&d=mm&r=pg\",\"caption\":\"Kul\"},\"logo\":{\"@id\":\"https:\/\/sandzakpress.net\/arhiva\/#\/schema\/person\/image\/\"}},{\"@type\":\"Person\",\"@id\":\"https:\/\/sandzakpress.net\/arhiva\/#\/schema\/person\/cb59d7e3ab91ab90dd680ad0305a6185\",\"name\":\"Agencija\",\"image\":{\"@type\":\"ImageObject\",\"inLanguage\":\"bs-BA\",\"@id\":\"https:\/\/sandzakpress.net\/arhiva\/#\/schema\/person\/image\/\",\"url\":\"https:\/\/secure.gravatar.com\/avatar\/4b7fafa80a22f0c2afe23966b3961fe0?s=96&d=mm&r=pg\",\"contentUrl\":\"https:\/\/secure.gravatar.com\/avatar\/4b7fafa80a22f0c2afe23966b3961fe0?s=96&d=mm&r=pg\",\"caption\":\"Agencija\"},\"url\":\"https:\/\/sandzakpress.net\/arhiva\/author\/agencija\/\"}]}<\/script>\n<!-- \/ Yoast SEO Premium plugin. -->","yoast_head_json":{"title":"Poku\u0161aj osjemenjivanja truhle legende Mustafe Spahi\u0107a u truhlom Filipovom \"Stavu\" bez obraza i bez stava","robots":{"index":"index","follow":"follow","max-snippet":"max-snippet:-1","max-image-preview":"max-image-preview:large","max-video-preview":"max-video-preview:-1"},"canonical":"https:\/\/sandzakpress.net\/arhiva\/pokusaj-osjemenjivanja-truhle-legende-mustafe-spahica-u-truhlom-filipovom-stavu-bez-obraza-i-bez-stava\/","og_locale":"bs_BA","og_type":"article","og_title":"Poku\u0161aj osjemenjivanja truhle legende Mustafe Spahi\u0107a u truhlom Filipovom \"Stavu\" bez obraza i bez stava","og_description":"A (t)ko bi drugi nego Filip Mursel Begovi\u0107. On je i doveden, pardon, poslan u Sarajevo da zame\u0107e kavgu me\u0111u Bo\u0161njacima, da pali fitnu me\u0111u ulemom i da \u0161iri bezna\u0111e me\u0111u narodom. On brani Mustafu Spahi\u0107a!? I to od koga? Bilo bi dobro da ga brani od njega samoga, jer Mustafa Spahi\u0107 najvi\u0161e nanosi \u0161tetu [&hellip;]","og_url":"https:\/\/sandzakpress.net\/arhiva\/pokusaj-osjemenjivanja-truhle-legende-mustafe-spahica-u-truhlom-filipovom-stavu-bez-obraza-i-bez-stava\/","og_site_name":"Sand\u017eak PRESS","article_published_time":"2019-10-24T09:10:58+00:00","og_image":[{"width":1280,"height":852,"url":"https:\/\/sandzakpress.net\/arhiva\/wp-content\/uploads\/2019\/10\/admir-muratovic.jpg","type":"image\/jpeg"}],"author":"Agencija","twitter_card":"summary_large_image","twitter_misc":{"Written by":"Agencija","Est. reading time":"5 minuta"},"schema":{"@context":"https:\/\/schema.org","@graph":[{"@type":"Article","@id":"https:\/\/sandzakpress.net\/arhiva\/pokusaj-osjemenjivanja-truhle-legende-mustafe-spahica-u-truhlom-filipovom-stavu-bez-obraza-i-bez-stava\/#article","isPartOf":{"@id":"https:\/\/sandzakpress.net\/arhiva\/pokusaj-osjemenjivanja-truhle-legende-mustafe-spahica-u-truhlom-filipovom-stavu-bez-obraza-i-bez-stava\/"},"author":{"name":"Agencija","@id":"https:\/\/sandzakpress.net\/arhiva\/#\/schema\/person\/cb59d7e3ab91ab90dd680ad0305a6185"},"headline":"Poku\u0161aj osjemenjivanja truhle legende Mustafe Spahi\u0107a u truhlom Filipovom &#8220;Stavu&#8221; bez obraza i bez stava","datePublished":"2019-10-24T09:10:58+00:00","mainEntityOfPage":{"@id":"https:\/\/sandzakpress.net\/arhiva\/pokusaj-osjemenjivanja-truhle-legende-mustafe-spahica-u-truhlom-filipovom-stavu-bez-obraza-i-bez-stava\/"},"wordCount":1030,"commentCount":3,"publisher":{"@id":"https:\/\/sandzakpress.net\/arhiva\/#\/schema\/person\/6e72b67d6e51910a1117b3b483ba20bd"},"image":{"@id":"https:\/\/sandzakpress.net\/arhiva\/pokusaj-osjemenjivanja-truhle-legende-mustafe-spahica-u-truhlom-filipovom-stavu-bez-obraza-i-bez-stava\/#primaryimage"},"thumbnailUrl":"https:\/\/sandzakpress.net\/arhiva\/wp-content\/uploads\/2019\/10\/admir-muratovic.jpg","articleSection":["Iz pera na\u0161ih autora","VIJESTI DANA"],"inLanguage":"bs-BA","potentialAction":[{"@type":"CommentAction","name":"Comment","target":["https:\/\/sandzakpress.net\/arhiva\/pokusaj-osjemenjivanja-truhle-legende-mustafe-spahica-u-truhlom-filipovom-stavu-bez-obraza-i-bez-stava\/#respond"]}]},{"@type":"WebPage","@id":"https:\/\/sandzakpress.net\/arhiva\/pokusaj-osjemenjivanja-truhle-legende-mustafe-spahica-u-truhlom-filipovom-stavu-bez-obraza-i-bez-stava\/","url":"https:\/\/sandzakpress.net\/arhiva\/pokusaj-osjemenjivanja-truhle-legende-mustafe-spahica-u-truhlom-filipovom-stavu-bez-obraza-i-bez-stava\/","name":"Poku\u0161aj osjemenjivanja truhle legende Mustafe Spahi\u0107a u truhlom Filipovom \"Stavu\" bez obraza i bez stava","isPartOf":{"@id":"https:\/\/sandzakpress.net\/arhiva\/#website"},"primaryImageOfPage":{"@id":"https:\/\/sandzakpress.net\/arhiva\/pokusaj-osjemenjivanja-truhle-legende-mustafe-spahica-u-truhlom-filipovom-stavu-bez-obraza-i-bez-stava\/#primaryimage"},"image":{"@id":"https:\/\/sandzakpress.net\/arhiva\/pokusaj-osjemenjivanja-truhle-legende-mustafe-spahica-u-truhlom-filipovom-stavu-bez-obraza-i-bez-stava\/#primaryimage"},"thumbnailUrl":"https:\/\/sandzakpress.net\/arhiva\/wp-content\/uploads\/2019\/10\/admir-muratovic.jpg","datePublished":"2019-10-24T09:10:58+00:00","breadcrumb":{"@id":"https:\/\/sandzakpress.net\/arhiva\/pokusaj-osjemenjivanja-truhle-legende-mustafe-spahica-u-truhlom-filipovom-stavu-bez-obraza-i-bez-stava\/#breadcrumb"},"inLanguage":"bs-BA","potentialAction":[{"@type":"ReadAction","target":["https:\/\/sandzakpress.net\/arhiva\/pokusaj-osjemenjivanja-truhle-legende-mustafe-spahica-u-truhlom-filipovom-stavu-bez-obraza-i-bez-stava\/"]}]},{"@type":"ImageObject","inLanguage":"bs-BA","@id":"https:\/\/sandzakpress.net\/arhiva\/pokusaj-osjemenjivanja-truhle-legende-mustafe-spahica-u-truhlom-filipovom-stavu-bez-obraza-i-bez-stava\/#primaryimage","url":"https:\/\/sandzakpress.net\/arhiva\/wp-content\/uploads\/2019\/10\/admir-muratovic.jpg","contentUrl":"https:\/\/sandzakpress.net\/arhiva\/wp-content\/uploads\/2019\/10\/admir-muratovic.jpg","width":1280,"height":852},{"@type":"BreadcrumbList","@id":"https:\/\/sandzakpress.net\/arhiva\/pokusaj-osjemenjivanja-truhle-legende-mustafe-spahica-u-truhlom-filipovom-stavu-bez-obraza-i-bez-stava\/#breadcrumb","itemListElement":[{"@type":"ListItem","position":1,"name":"Home","item":"https:\/\/sandzakpress.net\/arhiva\/"},{"@type":"ListItem","position":2,"name":"Poku\u0161aj osjemenjivanja truhle legende Mustafe Spahi\u0107a u truhlom Filipovom &#8220;Stavu&#8221; bez obraza i bez stava"}]},{"@type":"WebSite","@id":"https:\/\/sandzakpress.net\/arhiva\/#website","url":"https:\/\/sandzakpress.net\/arhiva\/","name":"Sand\u017eak PRESS","description":"Prve elektronske novine u Sand\u017eaku","publisher":{"@id":"https:\/\/sandzakpress.net\/arhiva\/#\/schema\/person\/6e72b67d6e51910a1117b3b483ba20bd"},"potentialAction":[{"@type":"SearchAction","target":{"@type":"EntryPoint","urlTemplate":"https:\/\/sandzakpress.net\/arhiva\/?s={search_term_string}"},"query-input":{"@type":"PropertyValueSpecification","valueRequired":true,"valueName":"search_term_string"}}],"inLanguage":"bs-BA"},{"@type":["Person","Organization"],"@id":"https:\/\/sandzakpress.net\/arhiva\/#\/schema\/person\/6e72b67d6e51910a1117b3b483ba20bd","name":"Kul","image":{"@type":"ImageObject","inLanguage":"bs-BA","@id":"https:\/\/sandzakpress.net\/arhiva\/#\/schema\/person\/image\/","url":"https:\/\/secure.gravatar.com\/avatar\/42263f39aa27ac04c43cab85c280eb2e?s=96&d=mm&r=pg","contentUrl":"https:\/\/secure.gravatar.com\/avatar\/42263f39aa27ac04c43cab85c280eb2e?s=96&d=mm&r=pg","caption":"Kul"},"logo":{"@id":"https:\/\/sandzakpress.net\/arhiva\/#\/schema\/person\/image\/"}},{"@type":"Person","@id":"https:\/\/sandzakpress.net\/arhiva\/#\/schema\/person\/cb59d7e3ab91ab90dd680ad0305a6185","name":"Agencija","image":{"@type":"ImageObject","inLanguage":"bs-BA","@id":"https:\/\/sandzakpress.net\/arhiva\/#\/schema\/person\/image\/","url":"https:\/\/secure.gravatar.com\/avatar\/4b7fafa80a22f0c2afe23966b3961fe0?s=96&d=mm&r=pg","contentUrl":"https:\/\/secure.gravatar.com\/avatar\/4b7fafa80a22f0c2afe23966b3961fe0?s=96&d=mm&r=pg","caption":"Agencija"},"url":"https:\/\/sandzakpress.net\/arhiva\/author\/agencija\/"}]}},"_links":{"self":[{"href":"https:\/\/sandzakpress.net\/arhiva\/wp-json\/wp\/v2\/posts\/229807"}],"collection":[{"href":"https:\/\/sandzakpress.net\/arhiva\/wp-json\/wp\/v2\/posts"}],"about":[{"href":"https:\/\/sandzakpress.net\/arhiva\/wp-json\/wp\/v2\/types\/post"}],"author":[{"embeddable":true,"href":"https:\/\/sandzakpress.net\/arhiva\/wp-json\/wp\/v2\/users\/509"}],"replies":[{"embeddable":true,"href":"https:\/\/sandzakpress.net\/arhiva\/wp-json\/wp\/v2\/comments?post=229807"}],"version-history":[{"count":0,"href":"https:\/\/sandzakpress.net\/arhiva\/wp-json\/wp\/v2\/posts\/229807\/revisions"}],"wp:featuredmedia":[{"embeddable":true,"href":"https:\/\/sandzakpress.net\/arhiva\/wp-json\/wp\/v2\/media\/229808"}],"wp:attachment":[{"href":"https:\/\/sandzakpress.net\/arhiva\/wp-json\/wp\/v2\/media?parent=229807"}],"wp:term":[{"taxonomy":"category","embeddable":true,"href":"https:\/\/sandzakpress.net\/arhiva\/wp-json\/wp\/v2\/categories?post=229807"},{"taxonomy":"post_tag","embeddable":true,"href":"https:\/\/sandzakpress.net\/arhiva\/wp-json\/wp\/v2\/tags?post=229807"}],"curies":[{"name":"wp","href":"https:\/\/api.w.org\/{rel}","templated":true}]}}