{"id":229792,"date":"2019-10-23T14:50:44","date_gmt":"2019-10-23T12:50:44","guid":{"rendered":"https:\/\/sandzakpress.net\/arhiva\/?p=229792"},"modified":"2019-10-23T14:50:44","modified_gmt":"2019-10-23T12:50:44","slug":"pozar-na-deponiji-kod-prijepolja","status":"publish","type":"post","link":"https:\/\/sandzakpress.net\/arhiva\/pozar-na-deponiji-kod-prijepolja\/","title":{"rendered":"Po\u017ear na deponiji kod Prijepolja"},"content":{"rendered":"<p><img decoding=\"async\" src=\"https:\/\/ppmedia.rs\/wp-content\/uploads\/2019\/10\/8deponija-stanjevine-fotorina-1024x768.jpg\" \/><\/p>\n<p><strong>Prijepolje \u2013 Deo deponije Stanjevine na kom je sino\u0107 izbio po\u017ear, goreo je celu no\u0107. Vatrogasne ekipe sve vreme su na terenu, uspeli su da stabilizuju vtrenu stihiju, tako da nema opasnosti od \u0161irenja na susedne objekte.<\/strong><\/p>\n<p>\u201cPo\u017ear smo celu no\u0107 gasili vodom, nasuta je 21 cisterna, sada se sa deponije \u0161iri prigu\u0161eni dim. \u010cekamo da J\u041aP \u201cLim\u201d po\u010dne sa nasipanjem zemlje na ovaj deo koji je je bio zahva\u0107en vatrom\u201d, izjavio je komandir Vatrogasno-spasila\u010dke jedinice u Prijepolju, Vujadin \u041aova\u010devi\u0107.<\/p>\n<p>Nesanitarna deponije Stanjevine je ve\u0107 decenijama najve\u0107i ekolo\u0161ki problem op\u0161tine Prijepolje, ove godine po\u017ear je izbio \u010dak dva puta, u avgustu kad su se sa vatrenom stihijom vatrgasci borili \u010dak deset dana, i krajem septembra kad se zapalio deo koji se nalazi uz samu reku Lim.<\/p>\n","protected":false},"excerpt":{"rendered":"<p>Prijepolje \u2013 Deo deponije Stanjevine na kom je sino\u0107 izbio po\u017ear, goreo je celu no\u0107. Vatrogasne ekipe sve vreme su na terenu, uspeli su da stabilizuju vtrenu stihiju, tako da nema opasnosti od \u0161irenja na susedne objekte. \u201cPo\u017ear smo celu no\u0107 gasili vodom, nasuta je 21 cisterna, sada se sa deponije \u0161iri prigu\u0161eni dim. \u010cekamo [&hellip;]<\/p>\n","protected":false},"author":509,"featured_media":229796,"comment_status":"open","ping_status":"open","sticky":false,"template":"","format":"standard","meta":{"footnotes":""},"categories":[392,801,10429],"tags":[],"class_list":{"0":"post-229792","1":"post","2":"type-post","3":"status-publish","4":"format-standard","5":"has-post-thumbnail","7":"category-prijepolje_","8":"category-crna_hronika","9":"category-vazno"},"yoast_head":"<!-- This site is optimized with the Yoast SEO Premium plugin v23.1 (Yoast SEO v24.9) - https:\/\/yoast.com\/wordpress\/plugins\/seo\/ -->\n<title>Po\u017ear na deponiji kod Prijepolja<\/title>\n<meta name=\"robots\" content=\"index, follow, max-snippet:-1, max-image-preview:large, max-video-preview:-1\" \/>\n<link rel=\"canonical\" href=\"https:\/\/sandzakpress.net\/arhiva\/pozar-na-deponiji-kod-prijepolja\/\" \/>\n<meta property=\"og:locale\" content=\"bs_BA\" \/>\n<meta property=\"og:type\" content=\"article\" \/>\n<meta property=\"og:title\" content=\"Po\u017ear na deponiji kod Prijepolja\" \/>\n<meta property=\"og:description\" content=\"Prijepolje \u2013 Deo deponije Stanjevine na kom je sino\u0107 izbio po\u017ear, goreo je celu no\u0107. Vatrogasne ekipe sve vreme su na terenu, uspeli su da stabilizuju vtrenu stihiju, tako da nema opasnosti od \u0161irenja na susedne objekte. \u201cPo\u017ear smo celu no\u0107 gasili vodom, nasuta je 21 cisterna, sada se sa deponije \u0161iri prigu\u0161eni dim. \u010cekamo [&hellip;]\" \/>\n<meta property=\"og:url\" content=\"https:\/\/sandzakpress.net\/arhiva\/pozar-na-deponiji-kod-prijepolja\/\" \/>\n<meta property=\"og:site_name\" content=\"Sand\u017eak PRESS\" \/>\n<meta property=\"article:published_time\" content=\"2019-10-23T12:50:44+00:00\" \/>\n<meta property=\"og:image\" content=\"https:\/\/sandzakpress.net\/arhiva\/wp-content\/uploads\/2019\/10\/8deponija-stanjevine-fotorina-1024x768.jpg\" \/>\n\t<meta property=\"og:image:width\" content=\"1024\" \/>\n\t<meta property=\"og:image:height\" content=\"768\" \/>\n\t<meta property=\"og:image:type\" content=\"image\/jpeg\" \/>\n<meta name=\"author\" content=\"Agencija\" \/>\n<meta name=\"twitter:card\" content=\"summary_large_image\" \/>\n<meta name=\"twitter:label1\" content=\"Written by\" \/>\n\t<meta name=\"twitter:data1\" content=\"Agencija\" \/>\n\t<meta name=\"twitter:label2\" content=\"Est. reading time\" \/>\n\t<meta name=\"twitter:data2\" content=\"1 minuta\" \/>\n<script type=\"application\/ld+json\" class=\"yoast-schema-graph\">{\"@context\":\"https:\/\/schema.org\",\"@graph\":[{\"@type\":\"Article\",\"@id\":\"https:\/\/sandzakpress.net\/arhiva\/pozar-na-deponiji-kod-prijepolja\/#article\",\"isPartOf\":{\"@id\":\"https:\/\/sandzakpress.net\/arhiva\/pozar-na-deponiji-kod-prijepolja\/\"},\"author\":{\"name\":\"Agencija\",\"@id\":\"https:\/\/sandzakpress.net\/arhiva\/#\/schema\/person\/cb59d7e3ab91ab90dd680ad0305a6185\"},\"headline\":\"Po\u017ear na deponiji kod Prijepolja\",\"datePublished\":\"2019-10-23T12:50:44+00:00\",\"mainEntityOfPage\":{\"@id\":\"https:\/\/sandzakpress.net\/arhiva\/pozar-na-deponiji-kod-prijepolja\/\"},\"wordCount\":146,\"commentCount\":0,\"publisher\":{\"@id\":\"https:\/\/sandzakpress.net\/arhiva\/#\/schema\/person\/6e72b67d6e51910a1117b3b483ba20bd\"},\"image\":{\"@id\":\"https:\/\/sandzakpress.net\/arhiva\/pozar-na-deponiji-kod-prijepolja\/#primaryimage\"},\"thumbnailUrl\":\"https:\/\/sandzakpress.net\/arhiva\/wp-content\/uploads\/2019\/10\/8deponija-stanjevine-fotorina-1024x768.jpg\",\"articleSection\":[\"Prijepolje\",\"Hronika\",\"VA\u017dNO!\"],\"inLanguage\":\"bs-BA\",\"potentialAction\":[{\"@type\":\"CommentAction\",\"name\":\"Comment\",\"target\":[\"https:\/\/sandzakpress.net\/arhiva\/pozar-na-deponiji-kod-prijepolja\/#respond\"]}]},{\"@type\":\"WebPage\",\"@id\":\"https:\/\/sandzakpress.net\/arhiva\/pozar-na-deponiji-kod-prijepolja\/\",\"url\":\"https:\/\/sandzakpress.net\/arhiva\/pozar-na-deponiji-kod-prijepolja\/\",\"name\":\"Po\u017ear na deponiji kod Prijepolja\",\"isPartOf\":{\"@id\":\"https:\/\/sandzakpress.net\/arhiva\/#website\"},\"primaryImageOfPage\":{\"@id\":\"https:\/\/sandzakpress.net\/arhiva\/pozar-na-deponiji-kod-prijepolja\/#primaryimage\"},\"image\":{\"@id\":\"https:\/\/sandzakpress.net\/arhiva\/pozar-na-deponiji-kod-prijepolja\/#primaryimage\"},\"thumbnailUrl\":\"https:\/\/sandzakpress.net\/arhiva\/wp-content\/uploads\/2019\/10\/8deponija-stanjevine-fotorina-1024x768.jpg\",\"datePublished\":\"2019-10-23T12:50:44+00:00\",\"breadcrumb\":{\"@id\":\"https:\/\/sandzakpress.net\/arhiva\/pozar-na-deponiji-kod-prijepolja\/#breadcrumb\"},\"inLanguage\":\"bs-BA\",\"potentialAction\":[{\"@type\":\"ReadAction\",\"target\":[\"https:\/\/sandzakpress.net\/arhiva\/pozar-na-deponiji-kod-prijepolja\/\"]}]},{\"@type\":\"ImageObject\",\"inLanguage\":\"bs-BA\",\"@id\":\"https:\/\/sandzakpress.net\/arhiva\/pozar-na-deponiji-kod-prijepolja\/#primaryimage\",\"url\":\"https:\/\/sandzakpress.net\/arhiva\/wp-content\/uploads\/2019\/10\/8deponija-stanjevine-fotorina-1024x768.jpg\",\"contentUrl\":\"https:\/\/sandzakpress.net\/arhiva\/wp-content\/uploads\/2019\/10\/8deponija-stanjevine-fotorina-1024x768.jpg\",\"width\":1024,\"height\":768},{\"@type\":\"BreadcrumbList\",\"@id\":\"https:\/\/sandzakpress.net\/arhiva\/pozar-na-deponiji-kod-prijepolja\/#breadcrumb\",\"itemListElement\":[{\"@type\":\"ListItem\",\"position\":1,\"name\":\"Home\",\"item\":\"https:\/\/sandzakpress.net\/arhiva\/\"},{\"@type\":\"ListItem\",\"position\":2,\"name\":\"Po\u017ear na deponiji kod Prijepolja\"}]},{\"@type\":\"WebSite\",\"@id\":\"https:\/\/sandzakpress.net\/arhiva\/#website\",\"url\":\"https:\/\/sandzakpress.net\/arhiva\/\",\"name\":\"Sand\u017eak PRESS\",\"description\":\"Prve elektronske novine u Sand\u017eaku\",\"publisher\":{\"@id\":\"https:\/\/sandzakpress.net\/arhiva\/#\/schema\/person\/6e72b67d6e51910a1117b3b483ba20bd\"},\"potentialAction\":[{\"@type\":\"SearchAction\",\"target\":{\"@type\":\"EntryPoint\",\"urlTemplate\":\"https:\/\/sandzakpress.net\/arhiva\/?s={search_term_string}\"},\"query-input\":{\"@type\":\"PropertyValueSpecification\",\"valueRequired\":true,\"valueName\":\"search_term_string\"}}],\"inLanguage\":\"bs-BA\"},{\"@type\":[\"Person\",\"Organization\"],\"@id\":\"https:\/\/sandzakpress.net\/arhiva\/#\/schema\/person\/6e72b67d6e51910a1117b3b483ba20bd\",\"name\":\"Kul\",\"image\":{\"@type\":\"ImageObject\",\"inLanguage\":\"bs-BA\",\"@id\":\"https:\/\/sandzakpress.net\/arhiva\/#\/schema\/person\/image\/\",\"url\":\"https:\/\/secure.gravatar.com\/avatar\/42263f39aa27ac04c43cab85c280eb2e?s=96&d=mm&r=pg\",\"contentUrl\":\"https:\/\/secure.gravatar.com\/avatar\/42263f39aa27ac04c43cab85c280eb2e?s=96&d=mm&r=pg\",\"caption\":\"Kul\"},\"logo\":{\"@id\":\"https:\/\/sandzakpress.net\/arhiva\/#\/schema\/person\/image\/\"}},{\"@type\":\"Person\",\"@id\":\"https:\/\/sandzakpress.net\/arhiva\/#\/schema\/person\/cb59d7e3ab91ab90dd680ad0305a6185\",\"name\":\"Agencija\",\"image\":{\"@type\":\"ImageObject\",\"inLanguage\":\"bs-BA\",\"@id\":\"https:\/\/sandzakpress.net\/arhiva\/#\/schema\/person\/image\/\",\"url\":\"https:\/\/secure.gravatar.com\/avatar\/4b7fafa80a22f0c2afe23966b3961fe0?s=96&d=mm&r=pg\",\"contentUrl\":\"https:\/\/secure.gravatar.com\/avatar\/4b7fafa80a22f0c2afe23966b3961fe0?s=96&d=mm&r=pg\",\"caption\":\"Agencija\"},\"url\":\"https:\/\/sandzakpress.net\/arhiva\/author\/agencija\/\"}]}<\/script>\n<!-- \/ Yoast SEO Premium plugin. -->","yoast_head_json":{"title":"Po\u017ear na deponiji kod Prijepolja","robots":{"index":"index","follow":"follow","max-snippet":"max-snippet:-1","max-image-preview":"max-image-preview:large","max-video-preview":"max-video-preview:-1"},"canonical":"https:\/\/sandzakpress.net\/arhiva\/pozar-na-deponiji-kod-prijepolja\/","og_locale":"bs_BA","og_type":"article","og_title":"Po\u017ear na deponiji kod Prijepolja","og_description":"Prijepolje \u2013 Deo deponije Stanjevine na kom je sino\u0107 izbio po\u017ear, goreo je celu no\u0107. Vatrogasne ekipe sve vreme su na terenu, uspeli su da stabilizuju vtrenu stihiju, tako da nema opasnosti od \u0161irenja na susedne objekte. \u201cPo\u017ear smo celu no\u0107 gasili vodom, nasuta je 21 cisterna, sada se sa deponije \u0161iri prigu\u0161eni dim. \u010cekamo [&hellip;]","og_url":"https:\/\/sandzakpress.net\/arhiva\/pozar-na-deponiji-kod-prijepolja\/","og_site_name":"Sand\u017eak PRESS","article_published_time":"2019-10-23T12:50:44+00:00","og_image":[{"width":1024,"height":768,"url":"https:\/\/sandzakpress.net\/arhiva\/wp-content\/uploads\/2019\/10\/8deponija-stanjevine-fotorina-1024x768.jpg","type":"image\/jpeg"}],"author":"Agencija","twitter_card":"summary_large_image","twitter_misc":{"Written by":"Agencija","Est. reading time":"1 minuta"},"schema":{"@context":"https:\/\/schema.org","@graph":[{"@type":"Article","@id":"https:\/\/sandzakpress.net\/arhiva\/pozar-na-deponiji-kod-prijepolja\/#article","isPartOf":{"@id":"https:\/\/sandzakpress.net\/arhiva\/pozar-na-deponiji-kod-prijepolja\/"},"author":{"name":"Agencija","@id":"https:\/\/sandzakpress.net\/arhiva\/#\/schema\/person\/cb59d7e3ab91ab90dd680ad0305a6185"},"headline":"Po\u017ear na deponiji kod Prijepolja","datePublished":"2019-10-23T12:50:44+00:00","mainEntityOfPage":{"@id":"https:\/\/sandzakpress.net\/arhiva\/pozar-na-deponiji-kod-prijepolja\/"},"wordCount":146,"commentCount":0,"publisher":{"@id":"https:\/\/sandzakpress.net\/arhiva\/#\/schema\/person\/6e72b67d6e51910a1117b3b483ba20bd"},"image":{"@id":"https:\/\/sandzakpress.net\/arhiva\/pozar-na-deponiji-kod-prijepolja\/#primaryimage"},"thumbnailUrl":"https:\/\/sandzakpress.net\/arhiva\/wp-content\/uploads\/2019\/10\/8deponija-stanjevine-fotorina-1024x768.jpg","articleSection":["Prijepolje","Hronika","VA\u017dNO!"],"inLanguage":"bs-BA","potentialAction":[{"@type":"CommentAction","name":"Comment","target":["https:\/\/sandzakpress.net\/arhiva\/pozar-na-deponiji-kod-prijepolja\/#respond"]}]},{"@type":"WebPage","@id":"https:\/\/sandzakpress.net\/arhiva\/pozar-na-deponiji-kod-prijepolja\/","url":"https:\/\/sandzakpress.net\/arhiva\/pozar-na-deponiji-kod-prijepolja\/","name":"Po\u017ear na deponiji kod Prijepolja","isPartOf":{"@id":"https:\/\/sandzakpress.net\/arhiva\/#website"},"primaryImageOfPage":{"@id":"https:\/\/sandzakpress.net\/arhiva\/pozar-na-deponiji-kod-prijepolja\/#primaryimage"},"image":{"@id":"https:\/\/sandzakpress.net\/arhiva\/pozar-na-deponiji-kod-prijepolja\/#primaryimage"},"thumbnailUrl":"https:\/\/sandzakpress.net\/arhiva\/wp-content\/uploads\/2019\/10\/8deponija-stanjevine-fotorina-1024x768.jpg","datePublished":"2019-10-23T12:50:44+00:00","breadcrumb":{"@id":"https:\/\/sandzakpress.net\/arhiva\/pozar-na-deponiji-kod-prijepolja\/#breadcrumb"},"inLanguage":"bs-BA","potentialAction":[{"@type":"ReadAction","target":["https:\/\/sandzakpress.net\/arhiva\/pozar-na-deponiji-kod-prijepolja\/"]}]},{"@type":"ImageObject","inLanguage":"bs-BA","@id":"https:\/\/sandzakpress.net\/arhiva\/pozar-na-deponiji-kod-prijepolja\/#primaryimage","url":"https:\/\/sandzakpress.net\/arhiva\/wp-content\/uploads\/2019\/10\/8deponija-stanjevine-fotorina-1024x768.jpg","contentUrl":"https:\/\/sandzakpress.net\/arhiva\/wp-content\/uploads\/2019\/10\/8deponija-stanjevine-fotorina-1024x768.jpg","width":1024,"height":768},{"@type":"BreadcrumbList","@id":"https:\/\/sandzakpress.net\/arhiva\/pozar-na-deponiji-kod-prijepolja\/#breadcrumb","itemListElement":[{"@type":"ListItem","position":1,"name":"Home","item":"https:\/\/sandzakpress.net\/arhiva\/"},{"@type":"ListItem","position":2,"name":"Po\u017ear na deponiji kod Prijepolja"}]},{"@type":"WebSite","@id":"https:\/\/sandzakpress.net\/arhiva\/#website","url":"https:\/\/sandzakpress.net\/arhiva\/","name":"Sand\u017eak PRESS","description":"Prve elektronske novine u Sand\u017eaku","publisher":{"@id":"https:\/\/sandzakpress.net\/arhiva\/#\/schema\/person\/6e72b67d6e51910a1117b3b483ba20bd"},"potentialAction":[{"@type":"SearchAction","target":{"@type":"EntryPoint","urlTemplate":"https:\/\/sandzakpress.net\/arhiva\/?s={search_term_string}"},"query-input":{"@type":"PropertyValueSpecification","valueRequired":true,"valueName":"search_term_string"}}],"inLanguage":"bs-BA"},{"@type":["Person","Organization"],"@id":"https:\/\/sandzakpress.net\/arhiva\/#\/schema\/person\/6e72b67d6e51910a1117b3b483ba20bd","name":"Kul","image":{"@type":"ImageObject","inLanguage":"bs-BA","@id":"https:\/\/sandzakpress.net\/arhiva\/#\/schema\/person\/image\/","url":"https:\/\/secure.gravatar.com\/avatar\/42263f39aa27ac04c43cab85c280eb2e?s=96&d=mm&r=pg","contentUrl":"https:\/\/secure.gravatar.com\/avatar\/42263f39aa27ac04c43cab85c280eb2e?s=96&d=mm&r=pg","caption":"Kul"},"logo":{"@id":"https:\/\/sandzakpress.net\/arhiva\/#\/schema\/person\/image\/"}},{"@type":"Person","@id":"https:\/\/sandzakpress.net\/arhiva\/#\/schema\/person\/cb59d7e3ab91ab90dd680ad0305a6185","name":"Agencija","image":{"@type":"ImageObject","inLanguage":"bs-BA","@id":"https:\/\/sandzakpress.net\/arhiva\/#\/schema\/person\/image\/","url":"https:\/\/secure.gravatar.com\/avatar\/4b7fafa80a22f0c2afe23966b3961fe0?s=96&d=mm&r=pg","contentUrl":"https:\/\/secure.gravatar.com\/avatar\/4b7fafa80a22f0c2afe23966b3961fe0?s=96&d=mm&r=pg","caption":"Agencija"},"url":"https:\/\/sandzakpress.net\/arhiva\/author\/agencija\/"}]}},"_links":{"self":[{"href":"https:\/\/sandzakpress.net\/arhiva\/wp-json\/wp\/v2\/posts\/229792"}],"collection":[{"href":"https:\/\/sandzakpress.net\/arhiva\/wp-json\/wp\/v2\/posts"}],"about":[{"href":"https:\/\/sandzakpress.net\/arhiva\/wp-json\/wp\/v2\/types\/post"}],"author":[{"embeddable":true,"href":"https:\/\/sandzakpress.net\/arhiva\/wp-json\/wp\/v2\/users\/509"}],"replies":[{"embeddable":true,"href":"https:\/\/sandzakpress.net\/arhiva\/wp-json\/wp\/v2\/comments?post=229792"}],"version-history":[{"count":0,"href":"https:\/\/sandzakpress.net\/arhiva\/wp-json\/wp\/v2\/posts\/229792\/revisions"}],"wp:featuredmedia":[{"embeddable":true,"href":"https:\/\/sandzakpress.net\/arhiva\/wp-json\/wp\/v2\/media\/229796"}],"wp:attachment":[{"href":"https:\/\/sandzakpress.net\/arhiva\/wp-json\/wp\/v2\/media?parent=229792"}],"wp:term":[{"taxonomy":"category","embeddable":true,"href":"https:\/\/sandzakpress.net\/arhiva\/wp-json\/wp\/v2\/categories?post=229792"},{"taxonomy":"post_tag","embeddable":true,"href":"https:\/\/sandzakpress.net\/arhiva\/wp-json\/wp\/v2\/tags?post=229792"}],"curies":[{"name":"wp","href":"https:\/\/api.w.org\/{rel}","templated":true}]}}