{"id":229732,"date":"2019-10-22T15:46:26","date_gmt":"2019-10-22T13:46:26","guid":{"rendered":"https:\/\/sandzakpress.net\/arhiva\/?p=229732"},"modified":"2019-10-22T15:46:26","modified_gmt":"2019-10-22T13:46:26","slug":"migranti-medju-tockovima-autobusa-iz-novog-pazara","status":"publish","type":"post","link":"https:\/\/sandzakpress.net\/arhiva\/migranti-medju-tockovima-autobusa-iz-novog-pazara\/","title":{"rendered":"Migranti me\u0111u to\u010dkovima autobusa iz Novog Pazara"},"content":{"rendered":"<p><img decoding=\"async\" src=\"http:\/\/www.rts.rs\/upload\/storyBoxImageData\/2019\/10\/22\/27597518\/migrant%20sakriven%20na%20osovini%20izmedju%20tockova%20autobusa%2022%2010%202019.jpg\" alt=\"Migrant sakriven na osovini izme\u0111u to\u010dkova\" \/><\/p>\n<p class=\"lead storyMainLead\"><strong>Carinici na Gradini su zabele\u017eili nesvakida\u0161nji poku\u0161aj ilegalnog prelaska granice dvojice al\u017eirskih dr\u017eavljana, koji su sprije\u010deni da u na\u0161u zemlju neopa\u017eeno u\u0111u iz Bugarske, skrivaju\u0107i se na osovini izme\u0111u zadnjih to\u010dkova autobusa.<\/strong><\/p>\n<div id=\"text\">\n<div id=\"story-text\">\n<p>Ilegalni migranti su otkriveni tokom detaljne kontrole autobusa koji saobra\u0107a na relaciji Istanbul \u2013 Novi Pazar.<\/p>\n<p>Dok je pregledao prtljag putnika, carinik je primetio mu\u0161karca koji je umesto da u\u0111e u prostoriju za pregled zajedno sa ostalim putnicima, \u0161etao izme\u0111u policijske kontrolne kabine i autobusa.<\/p>\n<p>Kada mu je pri\u0161ao i upitao ga za\u0161to nije u\u0161ao na kontrolu zajedno sa ostalim putnicima, shvatio je da ga \u010dovek ne razume, pa je ponovio pitanje na engleskom jeziku. Kako nije dobio nikakav odgovor, zatra\u017eio je da vidi njegove putne isprave i dobio odgovor da ih putnik uop\u0161te nema.<\/p>\n<p>Posumnjav\u0161i da se radi o ilegalnom migrantu, carinik je zatra\u017eio asistenciju policije, nakon \u010dega ih je otkriveni migrant odveo do autobusa i pokazao im gde je sakriven jo\u0161 jedan njegov drug.<\/p>\n<p>Drugi migrant je bio \u0161\u0107u\u0107uren na osovini izme\u0111u zadnjih to\u010dkova autobusa.<\/p>\n<\/div>\n<\/div>\n","protected":false},"excerpt":{"rendered":"<p>Carinici na Gradini su zabele\u017eili nesvakida\u0161nji poku\u0161aj ilegalnog prelaska granice dvojice al\u017eirskih dr\u017eavljana, koji su sprije\u010deni da u na\u0161u zemlju neopa\u017eeno u\u0111u iz Bugarske, skrivaju\u0107i se na osovini izme\u0111u zadnjih to\u010dkova autobusa. Ilegalni migranti su otkriveni tokom detaljne kontrole autobusa koji saobra\u0107a na relaciji Istanbul \u2013 Novi Pazar. Dok je pregledao prtljag putnika, carinik je [&hellip;]<\/p>\n","protected":false},"author":509,"featured_media":229733,"comment_status":"open","ping_status":"open","sticky":false,"template":"","format":"standard","meta":{"footnotes":""},"categories":[72,801,10429],"tags":[],"class_list":{"0":"post-229732","1":"post","2":"type-post","3":"status-publish","4":"format-standard","5":"has-post-thumbnail","7":"category-novi-pazar","8":"category-crna_hronika","9":"category-vazno"},"yoast_head":"<!-- This site is optimized with the Yoast SEO Premium plugin v23.1 (Yoast SEO v24.9) - https:\/\/yoast.com\/wordpress\/plugins\/seo\/ -->\n<title>Migranti me\u0111u to\u010dkovima autobusa iz Novog Pazara<\/title>\n<meta name=\"robots\" content=\"index, follow, max-snippet:-1, max-image-preview:large, max-video-preview:-1\" \/>\n<link rel=\"canonical\" href=\"https:\/\/sandzakpress.net\/arhiva\/migranti-medju-tockovima-autobusa-iz-novog-pazara\/\" \/>\n<meta property=\"og:locale\" content=\"bs_BA\" \/>\n<meta property=\"og:type\" content=\"article\" \/>\n<meta property=\"og:title\" content=\"Migranti me\u0111u to\u010dkovima autobusa iz Novog Pazara\" \/>\n<meta property=\"og:description\" content=\"Carinici na Gradini su zabele\u017eili nesvakida\u0161nji poku\u0161aj ilegalnog prelaska granice dvojice al\u017eirskih dr\u017eavljana, koji su sprije\u010deni da u na\u0161u zemlju neopa\u017eeno u\u0111u iz Bugarske, skrivaju\u0107i se na osovini izme\u0111u zadnjih to\u010dkova autobusa. Ilegalni migranti su otkriveni tokom detaljne kontrole autobusa koji saobra\u0107a na relaciji Istanbul \u2013 Novi Pazar. Dok je pregledao prtljag putnika, carinik je [&hellip;]\" \/>\n<meta property=\"og:url\" content=\"https:\/\/sandzakpress.net\/arhiva\/migranti-medju-tockovima-autobusa-iz-novog-pazara\/\" \/>\n<meta property=\"og:site_name\" content=\"Sand\u017eak PRESS\" \/>\n<meta property=\"article:published_time\" content=\"2019-10-22T13:46:26+00:00\" \/>\n<meta property=\"og:image\" content=\"https:\/\/sandzakpress.net\/arhiva\/wp-content\/uploads\/2019\/10\/migrant-sakriven-na-osovini-izmedju-tockova-autobusa-22-10-2019.jpg\" \/>\n\t<meta property=\"og:image:width\" content=\"620\" \/>\n\t<meta property=\"og:image:height\" content=\"465\" \/>\n\t<meta property=\"og:image:type\" content=\"image\/jpeg\" \/>\n<meta name=\"author\" content=\"Agencija\" \/>\n<meta name=\"twitter:card\" content=\"summary_large_image\" \/>\n<meta name=\"twitter:label1\" content=\"Written by\" \/>\n\t<meta name=\"twitter:data1\" content=\"Agencija\" \/>\n\t<meta name=\"twitter:label2\" content=\"Est. reading time\" \/>\n\t<meta name=\"twitter:data2\" content=\"1 minuta\" \/>\n<script type=\"application\/ld+json\" class=\"yoast-schema-graph\">{\"@context\":\"https:\/\/schema.org\",\"@graph\":[{\"@type\":\"Article\",\"@id\":\"https:\/\/sandzakpress.net\/arhiva\/migranti-medju-tockovima-autobusa-iz-novog-pazara\/#article\",\"isPartOf\":{\"@id\":\"https:\/\/sandzakpress.net\/arhiva\/migranti-medju-tockovima-autobusa-iz-novog-pazara\/\"},\"author\":{\"name\":\"Agencija\",\"@id\":\"https:\/\/sandzakpress.net\/arhiva\/#\/schema\/person\/cb59d7e3ab91ab90dd680ad0305a6185\"},\"headline\":\"Migranti me\u0111u to\u010dkovima autobusa iz Novog Pazara\",\"datePublished\":\"2019-10-22T13:46:26+00:00\",\"mainEntityOfPage\":{\"@id\":\"https:\/\/sandzakpress.net\/arhiva\/migranti-medju-tockovima-autobusa-iz-novog-pazara\/\"},\"wordCount\":203,\"commentCount\":0,\"publisher\":{\"@id\":\"https:\/\/sandzakpress.net\/arhiva\/#\/schema\/person\/6e72b67d6e51910a1117b3b483ba20bd\"},\"image\":{\"@id\":\"https:\/\/sandzakpress.net\/arhiva\/migranti-medju-tockovima-autobusa-iz-novog-pazara\/#primaryimage\"},\"thumbnailUrl\":\"https:\/\/sandzakpress.net\/arhiva\/wp-content\/uploads\/2019\/10\/migrant-sakriven-na-osovini-izmedju-tockova-autobusa-22-10-2019.jpg\",\"articleSection\":[\"Novi Pazar\",\"Hronika\",\"VA\u017dNO!\"],\"inLanguage\":\"bs-BA\",\"potentialAction\":[{\"@type\":\"CommentAction\",\"name\":\"Comment\",\"target\":[\"https:\/\/sandzakpress.net\/arhiva\/migranti-medju-tockovima-autobusa-iz-novog-pazara\/#respond\"]}]},{\"@type\":\"WebPage\",\"@id\":\"https:\/\/sandzakpress.net\/arhiva\/migranti-medju-tockovima-autobusa-iz-novog-pazara\/\",\"url\":\"https:\/\/sandzakpress.net\/arhiva\/migranti-medju-tockovima-autobusa-iz-novog-pazara\/\",\"name\":\"Migranti me\u0111u to\u010dkovima autobusa iz Novog Pazara\",\"isPartOf\":{\"@id\":\"https:\/\/sandzakpress.net\/arhiva\/#website\"},\"primaryImageOfPage\":{\"@id\":\"https:\/\/sandzakpress.net\/arhiva\/migranti-medju-tockovima-autobusa-iz-novog-pazara\/#primaryimage\"},\"image\":{\"@id\":\"https:\/\/sandzakpress.net\/arhiva\/migranti-medju-tockovima-autobusa-iz-novog-pazara\/#primaryimage\"},\"thumbnailUrl\":\"https:\/\/sandzakpress.net\/arhiva\/wp-content\/uploads\/2019\/10\/migrant-sakriven-na-osovini-izmedju-tockova-autobusa-22-10-2019.jpg\",\"datePublished\":\"2019-10-22T13:46:26+00:00\",\"breadcrumb\":{\"@id\":\"https:\/\/sandzakpress.net\/arhiva\/migranti-medju-tockovima-autobusa-iz-novog-pazara\/#breadcrumb\"},\"inLanguage\":\"bs-BA\",\"potentialAction\":[{\"@type\":\"ReadAction\",\"target\":[\"https:\/\/sandzakpress.net\/arhiva\/migranti-medju-tockovima-autobusa-iz-novog-pazara\/\"]}]},{\"@type\":\"ImageObject\",\"inLanguage\":\"bs-BA\",\"@id\":\"https:\/\/sandzakpress.net\/arhiva\/migranti-medju-tockovima-autobusa-iz-novog-pazara\/#primaryimage\",\"url\":\"https:\/\/sandzakpress.net\/arhiva\/wp-content\/uploads\/2019\/10\/migrant-sakriven-na-osovini-izmedju-tockova-autobusa-22-10-2019.jpg\",\"contentUrl\":\"https:\/\/sandzakpress.net\/arhiva\/wp-content\/uploads\/2019\/10\/migrant-sakriven-na-osovini-izmedju-tockova-autobusa-22-10-2019.jpg\",\"width\":620,\"height\":465},{\"@type\":\"BreadcrumbList\",\"@id\":\"https:\/\/sandzakpress.net\/arhiva\/migranti-medju-tockovima-autobusa-iz-novog-pazara\/#breadcrumb\",\"itemListElement\":[{\"@type\":\"ListItem\",\"position\":1,\"name\":\"Home\",\"item\":\"https:\/\/sandzakpress.net\/arhiva\/\"},{\"@type\":\"ListItem\",\"position\":2,\"name\":\"Migranti me\u0111u to\u010dkovima autobusa iz Novog Pazara\"}]},{\"@type\":\"WebSite\",\"@id\":\"https:\/\/sandzakpress.net\/arhiva\/#website\",\"url\":\"https:\/\/sandzakpress.net\/arhiva\/\",\"name\":\"Sand\u017eak PRESS\",\"description\":\"Prve elektronske novine u Sand\u017eaku\",\"publisher\":{\"@id\":\"https:\/\/sandzakpress.net\/arhiva\/#\/schema\/person\/6e72b67d6e51910a1117b3b483ba20bd\"},\"potentialAction\":[{\"@type\":\"SearchAction\",\"target\":{\"@type\":\"EntryPoint\",\"urlTemplate\":\"https:\/\/sandzakpress.net\/arhiva\/?s={search_term_string}\"},\"query-input\":{\"@type\":\"PropertyValueSpecification\",\"valueRequired\":true,\"valueName\":\"search_term_string\"}}],\"inLanguage\":\"bs-BA\"},{\"@type\":[\"Person\",\"Organization\"],\"@id\":\"https:\/\/sandzakpress.net\/arhiva\/#\/schema\/person\/6e72b67d6e51910a1117b3b483ba20bd\",\"name\":\"Kul\",\"image\":{\"@type\":\"ImageObject\",\"inLanguage\":\"bs-BA\",\"@id\":\"https:\/\/sandzakpress.net\/arhiva\/#\/schema\/person\/image\/\",\"url\":\"https:\/\/secure.gravatar.com\/avatar\/42263f39aa27ac04c43cab85c280eb2e?s=96&d=mm&r=pg\",\"contentUrl\":\"https:\/\/secure.gravatar.com\/avatar\/42263f39aa27ac04c43cab85c280eb2e?s=96&d=mm&r=pg\",\"caption\":\"Kul\"},\"logo\":{\"@id\":\"https:\/\/sandzakpress.net\/arhiva\/#\/schema\/person\/image\/\"}},{\"@type\":\"Person\",\"@id\":\"https:\/\/sandzakpress.net\/arhiva\/#\/schema\/person\/cb59d7e3ab91ab90dd680ad0305a6185\",\"name\":\"Agencija\",\"image\":{\"@type\":\"ImageObject\",\"inLanguage\":\"bs-BA\",\"@id\":\"https:\/\/sandzakpress.net\/arhiva\/#\/schema\/person\/image\/\",\"url\":\"https:\/\/secure.gravatar.com\/avatar\/4b7fafa80a22f0c2afe23966b3961fe0?s=96&d=mm&r=pg\",\"contentUrl\":\"https:\/\/secure.gravatar.com\/avatar\/4b7fafa80a22f0c2afe23966b3961fe0?s=96&d=mm&r=pg\",\"caption\":\"Agencija\"},\"url\":\"https:\/\/sandzakpress.net\/arhiva\/author\/agencija\/\"}]}<\/script>\n<!-- \/ Yoast SEO Premium plugin. -->","yoast_head_json":{"title":"Migranti me\u0111u to\u010dkovima autobusa iz Novog Pazara","robots":{"index":"index","follow":"follow","max-snippet":"max-snippet:-1","max-image-preview":"max-image-preview:large","max-video-preview":"max-video-preview:-1"},"canonical":"https:\/\/sandzakpress.net\/arhiva\/migranti-medju-tockovima-autobusa-iz-novog-pazara\/","og_locale":"bs_BA","og_type":"article","og_title":"Migranti me\u0111u to\u010dkovima autobusa iz Novog Pazara","og_description":"Carinici na Gradini su zabele\u017eili nesvakida\u0161nji poku\u0161aj ilegalnog prelaska granice dvojice al\u017eirskih dr\u017eavljana, koji su sprije\u010deni da u na\u0161u zemlju neopa\u017eeno u\u0111u iz Bugarske, skrivaju\u0107i se na osovini izme\u0111u zadnjih to\u010dkova autobusa. Ilegalni migranti su otkriveni tokom detaljne kontrole autobusa koji saobra\u0107a na relaciji Istanbul \u2013 Novi Pazar. Dok je pregledao prtljag putnika, carinik je [&hellip;]","og_url":"https:\/\/sandzakpress.net\/arhiva\/migranti-medju-tockovima-autobusa-iz-novog-pazara\/","og_site_name":"Sand\u017eak PRESS","article_published_time":"2019-10-22T13:46:26+00:00","og_image":[{"width":620,"height":465,"url":"https:\/\/sandzakpress.net\/arhiva\/wp-content\/uploads\/2019\/10\/migrant-sakriven-na-osovini-izmedju-tockova-autobusa-22-10-2019.jpg","type":"image\/jpeg"}],"author":"Agencija","twitter_card":"summary_large_image","twitter_misc":{"Written by":"Agencija","Est. reading time":"1 minuta"},"schema":{"@context":"https:\/\/schema.org","@graph":[{"@type":"Article","@id":"https:\/\/sandzakpress.net\/arhiva\/migranti-medju-tockovima-autobusa-iz-novog-pazara\/#article","isPartOf":{"@id":"https:\/\/sandzakpress.net\/arhiva\/migranti-medju-tockovima-autobusa-iz-novog-pazara\/"},"author":{"name":"Agencija","@id":"https:\/\/sandzakpress.net\/arhiva\/#\/schema\/person\/cb59d7e3ab91ab90dd680ad0305a6185"},"headline":"Migranti me\u0111u to\u010dkovima autobusa iz Novog Pazara","datePublished":"2019-10-22T13:46:26+00:00","mainEntityOfPage":{"@id":"https:\/\/sandzakpress.net\/arhiva\/migranti-medju-tockovima-autobusa-iz-novog-pazara\/"},"wordCount":203,"commentCount":0,"publisher":{"@id":"https:\/\/sandzakpress.net\/arhiva\/#\/schema\/person\/6e72b67d6e51910a1117b3b483ba20bd"},"image":{"@id":"https:\/\/sandzakpress.net\/arhiva\/migranti-medju-tockovima-autobusa-iz-novog-pazara\/#primaryimage"},"thumbnailUrl":"https:\/\/sandzakpress.net\/arhiva\/wp-content\/uploads\/2019\/10\/migrant-sakriven-na-osovini-izmedju-tockova-autobusa-22-10-2019.jpg","articleSection":["Novi Pazar","Hronika","VA\u017dNO!"],"inLanguage":"bs-BA","potentialAction":[{"@type":"CommentAction","name":"Comment","target":["https:\/\/sandzakpress.net\/arhiva\/migranti-medju-tockovima-autobusa-iz-novog-pazara\/#respond"]}]},{"@type":"WebPage","@id":"https:\/\/sandzakpress.net\/arhiva\/migranti-medju-tockovima-autobusa-iz-novog-pazara\/","url":"https:\/\/sandzakpress.net\/arhiva\/migranti-medju-tockovima-autobusa-iz-novog-pazara\/","name":"Migranti me\u0111u to\u010dkovima autobusa iz Novog Pazara","isPartOf":{"@id":"https:\/\/sandzakpress.net\/arhiva\/#website"},"primaryImageOfPage":{"@id":"https:\/\/sandzakpress.net\/arhiva\/migranti-medju-tockovima-autobusa-iz-novog-pazara\/#primaryimage"},"image":{"@id":"https:\/\/sandzakpress.net\/arhiva\/migranti-medju-tockovima-autobusa-iz-novog-pazara\/#primaryimage"},"thumbnailUrl":"https:\/\/sandzakpress.net\/arhiva\/wp-content\/uploads\/2019\/10\/migrant-sakriven-na-osovini-izmedju-tockova-autobusa-22-10-2019.jpg","datePublished":"2019-10-22T13:46:26+00:00","breadcrumb":{"@id":"https:\/\/sandzakpress.net\/arhiva\/migranti-medju-tockovima-autobusa-iz-novog-pazara\/#breadcrumb"},"inLanguage":"bs-BA","potentialAction":[{"@type":"ReadAction","target":["https:\/\/sandzakpress.net\/arhiva\/migranti-medju-tockovima-autobusa-iz-novog-pazara\/"]}]},{"@type":"ImageObject","inLanguage":"bs-BA","@id":"https:\/\/sandzakpress.net\/arhiva\/migranti-medju-tockovima-autobusa-iz-novog-pazara\/#primaryimage","url":"https:\/\/sandzakpress.net\/arhiva\/wp-content\/uploads\/2019\/10\/migrant-sakriven-na-osovini-izmedju-tockova-autobusa-22-10-2019.jpg","contentUrl":"https:\/\/sandzakpress.net\/arhiva\/wp-content\/uploads\/2019\/10\/migrant-sakriven-na-osovini-izmedju-tockova-autobusa-22-10-2019.jpg","width":620,"height":465},{"@type":"BreadcrumbList","@id":"https:\/\/sandzakpress.net\/arhiva\/migranti-medju-tockovima-autobusa-iz-novog-pazara\/#breadcrumb","itemListElement":[{"@type":"ListItem","position":1,"name":"Home","item":"https:\/\/sandzakpress.net\/arhiva\/"},{"@type":"ListItem","position":2,"name":"Migranti me\u0111u to\u010dkovima autobusa iz Novog Pazara"}]},{"@type":"WebSite","@id":"https:\/\/sandzakpress.net\/arhiva\/#website","url":"https:\/\/sandzakpress.net\/arhiva\/","name":"Sand\u017eak PRESS","description":"Prve elektronske novine u Sand\u017eaku","publisher":{"@id":"https:\/\/sandzakpress.net\/arhiva\/#\/schema\/person\/6e72b67d6e51910a1117b3b483ba20bd"},"potentialAction":[{"@type":"SearchAction","target":{"@type":"EntryPoint","urlTemplate":"https:\/\/sandzakpress.net\/arhiva\/?s={search_term_string}"},"query-input":{"@type":"PropertyValueSpecification","valueRequired":true,"valueName":"search_term_string"}}],"inLanguage":"bs-BA"},{"@type":["Person","Organization"],"@id":"https:\/\/sandzakpress.net\/arhiva\/#\/schema\/person\/6e72b67d6e51910a1117b3b483ba20bd","name":"Kul","image":{"@type":"ImageObject","inLanguage":"bs-BA","@id":"https:\/\/sandzakpress.net\/arhiva\/#\/schema\/person\/image\/","url":"https:\/\/secure.gravatar.com\/avatar\/42263f39aa27ac04c43cab85c280eb2e?s=96&d=mm&r=pg","contentUrl":"https:\/\/secure.gravatar.com\/avatar\/42263f39aa27ac04c43cab85c280eb2e?s=96&d=mm&r=pg","caption":"Kul"},"logo":{"@id":"https:\/\/sandzakpress.net\/arhiva\/#\/schema\/person\/image\/"}},{"@type":"Person","@id":"https:\/\/sandzakpress.net\/arhiva\/#\/schema\/person\/cb59d7e3ab91ab90dd680ad0305a6185","name":"Agencija","image":{"@type":"ImageObject","inLanguage":"bs-BA","@id":"https:\/\/sandzakpress.net\/arhiva\/#\/schema\/person\/image\/","url":"https:\/\/secure.gravatar.com\/avatar\/4b7fafa80a22f0c2afe23966b3961fe0?s=96&d=mm&r=pg","contentUrl":"https:\/\/secure.gravatar.com\/avatar\/4b7fafa80a22f0c2afe23966b3961fe0?s=96&d=mm&r=pg","caption":"Agencija"},"url":"https:\/\/sandzakpress.net\/arhiva\/author\/agencija\/"}]}},"_links":{"self":[{"href":"https:\/\/sandzakpress.net\/arhiva\/wp-json\/wp\/v2\/posts\/229732"}],"collection":[{"href":"https:\/\/sandzakpress.net\/arhiva\/wp-json\/wp\/v2\/posts"}],"about":[{"href":"https:\/\/sandzakpress.net\/arhiva\/wp-json\/wp\/v2\/types\/post"}],"author":[{"embeddable":true,"href":"https:\/\/sandzakpress.net\/arhiva\/wp-json\/wp\/v2\/users\/509"}],"replies":[{"embeddable":true,"href":"https:\/\/sandzakpress.net\/arhiva\/wp-json\/wp\/v2\/comments?post=229732"}],"version-history":[{"count":0,"href":"https:\/\/sandzakpress.net\/arhiva\/wp-json\/wp\/v2\/posts\/229732\/revisions"}],"wp:featuredmedia":[{"embeddable":true,"href":"https:\/\/sandzakpress.net\/arhiva\/wp-json\/wp\/v2\/media\/229733"}],"wp:attachment":[{"href":"https:\/\/sandzakpress.net\/arhiva\/wp-json\/wp\/v2\/media?parent=229732"}],"wp:term":[{"taxonomy":"category","embeddable":true,"href":"https:\/\/sandzakpress.net\/arhiva\/wp-json\/wp\/v2\/categories?post=229732"},{"taxonomy":"post_tag","embeddable":true,"href":"https:\/\/sandzakpress.net\/arhiva\/wp-json\/wp\/v2\/tags?post=229732"}],"curies":[{"name":"wp","href":"https:\/\/api.w.org\/{rel}","templated":true}]}}