{"id":229724,"date":"2019-10-21T23:57:38","date_gmt":"2019-10-21T21:57:38","guid":{"rendered":"https:\/\/sandzakpress.net\/arhiva\/?p=229724"},"modified":"2019-10-22T14:02:23","modified_gmt":"2019-10-22T12:02:23","slug":"na-internacionalnom-univerzitetu-svecano-otvoren-salon-akademija","status":"publish","type":"post","link":"https:\/\/sandzakpress.net\/arhiva\/na-internacionalnom-univerzitetu-svecano-otvoren-salon-akademija\/","title":{"rendered":"Na Internacionalnom univerzitetu sve\u010dano otvoren salon Akademija"},"content":{"rendered":"<p><img decoding=\"async\" src=\"http:\/\/sanapress.info\/wp-content\/uploads\/2019\/10\/akademija.jpg\" \/><\/p>\n<p><strong>Na Internacionalnom univerzitetu\u00a0 u Novom Pazaru 21.10.2019. godine sve\u010dano je otvoren salon Akademija.<\/strong><\/p>\n<p>Otvaranju su prisusvovali akademik Muamer Zukorli\u0107, predsjednik Me\u0161ihata IZ u Srbiji, dr. Mevlud Dudi\u0107, akademik Hasnija Muratagi\u0107 Tuna ,predsjednik Sabora IZ u Srbiji, Hajro ef. Tuti\u0107, muftija sand\u017ea\u010dki hfz. Abdurrahman Kujevi\u0107, predsjednik Upravnog odbora Fakulteta za islamske studije, prof. dr. Admir Muratovi\u0107, predstavnici Medrese \u201cGazi Isa-beg, dr. Misala Pramenkovi\u0107 i dr. Mustafa Feti\u0107, ispred vrti\u0107a Reuda Mersad Curi\u0107 i Aida Ra\u0161ljanin.<\/p>\n<p>Kao doma\u0107ini zvanice su do\u010dekali rektor, prof. dr. Suad Be\u0107irovi\u0107, prorektor, prof. dr. Amela Luka\u010d Zorani\u0107, generalni menad\u017eer, prof. dr. Elma Elfi\u0107 Zukorli\u0107 i rukovodioci Departmana prof. dr. Azra \u0106atovi\u0107, prof. dr. \u0160emsudin Plojovi\u0107, doc. dr. Jahja Fehratovi\u0107 i doc. dr. Rejhan Kurtovi\u0107.<\/p>\n<div class=\"youtube-embed\" data-video_id=\"FQOJLGYlzrs\"><iframe loading=\"lazy\" title=\"Na Internacionalnom univerzitetu sve\u010dano otvoren salon Akademija\" width=\"696\" height=\"392\" src=\"https:\/\/www.youtube.com\/embed\/FQOJLGYlzrs?start=100&#038;feature=oembed\" frameborder=\"0\" allow=\"accelerometer; autoplay; encrypted-media; gyroscope; picture-in-picture\" allowfullscreen><\/iframe><\/div>\n<p>Uloga ovog prostora je elitno predstavljanje nauke na Univerzitetu . Ova prostorija ima i historijski zna\u010daj zbog \u010dinjenice da je u njoj odr\u017eana osniva\u010dka skup\u0161tina Bo\u0161nja\u010dke akademije nauka i umjetnosti 09.06 2011. godine.<\/p>\n<p>Svako ozbiljno i odgovorno dru\u0161tvo ula\u017ee u obrazovanje, nauku i kulturu \u2013 rekao je na sve\u010danom otvaranju nove prostorije Bo\u0161nja\u010dke akademije nauka i umjetnosti, osniva\u010d Internacionalnog univerziteta akademik Muamer Zukorli\u0107.<\/p>\n<p><em>\u201eOvo je jo\u0161 jedan detalj, jo\u0161 jedna od kruna koja se stavlja na glavu ovog naroda. Posebno mi je zadovoljstvo \u0161to se to de\u0161ava na Internacionalnom univerzitetu, \u0161to je ovo dio plodova ili jo\u0161 jedan od polova univerziteta u kome se potvr\u0111uje zapravo ona idealna sprega obrazovanja i kulture.\u201c<\/em><\/p>\n<p>Akademik Zukorli\u0107 istakao da su ljudi najve\u0107e bogatstvo te da je ponosan \u0161to Internacionalni univerzitzet gaji kulturu lijepog.<\/p>\n<p><em>\u201eUniverzitet i nakon 17 godina od svog nastanka i borbe za sopstvenu samobitnost i u pogledu opstanka i razvoja je pro\u0161ao upravo ono \u0161to je prolazio na\u0161 narod stotinu godina, i opet pokazao da ta borba za opstanak i za sopstvenu samobitnost, nije mu izgubila osje\u0107aj za lijepo.\u201c<\/em><\/p>\n<p>Zahvalio se upravi univerziteta na respektabilnim prostorijama koje \u0107e institucije koristiti.<\/p>\n<p><em>\u201eZahvaljujem se \u0161to ste nam priredili ovaj trenutak u kome mo\u017eemo da obnovimo osje\u0107aj sopstvenog samopouzdanja, samopo\u0161tovanja, ponosa na ono \u0161to jesmo i individualno, i kolektivno i u ovom slu\u010daju institucionalno.\u201c<\/em><\/p>\n<p>Obra\u0107anjem akademika Zukorli\u0107a salon je zvani\u010dno otvoren.<\/p>\n<p><img decoding=\"async\" src=\"http:\/\/sanapress.info\/wp-content\/uploads\/2019\/10\/akademija-1.jpg\" \/><\/p>\n<p><img decoding=\"async\" src=\"http:\/\/sanapress.info\/wp-content\/uploads\/2019\/10\/akademija-3.jpg\" \/><\/p>\n<p><img decoding=\"async\" src=\"http:\/\/sanapress.info\/wp-content\/uploads\/2019\/10\/akademija-4.jpg\" \/><\/p>\n<p><img decoding=\"async\" src=\"http:\/\/sanapress.info\/wp-content\/uploads\/2019\/10\/akademija-5.jpg\" \/><\/p>\n<p><img decoding=\"async\" src=\"http:\/\/sanapress.info\/wp-content\/uploads\/2019\/10\/akademija-6.jpg\" \/><\/p>\n","protected":false},"excerpt":{"rendered":"<p>Na Internacionalnom univerzitetu\u00a0 u Novom Pazaru 21.10.2019. godine sve\u010dano je otvoren salon Akademija. Otvaranju su prisusvovali akademik Muamer Zukorli\u0107, predsjednik Me\u0161ihata IZ u Srbiji, dr. Mevlud Dudi\u0107, akademik Hasnija Muratagi\u0107 Tuna ,predsjednik Sabora IZ u Srbiji, Hajro ef. Tuti\u0107, muftija sand\u017ea\u010dki hfz. Abdurrahman Kujevi\u0107, predsjednik Upravnog odbora Fakulteta za islamske studije, prof. dr. Admir Muratovi\u0107, [&hellip;]<\/p>\n","protected":false},"author":509,"featured_media":229726,"comment_status":"open","ping_status":"open","sticky":false,"template":"","format":"standard","meta":{"footnotes":""},"categories":[72,4,8957],"tags":[],"class_list":{"0":"post-229724","1":"post","2":"type-post","3":"status-publish","4":"format-standard","5":"has-post-thumbnail","7":"category-novi-pazar","8":"category-obrazovanje","9":"category-vijesti-dana"},"yoast_head":"<!-- This site is optimized with the Yoast SEO Premium plugin v23.1 (Yoast SEO v24.9) - https:\/\/yoast.com\/wordpress\/plugins\/seo\/ -->\n<title>Na Internacionalnom univerzitetu sve\u010dano otvoren salon Akademija<\/title>\n<meta name=\"robots\" content=\"index, follow, max-snippet:-1, max-image-preview:large, max-video-preview:-1\" \/>\n<link rel=\"canonical\" href=\"https:\/\/sandzakpress.net\/arhiva\/na-internacionalnom-univerzitetu-svecano-otvoren-salon-akademija\/\" \/>\n<meta property=\"og:locale\" content=\"bs_BA\" \/>\n<meta property=\"og:type\" content=\"article\" \/>\n<meta property=\"og:title\" content=\"Na Internacionalnom univerzitetu sve\u010dano otvoren salon Akademija\" \/>\n<meta property=\"og:description\" content=\"Na Internacionalnom univerzitetu\u00a0 u Novom Pazaru 21.10.2019. godine sve\u010dano je otvoren salon Akademija. Otvaranju su prisusvovali akademik Muamer Zukorli\u0107, predsjednik Me\u0161ihata IZ u Srbiji, dr. Mevlud Dudi\u0107, akademik Hasnija Muratagi\u0107 Tuna ,predsjednik Sabora IZ u Srbiji, Hajro ef. Tuti\u0107, muftija sand\u017ea\u010dki hfz. Abdurrahman Kujevi\u0107, predsjednik Upravnog odbora Fakulteta za islamske studije, prof. dr. Admir Muratovi\u0107, [&hellip;]\" \/>\n<meta property=\"og:url\" content=\"https:\/\/sandzakpress.net\/arhiva\/na-internacionalnom-univerzitetu-svecano-otvoren-salon-akademija\/\" \/>\n<meta property=\"og:site_name\" content=\"Sand\u017eak PRESS\" \/>\n<meta property=\"article:published_time\" content=\"2019-10-21T21:57:38+00:00\" \/>\n<meta property=\"article:modified_time\" content=\"2019-10-22T12:02:23+00:00\" \/>\n<meta property=\"og:image\" content=\"https:\/\/sandzakpress.net\/arhiva\/wp-content\/uploads\/2019\/10\/akademija.jpg\" \/>\n\t<meta property=\"og:image:width\" content=\"1600\" \/>\n\t<meta property=\"og:image:height\" content=\"1066\" \/>\n\t<meta property=\"og:image:type\" content=\"image\/jpeg\" \/>\n<meta name=\"author\" content=\"Agencija\" \/>\n<meta name=\"twitter:card\" content=\"summary_large_image\" \/>\n<meta name=\"twitter:label1\" content=\"Written by\" \/>\n\t<meta name=\"twitter:data1\" content=\"Agencija\" \/>\n\t<meta name=\"twitter:label2\" content=\"Est. reading time\" \/>\n\t<meta name=\"twitter:data2\" content=\"2 minute\" \/>\n<script type=\"application\/ld+json\" class=\"yoast-schema-graph\">{\"@context\":\"https:\/\/schema.org\",\"@graph\":[{\"@type\":\"Article\",\"@id\":\"https:\/\/sandzakpress.net\/arhiva\/na-internacionalnom-univerzitetu-svecano-otvoren-salon-akademija\/#article\",\"isPartOf\":{\"@id\":\"https:\/\/sandzakpress.net\/arhiva\/na-internacionalnom-univerzitetu-svecano-otvoren-salon-akademija\/\"},\"author\":{\"name\":\"Agencija\",\"@id\":\"https:\/\/sandzakpress.net\/arhiva\/#\/schema\/person\/cb59d7e3ab91ab90dd680ad0305a6185\"},\"headline\":\"Na Internacionalnom univerzitetu sve\u010dano otvoren salon Akademija\",\"datePublished\":\"2019-10-21T21:57:38+00:00\",\"dateModified\":\"2019-10-22T12:02:23+00:00\",\"mainEntityOfPage\":{\"@id\":\"https:\/\/sandzakpress.net\/arhiva\/na-internacionalnom-univerzitetu-svecano-otvoren-salon-akademija\/\"},\"wordCount\":389,\"commentCount\":0,\"publisher\":{\"@id\":\"https:\/\/sandzakpress.net\/arhiva\/#\/schema\/person\/6e72b67d6e51910a1117b3b483ba20bd\"},\"image\":{\"@id\":\"https:\/\/sandzakpress.net\/arhiva\/na-internacionalnom-univerzitetu-svecano-otvoren-salon-akademija\/#primaryimage\"},\"thumbnailUrl\":\"https:\/\/sandzakpress.net\/arhiva\/wp-content\/uploads\/2019\/10\/akademija.jpg\",\"articleSection\":[\"Novi Pazar\",\"Obrazovanje\",\"VIJESTI DANA\"],\"inLanguage\":\"bs-BA\",\"potentialAction\":[{\"@type\":\"CommentAction\",\"name\":\"Comment\",\"target\":[\"https:\/\/sandzakpress.net\/arhiva\/na-internacionalnom-univerzitetu-svecano-otvoren-salon-akademija\/#respond\"]}]},{\"@type\":\"WebPage\",\"@id\":\"https:\/\/sandzakpress.net\/arhiva\/na-internacionalnom-univerzitetu-svecano-otvoren-salon-akademija\/\",\"url\":\"https:\/\/sandzakpress.net\/arhiva\/na-internacionalnom-univerzitetu-svecano-otvoren-salon-akademija\/\",\"name\":\"Na Internacionalnom univerzitetu sve\u010dano otvoren salon Akademija\",\"isPartOf\":{\"@id\":\"https:\/\/sandzakpress.net\/arhiva\/#website\"},\"primaryImageOfPage\":{\"@id\":\"https:\/\/sandzakpress.net\/arhiva\/na-internacionalnom-univerzitetu-svecano-otvoren-salon-akademija\/#primaryimage\"},\"image\":{\"@id\":\"https:\/\/sandzakpress.net\/arhiva\/na-internacionalnom-univerzitetu-svecano-otvoren-salon-akademija\/#primaryimage\"},\"thumbnailUrl\":\"https:\/\/sandzakpress.net\/arhiva\/wp-content\/uploads\/2019\/10\/akademija.jpg\",\"datePublished\":\"2019-10-21T21:57:38+00:00\",\"dateModified\":\"2019-10-22T12:02:23+00:00\",\"breadcrumb\":{\"@id\":\"https:\/\/sandzakpress.net\/arhiva\/na-internacionalnom-univerzitetu-svecano-otvoren-salon-akademija\/#breadcrumb\"},\"inLanguage\":\"bs-BA\",\"potentialAction\":[{\"@type\":\"ReadAction\",\"target\":[\"https:\/\/sandzakpress.net\/arhiva\/na-internacionalnom-univerzitetu-svecano-otvoren-salon-akademija\/\"]}]},{\"@type\":\"ImageObject\",\"inLanguage\":\"bs-BA\",\"@id\":\"https:\/\/sandzakpress.net\/arhiva\/na-internacionalnom-univerzitetu-svecano-otvoren-salon-akademija\/#primaryimage\",\"url\":\"https:\/\/sandzakpress.net\/arhiva\/wp-content\/uploads\/2019\/10\/akademija.jpg\",\"contentUrl\":\"https:\/\/sandzakpress.net\/arhiva\/wp-content\/uploads\/2019\/10\/akademija.jpg\",\"width\":1600,\"height\":1066},{\"@type\":\"BreadcrumbList\",\"@id\":\"https:\/\/sandzakpress.net\/arhiva\/na-internacionalnom-univerzitetu-svecano-otvoren-salon-akademija\/#breadcrumb\",\"itemListElement\":[{\"@type\":\"ListItem\",\"position\":1,\"name\":\"Home\",\"item\":\"https:\/\/sandzakpress.net\/arhiva\/\"},{\"@type\":\"ListItem\",\"position\":2,\"name\":\"Na Internacionalnom univerzitetu sve\u010dano otvoren salon Akademija\"}]},{\"@type\":\"WebSite\",\"@id\":\"https:\/\/sandzakpress.net\/arhiva\/#website\",\"url\":\"https:\/\/sandzakpress.net\/arhiva\/\",\"name\":\"Sand\u017eak PRESS\",\"description\":\"Prve elektronske novine u Sand\u017eaku\",\"publisher\":{\"@id\":\"https:\/\/sandzakpress.net\/arhiva\/#\/schema\/person\/6e72b67d6e51910a1117b3b483ba20bd\"},\"potentialAction\":[{\"@type\":\"SearchAction\",\"target\":{\"@type\":\"EntryPoint\",\"urlTemplate\":\"https:\/\/sandzakpress.net\/arhiva\/?s={search_term_string}\"},\"query-input\":{\"@type\":\"PropertyValueSpecification\",\"valueRequired\":true,\"valueName\":\"search_term_string\"}}],\"inLanguage\":\"bs-BA\"},{\"@type\":[\"Person\",\"Organization\"],\"@id\":\"https:\/\/sandzakpress.net\/arhiva\/#\/schema\/person\/6e72b67d6e51910a1117b3b483ba20bd\",\"name\":\"Kul\",\"image\":{\"@type\":\"ImageObject\",\"inLanguage\":\"bs-BA\",\"@id\":\"https:\/\/sandzakpress.net\/arhiva\/#\/schema\/person\/image\/\",\"url\":\"https:\/\/secure.gravatar.com\/avatar\/42263f39aa27ac04c43cab85c280eb2e?s=96&d=mm&r=pg\",\"contentUrl\":\"https:\/\/secure.gravatar.com\/avatar\/42263f39aa27ac04c43cab85c280eb2e?s=96&d=mm&r=pg\",\"caption\":\"Kul\"},\"logo\":{\"@id\":\"https:\/\/sandzakpress.net\/arhiva\/#\/schema\/person\/image\/\"}},{\"@type\":\"Person\",\"@id\":\"https:\/\/sandzakpress.net\/arhiva\/#\/schema\/person\/cb59d7e3ab91ab90dd680ad0305a6185\",\"name\":\"Agencija\",\"image\":{\"@type\":\"ImageObject\",\"inLanguage\":\"bs-BA\",\"@id\":\"https:\/\/sandzakpress.net\/arhiva\/#\/schema\/person\/image\/\",\"url\":\"https:\/\/secure.gravatar.com\/avatar\/4b7fafa80a22f0c2afe23966b3961fe0?s=96&d=mm&r=pg\",\"contentUrl\":\"https:\/\/secure.gravatar.com\/avatar\/4b7fafa80a22f0c2afe23966b3961fe0?s=96&d=mm&r=pg\",\"caption\":\"Agencija\"},\"url\":\"https:\/\/sandzakpress.net\/arhiva\/author\/agencija\/\"}]}<\/script>\n<!-- \/ Yoast SEO Premium plugin. -->","yoast_head_json":{"title":"Na Internacionalnom univerzitetu sve\u010dano otvoren salon Akademija","robots":{"index":"index","follow":"follow","max-snippet":"max-snippet:-1","max-image-preview":"max-image-preview:large","max-video-preview":"max-video-preview:-1"},"canonical":"https:\/\/sandzakpress.net\/arhiva\/na-internacionalnom-univerzitetu-svecano-otvoren-salon-akademija\/","og_locale":"bs_BA","og_type":"article","og_title":"Na Internacionalnom univerzitetu sve\u010dano otvoren salon Akademija","og_description":"Na Internacionalnom univerzitetu\u00a0 u Novom Pazaru 21.10.2019. godine sve\u010dano je otvoren salon Akademija. Otvaranju su prisusvovali akademik Muamer Zukorli\u0107, predsjednik Me\u0161ihata IZ u Srbiji, dr. Mevlud Dudi\u0107, akademik Hasnija Muratagi\u0107 Tuna ,predsjednik Sabora IZ u Srbiji, Hajro ef. Tuti\u0107, muftija sand\u017ea\u010dki hfz. Abdurrahman Kujevi\u0107, predsjednik Upravnog odbora Fakulteta za islamske studije, prof. dr. Admir Muratovi\u0107, [&hellip;]","og_url":"https:\/\/sandzakpress.net\/arhiva\/na-internacionalnom-univerzitetu-svecano-otvoren-salon-akademija\/","og_site_name":"Sand\u017eak PRESS","article_published_time":"2019-10-21T21:57:38+00:00","article_modified_time":"2019-10-22T12:02:23+00:00","og_image":[{"width":1600,"height":1066,"url":"https:\/\/sandzakpress.net\/arhiva\/wp-content\/uploads\/2019\/10\/akademija.jpg","type":"image\/jpeg"}],"author":"Agencija","twitter_card":"summary_large_image","twitter_misc":{"Written by":"Agencija","Est. reading time":"2 minute"},"schema":{"@context":"https:\/\/schema.org","@graph":[{"@type":"Article","@id":"https:\/\/sandzakpress.net\/arhiva\/na-internacionalnom-univerzitetu-svecano-otvoren-salon-akademija\/#article","isPartOf":{"@id":"https:\/\/sandzakpress.net\/arhiva\/na-internacionalnom-univerzitetu-svecano-otvoren-salon-akademija\/"},"author":{"name":"Agencija","@id":"https:\/\/sandzakpress.net\/arhiva\/#\/schema\/person\/cb59d7e3ab91ab90dd680ad0305a6185"},"headline":"Na Internacionalnom univerzitetu sve\u010dano otvoren salon Akademija","datePublished":"2019-10-21T21:57:38+00:00","dateModified":"2019-10-22T12:02:23+00:00","mainEntityOfPage":{"@id":"https:\/\/sandzakpress.net\/arhiva\/na-internacionalnom-univerzitetu-svecano-otvoren-salon-akademija\/"},"wordCount":389,"commentCount":0,"publisher":{"@id":"https:\/\/sandzakpress.net\/arhiva\/#\/schema\/person\/6e72b67d6e51910a1117b3b483ba20bd"},"image":{"@id":"https:\/\/sandzakpress.net\/arhiva\/na-internacionalnom-univerzitetu-svecano-otvoren-salon-akademija\/#primaryimage"},"thumbnailUrl":"https:\/\/sandzakpress.net\/arhiva\/wp-content\/uploads\/2019\/10\/akademija.jpg","articleSection":["Novi Pazar","Obrazovanje","VIJESTI DANA"],"inLanguage":"bs-BA","potentialAction":[{"@type":"CommentAction","name":"Comment","target":["https:\/\/sandzakpress.net\/arhiva\/na-internacionalnom-univerzitetu-svecano-otvoren-salon-akademija\/#respond"]}]},{"@type":"WebPage","@id":"https:\/\/sandzakpress.net\/arhiva\/na-internacionalnom-univerzitetu-svecano-otvoren-salon-akademija\/","url":"https:\/\/sandzakpress.net\/arhiva\/na-internacionalnom-univerzitetu-svecano-otvoren-salon-akademija\/","name":"Na Internacionalnom univerzitetu sve\u010dano otvoren salon Akademija","isPartOf":{"@id":"https:\/\/sandzakpress.net\/arhiva\/#website"},"primaryImageOfPage":{"@id":"https:\/\/sandzakpress.net\/arhiva\/na-internacionalnom-univerzitetu-svecano-otvoren-salon-akademija\/#primaryimage"},"image":{"@id":"https:\/\/sandzakpress.net\/arhiva\/na-internacionalnom-univerzitetu-svecano-otvoren-salon-akademija\/#primaryimage"},"thumbnailUrl":"https:\/\/sandzakpress.net\/arhiva\/wp-content\/uploads\/2019\/10\/akademija.jpg","datePublished":"2019-10-21T21:57:38+00:00","dateModified":"2019-10-22T12:02:23+00:00","breadcrumb":{"@id":"https:\/\/sandzakpress.net\/arhiva\/na-internacionalnom-univerzitetu-svecano-otvoren-salon-akademija\/#breadcrumb"},"inLanguage":"bs-BA","potentialAction":[{"@type":"ReadAction","target":["https:\/\/sandzakpress.net\/arhiva\/na-internacionalnom-univerzitetu-svecano-otvoren-salon-akademija\/"]}]},{"@type":"ImageObject","inLanguage":"bs-BA","@id":"https:\/\/sandzakpress.net\/arhiva\/na-internacionalnom-univerzitetu-svecano-otvoren-salon-akademija\/#primaryimage","url":"https:\/\/sandzakpress.net\/arhiva\/wp-content\/uploads\/2019\/10\/akademija.jpg","contentUrl":"https:\/\/sandzakpress.net\/arhiva\/wp-content\/uploads\/2019\/10\/akademija.jpg","width":1600,"height":1066},{"@type":"BreadcrumbList","@id":"https:\/\/sandzakpress.net\/arhiva\/na-internacionalnom-univerzitetu-svecano-otvoren-salon-akademija\/#breadcrumb","itemListElement":[{"@type":"ListItem","position":1,"name":"Home","item":"https:\/\/sandzakpress.net\/arhiva\/"},{"@type":"ListItem","position":2,"name":"Na Internacionalnom univerzitetu sve\u010dano otvoren salon Akademija"}]},{"@type":"WebSite","@id":"https:\/\/sandzakpress.net\/arhiva\/#website","url":"https:\/\/sandzakpress.net\/arhiva\/","name":"Sand\u017eak PRESS","description":"Prve elektronske novine u Sand\u017eaku","publisher":{"@id":"https:\/\/sandzakpress.net\/arhiva\/#\/schema\/person\/6e72b67d6e51910a1117b3b483ba20bd"},"potentialAction":[{"@type":"SearchAction","target":{"@type":"EntryPoint","urlTemplate":"https:\/\/sandzakpress.net\/arhiva\/?s={search_term_string}"},"query-input":{"@type":"PropertyValueSpecification","valueRequired":true,"valueName":"search_term_string"}}],"inLanguage":"bs-BA"},{"@type":["Person","Organization"],"@id":"https:\/\/sandzakpress.net\/arhiva\/#\/schema\/person\/6e72b67d6e51910a1117b3b483ba20bd","name":"Kul","image":{"@type":"ImageObject","inLanguage":"bs-BA","@id":"https:\/\/sandzakpress.net\/arhiva\/#\/schema\/person\/image\/","url":"https:\/\/secure.gravatar.com\/avatar\/42263f39aa27ac04c43cab85c280eb2e?s=96&d=mm&r=pg","contentUrl":"https:\/\/secure.gravatar.com\/avatar\/42263f39aa27ac04c43cab85c280eb2e?s=96&d=mm&r=pg","caption":"Kul"},"logo":{"@id":"https:\/\/sandzakpress.net\/arhiva\/#\/schema\/person\/image\/"}},{"@type":"Person","@id":"https:\/\/sandzakpress.net\/arhiva\/#\/schema\/person\/cb59d7e3ab91ab90dd680ad0305a6185","name":"Agencija","image":{"@type":"ImageObject","inLanguage":"bs-BA","@id":"https:\/\/sandzakpress.net\/arhiva\/#\/schema\/person\/image\/","url":"https:\/\/secure.gravatar.com\/avatar\/4b7fafa80a22f0c2afe23966b3961fe0?s=96&d=mm&r=pg","contentUrl":"https:\/\/secure.gravatar.com\/avatar\/4b7fafa80a22f0c2afe23966b3961fe0?s=96&d=mm&r=pg","caption":"Agencija"},"url":"https:\/\/sandzakpress.net\/arhiva\/author\/agencija\/"}]}},"_links":{"self":[{"href":"https:\/\/sandzakpress.net\/arhiva\/wp-json\/wp\/v2\/posts\/229724"}],"collection":[{"href":"https:\/\/sandzakpress.net\/arhiva\/wp-json\/wp\/v2\/posts"}],"about":[{"href":"https:\/\/sandzakpress.net\/arhiva\/wp-json\/wp\/v2\/types\/post"}],"author":[{"embeddable":true,"href":"https:\/\/sandzakpress.net\/arhiva\/wp-json\/wp\/v2\/users\/509"}],"replies":[{"embeddable":true,"href":"https:\/\/sandzakpress.net\/arhiva\/wp-json\/wp\/v2\/comments?post=229724"}],"version-history":[{"count":0,"href":"https:\/\/sandzakpress.net\/arhiva\/wp-json\/wp\/v2\/posts\/229724\/revisions"}],"wp:featuredmedia":[{"embeddable":true,"href":"https:\/\/sandzakpress.net\/arhiva\/wp-json\/wp\/v2\/media\/229726"}],"wp:attachment":[{"href":"https:\/\/sandzakpress.net\/arhiva\/wp-json\/wp\/v2\/media?parent=229724"}],"wp:term":[{"taxonomy":"category","embeddable":true,"href":"https:\/\/sandzakpress.net\/arhiva\/wp-json\/wp\/v2\/categories?post=229724"},{"taxonomy":"post_tag","embeddable":true,"href":"https:\/\/sandzakpress.net\/arhiva\/wp-json\/wp\/v2\/tags?post=229724"}],"curies":[{"name":"wp","href":"https:\/\/api.w.org\/{rel}","templated":true}]}}