{"id":229660,"date":"2019-10-21T08:48:17","date_gmt":"2019-10-21T06:48:17","guid":{"rendered":"https:\/\/sandzakpress.net\/arhiva\/?p=229660"},"modified":"2019-10-21T12:59:46","modified_gmt":"2019-10-21T10:59:46","slug":"hfz-fijuljanin-osvojio-drugo-mjesto-na-takmicenju-u-sarajevu","status":"publish","type":"post","link":"https:\/\/sandzakpress.net\/arhiva\/hfz-fijuljanin-osvojio-drugo-mjesto-na-takmicenju-u-sarajevu\/","title":{"rendered":"Hfz. Fijuljanin osvojio drugo mjesto na takmi\u010denju u Sarajevu"},"content":{"rendered":"<p><img decoding=\"async\" src=\"http:\/\/mesihat.org\/wp-content\/uploads\/2019\/10\/2-2.jpg\" \/><\/p>\n<p><strong>U Kulturnom centru Kralj Fahd u Sarajevu 19-20. oktobra odr\u017eano je IV me\u0111unarodno takmi\u010denje u hifzu \u010casnog Kur'ana pod pokroviteljstvom reisu-l-uleme Islamske zajednice u Bosni i Hercegovini dr. Husein ef. Kavazovi\u0107a.<br \/><\/strong><br \/>Na ovom natjecanju u\u010destvovalo je 27 takmi\u010dara, i to u tri kategorije: hifz cijelog Kur'ana, hifz 20 d\u017euzeva i hifz 10 d\u017euzeva.<\/p>\n<p>Takmi\u010dari ispred Me\u0161ihata IZ-e u Srbiji bili su: hfz. Elvedin Avdovi\u0107 u ketogoriji hifza cijelog Kur'ana, hfz. Ferid ef. Fijuljanin u kategoriji 20 d\u017euzeva i hfz. Abdulmelik Hajdarevi\u0107 u kategoriji 10 d\u017euzeva.<\/p>\n<p>Hfz. Ferid ef. Fijuljanin osvojio je drugo mjesto u kategoriji 20 d\u017euzeva.<\/p>\n<p>Takmi\u010dare u svim kategorijama ocjenjivala je stru\u010dna komisija u sastavu: kurra hafiz prof. dr. D\u017eevad \u0160o\u0161i\u0107 \u2013 predsjednik, te dr. hafiz Mensur ef. Malki\u0107, mr. kurra hafiz Aziz ef. Alili i mr. hfz. Abdulaziz Drki\u0107.<br \/>Reisu-l-ulema Kavazovi\u0107 sve\u010dano je otvorio takmi\u010denje uz poruku da ga izuzetno raduje da se mladi ljudi zanimaju za u\u010denje i izu\u010davanje Bo\u017eije rije\u010di i da je to tako obe\u0107avaju\u0107e u vrijeme u kojem buka skoro potpuno dominira na\u0161im \u017eivotima.<\/p>\n<p>Ambasador Kraljevine Saudijske Arabije u Bosni i Hercegovini Hani bin Abdullah Mominah istakao je da ovo prvo takmi\u010denje me\u0111unarodnog karaktera koje obuhvata balkanske zemlje i koje se odr\u017eava u BiH.<br \/>Ttakmi\u010denje je organizovao Centar Kralj Fahd Ambasade Saudijske Arabije u saradnji sa Rijasetom Islamske zajednice u BiH.<\/p>\n<p>Neka je mubarek olsun jo\u0161 jedan uspjeh na\u0161e Zajednice. Zahvaljujemo se na\u0161im takmi\u010darima na u\u010de\u0161\u0107u i ostvarenim rezultatima.<\/p>\n<p>\u0160kola Kur'ana \u010casnog<\/p>\n<p><img decoding=\"async\" src=\"http:\/\/mesihat.org\/wp-content\/uploads\/2019\/10\/14-1.jpg\" \/><\/p>\n<p><img decoding=\"async\" src=\"http:\/\/mesihat.org\/wp-content\/uploads\/2019\/10\/10-3.jpg\" \/><\/p>\n<p><img decoding=\"async\" src=\"http:\/\/mesihat.org\/wp-content\/uploads\/2019\/10\/11-3.jpg\" \/><\/p>\n<p><img decoding=\"async\" src=\"http:\/\/mesihat.org\/wp-content\/uploads\/2019\/10\/09.jpg\" \/><\/p>\n<p><img decoding=\"async\" src=\"http:\/\/mesihat.org\/wp-content\/uploads\/2019\/10\/08.jpg\" \/><\/p>\n<p><img decoding=\"async\" src=\"http:\/\/mesihat.org\/wp-content\/uploads\/2019\/10\/07.jpg\" \/><\/p>\n","protected":false},"excerpt":{"rendered":"<p>U Kulturnom centru Kralj Fahd u Sarajevu 19-20. oktobra odr\u017eano je IV me\u0111unarodno takmi\u010denje u hifzu \u010casnog Kur'ana pod pokroviteljstvom reisu-l-uleme Islamske zajednice u Bosni i Hercegovini dr. Husein ef. Kavazovi\u0107a.Na ovom natjecanju u\u010destvovalo je 27 takmi\u010dara, i to u tri kategorije: hifz cijelog Kur'ana, hifz 20 d\u017euzeva i hifz 10 d\u017euzeva. Takmi\u010dari ispred Me\u0161ihata [&hellip;]<\/p>\n","protected":false},"author":509,"featured_media":229663,"comment_status":"open","ping_status":"open","sticky":false,"template":"","format":"standard","meta":{"footnotes":""},"categories":[72,802,8957],"tags":[],"class_list":{"0":"post-229660","1":"post","2":"type-post","3":"status-publish","4":"format-standard","5":"has-post-thumbnail","7":"category-novi-pazar","8":"category-islamska_zajednica","9":"category-vijesti-dana"},"yoast_head":"<!-- This site is optimized with the Yoast SEO Premium plugin v23.1 (Yoast SEO v24.9) - https:\/\/yoast.com\/wordpress\/plugins\/seo\/ -->\n<title>Hfz. Fijuljanin osvojio drugo mjesto na takmi\u010denju u Sarajevu<\/title>\n<meta name=\"robots\" content=\"index, follow, max-snippet:-1, max-image-preview:large, max-video-preview:-1\" \/>\n<link rel=\"canonical\" href=\"https:\/\/sandzakpress.net\/arhiva\/hfz-fijuljanin-osvojio-drugo-mjesto-na-takmicenju-u-sarajevu\/\" \/>\n<meta property=\"og:locale\" content=\"bs_BA\" \/>\n<meta property=\"og:type\" content=\"article\" \/>\n<meta property=\"og:title\" content=\"Hfz. Fijuljanin osvojio drugo mjesto na takmi\u010denju u Sarajevu\" \/>\n<meta property=\"og:description\" content=\"U Kulturnom centru Kralj Fahd u Sarajevu 19-20. oktobra odr\u017eano je IV me\u0111unarodno takmi\u010denje u hifzu \u010casnog Kur&#039;ana pod pokroviteljstvom reisu-l-uleme Islamske zajednice u Bosni i Hercegovini dr. Husein ef. Kavazovi\u0107a.Na ovom natjecanju u\u010destvovalo je 27 takmi\u010dara, i to u tri kategorije: hifz cijelog Kur&#039;ana, hifz 20 d\u017euzeva i hifz 10 d\u017euzeva. Takmi\u010dari ispred Me\u0161ihata [&hellip;]\" \/>\n<meta property=\"og:url\" content=\"https:\/\/sandzakpress.net\/arhiva\/hfz-fijuljanin-osvojio-drugo-mjesto-na-takmicenju-u-sarajevu\/\" \/>\n<meta property=\"og:site_name\" content=\"Sand\u017eak PRESS\" \/>\n<meta property=\"article:published_time\" content=\"2019-10-21T06:48:17+00:00\" \/>\n<meta property=\"article:modified_time\" content=\"2019-10-21T10:59:46+00:00\" \/>\n<meta property=\"og:image\" content=\"https:\/\/sandzakpress.net\/arhiva\/wp-content\/uploads\/2019\/10\/2-2-1.jpg\" \/>\n\t<meta property=\"og:image:width\" content=\"1600\" \/>\n\t<meta property=\"og:image:height\" content=\"900\" \/>\n\t<meta property=\"og:image:type\" content=\"image\/jpeg\" \/>\n<meta name=\"author\" content=\"Agencija\" \/>\n<meta name=\"twitter:card\" content=\"summary_large_image\" \/>\n<meta name=\"twitter:label1\" content=\"Written by\" \/>\n\t<meta name=\"twitter:data1\" content=\"Agencija\" \/>\n\t<meta name=\"twitter:label2\" content=\"Est. reading time\" \/>\n\t<meta name=\"twitter:data2\" content=\"1 minuta\" \/>\n<script type=\"application\/ld+json\" class=\"yoast-schema-graph\">{\"@context\":\"https:\/\/schema.org\",\"@graph\":[{\"@type\":\"Article\",\"@id\":\"https:\/\/sandzakpress.net\/arhiva\/hfz-fijuljanin-osvojio-drugo-mjesto-na-takmicenju-u-sarajevu\/#article\",\"isPartOf\":{\"@id\":\"https:\/\/sandzakpress.net\/arhiva\/hfz-fijuljanin-osvojio-drugo-mjesto-na-takmicenju-u-sarajevu\/\"},\"author\":{\"name\":\"Agencija\",\"@id\":\"https:\/\/sandzakpress.net\/arhiva\/#\/schema\/person\/cb59d7e3ab91ab90dd680ad0305a6185\"},\"headline\":\"Hfz. Fijuljanin osvojio drugo mjesto na takmi\u010denju u Sarajevu\",\"datePublished\":\"2019-10-21T06:48:17+00:00\",\"dateModified\":\"2019-10-21T10:59:46+00:00\",\"mainEntityOfPage\":{\"@id\":\"https:\/\/sandzakpress.net\/arhiva\/hfz-fijuljanin-osvojio-drugo-mjesto-na-takmicenju-u-sarajevu\/\"},\"wordCount\":281,\"commentCount\":0,\"publisher\":{\"@id\":\"https:\/\/sandzakpress.net\/arhiva\/#\/schema\/person\/6e72b67d6e51910a1117b3b483ba20bd\"},\"image\":{\"@id\":\"https:\/\/sandzakpress.net\/arhiva\/hfz-fijuljanin-osvojio-drugo-mjesto-na-takmicenju-u-sarajevu\/#primaryimage\"},\"thumbnailUrl\":\"https:\/\/sandzakpress.net\/arhiva\/wp-content\/uploads\/2019\/10\/2-2-1.jpg\",\"articleSection\":[\"Novi Pazar\",\"Islamska zajednica\",\"VIJESTI DANA\"],\"inLanguage\":\"bs-BA\",\"potentialAction\":[{\"@type\":\"CommentAction\",\"name\":\"Comment\",\"target\":[\"https:\/\/sandzakpress.net\/arhiva\/hfz-fijuljanin-osvojio-drugo-mjesto-na-takmicenju-u-sarajevu\/#respond\"]}]},{\"@type\":\"WebPage\",\"@id\":\"https:\/\/sandzakpress.net\/arhiva\/hfz-fijuljanin-osvojio-drugo-mjesto-na-takmicenju-u-sarajevu\/\",\"url\":\"https:\/\/sandzakpress.net\/arhiva\/hfz-fijuljanin-osvojio-drugo-mjesto-na-takmicenju-u-sarajevu\/\",\"name\":\"Hfz. Fijuljanin osvojio drugo mjesto na takmi\u010denju u Sarajevu\",\"isPartOf\":{\"@id\":\"https:\/\/sandzakpress.net\/arhiva\/#website\"},\"primaryImageOfPage\":{\"@id\":\"https:\/\/sandzakpress.net\/arhiva\/hfz-fijuljanin-osvojio-drugo-mjesto-na-takmicenju-u-sarajevu\/#primaryimage\"},\"image\":{\"@id\":\"https:\/\/sandzakpress.net\/arhiva\/hfz-fijuljanin-osvojio-drugo-mjesto-na-takmicenju-u-sarajevu\/#primaryimage\"},\"thumbnailUrl\":\"https:\/\/sandzakpress.net\/arhiva\/wp-content\/uploads\/2019\/10\/2-2-1.jpg\",\"datePublished\":\"2019-10-21T06:48:17+00:00\",\"dateModified\":\"2019-10-21T10:59:46+00:00\",\"breadcrumb\":{\"@id\":\"https:\/\/sandzakpress.net\/arhiva\/hfz-fijuljanin-osvojio-drugo-mjesto-na-takmicenju-u-sarajevu\/#breadcrumb\"},\"inLanguage\":\"bs-BA\",\"potentialAction\":[{\"@type\":\"ReadAction\",\"target\":[\"https:\/\/sandzakpress.net\/arhiva\/hfz-fijuljanin-osvojio-drugo-mjesto-na-takmicenju-u-sarajevu\/\"]}]},{\"@type\":\"ImageObject\",\"inLanguage\":\"bs-BA\",\"@id\":\"https:\/\/sandzakpress.net\/arhiva\/hfz-fijuljanin-osvojio-drugo-mjesto-na-takmicenju-u-sarajevu\/#primaryimage\",\"url\":\"https:\/\/sandzakpress.net\/arhiva\/wp-content\/uploads\/2019\/10\/2-2-1.jpg\",\"contentUrl\":\"https:\/\/sandzakpress.net\/arhiva\/wp-content\/uploads\/2019\/10\/2-2-1.jpg\",\"width\":1600,\"height\":900},{\"@type\":\"BreadcrumbList\",\"@id\":\"https:\/\/sandzakpress.net\/arhiva\/hfz-fijuljanin-osvojio-drugo-mjesto-na-takmicenju-u-sarajevu\/#breadcrumb\",\"itemListElement\":[{\"@type\":\"ListItem\",\"position\":1,\"name\":\"Home\",\"item\":\"https:\/\/sandzakpress.net\/arhiva\/\"},{\"@type\":\"ListItem\",\"position\":2,\"name\":\"Hfz. Fijuljanin osvojio drugo mjesto na takmi\u010denju u Sarajevu\"}]},{\"@type\":\"WebSite\",\"@id\":\"https:\/\/sandzakpress.net\/arhiva\/#website\",\"url\":\"https:\/\/sandzakpress.net\/arhiva\/\",\"name\":\"Sand\u017eak PRESS\",\"description\":\"Prve elektronske novine u Sand\u017eaku\",\"publisher\":{\"@id\":\"https:\/\/sandzakpress.net\/arhiva\/#\/schema\/person\/6e72b67d6e51910a1117b3b483ba20bd\"},\"potentialAction\":[{\"@type\":\"SearchAction\",\"target\":{\"@type\":\"EntryPoint\",\"urlTemplate\":\"https:\/\/sandzakpress.net\/arhiva\/?s={search_term_string}\"},\"query-input\":{\"@type\":\"PropertyValueSpecification\",\"valueRequired\":true,\"valueName\":\"search_term_string\"}}],\"inLanguage\":\"bs-BA\"},{\"@type\":[\"Person\",\"Organization\"],\"@id\":\"https:\/\/sandzakpress.net\/arhiva\/#\/schema\/person\/6e72b67d6e51910a1117b3b483ba20bd\",\"name\":\"Kul\",\"image\":{\"@type\":\"ImageObject\",\"inLanguage\":\"bs-BA\",\"@id\":\"https:\/\/sandzakpress.net\/arhiva\/#\/schema\/person\/image\/\",\"url\":\"https:\/\/secure.gravatar.com\/avatar\/42263f39aa27ac04c43cab85c280eb2e?s=96&d=mm&r=pg\",\"contentUrl\":\"https:\/\/secure.gravatar.com\/avatar\/42263f39aa27ac04c43cab85c280eb2e?s=96&d=mm&r=pg\",\"caption\":\"Kul\"},\"logo\":{\"@id\":\"https:\/\/sandzakpress.net\/arhiva\/#\/schema\/person\/image\/\"}},{\"@type\":\"Person\",\"@id\":\"https:\/\/sandzakpress.net\/arhiva\/#\/schema\/person\/cb59d7e3ab91ab90dd680ad0305a6185\",\"name\":\"Agencija\",\"image\":{\"@type\":\"ImageObject\",\"inLanguage\":\"bs-BA\",\"@id\":\"https:\/\/sandzakpress.net\/arhiva\/#\/schema\/person\/image\/\",\"url\":\"https:\/\/secure.gravatar.com\/avatar\/4b7fafa80a22f0c2afe23966b3961fe0?s=96&d=mm&r=pg\",\"contentUrl\":\"https:\/\/secure.gravatar.com\/avatar\/4b7fafa80a22f0c2afe23966b3961fe0?s=96&d=mm&r=pg\",\"caption\":\"Agencija\"},\"url\":\"https:\/\/sandzakpress.net\/arhiva\/author\/agencija\/\"}]}<\/script>\n<!-- \/ Yoast SEO Premium plugin. -->","yoast_head_json":{"title":"Hfz. Fijuljanin osvojio drugo mjesto na takmi\u010denju u Sarajevu","robots":{"index":"index","follow":"follow","max-snippet":"max-snippet:-1","max-image-preview":"max-image-preview:large","max-video-preview":"max-video-preview:-1"},"canonical":"https:\/\/sandzakpress.net\/arhiva\/hfz-fijuljanin-osvojio-drugo-mjesto-na-takmicenju-u-sarajevu\/","og_locale":"bs_BA","og_type":"article","og_title":"Hfz. Fijuljanin osvojio drugo mjesto na takmi\u010denju u Sarajevu","og_description":"U Kulturnom centru Kralj Fahd u Sarajevu 19-20. oktobra odr\u017eano je IV me\u0111unarodno takmi\u010denje u hifzu \u010casnog Kur'ana pod pokroviteljstvom reisu-l-uleme Islamske zajednice u Bosni i Hercegovini dr. Husein ef. Kavazovi\u0107a.Na ovom natjecanju u\u010destvovalo je 27 takmi\u010dara, i to u tri kategorije: hifz cijelog Kur'ana, hifz 20 d\u017euzeva i hifz 10 d\u017euzeva. Takmi\u010dari ispred Me\u0161ihata [&hellip;]","og_url":"https:\/\/sandzakpress.net\/arhiva\/hfz-fijuljanin-osvojio-drugo-mjesto-na-takmicenju-u-sarajevu\/","og_site_name":"Sand\u017eak PRESS","article_published_time":"2019-10-21T06:48:17+00:00","article_modified_time":"2019-10-21T10:59:46+00:00","og_image":[{"width":1600,"height":900,"url":"https:\/\/sandzakpress.net\/arhiva\/wp-content\/uploads\/2019\/10\/2-2-1.jpg","type":"image\/jpeg"}],"author":"Agencija","twitter_card":"summary_large_image","twitter_misc":{"Written by":"Agencija","Est. reading time":"1 minuta"},"schema":{"@context":"https:\/\/schema.org","@graph":[{"@type":"Article","@id":"https:\/\/sandzakpress.net\/arhiva\/hfz-fijuljanin-osvojio-drugo-mjesto-na-takmicenju-u-sarajevu\/#article","isPartOf":{"@id":"https:\/\/sandzakpress.net\/arhiva\/hfz-fijuljanin-osvojio-drugo-mjesto-na-takmicenju-u-sarajevu\/"},"author":{"name":"Agencija","@id":"https:\/\/sandzakpress.net\/arhiva\/#\/schema\/person\/cb59d7e3ab91ab90dd680ad0305a6185"},"headline":"Hfz. Fijuljanin osvojio drugo mjesto na takmi\u010denju u Sarajevu","datePublished":"2019-10-21T06:48:17+00:00","dateModified":"2019-10-21T10:59:46+00:00","mainEntityOfPage":{"@id":"https:\/\/sandzakpress.net\/arhiva\/hfz-fijuljanin-osvojio-drugo-mjesto-na-takmicenju-u-sarajevu\/"},"wordCount":281,"commentCount":0,"publisher":{"@id":"https:\/\/sandzakpress.net\/arhiva\/#\/schema\/person\/6e72b67d6e51910a1117b3b483ba20bd"},"image":{"@id":"https:\/\/sandzakpress.net\/arhiva\/hfz-fijuljanin-osvojio-drugo-mjesto-na-takmicenju-u-sarajevu\/#primaryimage"},"thumbnailUrl":"https:\/\/sandzakpress.net\/arhiva\/wp-content\/uploads\/2019\/10\/2-2-1.jpg","articleSection":["Novi Pazar","Islamska zajednica","VIJESTI DANA"],"inLanguage":"bs-BA","potentialAction":[{"@type":"CommentAction","name":"Comment","target":["https:\/\/sandzakpress.net\/arhiva\/hfz-fijuljanin-osvojio-drugo-mjesto-na-takmicenju-u-sarajevu\/#respond"]}]},{"@type":"WebPage","@id":"https:\/\/sandzakpress.net\/arhiva\/hfz-fijuljanin-osvojio-drugo-mjesto-na-takmicenju-u-sarajevu\/","url":"https:\/\/sandzakpress.net\/arhiva\/hfz-fijuljanin-osvojio-drugo-mjesto-na-takmicenju-u-sarajevu\/","name":"Hfz. Fijuljanin osvojio drugo mjesto na takmi\u010denju u Sarajevu","isPartOf":{"@id":"https:\/\/sandzakpress.net\/arhiva\/#website"},"primaryImageOfPage":{"@id":"https:\/\/sandzakpress.net\/arhiva\/hfz-fijuljanin-osvojio-drugo-mjesto-na-takmicenju-u-sarajevu\/#primaryimage"},"image":{"@id":"https:\/\/sandzakpress.net\/arhiva\/hfz-fijuljanin-osvojio-drugo-mjesto-na-takmicenju-u-sarajevu\/#primaryimage"},"thumbnailUrl":"https:\/\/sandzakpress.net\/arhiva\/wp-content\/uploads\/2019\/10\/2-2-1.jpg","datePublished":"2019-10-21T06:48:17+00:00","dateModified":"2019-10-21T10:59:46+00:00","breadcrumb":{"@id":"https:\/\/sandzakpress.net\/arhiva\/hfz-fijuljanin-osvojio-drugo-mjesto-na-takmicenju-u-sarajevu\/#breadcrumb"},"inLanguage":"bs-BA","potentialAction":[{"@type":"ReadAction","target":["https:\/\/sandzakpress.net\/arhiva\/hfz-fijuljanin-osvojio-drugo-mjesto-na-takmicenju-u-sarajevu\/"]}]},{"@type":"ImageObject","inLanguage":"bs-BA","@id":"https:\/\/sandzakpress.net\/arhiva\/hfz-fijuljanin-osvojio-drugo-mjesto-na-takmicenju-u-sarajevu\/#primaryimage","url":"https:\/\/sandzakpress.net\/arhiva\/wp-content\/uploads\/2019\/10\/2-2-1.jpg","contentUrl":"https:\/\/sandzakpress.net\/arhiva\/wp-content\/uploads\/2019\/10\/2-2-1.jpg","width":1600,"height":900},{"@type":"BreadcrumbList","@id":"https:\/\/sandzakpress.net\/arhiva\/hfz-fijuljanin-osvojio-drugo-mjesto-na-takmicenju-u-sarajevu\/#breadcrumb","itemListElement":[{"@type":"ListItem","position":1,"name":"Home","item":"https:\/\/sandzakpress.net\/arhiva\/"},{"@type":"ListItem","position":2,"name":"Hfz. Fijuljanin osvojio drugo mjesto na takmi\u010denju u Sarajevu"}]},{"@type":"WebSite","@id":"https:\/\/sandzakpress.net\/arhiva\/#website","url":"https:\/\/sandzakpress.net\/arhiva\/","name":"Sand\u017eak PRESS","description":"Prve elektronske novine u Sand\u017eaku","publisher":{"@id":"https:\/\/sandzakpress.net\/arhiva\/#\/schema\/person\/6e72b67d6e51910a1117b3b483ba20bd"},"potentialAction":[{"@type":"SearchAction","target":{"@type":"EntryPoint","urlTemplate":"https:\/\/sandzakpress.net\/arhiva\/?s={search_term_string}"},"query-input":{"@type":"PropertyValueSpecification","valueRequired":true,"valueName":"search_term_string"}}],"inLanguage":"bs-BA"},{"@type":["Person","Organization"],"@id":"https:\/\/sandzakpress.net\/arhiva\/#\/schema\/person\/6e72b67d6e51910a1117b3b483ba20bd","name":"Kul","image":{"@type":"ImageObject","inLanguage":"bs-BA","@id":"https:\/\/sandzakpress.net\/arhiva\/#\/schema\/person\/image\/","url":"https:\/\/secure.gravatar.com\/avatar\/42263f39aa27ac04c43cab85c280eb2e?s=96&d=mm&r=pg","contentUrl":"https:\/\/secure.gravatar.com\/avatar\/42263f39aa27ac04c43cab85c280eb2e?s=96&d=mm&r=pg","caption":"Kul"},"logo":{"@id":"https:\/\/sandzakpress.net\/arhiva\/#\/schema\/person\/image\/"}},{"@type":"Person","@id":"https:\/\/sandzakpress.net\/arhiva\/#\/schema\/person\/cb59d7e3ab91ab90dd680ad0305a6185","name":"Agencija","image":{"@type":"ImageObject","inLanguage":"bs-BA","@id":"https:\/\/sandzakpress.net\/arhiva\/#\/schema\/person\/image\/","url":"https:\/\/secure.gravatar.com\/avatar\/4b7fafa80a22f0c2afe23966b3961fe0?s=96&d=mm&r=pg","contentUrl":"https:\/\/secure.gravatar.com\/avatar\/4b7fafa80a22f0c2afe23966b3961fe0?s=96&d=mm&r=pg","caption":"Agencija"},"url":"https:\/\/sandzakpress.net\/arhiva\/author\/agencija\/"}]}},"_links":{"self":[{"href":"https:\/\/sandzakpress.net\/arhiva\/wp-json\/wp\/v2\/posts\/229660"}],"collection":[{"href":"https:\/\/sandzakpress.net\/arhiva\/wp-json\/wp\/v2\/posts"}],"about":[{"href":"https:\/\/sandzakpress.net\/arhiva\/wp-json\/wp\/v2\/types\/post"}],"author":[{"embeddable":true,"href":"https:\/\/sandzakpress.net\/arhiva\/wp-json\/wp\/v2\/users\/509"}],"replies":[{"embeddable":true,"href":"https:\/\/sandzakpress.net\/arhiva\/wp-json\/wp\/v2\/comments?post=229660"}],"version-history":[{"count":0,"href":"https:\/\/sandzakpress.net\/arhiva\/wp-json\/wp\/v2\/posts\/229660\/revisions"}],"wp:featuredmedia":[{"embeddable":true,"href":"https:\/\/sandzakpress.net\/arhiva\/wp-json\/wp\/v2\/media\/229663"}],"wp:attachment":[{"href":"https:\/\/sandzakpress.net\/arhiva\/wp-json\/wp\/v2\/media?parent=229660"}],"wp:term":[{"taxonomy":"category","embeddable":true,"href":"https:\/\/sandzakpress.net\/arhiva\/wp-json\/wp\/v2\/categories?post=229660"},{"taxonomy":"post_tag","embeddable":true,"href":"https:\/\/sandzakpress.net\/arhiva\/wp-json\/wp\/v2\/tags?post=229660"}],"curies":[{"name":"wp","href":"https:\/\/api.w.org\/{rel}","templated":true}]}}