{"id":229633,"date":"2019-10-19T13:38:23","date_gmt":"2019-10-19T11:38:23","guid":{"rendered":"https:\/\/sandzakpress.net\/arhiva\/?p=229633"},"modified":"2019-10-19T13:38:23","modified_gmt":"2019-10-19T11:38:23","slug":"saida-bukvic-i-ajla-lukac-favoritkinje-za-zlato-na-sp-u-sarajevu","status":"publish","type":"post","link":"https:\/\/sandzakpress.net\/arhiva\/saida-bukvic-i-ajla-lukac-favoritkinje-za-zlato-na-sp-u-sarajevu\/","title":{"rendered":"Saida Bukvi\u0107 i Ajla Luka\u010d favoritkinje za zlato na SP u Sarajevu"},"content":{"rendered":"<p><a href=\"http:\/\/www.radiostoplus.com\/images\/clanci\/SPORT\/saida_ajla2013.jpg\" rel=\"lightbox-gallery\"><img decoding=\"async\" src=\"http:\/\/www.radiostoplus.com\/images\/clanci\/SPORT\/saida_ajla2013.jpg\" \/><\/a><\/p>\n<p><b>Reprezentativke Srbije u kik-boksu, Novopazarke Saida Bukvi\u0107 i Ajla Luka\u010d odredjene su za prve nositeljke u svojim kategorijama na Svetskom kik-boks prvenstvu u Sarajevu, gde \u0107e nastupiti u lou-kiku do 52, odnosno 56 kilograma.<\/b><\/p>\n<div class=\"desc_holder mb15\">\n<p>&#8220;Dobro sam trenirala sa ostalim reprezentativcima i reprezentativkama u Kovilovu, a pre toga u klubu. Konkurencija je velika, tu je opasna Ruskinja Ana Poskrebi\u0161jova, ali o\u010dekujem da \u0107u uspeti da odbranim titulu i da dodjem do tre\u0107eg svetskog zlata&#8221;, rekla je Bukvi\u0107.<\/p>\n<p>Ona je najuspe\u0161nija kik-bokserka Srbije u poslednjih pet godina, a u lou-kiku do 52 kilograma ima\u0107e jo\u0161 12 rivalki.<\/p>\n<p>Medju 11 kik-bokserki u lou-kiku do 56 kilograma, Luka\u010d \u0107e kao najve\u0107a favoritkinja poku\u0161ati da osvoji jedini trofej koji joj nedostaje u bogatoj kolekciji.<\/p>\n<p>&#8220;Pre Kovilova, spremala sam se dugo sa trenerom Huseinom Dupljakom i klupskim kolegama. Moje najve\u0107e rivalke trebalo bi da budu Ivona Njeroda iz Poljske i Turkinja Zeliha Doan, ali verujem da \u0107u osvojiti najsjajnije odli\u010dje&#8221;, navela je Luka\u010d.<\/p>\n<p>Svetsko prvenstvo u disciplinama lajt-kontakt, lou-kik i K1 na programu je od 22. do 27. oktobra u Sarajevu.<\/p>\n<p><iframe loading=\"lazy\" title=\"Ajla Luka\u010d spremna za prvenstvo u Sarajevu\" width=\"696\" height=\"392\" src=\"https:\/\/www.youtube.com\/embed\/8T4t-AL6iPU?feature=oembed\" frameborder=\"0\" allow=\"accelerometer; autoplay; encrypted-media; gyroscope; picture-in-picture\" allowfullscreen><\/iframe>\n<\/div>\n","protected":false},"excerpt":{"rendered":"<p>Reprezentativke Srbije u kik-boksu, Novopazarke Saida Bukvi\u0107 i Ajla Luka\u010d odredjene su za prve nositeljke u svojim kategorijama na Svetskom kik-boks prvenstvu u Sarajevu, gde \u0107e nastupiti u lou-kiku do 52, odnosno 56 kilograma. &#8220;Dobro sam trenirala sa ostalim reprezentativcima i reprezentativkama u Kovilovu, a pre toga u klubu. Konkurencija je velika, tu je opasna [&hellip;]<\/p>\n","protected":false},"author":509,"featured_media":229634,"comment_status":"open","ping_status":"open","sticky":false,"template":"","format":"standard","meta":{"footnotes":""},"categories":[72,13,10429],"tags":[],"class_list":{"0":"post-229633","1":"post","2":"type-post","3":"status-publish","4":"format-standard","5":"has-post-thumbnail","7":"category-novi-pazar","8":"category-sport","9":"category-vazno"},"yoast_head":"<!-- This site is optimized with the Yoast SEO Premium plugin v23.1 (Yoast SEO v24.9) - https:\/\/yoast.com\/wordpress\/plugins\/seo\/ -->\n<title>Saida Bukvi\u0107 i Ajla Luka\u010d favoritkinje za zlato na SP u Sarajevu<\/title>\n<meta name=\"robots\" content=\"index, follow, max-snippet:-1, max-image-preview:large, max-video-preview:-1\" \/>\n<link rel=\"canonical\" href=\"https:\/\/sandzakpress.net\/arhiva\/saida-bukvic-i-ajla-lukac-favoritkinje-za-zlato-na-sp-u-sarajevu\/\" \/>\n<meta property=\"og:locale\" content=\"bs_BA\" \/>\n<meta property=\"og:type\" content=\"article\" \/>\n<meta property=\"og:title\" content=\"Saida Bukvi\u0107 i Ajla Luka\u010d favoritkinje za zlato na SP u Sarajevu\" \/>\n<meta property=\"og:description\" content=\"Reprezentativke Srbije u kik-boksu, Novopazarke Saida Bukvi\u0107 i Ajla Luka\u010d odredjene su za prve nositeljke u svojim kategorijama na Svetskom kik-boks prvenstvu u Sarajevu, gde \u0107e nastupiti u lou-kiku do 52, odnosno 56 kilograma. &#8220;Dobro sam trenirala sa ostalim reprezentativcima i reprezentativkama u Kovilovu, a pre toga u klubu. Konkurencija je velika, tu je opasna [&hellip;]\" \/>\n<meta property=\"og:url\" content=\"https:\/\/sandzakpress.net\/arhiva\/saida-bukvic-i-ajla-lukac-favoritkinje-za-zlato-na-sp-u-sarajevu\/\" \/>\n<meta property=\"og:site_name\" content=\"Sand\u017eak PRESS\" \/>\n<meta property=\"article:published_time\" content=\"2019-10-19T11:38:23+00:00\" \/>\n<meta property=\"og:image\" content=\"https:\/\/sandzakpress.net\/arhiva\/wp-content\/uploads\/2019\/10\/saida_ajla2013.jpg\" \/>\n\t<meta property=\"og:image:width\" content=\"2592\" \/>\n\t<meta property=\"og:image:height\" content=\"1944\" \/>\n\t<meta property=\"og:image:type\" content=\"image\/jpeg\" \/>\n<meta name=\"author\" content=\"Agencija\" \/>\n<meta name=\"twitter:card\" content=\"summary_large_image\" \/>\n<meta name=\"twitter:label1\" content=\"Written by\" \/>\n\t<meta name=\"twitter:data1\" content=\"Agencija\" \/>\n\t<meta name=\"twitter:label2\" content=\"Est. reading time\" \/>\n\t<meta name=\"twitter:data2\" content=\"1 minuta\" \/>\n<script type=\"application\/ld+json\" class=\"yoast-schema-graph\">{\"@context\":\"https:\/\/schema.org\",\"@graph\":[{\"@type\":\"Article\",\"@id\":\"https:\/\/sandzakpress.net\/arhiva\/saida-bukvic-i-ajla-lukac-favoritkinje-za-zlato-na-sp-u-sarajevu\/#article\",\"isPartOf\":{\"@id\":\"https:\/\/sandzakpress.net\/arhiva\/saida-bukvic-i-ajla-lukac-favoritkinje-za-zlato-na-sp-u-sarajevu\/\"},\"author\":{\"name\":\"Agencija\",\"@id\":\"https:\/\/sandzakpress.net\/arhiva\/#\/schema\/person\/cb59d7e3ab91ab90dd680ad0305a6185\"},\"headline\":\"Saida Bukvi\u0107 i Ajla Luka\u010d favoritkinje za zlato na SP u Sarajevu\",\"datePublished\":\"2019-10-19T11:38:23+00:00\",\"mainEntityOfPage\":{\"@id\":\"https:\/\/sandzakpress.net\/arhiva\/saida-bukvic-i-ajla-lukac-favoritkinje-za-zlato-na-sp-u-sarajevu\/\"},\"wordCount\":194,\"commentCount\":0,\"publisher\":{\"@id\":\"https:\/\/sandzakpress.net\/arhiva\/#\/schema\/person\/6e72b67d6e51910a1117b3b483ba20bd\"},\"image\":{\"@id\":\"https:\/\/sandzakpress.net\/arhiva\/saida-bukvic-i-ajla-lukac-favoritkinje-za-zlato-na-sp-u-sarajevu\/#primaryimage\"},\"thumbnailUrl\":\"https:\/\/sandzakpress.net\/arhiva\/wp-content\/uploads\/2019\/10\/saida_ajla2013.jpg\",\"articleSection\":[\"Novi Pazar\",\"Sport\",\"VA\u017dNO!\"],\"inLanguage\":\"bs-BA\",\"potentialAction\":[{\"@type\":\"CommentAction\",\"name\":\"Comment\",\"target\":[\"https:\/\/sandzakpress.net\/arhiva\/saida-bukvic-i-ajla-lukac-favoritkinje-za-zlato-na-sp-u-sarajevu\/#respond\"]}]},{\"@type\":\"WebPage\",\"@id\":\"https:\/\/sandzakpress.net\/arhiva\/saida-bukvic-i-ajla-lukac-favoritkinje-za-zlato-na-sp-u-sarajevu\/\",\"url\":\"https:\/\/sandzakpress.net\/arhiva\/saida-bukvic-i-ajla-lukac-favoritkinje-za-zlato-na-sp-u-sarajevu\/\",\"name\":\"Saida Bukvi\u0107 i Ajla Luka\u010d favoritkinje za zlato na SP u Sarajevu\",\"isPartOf\":{\"@id\":\"https:\/\/sandzakpress.net\/arhiva\/#website\"},\"primaryImageOfPage\":{\"@id\":\"https:\/\/sandzakpress.net\/arhiva\/saida-bukvic-i-ajla-lukac-favoritkinje-za-zlato-na-sp-u-sarajevu\/#primaryimage\"},\"image\":{\"@id\":\"https:\/\/sandzakpress.net\/arhiva\/saida-bukvic-i-ajla-lukac-favoritkinje-za-zlato-na-sp-u-sarajevu\/#primaryimage\"},\"thumbnailUrl\":\"https:\/\/sandzakpress.net\/arhiva\/wp-content\/uploads\/2019\/10\/saida_ajla2013.jpg\",\"datePublished\":\"2019-10-19T11:38:23+00:00\",\"breadcrumb\":{\"@id\":\"https:\/\/sandzakpress.net\/arhiva\/saida-bukvic-i-ajla-lukac-favoritkinje-za-zlato-na-sp-u-sarajevu\/#breadcrumb\"},\"inLanguage\":\"bs-BA\",\"potentialAction\":[{\"@type\":\"ReadAction\",\"target\":[\"https:\/\/sandzakpress.net\/arhiva\/saida-bukvic-i-ajla-lukac-favoritkinje-za-zlato-na-sp-u-sarajevu\/\"]}]},{\"@type\":\"ImageObject\",\"inLanguage\":\"bs-BA\",\"@id\":\"https:\/\/sandzakpress.net\/arhiva\/saida-bukvic-i-ajla-lukac-favoritkinje-za-zlato-na-sp-u-sarajevu\/#primaryimage\",\"url\":\"https:\/\/sandzakpress.net\/arhiva\/wp-content\/uploads\/2019\/10\/saida_ajla2013.jpg\",\"contentUrl\":\"https:\/\/sandzakpress.net\/arhiva\/wp-content\/uploads\/2019\/10\/saida_ajla2013.jpg\",\"width\":2592,\"height\":1944},{\"@type\":\"BreadcrumbList\",\"@id\":\"https:\/\/sandzakpress.net\/arhiva\/saida-bukvic-i-ajla-lukac-favoritkinje-za-zlato-na-sp-u-sarajevu\/#breadcrumb\",\"itemListElement\":[{\"@type\":\"ListItem\",\"position\":1,\"name\":\"Home\",\"item\":\"https:\/\/sandzakpress.net\/arhiva\/\"},{\"@type\":\"ListItem\",\"position\":2,\"name\":\"Saida Bukvi\u0107 i Ajla Luka\u010d favoritkinje za zlato na SP u Sarajevu\"}]},{\"@type\":\"WebSite\",\"@id\":\"https:\/\/sandzakpress.net\/arhiva\/#website\",\"url\":\"https:\/\/sandzakpress.net\/arhiva\/\",\"name\":\"Sand\u017eak PRESS\",\"description\":\"Prve elektronske novine u Sand\u017eaku\",\"publisher\":{\"@id\":\"https:\/\/sandzakpress.net\/arhiva\/#\/schema\/person\/6e72b67d6e51910a1117b3b483ba20bd\"},\"potentialAction\":[{\"@type\":\"SearchAction\",\"target\":{\"@type\":\"EntryPoint\",\"urlTemplate\":\"https:\/\/sandzakpress.net\/arhiva\/?s={search_term_string}\"},\"query-input\":{\"@type\":\"PropertyValueSpecification\",\"valueRequired\":true,\"valueName\":\"search_term_string\"}}],\"inLanguage\":\"bs-BA\"},{\"@type\":[\"Person\",\"Organization\"],\"@id\":\"https:\/\/sandzakpress.net\/arhiva\/#\/schema\/person\/6e72b67d6e51910a1117b3b483ba20bd\",\"name\":\"Kul\",\"image\":{\"@type\":\"ImageObject\",\"inLanguage\":\"bs-BA\",\"@id\":\"https:\/\/sandzakpress.net\/arhiva\/#\/schema\/person\/image\/\",\"url\":\"https:\/\/secure.gravatar.com\/avatar\/42263f39aa27ac04c43cab85c280eb2e?s=96&d=mm&r=pg\",\"contentUrl\":\"https:\/\/secure.gravatar.com\/avatar\/42263f39aa27ac04c43cab85c280eb2e?s=96&d=mm&r=pg\",\"caption\":\"Kul\"},\"logo\":{\"@id\":\"https:\/\/sandzakpress.net\/arhiva\/#\/schema\/person\/image\/\"}},{\"@type\":\"Person\",\"@id\":\"https:\/\/sandzakpress.net\/arhiva\/#\/schema\/person\/cb59d7e3ab91ab90dd680ad0305a6185\",\"name\":\"Agencija\",\"image\":{\"@type\":\"ImageObject\",\"inLanguage\":\"bs-BA\",\"@id\":\"https:\/\/sandzakpress.net\/arhiva\/#\/schema\/person\/image\/\",\"url\":\"https:\/\/secure.gravatar.com\/avatar\/4b7fafa80a22f0c2afe23966b3961fe0?s=96&d=mm&r=pg\",\"contentUrl\":\"https:\/\/secure.gravatar.com\/avatar\/4b7fafa80a22f0c2afe23966b3961fe0?s=96&d=mm&r=pg\",\"caption\":\"Agencija\"},\"url\":\"https:\/\/sandzakpress.net\/arhiva\/author\/agencija\/\"}]}<\/script>\n<!-- \/ Yoast SEO Premium plugin. -->","yoast_head_json":{"title":"Saida Bukvi\u0107 i Ajla Luka\u010d favoritkinje za zlato na SP u Sarajevu","robots":{"index":"index","follow":"follow","max-snippet":"max-snippet:-1","max-image-preview":"max-image-preview:large","max-video-preview":"max-video-preview:-1"},"canonical":"https:\/\/sandzakpress.net\/arhiva\/saida-bukvic-i-ajla-lukac-favoritkinje-za-zlato-na-sp-u-sarajevu\/","og_locale":"bs_BA","og_type":"article","og_title":"Saida Bukvi\u0107 i Ajla Luka\u010d favoritkinje za zlato na SP u Sarajevu","og_description":"Reprezentativke Srbije u kik-boksu, Novopazarke Saida Bukvi\u0107 i Ajla Luka\u010d odredjene su za prve nositeljke u svojim kategorijama na Svetskom kik-boks prvenstvu u Sarajevu, gde \u0107e nastupiti u lou-kiku do 52, odnosno 56 kilograma. &#8220;Dobro sam trenirala sa ostalim reprezentativcima i reprezentativkama u Kovilovu, a pre toga u klubu. Konkurencija je velika, tu je opasna [&hellip;]","og_url":"https:\/\/sandzakpress.net\/arhiva\/saida-bukvic-i-ajla-lukac-favoritkinje-za-zlato-na-sp-u-sarajevu\/","og_site_name":"Sand\u017eak PRESS","article_published_time":"2019-10-19T11:38:23+00:00","og_image":[{"width":2592,"height":1944,"url":"https:\/\/sandzakpress.net\/arhiva\/wp-content\/uploads\/2019\/10\/saida_ajla2013.jpg","type":"image\/jpeg"}],"author":"Agencija","twitter_card":"summary_large_image","twitter_misc":{"Written by":"Agencija","Est. reading time":"1 minuta"},"schema":{"@context":"https:\/\/schema.org","@graph":[{"@type":"Article","@id":"https:\/\/sandzakpress.net\/arhiva\/saida-bukvic-i-ajla-lukac-favoritkinje-za-zlato-na-sp-u-sarajevu\/#article","isPartOf":{"@id":"https:\/\/sandzakpress.net\/arhiva\/saida-bukvic-i-ajla-lukac-favoritkinje-za-zlato-na-sp-u-sarajevu\/"},"author":{"name":"Agencija","@id":"https:\/\/sandzakpress.net\/arhiva\/#\/schema\/person\/cb59d7e3ab91ab90dd680ad0305a6185"},"headline":"Saida Bukvi\u0107 i Ajla Luka\u010d favoritkinje za zlato na SP u Sarajevu","datePublished":"2019-10-19T11:38:23+00:00","mainEntityOfPage":{"@id":"https:\/\/sandzakpress.net\/arhiva\/saida-bukvic-i-ajla-lukac-favoritkinje-za-zlato-na-sp-u-sarajevu\/"},"wordCount":194,"commentCount":0,"publisher":{"@id":"https:\/\/sandzakpress.net\/arhiva\/#\/schema\/person\/6e72b67d6e51910a1117b3b483ba20bd"},"image":{"@id":"https:\/\/sandzakpress.net\/arhiva\/saida-bukvic-i-ajla-lukac-favoritkinje-za-zlato-na-sp-u-sarajevu\/#primaryimage"},"thumbnailUrl":"https:\/\/sandzakpress.net\/arhiva\/wp-content\/uploads\/2019\/10\/saida_ajla2013.jpg","articleSection":["Novi Pazar","Sport","VA\u017dNO!"],"inLanguage":"bs-BA","potentialAction":[{"@type":"CommentAction","name":"Comment","target":["https:\/\/sandzakpress.net\/arhiva\/saida-bukvic-i-ajla-lukac-favoritkinje-za-zlato-na-sp-u-sarajevu\/#respond"]}]},{"@type":"WebPage","@id":"https:\/\/sandzakpress.net\/arhiva\/saida-bukvic-i-ajla-lukac-favoritkinje-za-zlato-na-sp-u-sarajevu\/","url":"https:\/\/sandzakpress.net\/arhiva\/saida-bukvic-i-ajla-lukac-favoritkinje-za-zlato-na-sp-u-sarajevu\/","name":"Saida Bukvi\u0107 i Ajla Luka\u010d favoritkinje za zlato na SP u Sarajevu","isPartOf":{"@id":"https:\/\/sandzakpress.net\/arhiva\/#website"},"primaryImageOfPage":{"@id":"https:\/\/sandzakpress.net\/arhiva\/saida-bukvic-i-ajla-lukac-favoritkinje-za-zlato-na-sp-u-sarajevu\/#primaryimage"},"image":{"@id":"https:\/\/sandzakpress.net\/arhiva\/saida-bukvic-i-ajla-lukac-favoritkinje-za-zlato-na-sp-u-sarajevu\/#primaryimage"},"thumbnailUrl":"https:\/\/sandzakpress.net\/arhiva\/wp-content\/uploads\/2019\/10\/saida_ajla2013.jpg","datePublished":"2019-10-19T11:38:23+00:00","breadcrumb":{"@id":"https:\/\/sandzakpress.net\/arhiva\/saida-bukvic-i-ajla-lukac-favoritkinje-za-zlato-na-sp-u-sarajevu\/#breadcrumb"},"inLanguage":"bs-BA","potentialAction":[{"@type":"ReadAction","target":["https:\/\/sandzakpress.net\/arhiva\/saida-bukvic-i-ajla-lukac-favoritkinje-za-zlato-na-sp-u-sarajevu\/"]}]},{"@type":"ImageObject","inLanguage":"bs-BA","@id":"https:\/\/sandzakpress.net\/arhiva\/saida-bukvic-i-ajla-lukac-favoritkinje-za-zlato-na-sp-u-sarajevu\/#primaryimage","url":"https:\/\/sandzakpress.net\/arhiva\/wp-content\/uploads\/2019\/10\/saida_ajla2013.jpg","contentUrl":"https:\/\/sandzakpress.net\/arhiva\/wp-content\/uploads\/2019\/10\/saida_ajla2013.jpg","width":2592,"height":1944},{"@type":"BreadcrumbList","@id":"https:\/\/sandzakpress.net\/arhiva\/saida-bukvic-i-ajla-lukac-favoritkinje-za-zlato-na-sp-u-sarajevu\/#breadcrumb","itemListElement":[{"@type":"ListItem","position":1,"name":"Home","item":"https:\/\/sandzakpress.net\/arhiva\/"},{"@type":"ListItem","position":2,"name":"Saida Bukvi\u0107 i Ajla Luka\u010d favoritkinje za zlato na SP u Sarajevu"}]},{"@type":"WebSite","@id":"https:\/\/sandzakpress.net\/arhiva\/#website","url":"https:\/\/sandzakpress.net\/arhiva\/","name":"Sand\u017eak PRESS","description":"Prve elektronske novine u Sand\u017eaku","publisher":{"@id":"https:\/\/sandzakpress.net\/arhiva\/#\/schema\/person\/6e72b67d6e51910a1117b3b483ba20bd"},"potentialAction":[{"@type":"SearchAction","target":{"@type":"EntryPoint","urlTemplate":"https:\/\/sandzakpress.net\/arhiva\/?s={search_term_string}"},"query-input":{"@type":"PropertyValueSpecification","valueRequired":true,"valueName":"search_term_string"}}],"inLanguage":"bs-BA"},{"@type":["Person","Organization"],"@id":"https:\/\/sandzakpress.net\/arhiva\/#\/schema\/person\/6e72b67d6e51910a1117b3b483ba20bd","name":"Kul","image":{"@type":"ImageObject","inLanguage":"bs-BA","@id":"https:\/\/sandzakpress.net\/arhiva\/#\/schema\/person\/image\/","url":"https:\/\/secure.gravatar.com\/avatar\/42263f39aa27ac04c43cab85c280eb2e?s=96&d=mm&r=pg","contentUrl":"https:\/\/secure.gravatar.com\/avatar\/42263f39aa27ac04c43cab85c280eb2e?s=96&d=mm&r=pg","caption":"Kul"},"logo":{"@id":"https:\/\/sandzakpress.net\/arhiva\/#\/schema\/person\/image\/"}},{"@type":"Person","@id":"https:\/\/sandzakpress.net\/arhiva\/#\/schema\/person\/cb59d7e3ab91ab90dd680ad0305a6185","name":"Agencija","image":{"@type":"ImageObject","inLanguage":"bs-BA","@id":"https:\/\/sandzakpress.net\/arhiva\/#\/schema\/person\/image\/","url":"https:\/\/secure.gravatar.com\/avatar\/4b7fafa80a22f0c2afe23966b3961fe0?s=96&d=mm&r=pg","contentUrl":"https:\/\/secure.gravatar.com\/avatar\/4b7fafa80a22f0c2afe23966b3961fe0?s=96&d=mm&r=pg","caption":"Agencija"},"url":"https:\/\/sandzakpress.net\/arhiva\/author\/agencija\/"}]}},"_links":{"self":[{"href":"https:\/\/sandzakpress.net\/arhiva\/wp-json\/wp\/v2\/posts\/229633"}],"collection":[{"href":"https:\/\/sandzakpress.net\/arhiva\/wp-json\/wp\/v2\/posts"}],"about":[{"href":"https:\/\/sandzakpress.net\/arhiva\/wp-json\/wp\/v2\/types\/post"}],"author":[{"embeddable":true,"href":"https:\/\/sandzakpress.net\/arhiva\/wp-json\/wp\/v2\/users\/509"}],"replies":[{"embeddable":true,"href":"https:\/\/sandzakpress.net\/arhiva\/wp-json\/wp\/v2\/comments?post=229633"}],"version-history":[{"count":0,"href":"https:\/\/sandzakpress.net\/arhiva\/wp-json\/wp\/v2\/posts\/229633\/revisions"}],"wp:featuredmedia":[{"embeddable":true,"href":"https:\/\/sandzakpress.net\/arhiva\/wp-json\/wp\/v2\/media\/229634"}],"wp:attachment":[{"href":"https:\/\/sandzakpress.net\/arhiva\/wp-json\/wp\/v2\/media?parent=229633"}],"wp:term":[{"taxonomy":"category","embeddable":true,"href":"https:\/\/sandzakpress.net\/arhiva\/wp-json\/wp\/v2\/categories?post=229633"},{"taxonomy":"post_tag","embeddable":true,"href":"https:\/\/sandzakpress.net\/arhiva\/wp-json\/wp\/v2\/tags?post=229633"}],"curies":[{"name":"wp","href":"https:\/\/api.w.org\/{rel}","templated":true}]}}