{"id":229626,"date":"2019-10-19T13:34:54","date_gmt":"2019-10-19T11:34:54","guid":{"rendered":"https:\/\/sandzakpress.net\/arhiva\/?p=229626"},"modified":"2019-10-19T13:34:54","modified_gmt":"2019-10-19T11:34:54","slug":"uhapsen-kradljivac-bicikala","status":"publish","type":"post","link":"https:\/\/sandzakpress.net\/arhiva\/uhapsen-kradljivac-bicikala\/","title":{"rendered":"Uhap\u0161en kradljivac bicikala"},"content":{"rendered":"<p><a href=\"http:\/\/www.radiostoplus.com\/images\/clanci\/DRUSTVO\/hapsenje_lisice.jpg\" rel=\"lightbox-gallery\"><img decoding=\"async\" src=\"http:\/\/www.radiostoplus.com\/images\/clanci\/DRUSTVO\/hapsenje_lisice.jpg\" \/><\/a><\/p>\n<p><b>Novopazarska policija uhapsila je E.H. (30) iz Sjenice osumnji\u010denog da je po\u010dinio tri kra\u0111e, saop\u0161tila je danas Policijska uprava.<\/b><\/p>\n<div class=\"desc_holder mb15\">\n<p>\u201cSumnja se da je on u prethodnom periodu na teritoriji Novog Pazara ukrao dva bicikla, kao i da je ispred jedne vikendice u okolini ovog grada ukrao muzi\u010dku liniju, jaknu i patike\u201d, navodi se u saop\u0161tenju.<\/p>\n<p>Po nalogu nadle\u017enog tu\u017eioca, osumnji\u010denom je odre\u0111eno zadr\u017eavanje do 48 sati.<\/p>\n<\/div>\n","protected":false},"excerpt":{"rendered":"<p>Novopazarska policija uhapsila je E.H. (30) iz Sjenice osumnji\u010denog da je po\u010dinio tri kra\u0111e, saop\u0161tila je danas Policijska uprava. \u201cSumnja se da je on u prethodnom periodu na teritoriji Novog Pazara ukrao dva bicikla, kao i da je ispred jedne vikendice u okolini ovog grada ukrao muzi\u010dku liniju, jaknu i patike\u201d, navodi se u saop\u0161tenju. [&hellip;]<\/p>\n","protected":false},"author":509,"featured_media":229627,"comment_status":"open","ping_status":"open","sticky":false,"template":"","format":"standard","meta":{"footnotes":""},"categories":[72,52,801,10429],"tags":[],"class_list":{"0":"post-229626","1":"post","2":"type-post","3":"status-publish","4":"format-standard","5":"has-post-thumbnail","7":"category-novi-pazar","8":"category-sjenica","9":"category-crna_hronika","10":"category-vazno"},"yoast_head":"<!-- This site is optimized with the Yoast SEO Premium plugin v23.1 (Yoast SEO v24.9) - https:\/\/yoast.com\/wordpress\/plugins\/seo\/ -->\n<title>Uhap\u0161en kradljivac bicikala<\/title>\n<meta name=\"robots\" content=\"index, follow, max-snippet:-1, max-image-preview:large, max-video-preview:-1\" \/>\n<link rel=\"canonical\" href=\"https:\/\/sandzakpress.net\/arhiva\/uhapsen-kradljivac-bicikala\/\" \/>\n<meta property=\"og:locale\" content=\"bs_BA\" \/>\n<meta property=\"og:type\" content=\"article\" \/>\n<meta property=\"og:title\" content=\"Uhap\u0161en kradljivac bicikala\" \/>\n<meta property=\"og:description\" content=\"Novopazarska policija uhapsila je E.H. (30) iz Sjenice osumnji\u010denog da je po\u010dinio tri kra\u0111e, saop\u0161tila je danas Policijska uprava. \u201cSumnja se da je on u prethodnom periodu na teritoriji Novog Pazara ukrao dva bicikla, kao i da je ispred jedne vikendice u okolini ovog grada ukrao muzi\u010dku liniju, jaknu i patike\u201d, navodi se u saop\u0161tenju. [&hellip;]\" \/>\n<meta property=\"og:url\" content=\"https:\/\/sandzakpress.net\/arhiva\/uhapsen-kradljivac-bicikala\/\" \/>\n<meta property=\"og:site_name\" content=\"Sand\u017eak PRESS\" \/>\n<meta property=\"article:published_time\" content=\"2019-10-19T11:34:54+00:00\" \/>\n<meta property=\"og:image\" content=\"https:\/\/sandzakpress.net\/arhiva\/wp-content\/uploads\/2019\/10\/hapsenje_lisice.jpg\" \/>\n\t<meta property=\"og:image:width\" content=\"480\" \/>\n\t<meta property=\"og:image:height\" content=\"270\" \/>\n\t<meta property=\"og:image:type\" content=\"image\/jpeg\" \/>\n<meta name=\"author\" content=\"Agencija\" \/>\n<meta name=\"twitter:card\" content=\"summary_large_image\" \/>\n<meta name=\"twitter:label1\" content=\"Written by\" \/>\n\t<meta name=\"twitter:data1\" content=\"Agencija\" \/>\n<script type=\"application\/ld+json\" class=\"yoast-schema-graph\">{\"@context\":\"https:\/\/schema.org\",\"@graph\":[{\"@type\":\"Article\",\"@id\":\"https:\/\/sandzakpress.net\/arhiva\/uhapsen-kradljivac-bicikala\/#article\",\"isPartOf\":{\"@id\":\"https:\/\/sandzakpress.net\/arhiva\/uhapsen-kradljivac-bicikala\/\"},\"author\":{\"name\":\"Agencija\",\"@id\":\"https:\/\/sandzakpress.net\/arhiva\/#\/schema\/person\/cb59d7e3ab91ab90dd680ad0305a6185\"},\"headline\":\"Uhap\u0161en kradljivac bicikala\",\"datePublished\":\"2019-10-19T11:34:54+00:00\",\"mainEntityOfPage\":{\"@id\":\"https:\/\/sandzakpress.net\/arhiva\/uhapsen-kradljivac-bicikala\/\"},\"wordCount\":80,\"commentCount\":0,\"publisher\":{\"@id\":\"https:\/\/sandzakpress.net\/arhiva\/#\/schema\/person\/6e72b67d6e51910a1117b3b483ba20bd\"},\"image\":{\"@id\":\"https:\/\/sandzakpress.net\/arhiva\/uhapsen-kradljivac-bicikala\/#primaryimage\"},\"thumbnailUrl\":\"https:\/\/sandzakpress.net\/arhiva\/wp-content\/uploads\/2019\/10\/hapsenje_lisice.jpg\",\"articleSection\":[\"Novi Pazar\",\"Sjenica\",\"Hronika\",\"VA\u017dNO!\"],\"inLanguage\":\"bs-BA\",\"potentialAction\":[{\"@type\":\"CommentAction\",\"name\":\"Comment\",\"target\":[\"https:\/\/sandzakpress.net\/arhiva\/uhapsen-kradljivac-bicikala\/#respond\"]}]},{\"@type\":\"WebPage\",\"@id\":\"https:\/\/sandzakpress.net\/arhiva\/uhapsen-kradljivac-bicikala\/\",\"url\":\"https:\/\/sandzakpress.net\/arhiva\/uhapsen-kradljivac-bicikala\/\",\"name\":\"Uhap\u0161en kradljivac bicikala\",\"isPartOf\":{\"@id\":\"https:\/\/sandzakpress.net\/arhiva\/#website\"},\"primaryImageOfPage\":{\"@id\":\"https:\/\/sandzakpress.net\/arhiva\/uhapsen-kradljivac-bicikala\/#primaryimage\"},\"image\":{\"@id\":\"https:\/\/sandzakpress.net\/arhiva\/uhapsen-kradljivac-bicikala\/#primaryimage\"},\"thumbnailUrl\":\"https:\/\/sandzakpress.net\/arhiva\/wp-content\/uploads\/2019\/10\/hapsenje_lisice.jpg\",\"datePublished\":\"2019-10-19T11:34:54+00:00\",\"breadcrumb\":{\"@id\":\"https:\/\/sandzakpress.net\/arhiva\/uhapsen-kradljivac-bicikala\/#breadcrumb\"},\"inLanguage\":\"bs-BA\",\"potentialAction\":[{\"@type\":\"ReadAction\",\"target\":[\"https:\/\/sandzakpress.net\/arhiva\/uhapsen-kradljivac-bicikala\/\"]}]},{\"@type\":\"ImageObject\",\"inLanguage\":\"bs-BA\",\"@id\":\"https:\/\/sandzakpress.net\/arhiva\/uhapsen-kradljivac-bicikala\/#primaryimage\",\"url\":\"https:\/\/sandzakpress.net\/arhiva\/wp-content\/uploads\/2019\/10\/hapsenje_lisice.jpg\",\"contentUrl\":\"https:\/\/sandzakpress.net\/arhiva\/wp-content\/uploads\/2019\/10\/hapsenje_lisice.jpg\",\"width\":480,\"height\":270},{\"@type\":\"BreadcrumbList\",\"@id\":\"https:\/\/sandzakpress.net\/arhiva\/uhapsen-kradljivac-bicikala\/#breadcrumb\",\"itemListElement\":[{\"@type\":\"ListItem\",\"position\":1,\"name\":\"Home\",\"item\":\"https:\/\/sandzakpress.net\/arhiva\/\"},{\"@type\":\"ListItem\",\"position\":2,\"name\":\"Uhap\u0161en kradljivac bicikala\"}]},{\"@type\":\"WebSite\",\"@id\":\"https:\/\/sandzakpress.net\/arhiva\/#website\",\"url\":\"https:\/\/sandzakpress.net\/arhiva\/\",\"name\":\"Sand\u017eak PRESS\",\"description\":\"Prve elektronske novine u Sand\u017eaku\",\"publisher\":{\"@id\":\"https:\/\/sandzakpress.net\/arhiva\/#\/schema\/person\/6e72b67d6e51910a1117b3b483ba20bd\"},\"potentialAction\":[{\"@type\":\"SearchAction\",\"target\":{\"@type\":\"EntryPoint\",\"urlTemplate\":\"https:\/\/sandzakpress.net\/arhiva\/?s={search_term_string}\"},\"query-input\":{\"@type\":\"PropertyValueSpecification\",\"valueRequired\":true,\"valueName\":\"search_term_string\"}}],\"inLanguage\":\"bs-BA\"},{\"@type\":[\"Person\",\"Organization\"],\"@id\":\"https:\/\/sandzakpress.net\/arhiva\/#\/schema\/person\/6e72b67d6e51910a1117b3b483ba20bd\",\"name\":\"Kul\",\"image\":{\"@type\":\"ImageObject\",\"inLanguage\":\"bs-BA\",\"@id\":\"https:\/\/sandzakpress.net\/arhiva\/#\/schema\/person\/image\/\",\"url\":\"https:\/\/secure.gravatar.com\/avatar\/42263f39aa27ac04c43cab85c280eb2e?s=96&d=mm&r=pg\",\"contentUrl\":\"https:\/\/secure.gravatar.com\/avatar\/42263f39aa27ac04c43cab85c280eb2e?s=96&d=mm&r=pg\",\"caption\":\"Kul\"},\"logo\":{\"@id\":\"https:\/\/sandzakpress.net\/arhiva\/#\/schema\/person\/image\/\"}},{\"@type\":\"Person\",\"@id\":\"https:\/\/sandzakpress.net\/arhiva\/#\/schema\/person\/cb59d7e3ab91ab90dd680ad0305a6185\",\"name\":\"Agencija\",\"image\":{\"@type\":\"ImageObject\",\"inLanguage\":\"bs-BA\",\"@id\":\"https:\/\/sandzakpress.net\/arhiva\/#\/schema\/person\/image\/\",\"url\":\"https:\/\/secure.gravatar.com\/avatar\/4b7fafa80a22f0c2afe23966b3961fe0?s=96&d=mm&r=pg\",\"contentUrl\":\"https:\/\/secure.gravatar.com\/avatar\/4b7fafa80a22f0c2afe23966b3961fe0?s=96&d=mm&r=pg\",\"caption\":\"Agencija\"},\"url\":\"https:\/\/sandzakpress.net\/arhiva\/author\/agencija\/\"}]}<\/script>\n<!-- \/ Yoast SEO Premium plugin. -->","yoast_head_json":{"title":"Uhap\u0161en kradljivac bicikala","robots":{"index":"index","follow":"follow","max-snippet":"max-snippet:-1","max-image-preview":"max-image-preview:large","max-video-preview":"max-video-preview:-1"},"canonical":"https:\/\/sandzakpress.net\/arhiva\/uhapsen-kradljivac-bicikala\/","og_locale":"bs_BA","og_type":"article","og_title":"Uhap\u0161en kradljivac bicikala","og_description":"Novopazarska policija uhapsila je E.H. (30) iz Sjenice osumnji\u010denog da je po\u010dinio tri kra\u0111e, saop\u0161tila je danas Policijska uprava. \u201cSumnja se da je on u prethodnom periodu na teritoriji Novog Pazara ukrao dva bicikla, kao i da je ispred jedne vikendice u okolini ovog grada ukrao muzi\u010dku liniju, jaknu i patike\u201d, navodi se u saop\u0161tenju. [&hellip;]","og_url":"https:\/\/sandzakpress.net\/arhiva\/uhapsen-kradljivac-bicikala\/","og_site_name":"Sand\u017eak PRESS","article_published_time":"2019-10-19T11:34:54+00:00","og_image":[{"width":480,"height":270,"url":"https:\/\/sandzakpress.net\/arhiva\/wp-content\/uploads\/2019\/10\/hapsenje_lisice.jpg","type":"image\/jpeg"}],"author":"Agencija","twitter_card":"summary_large_image","twitter_misc":{"Written by":"Agencija"},"schema":{"@context":"https:\/\/schema.org","@graph":[{"@type":"Article","@id":"https:\/\/sandzakpress.net\/arhiva\/uhapsen-kradljivac-bicikala\/#article","isPartOf":{"@id":"https:\/\/sandzakpress.net\/arhiva\/uhapsen-kradljivac-bicikala\/"},"author":{"name":"Agencija","@id":"https:\/\/sandzakpress.net\/arhiva\/#\/schema\/person\/cb59d7e3ab91ab90dd680ad0305a6185"},"headline":"Uhap\u0161en kradljivac bicikala","datePublished":"2019-10-19T11:34:54+00:00","mainEntityOfPage":{"@id":"https:\/\/sandzakpress.net\/arhiva\/uhapsen-kradljivac-bicikala\/"},"wordCount":80,"commentCount":0,"publisher":{"@id":"https:\/\/sandzakpress.net\/arhiva\/#\/schema\/person\/6e72b67d6e51910a1117b3b483ba20bd"},"image":{"@id":"https:\/\/sandzakpress.net\/arhiva\/uhapsen-kradljivac-bicikala\/#primaryimage"},"thumbnailUrl":"https:\/\/sandzakpress.net\/arhiva\/wp-content\/uploads\/2019\/10\/hapsenje_lisice.jpg","articleSection":["Novi Pazar","Sjenica","Hronika","VA\u017dNO!"],"inLanguage":"bs-BA","potentialAction":[{"@type":"CommentAction","name":"Comment","target":["https:\/\/sandzakpress.net\/arhiva\/uhapsen-kradljivac-bicikala\/#respond"]}]},{"@type":"WebPage","@id":"https:\/\/sandzakpress.net\/arhiva\/uhapsen-kradljivac-bicikala\/","url":"https:\/\/sandzakpress.net\/arhiva\/uhapsen-kradljivac-bicikala\/","name":"Uhap\u0161en kradljivac bicikala","isPartOf":{"@id":"https:\/\/sandzakpress.net\/arhiva\/#website"},"primaryImageOfPage":{"@id":"https:\/\/sandzakpress.net\/arhiva\/uhapsen-kradljivac-bicikala\/#primaryimage"},"image":{"@id":"https:\/\/sandzakpress.net\/arhiva\/uhapsen-kradljivac-bicikala\/#primaryimage"},"thumbnailUrl":"https:\/\/sandzakpress.net\/arhiva\/wp-content\/uploads\/2019\/10\/hapsenje_lisice.jpg","datePublished":"2019-10-19T11:34:54+00:00","breadcrumb":{"@id":"https:\/\/sandzakpress.net\/arhiva\/uhapsen-kradljivac-bicikala\/#breadcrumb"},"inLanguage":"bs-BA","potentialAction":[{"@type":"ReadAction","target":["https:\/\/sandzakpress.net\/arhiva\/uhapsen-kradljivac-bicikala\/"]}]},{"@type":"ImageObject","inLanguage":"bs-BA","@id":"https:\/\/sandzakpress.net\/arhiva\/uhapsen-kradljivac-bicikala\/#primaryimage","url":"https:\/\/sandzakpress.net\/arhiva\/wp-content\/uploads\/2019\/10\/hapsenje_lisice.jpg","contentUrl":"https:\/\/sandzakpress.net\/arhiva\/wp-content\/uploads\/2019\/10\/hapsenje_lisice.jpg","width":480,"height":270},{"@type":"BreadcrumbList","@id":"https:\/\/sandzakpress.net\/arhiva\/uhapsen-kradljivac-bicikala\/#breadcrumb","itemListElement":[{"@type":"ListItem","position":1,"name":"Home","item":"https:\/\/sandzakpress.net\/arhiva\/"},{"@type":"ListItem","position":2,"name":"Uhap\u0161en kradljivac bicikala"}]},{"@type":"WebSite","@id":"https:\/\/sandzakpress.net\/arhiva\/#website","url":"https:\/\/sandzakpress.net\/arhiva\/","name":"Sand\u017eak PRESS","description":"Prve elektronske novine u Sand\u017eaku","publisher":{"@id":"https:\/\/sandzakpress.net\/arhiva\/#\/schema\/person\/6e72b67d6e51910a1117b3b483ba20bd"},"potentialAction":[{"@type":"SearchAction","target":{"@type":"EntryPoint","urlTemplate":"https:\/\/sandzakpress.net\/arhiva\/?s={search_term_string}"},"query-input":{"@type":"PropertyValueSpecification","valueRequired":true,"valueName":"search_term_string"}}],"inLanguage":"bs-BA"},{"@type":["Person","Organization"],"@id":"https:\/\/sandzakpress.net\/arhiva\/#\/schema\/person\/6e72b67d6e51910a1117b3b483ba20bd","name":"Kul","image":{"@type":"ImageObject","inLanguage":"bs-BA","@id":"https:\/\/sandzakpress.net\/arhiva\/#\/schema\/person\/image\/","url":"https:\/\/secure.gravatar.com\/avatar\/42263f39aa27ac04c43cab85c280eb2e?s=96&d=mm&r=pg","contentUrl":"https:\/\/secure.gravatar.com\/avatar\/42263f39aa27ac04c43cab85c280eb2e?s=96&d=mm&r=pg","caption":"Kul"},"logo":{"@id":"https:\/\/sandzakpress.net\/arhiva\/#\/schema\/person\/image\/"}},{"@type":"Person","@id":"https:\/\/sandzakpress.net\/arhiva\/#\/schema\/person\/cb59d7e3ab91ab90dd680ad0305a6185","name":"Agencija","image":{"@type":"ImageObject","inLanguage":"bs-BA","@id":"https:\/\/sandzakpress.net\/arhiva\/#\/schema\/person\/image\/","url":"https:\/\/secure.gravatar.com\/avatar\/4b7fafa80a22f0c2afe23966b3961fe0?s=96&d=mm&r=pg","contentUrl":"https:\/\/secure.gravatar.com\/avatar\/4b7fafa80a22f0c2afe23966b3961fe0?s=96&d=mm&r=pg","caption":"Agencija"},"url":"https:\/\/sandzakpress.net\/arhiva\/author\/agencija\/"}]}},"_links":{"self":[{"href":"https:\/\/sandzakpress.net\/arhiva\/wp-json\/wp\/v2\/posts\/229626"}],"collection":[{"href":"https:\/\/sandzakpress.net\/arhiva\/wp-json\/wp\/v2\/posts"}],"about":[{"href":"https:\/\/sandzakpress.net\/arhiva\/wp-json\/wp\/v2\/types\/post"}],"author":[{"embeddable":true,"href":"https:\/\/sandzakpress.net\/arhiva\/wp-json\/wp\/v2\/users\/509"}],"replies":[{"embeddable":true,"href":"https:\/\/sandzakpress.net\/arhiva\/wp-json\/wp\/v2\/comments?post=229626"}],"version-history":[{"count":0,"href":"https:\/\/sandzakpress.net\/arhiva\/wp-json\/wp\/v2\/posts\/229626\/revisions"}],"wp:featuredmedia":[{"embeddable":true,"href":"https:\/\/sandzakpress.net\/arhiva\/wp-json\/wp\/v2\/media\/229627"}],"wp:attachment":[{"href":"https:\/\/sandzakpress.net\/arhiva\/wp-json\/wp\/v2\/media?parent=229626"}],"wp:term":[{"taxonomy":"category","embeddable":true,"href":"https:\/\/sandzakpress.net\/arhiva\/wp-json\/wp\/v2\/categories?post=229626"},{"taxonomy":"post_tag","embeddable":true,"href":"https:\/\/sandzakpress.net\/arhiva\/wp-json\/wp\/v2\/tags?post=229626"}],"curies":[{"name":"wp","href":"https:\/\/api.w.org\/{rel}","templated":true}]}}