{"id":229588,"date":"2019-10-18T12:15:18","date_gmt":"2019-10-18T10:15:18","guid":{"rendered":"https:\/\/sandzakpress.net\/arhiva\/?p=229588"},"modified":"2019-10-18T12:15:18","modified_gmt":"2019-10-18T10:15:18","slug":"zukorlic-spahic-je-clan-kos-a-koji-udara-na-ugled-i-dostojanstvo-bosnjaka","status":"publish","type":"post","link":"https:\/\/sandzakpress.net\/arhiva\/zukorlic-spahic-je-clan-kos-a-koji-udara-na-ugled-i-dostojanstvo-bosnjaka\/","title":{"rendered":"Zukorli\u0107: Spahi\u0107 je \u010dlan KOS-a koji udara na ugled i dostojanstvo Bo\u0161njaka"},"content":{"rendered":"<p><img loading=\"lazy\" decoding=\"async\" class=\"size-full wp-image-229592 aligncenter\" src=\"https:\/\/sandzakpress.net\/arhiva\/wp-content\/uploads\/2019\/10\/71704890_10156398832006697_8583106229654519808_n.jpg\" alt=\"\" width=\"821\" height=\"805\" srcset=\"https:\/\/sandzakpress.net\/arhiva\/wp-content\/uploads\/2019\/10\/71704890_10156398832006697_8583106229654519808_n.jpg 821w, https:\/\/sandzakpress.net\/arhiva\/wp-content\/uploads\/2019\/10\/71704890_10156398832006697_8583106229654519808_n-768x753.jpg 768w, https:\/\/sandzakpress.net\/arhiva\/wp-content\/uploads\/2019\/10\/71704890_10156398832006697_8583106229654519808_n-616x604.jpg 616w, https:\/\/sandzakpress.net\/arhiva\/wp-content\/uploads\/2019\/10\/71704890_10156398832006697_8583106229654519808_n-64x64.jpg 64w\" sizes=\"(max-width: 821px) 100vw, 821px\" \/><\/p>\n<p><strong>Reagiraju\u0107i na intervju Mustafe-Mujkija Spahi\u0107a objavljenog u dana\u0161njem BH listu &#8220;Oslobo\u0111enje&#8221; u kojem je iznio niz optu\u017ebi i uvreda na ra\u010dun li\u010dnosti i porodice muftije akademika Muamera Zukorli\u0107a, na svom Facebook profilu akademik Zukorli\u0107 je odgovorio informacijom da je Spahi\u0107 \u010dlan Kontraobave\u0161tajne slu\u017ebe (KOS) koji udara na ugled i dostojanstvo svakog Bo\u0161njaka koji se usudi da iza\u0111e iz prosje\u010dnosti a nije u njihovoj slu\u017ebi.<\/strong><\/p>\n<p>&#8220;Mustafa Spahi\u0107-Mujki je \u010dlan grupe Fikreta Muslimovi\u0107a oficira KOS-a koja godinama uspje\u0161no nagriza bo\u0161nja\u010dko i bosansko tkivo sa fokusom na ru\u0161enje ugleda i dostojanstva svakog Bo\u0161njaka koji se usudi da iza\u0111e iz prosje\u010dnosti, a nije u njihovoj slu\u017ebi. Sada su dobili zadatak da brutalnim bla\u0107enjem umanje zna\u010daj efekata moje kandidature za reisu-l-ulemu tokom koje je predstavljen program razvoja Islamske zajednice za 21. stolje\u0107e. Zamislite taj Mujki se predstavlja kao \u201cveliki alim\u201d a \u201cne zna\u201d da je manji grijeh sru\u0161iti Kabu nego skrnaviti dostojanstvo \u010dovjeka. Vidi Allah d\u0161.\u0161. Poslanik s.a.w.s. i vjernici.&#8221; kazao je muftija Zukorli\u0107.<\/p>\n<p>Izvor: SANA<\/p>\n","protected":false},"excerpt":{"rendered":"<p>Reagiraju\u0107i na intervju Mustafe-Mujkija Spahi\u0107a objavljenog u dana\u0161njem BH listu &#8220;Oslobo\u0111enje&#8221; u kojem je iznio niz optu\u017ebi i uvreda na ra\u010dun li\u010dnosti i porodice muftije akademika Muamera Zukorli\u0107a, na svom Facebook profilu akademik Zukorli\u0107 je odgovorio informacijom da je Spahi\u0107 \u010dlan Kontraobave\u0161tajne slu\u017ebe (KOS) koji udara na ugled i dostojanstvo svakog Bo\u0161njaka koji se usudi [&hellip;]<\/p>\n","protected":false},"author":509,"featured_media":229591,"comment_status":"open","ping_status":"open","sticky":false,"template":"","format":"standard","meta":{"footnotes":""},"categories":[72,5,8957],"tags":[10204],"class_list":{"0":"post-229588","1":"post","2":"type-post","3":"status-publish","4":"format-standard","5":"has-post-thumbnail","7":"category-novi-pazar","8":"category-drustvo","9":"category-vijesti-dana","10":"tag-muftija-muamer-zukorlic"},"yoast_head":"<!-- This site is optimized with the Yoast SEO Premium plugin v23.1 (Yoast SEO v24.9) - https:\/\/yoast.com\/wordpress\/plugins\/seo\/ -->\n<title>Zukorli\u0107: Spahi\u0107 je \u010dlan KOS-a koji udara na ugled i dostojanstvo Bo\u0161njaka<\/title>\n<meta name=\"robots\" content=\"index, follow, max-snippet:-1, max-image-preview:large, max-video-preview:-1\" \/>\n<link rel=\"canonical\" href=\"https:\/\/sandzakpress.net\/arhiva\/zukorlic-spahic-je-clan-kos-a-koji-udara-na-ugled-i-dostojanstvo-bosnjaka\/\" \/>\n<meta property=\"og:locale\" content=\"bs_BA\" \/>\n<meta property=\"og:type\" content=\"article\" \/>\n<meta property=\"og:title\" content=\"Zukorli\u0107: Spahi\u0107 je \u010dlan KOS-a koji udara na ugled i dostojanstvo Bo\u0161njaka\" \/>\n<meta property=\"og:description\" content=\"Reagiraju\u0107i na intervju Mustafe-Mujkija Spahi\u0107a objavljenog u dana\u0161njem BH listu &#8220;Oslobo\u0111enje&#8221; u kojem je iznio niz optu\u017ebi i uvreda na ra\u010dun li\u010dnosti i porodice muftije akademika Muamera Zukorli\u0107a, na svom Facebook profilu akademik Zukorli\u0107 je odgovorio informacijom da je Spahi\u0107 \u010dlan Kontraobave\u0161tajne slu\u017ebe (KOS) koji udara na ugled i dostojanstvo svakog Bo\u0161njaka koji se usudi [&hellip;]\" \/>\n<meta property=\"og:url\" content=\"https:\/\/sandzakpress.net\/arhiva\/zukorlic-spahic-je-clan-kos-a-koji-udara-na-ugled-i-dostojanstvo-bosnjaka\/\" \/>\n<meta property=\"og:site_name\" content=\"Sand\u017eak PRESS\" \/>\n<meta property=\"article:published_time\" content=\"2019-10-18T10:15:18+00:00\" \/>\n<meta property=\"og:image\" content=\"https:\/\/sandzakpress.net\/arhiva\/wp-content\/uploads\/2019\/10\/istk.jpg\" \/>\n\t<meta property=\"og:image:width\" content=\"821\" \/>\n\t<meta property=\"og:image:height\" content=\"533\" \/>\n\t<meta property=\"og:image:type\" content=\"image\/jpeg\" \/>\n<meta name=\"author\" content=\"Agencija\" \/>\n<meta name=\"twitter:card\" content=\"summary_large_image\" \/>\n<meta name=\"twitter:label1\" content=\"Written by\" \/>\n\t<meta name=\"twitter:data1\" content=\"Agencija\" \/>\n\t<meta name=\"twitter:label2\" content=\"Est. reading time\" \/>\n\t<meta name=\"twitter:data2\" content=\"1 minuta\" \/>\n<script type=\"application\/ld+json\" class=\"yoast-schema-graph\">{\"@context\":\"https:\/\/schema.org\",\"@graph\":[{\"@type\":\"Article\",\"@id\":\"https:\/\/sandzakpress.net\/arhiva\/zukorlic-spahic-je-clan-kos-a-koji-udara-na-ugled-i-dostojanstvo-bosnjaka\/#article\",\"isPartOf\":{\"@id\":\"https:\/\/sandzakpress.net\/arhiva\/zukorlic-spahic-je-clan-kos-a-koji-udara-na-ugled-i-dostojanstvo-bosnjaka\/\"},\"author\":{\"name\":\"Agencija\",\"@id\":\"https:\/\/sandzakpress.net\/arhiva\/#\/schema\/person\/cb59d7e3ab91ab90dd680ad0305a6185\"},\"headline\":\"Zukorli\u0107: Spahi\u0107 je \u010dlan KOS-a koji udara na ugled i dostojanstvo Bo\u0161njaka\",\"datePublished\":\"2019-10-18T10:15:18+00:00\",\"mainEntityOfPage\":{\"@id\":\"https:\/\/sandzakpress.net\/arhiva\/zukorlic-spahic-je-clan-kos-a-koji-udara-na-ugled-i-dostojanstvo-bosnjaka\/\"},\"wordCount\":204,\"commentCount\":13,\"publisher\":{\"@id\":\"https:\/\/sandzakpress.net\/arhiva\/#\/schema\/person\/6e72b67d6e51910a1117b3b483ba20bd\"},\"image\":{\"@id\":\"https:\/\/sandzakpress.net\/arhiva\/zukorlic-spahic-je-clan-kos-a-koji-udara-na-ugled-i-dostojanstvo-bosnjaka\/#primaryimage\"},\"thumbnailUrl\":\"https:\/\/sandzakpress.net\/arhiva\/wp-content\/uploads\/2019\/10\/istk.jpg\",\"keywords\":[\"muftija Muamer Zukorli\u0107\"],\"articleSection\":[\"Novi Pazar\",\"Dru\u0161tvo\",\"VIJESTI DANA\"],\"inLanguage\":\"bs-BA\",\"potentialAction\":[{\"@type\":\"CommentAction\",\"name\":\"Comment\",\"target\":[\"https:\/\/sandzakpress.net\/arhiva\/zukorlic-spahic-je-clan-kos-a-koji-udara-na-ugled-i-dostojanstvo-bosnjaka\/#respond\"]}]},{\"@type\":\"WebPage\",\"@id\":\"https:\/\/sandzakpress.net\/arhiva\/zukorlic-spahic-je-clan-kos-a-koji-udara-na-ugled-i-dostojanstvo-bosnjaka\/\",\"url\":\"https:\/\/sandzakpress.net\/arhiva\/zukorlic-spahic-je-clan-kos-a-koji-udara-na-ugled-i-dostojanstvo-bosnjaka\/\",\"name\":\"Zukorli\u0107: Spahi\u0107 je \u010dlan KOS-a koji udara na ugled i dostojanstvo Bo\u0161njaka\",\"isPartOf\":{\"@id\":\"https:\/\/sandzakpress.net\/arhiva\/#website\"},\"primaryImageOfPage\":{\"@id\":\"https:\/\/sandzakpress.net\/arhiva\/zukorlic-spahic-je-clan-kos-a-koji-udara-na-ugled-i-dostojanstvo-bosnjaka\/#primaryimage\"},\"image\":{\"@id\":\"https:\/\/sandzakpress.net\/arhiva\/zukorlic-spahic-je-clan-kos-a-koji-udara-na-ugled-i-dostojanstvo-bosnjaka\/#primaryimage\"},\"thumbnailUrl\":\"https:\/\/sandzakpress.net\/arhiva\/wp-content\/uploads\/2019\/10\/istk.jpg\",\"datePublished\":\"2019-10-18T10:15:18+00:00\",\"breadcrumb\":{\"@id\":\"https:\/\/sandzakpress.net\/arhiva\/zukorlic-spahic-je-clan-kos-a-koji-udara-na-ugled-i-dostojanstvo-bosnjaka\/#breadcrumb\"},\"inLanguage\":\"bs-BA\",\"potentialAction\":[{\"@type\":\"ReadAction\",\"target\":[\"https:\/\/sandzakpress.net\/arhiva\/zukorlic-spahic-je-clan-kos-a-koji-udara-na-ugled-i-dostojanstvo-bosnjaka\/\"]}]},{\"@type\":\"ImageObject\",\"inLanguage\":\"bs-BA\",\"@id\":\"https:\/\/sandzakpress.net\/arhiva\/zukorlic-spahic-je-clan-kos-a-koji-udara-na-ugled-i-dostojanstvo-bosnjaka\/#primaryimage\",\"url\":\"https:\/\/sandzakpress.net\/arhiva\/wp-content\/uploads\/2019\/10\/istk.jpg\",\"contentUrl\":\"https:\/\/sandzakpress.net\/arhiva\/wp-content\/uploads\/2019\/10\/istk.jpg\",\"width\":821,\"height\":533},{\"@type\":\"BreadcrumbList\",\"@id\":\"https:\/\/sandzakpress.net\/arhiva\/zukorlic-spahic-je-clan-kos-a-koji-udara-na-ugled-i-dostojanstvo-bosnjaka\/#breadcrumb\",\"itemListElement\":[{\"@type\":\"ListItem\",\"position\":1,\"name\":\"Home\",\"item\":\"https:\/\/sandzakpress.net\/arhiva\/\"},{\"@type\":\"ListItem\",\"position\":2,\"name\":\"Zukorli\u0107: Spahi\u0107 je \u010dlan KOS-a koji udara na ugled i dostojanstvo Bo\u0161njaka\"}]},{\"@type\":\"WebSite\",\"@id\":\"https:\/\/sandzakpress.net\/arhiva\/#website\",\"url\":\"https:\/\/sandzakpress.net\/arhiva\/\",\"name\":\"Sand\u017eak PRESS\",\"description\":\"Prve elektronske novine u Sand\u017eaku\",\"publisher\":{\"@id\":\"https:\/\/sandzakpress.net\/arhiva\/#\/schema\/person\/6e72b67d6e51910a1117b3b483ba20bd\"},\"potentialAction\":[{\"@type\":\"SearchAction\",\"target\":{\"@type\":\"EntryPoint\",\"urlTemplate\":\"https:\/\/sandzakpress.net\/arhiva\/?s={search_term_string}\"},\"query-input\":{\"@type\":\"PropertyValueSpecification\",\"valueRequired\":true,\"valueName\":\"search_term_string\"}}],\"inLanguage\":\"bs-BA\"},{\"@type\":[\"Person\",\"Organization\"],\"@id\":\"https:\/\/sandzakpress.net\/arhiva\/#\/schema\/person\/6e72b67d6e51910a1117b3b483ba20bd\",\"name\":\"Kul\",\"image\":{\"@type\":\"ImageObject\",\"inLanguage\":\"bs-BA\",\"@id\":\"https:\/\/sandzakpress.net\/arhiva\/#\/schema\/person\/image\/\",\"url\":\"https:\/\/secure.gravatar.com\/avatar\/42263f39aa27ac04c43cab85c280eb2e?s=96&d=mm&r=pg\",\"contentUrl\":\"https:\/\/secure.gravatar.com\/avatar\/42263f39aa27ac04c43cab85c280eb2e?s=96&d=mm&r=pg\",\"caption\":\"Kul\"},\"logo\":{\"@id\":\"https:\/\/sandzakpress.net\/arhiva\/#\/schema\/person\/image\/\"}},{\"@type\":\"Person\",\"@id\":\"https:\/\/sandzakpress.net\/arhiva\/#\/schema\/person\/cb59d7e3ab91ab90dd680ad0305a6185\",\"name\":\"Agencija\",\"image\":{\"@type\":\"ImageObject\",\"inLanguage\":\"bs-BA\",\"@id\":\"https:\/\/sandzakpress.net\/arhiva\/#\/schema\/person\/image\/\",\"url\":\"https:\/\/secure.gravatar.com\/avatar\/4b7fafa80a22f0c2afe23966b3961fe0?s=96&d=mm&r=pg\",\"contentUrl\":\"https:\/\/secure.gravatar.com\/avatar\/4b7fafa80a22f0c2afe23966b3961fe0?s=96&d=mm&r=pg\",\"caption\":\"Agencija\"},\"url\":\"https:\/\/sandzakpress.net\/arhiva\/author\/agencija\/\"}]}<\/script>\n<!-- \/ Yoast SEO Premium plugin. -->","yoast_head_json":{"title":"Zukorli\u0107: Spahi\u0107 je \u010dlan KOS-a koji udara na ugled i dostojanstvo Bo\u0161njaka","robots":{"index":"index","follow":"follow","max-snippet":"max-snippet:-1","max-image-preview":"max-image-preview:large","max-video-preview":"max-video-preview:-1"},"canonical":"https:\/\/sandzakpress.net\/arhiva\/zukorlic-spahic-je-clan-kos-a-koji-udara-na-ugled-i-dostojanstvo-bosnjaka\/","og_locale":"bs_BA","og_type":"article","og_title":"Zukorli\u0107: Spahi\u0107 je \u010dlan KOS-a koji udara na ugled i dostojanstvo Bo\u0161njaka","og_description":"Reagiraju\u0107i na intervju Mustafe-Mujkija Spahi\u0107a objavljenog u dana\u0161njem BH listu &#8220;Oslobo\u0111enje&#8221; u kojem je iznio niz optu\u017ebi i uvreda na ra\u010dun li\u010dnosti i porodice muftije akademika Muamera Zukorli\u0107a, na svom Facebook profilu akademik Zukorli\u0107 je odgovorio informacijom da je Spahi\u0107 \u010dlan Kontraobave\u0161tajne slu\u017ebe (KOS) koji udara na ugled i dostojanstvo svakog Bo\u0161njaka koji se usudi [&hellip;]","og_url":"https:\/\/sandzakpress.net\/arhiva\/zukorlic-spahic-je-clan-kos-a-koji-udara-na-ugled-i-dostojanstvo-bosnjaka\/","og_site_name":"Sand\u017eak PRESS","article_published_time":"2019-10-18T10:15:18+00:00","og_image":[{"width":821,"height":533,"url":"https:\/\/sandzakpress.net\/arhiva\/wp-content\/uploads\/2019\/10\/istk.jpg","type":"image\/jpeg"}],"author":"Agencija","twitter_card":"summary_large_image","twitter_misc":{"Written by":"Agencija","Est. reading time":"1 minuta"},"schema":{"@context":"https:\/\/schema.org","@graph":[{"@type":"Article","@id":"https:\/\/sandzakpress.net\/arhiva\/zukorlic-spahic-je-clan-kos-a-koji-udara-na-ugled-i-dostojanstvo-bosnjaka\/#article","isPartOf":{"@id":"https:\/\/sandzakpress.net\/arhiva\/zukorlic-spahic-je-clan-kos-a-koji-udara-na-ugled-i-dostojanstvo-bosnjaka\/"},"author":{"name":"Agencija","@id":"https:\/\/sandzakpress.net\/arhiva\/#\/schema\/person\/cb59d7e3ab91ab90dd680ad0305a6185"},"headline":"Zukorli\u0107: Spahi\u0107 je \u010dlan KOS-a koji udara na ugled i dostojanstvo Bo\u0161njaka","datePublished":"2019-10-18T10:15:18+00:00","mainEntityOfPage":{"@id":"https:\/\/sandzakpress.net\/arhiva\/zukorlic-spahic-je-clan-kos-a-koji-udara-na-ugled-i-dostojanstvo-bosnjaka\/"},"wordCount":204,"commentCount":13,"publisher":{"@id":"https:\/\/sandzakpress.net\/arhiva\/#\/schema\/person\/6e72b67d6e51910a1117b3b483ba20bd"},"image":{"@id":"https:\/\/sandzakpress.net\/arhiva\/zukorlic-spahic-je-clan-kos-a-koji-udara-na-ugled-i-dostojanstvo-bosnjaka\/#primaryimage"},"thumbnailUrl":"https:\/\/sandzakpress.net\/arhiva\/wp-content\/uploads\/2019\/10\/istk.jpg","keywords":["muftija Muamer Zukorli\u0107"],"articleSection":["Novi Pazar","Dru\u0161tvo","VIJESTI DANA"],"inLanguage":"bs-BA","potentialAction":[{"@type":"CommentAction","name":"Comment","target":["https:\/\/sandzakpress.net\/arhiva\/zukorlic-spahic-je-clan-kos-a-koji-udara-na-ugled-i-dostojanstvo-bosnjaka\/#respond"]}]},{"@type":"WebPage","@id":"https:\/\/sandzakpress.net\/arhiva\/zukorlic-spahic-je-clan-kos-a-koji-udara-na-ugled-i-dostojanstvo-bosnjaka\/","url":"https:\/\/sandzakpress.net\/arhiva\/zukorlic-spahic-je-clan-kos-a-koji-udara-na-ugled-i-dostojanstvo-bosnjaka\/","name":"Zukorli\u0107: Spahi\u0107 je \u010dlan KOS-a koji udara na ugled i dostojanstvo Bo\u0161njaka","isPartOf":{"@id":"https:\/\/sandzakpress.net\/arhiva\/#website"},"primaryImageOfPage":{"@id":"https:\/\/sandzakpress.net\/arhiva\/zukorlic-spahic-je-clan-kos-a-koji-udara-na-ugled-i-dostojanstvo-bosnjaka\/#primaryimage"},"image":{"@id":"https:\/\/sandzakpress.net\/arhiva\/zukorlic-spahic-je-clan-kos-a-koji-udara-na-ugled-i-dostojanstvo-bosnjaka\/#primaryimage"},"thumbnailUrl":"https:\/\/sandzakpress.net\/arhiva\/wp-content\/uploads\/2019\/10\/istk.jpg","datePublished":"2019-10-18T10:15:18+00:00","breadcrumb":{"@id":"https:\/\/sandzakpress.net\/arhiva\/zukorlic-spahic-je-clan-kos-a-koji-udara-na-ugled-i-dostojanstvo-bosnjaka\/#breadcrumb"},"inLanguage":"bs-BA","potentialAction":[{"@type":"ReadAction","target":["https:\/\/sandzakpress.net\/arhiva\/zukorlic-spahic-je-clan-kos-a-koji-udara-na-ugled-i-dostojanstvo-bosnjaka\/"]}]},{"@type":"ImageObject","inLanguage":"bs-BA","@id":"https:\/\/sandzakpress.net\/arhiva\/zukorlic-spahic-je-clan-kos-a-koji-udara-na-ugled-i-dostojanstvo-bosnjaka\/#primaryimage","url":"https:\/\/sandzakpress.net\/arhiva\/wp-content\/uploads\/2019\/10\/istk.jpg","contentUrl":"https:\/\/sandzakpress.net\/arhiva\/wp-content\/uploads\/2019\/10\/istk.jpg","width":821,"height":533},{"@type":"BreadcrumbList","@id":"https:\/\/sandzakpress.net\/arhiva\/zukorlic-spahic-je-clan-kos-a-koji-udara-na-ugled-i-dostojanstvo-bosnjaka\/#breadcrumb","itemListElement":[{"@type":"ListItem","position":1,"name":"Home","item":"https:\/\/sandzakpress.net\/arhiva\/"},{"@type":"ListItem","position":2,"name":"Zukorli\u0107: Spahi\u0107 je \u010dlan KOS-a koji udara na ugled i dostojanstvo Bo\u0161njaka"}]},{"@type":"WebSite","@id":"https:\/\/sandzakpress.net\/arhiva\/#website","url":"https:\/\/sandzakpress.net\/arhiva\/","name":"Sand\u017eak PRESS","description":"Prve elektronske novine u Sand\u017eaku","publisher":{"@id":"https:\/\/sandzakpress.net\/arhiva\/#\/schema\/person\/6e72b67d6e51910a1117b3b483ba20bd"},"potentialAction":[{"@type":"SearchAction","target":{"@type":"EntryPoint","urlTemplate":"https:\/\/sandzakpress.net\/arhiva\/?s={search_term_string}"},"query-input":{"@type":"PropertyValueSpecification","valueRequired":true,"valueName":"search_term_string"}}],"inLanguage":"bs-BA"},{"@type":["Person","Organization"],"@id":"https:\/\/sandzakpress.net\/arhiva\/#\/schema\/person\/6e72b67d6e51910a1117b3b483ba20bd","name":"Kul","image":{"@type":"ImageObject","inLanguage":"bs-BA","@id":"https:\/\/sandzakpress.net\/arhiva\/#\/schema\/person\/image\/","url":"https:\/\/secure.gravatar.com\/avatar\/42263f39aa27ac04c43cab85c280eb2e?s=96&d=mm&r=pg","contentUrl":"https:\/\/secure.gravatar.com\/avatar\/42263f39aa27ac04c43cab85c280eb2e?s=96&d=mm&r=pg","caption":"Kul"},"logo":{"@id":"https:\/\/sandzakpress.net\/arhiva\/#\/schema\/person\/image\/"}},{"@type":"Person","@id":"https:\/\/sandzakpress.net\/arhiva\/#\/schema\/person\/cb59d7e3ab91ab90dd680ad0305a6185","name":"Agencija","image":{"@type":"ImageObject","inLanguage":"bs-BA","@id":"https:\/\/sandzakpress.net\/arhiva\/#\/schema\/person\/image\/","url":"https:\/\/secure.gravatar.com\/avatar\/4b7fafa80a22f0c2afe23966b3961fe0?s=96&d=mm&r=pg","contentUrl":"https:\/\/secure.gravatar.com\/avatar\/4b7fafa80a22f0c2afe23966b3961fe0?s=96&d=mm&r=pg","caption":"Agencija"},"url":"https:\/\/sandzakpress.net\/arhiva\/author\/agencija\/"}]}},"_links":{"self":[{"href":"https:\/\/sandzakpress.net\/arhiva\/wp-json\/wp\/v2\/posts\/229588"}],"collection":[{"href":"https:\/\/sandzakpress.net\/arhiva\/wp-json\/wp\/v2\/posts"}],"about":[{"href":"https:\/\/sandzakpress.net\/arhiva\/wp-json\/wp\/v2\/types\/post"}],"author":[{"embeddable":true,"href":"https:\/\/sandzakpress.net\/arhiva\/wp-json\/wp\/v2\/users\/509"}],"replies":[{"embeddable":true,"href":"https:\/\/sandzakpress.net\/arhiva\/wp-json\/wp\/v2\/comments?post=229588"}],"version-history":[{"count":0,"href":"https:\/\/sandzakpress.net\/arhiva\/wp-json\/wp\/v2\/posts\/229588\/revisions"}],"wp:featuredmedia":[{"embeddable":true,"href":"https:\/\/sandzakpress.net\/arhiva\/wp-json\/wp\/v2\/media\/229591"}],"wp:attachment":[{"href":"https:\/\/sandzakpress.net\/arhiva\/wp-json\/wp\/v2\/media?parent=229588"}],"wp:term":[{"taxonomy":"category","embeddable":true,"href":"https:\/\/sandzakpress.net\/arhiva\/wp-json\/wp\/v2\/categories?post=229588"},{"taxonomy":"post_tag","embeddable":true,"href":"https:\/\/sandzakpress.net\/arhiva\/wp-json\/wp\/v2\/tags?post=229588"}],"curies":[{"name":"wp","href":"https:\/\/api.w.org\/{rel}","templated":true}]}}