{"id":229530,"date":"2019-10-17T11:19:38","date_gmt":"2019-10-17T09:19:38","guid":{"rendered":"https:\/\/sandzakpress.net\/arhiva\/?p=229530"},"modified":"2019-10-17T11:19:38","modified_gmt":"2019-10-17T09:19:38","slug":"konkurs-eu-pro-moja-evropska-zajednica","status":"publish","type":"post","link":"https:\/\/sandzakpress.net\/arhiva\/konkurs-eu-pro-moja-evropska-zajednica\/","title":{"rendered":"Konkurs EU PRO \u201eMoja evropska zajednica\u201c"},"content":{"rendered":"<p><img decoding=\"async\" src=\"http:\/\/www.radiostoplus.com\/images\/clanci\/RAZNO\/eupro_likovnikonkurs.jpg\" \/><\/p>\n<p><b>Srednjo\u0161kolci iz Novog Pazara imaju mogu\u0107nost da u\u010destvuju na nagradnom likovnom konkursu \u201eMoja evropska zajednica\u201c, koji organizuje EU PRO kako bi podstakao mlade da bolje sagledaju svoje lokalne zajednice i uvide probleme sa kojima se njihovi sugra\u0111ani iz osetljivih grupa suo\u010davaju.<\/b><\/p>\n<p>Osim za srednjo\u0161kolce iz ovog i ostalih gradova u Sand\u017eaku, konkurs, koji se uz podr\u0161ku Evropske unije (EU) organizuje 13 godina, otvoren je za mlade iz jo\u0161 93 op\u0161tine u Srbiji sa ciljem da podstakne njihovu kreativnost i aktivizam, te da se talentovani \u0111aci kao i \u0161kole koje podr\u017eavaju kreativno stvarala\u0161tvo mladih nagrade.<\/p>\n<p>Iz EU PRO navode da je zadatak srednjo\u0161kolaca da u svojim sredinama prepoznaju zanemarene grupe stanovni\u0161tva, odnosno one kojima je potrebna pomo\u0107, kao i da kreativno prika\u017eu ideje kako bi im se moglo pomo\u0107i da budu ravnopravni \u010dlanovi dru\u0161tva.<\/p>\n<p>Najbolji radovi po oceni \u017eirija na\u0107i \u0107e se na stranicama kalendara EU PRO za 2020. godinu, dok \u0107e autori tih radova biti nagra\u0111eni laptop i tablet ra\u010dunarima i mobilnim telefonima, dok \u0107e \u0161kola koja bude progla\u0161ena za najbolju biti nagradjena laptopom i projektorom.<\/p>\n<p>Konkurs je otvoren do 15. novembra, a progla\u0161enje pobednika, dodela nagrada i promocija kalendara bi\u0107e organizovani u decembru.<\/p>\n","protected":false},"excerpt":{"rendered":"<p>Srednjo\u0161kolci iz Novog Pazara imaju mogu\u0107nost da u\u010destvuju na nagradnom likovnom konkursu \u201eMoja evropska zajednica\u201c, koji organizuje EU PRO kako bi podstakao mlade da bolje sagledaju svoje lokalne zajednice i uvide probleme sa kojima se njihovi sugra\u0111ani iz osetljivih grupa suo\u010davaju. Osim za srednjo\u0161kolce iz ovog i ostalih gradova u Sand\u017eaku, konkurs, koji se uz [&hellip;]<\/p>\n","protected":false},"author":509,"featured_media":229533,"comment_status":"open","ping_status":"open","sticky":false,"template":"","format":"standard","meta":{"footnotes":""},"categories":[72,52,327,392,393,394,5],"tags":[],"class_list":{"0":"post-229530","1":"post","2":"type-post","3":"status-publish","4":"format-standard","5":"has-post-thumbnail","7":"category-novi-pazar","8":"category-sjenica","9":"category-tutin","10":"category-prijepolje_","11":"category-priboj","12":"category-nova-varos","13":"category-drustvo"},"yoast_head":"<!-- This site is optimized with the Yoast SEO Premium plugin v23.1 (Yoast SEO v24.9) - https:\/\/yoast.com\/wordpress\/plugins\/seo\/ -->\n<title>Konkurs EU PRO \u201eMoja evropska zajednica\u201c<\/title>\n<meta name=\"robots\" content=\"index, follow, max-snippet:-1, max-image-preview:large, max-video-preview:-1\" \/>\n<link rel=\"canonical\" href=\"https:\/\/sandzakpress.net\/arhiva\/konkurs-eu-pro-moja-evropska-zajednica\/\" \/>\n<meta property=\"og:locale\" content=\"bs_BA\" \/>\n<meta property=\"og:type\" content=\"article\" \/>\n<meta property=\"og:title\" content=\"Konkurs EU PRO \u201eMoja evropska zajednica\u201c\" \/>\n<meta property=\"og:description\" content=\"Srednjo\u0161kolci iz Novog Pazara imaju mogu\u0107nost da u\u010destvuju na nagradnom likovnom konkursu \u201eMoja evropska zajednica\u201c, koji organizuje EU PRO kako bi podstakao mlade da bolje sagledaju svoje lokalne zajednice i uvide probleme sa kojima se njihovi sugra\u0111ani iz osetljivih grupa suo\u010davaju. Osim za srednjo\u0161kolce iz ovog i ostalih gradova u Sand\u017eaku, konkurs, koji se uz [&hellip;]\" \/>\n<meta property=\"og:url\" content=\"https:\/\/sandzakpress.net\/arhiva\/konkurs-eu-pro-moja-evropska-zajednica\/\" \/>\n<meta property=\"og:site_name\" content=\"Sand\u017eak PRESS\" \/>\n<meta property=\"article:published_time\" content=\"2019-10-17T09:19:38+00:00\" \/>\n<meta property=\"og:image\" content=\"https:\/\/sandzakpress.net\/arhiva\/wp-content\/uploads\/2019\/10\/eupro_likovnikonkurs.jpg\" \/>\n\t<meta property=\"og:image:width\" content=\"1080\" \/>\n\t<meta property=\"og:image:height\" content=\"1080\" \/>\n\t<meta property=\"og:image:type\" content=\"image\/jpeg\" \/>\n<meta name=\"author\" content=\"Agencija\" \/>\n<meta name=\"twitter:card\" content=\"summary_large_image\" \/>\n<meta name=\"twitter:label1\" content=\"Written by\" \/>\n\t<meta name=\"twitter:data1\" content=\"Agencija\" \/>\n\t<meta name=\"twitter:label2\" content=\"Est. reading time\" \/>\n\t<meta name=\"twitter:data2\" content=\"1 minuta\" \/>\n<script type=\"application\/ld+json\" class=\"yoast-schema-graph\">{\"@context\":\"https:\/\/schema.org\",\"@graph\":[{\"@type\":\"Article\",\"@id\":\"https:\/\/sandzakpress.net\/arhiva\/konkurs-eu-pro-moja-evropska-zajednica\/#article\",\"isPartOf\":{\"@id\":\"https:\/\/sandzakpress.net\/arhiva\/konkurs-eu-pro-moja-evropska-zajednica\/\"},\"author\":{\"name\":\"Agencija\",\"@id\":\"https:\/\/sandzakpress.net\/arhiva\/#\/schema\/person\/cb59d7e3ab91ab90dd680ad0305a6185\"},\"headline\":\"Konkurs EU PRO \u201eMoja evropska zajednica\u201c\",\"datePublished\":\"2019-10-17T09:19:38+00:00\",\"mainEntityOfPage\":{\"@id\":\"https:\/\/sandzakpress.net\/arhiva\/konkurs-eu-pro-moja-evropska-zajednica\/\"},\"wordCount\":218,\"commentCount\":0,\"publisher\":{\"@id\":\"https:\/\/sandzakpress.net\/arhiva\/#\/schema\/person\/6e72b67d6e51910a1117b3b483ba20bd\"},\"image\":{\"@id\":\"https:\/\/sandzakpress.net\/arhiva\/konkurs-eu-pro-moja-evropska-zajednica\/#primaryimage\"},\"thumbnailUrl\":\"https:\/\/sandzakpress.net\/arhiva\/wp-content\/uploads\/2019\/10\/eupro_likovnikonkurs.jpg\",\"articleSection\":[\"Novi Pazar\",\"Sjenica\",\"Tutin\",\"Prijepolje\",\"Priboj\",\"Nova Varo\u0161\",\"Dru\u0161tvo\"],\"inLanguage\":\"bs-BA\",\"potentialAction\":[{\"@type\":\"CommentAction\",\"name\":\"Comment\",\"target\":[\"https:\/\/sandzakpress.net\/arhiva\/konkurs-eu-pro-moja-evropska-zajednica\/#respond\"]}]},{\"@type\":\"WebPage\",\"@id\":\"https:\/\/sandzakpress.net\/arhiva\/konkurs-eu-pro-moja-evropska-zajednica\/\",\"url\":\"https:\/\/sandzakpress.net\/arhiva\/konkurs-eu-pro-moja-evropska-zajednica\/\",\"name\":\"Konkurs EU PRO \u201eMoja evropska zajednica\u201c\",\"isPartOf\":{\"@id\":\"https:\/\/sandzakpress.net\/arhiva\/#website\"},\"primaryImageOfPage\":{\"@id\":\"https:\/\/sandzakpress.net\/arhiva\/konkurs-eu-pro-moja-evropska-zajednica\/#primaryimage\"},\"image\":{\"@id\":\"https:\/\/sandzakpress.net\/arhiva\/konkurs-eu-pro-moja-evropska-zajednica\/#primaryimage\"},\"thumbnailUrl\":\"https:\/\/sandzakpress.net\/arhiva\/wp-content\/uploads\/2019\/10\/eupro_likovnikonkurs.jpg\",\"datePublished\":\"2019-10-17T09:19:38+00:00\",\"breadcrumb\":{\"@id\":\"https:\/\/sandzakpress.net\/arhiva\/konkurs-eu-pro-moja-evropska-zajednica\/#breadcrumb\"},\"inLanguage\":\"bs-BA\",\"potentialAction\":[{\"@type\":\"ReadAction\",\"target\":[\"https:\/\/sandzakpress.net\/arhiva\/konkurs-eu-pro-moja-evropska-zajednica\/\"]}]},{\"@type\":\"ImageObject\",\"inLanguage\":\"bs-BA\",\"@id\":\"https:\/\/sandzakpress.net\/arhiva\/konkurs-eu-pro-moja-evropska-zajednica\/#primaryimage\",\"url\":\"https:\/\/sandzakpress.net\/arhiva\/wp-content\/uploads\/2019\/10\/eupro_likovnikonkurs.jpg\",\"contentUrl\":\"https:\/\/sandzakpress.net\/arhiva\/wp-content\/uploads\/2019\/10\/eupro_likovnikonkurs.jpg\",\"width\":1080,\"height\":1080},{\"@type\":\"BreadcrumbList\",\"@id\":\"https:\/\/sandzakpress.net\/arhiva\/konkurs-eu-pro-moja-evropska-zajednica\/#breadcrumb\",\"itemListElement\":[{\"@type\":\"ListItem\",\"position\":1,\"name\":\"Home\",\"item\":\"https:\/\/sandzakpress.net\/arhiva\/\"},{\"@type\":\"ListItem\",\"position\":2,\"name\":\"Konkurs EU PRO \u201eMoja evropska zajednica\u201c\"}]},{\"@type\":\"WebSite\",\"@id\":\"https:\/\/sandzakpress.net\/arhiva\/#website\",\"url\":\"https:\/\/sandzakpress.net\/arhiva\/\",\"name\":\"Sand\u017eak PRESS\",\"description\":\"Prve elektronske novine u Sand\u017eaku\",\"publisher\":{\"@id\":\"https:\/\/sandzakpress.net\/arhiva\/#\/schema\/person\/6e72b67d6e51910a1117b3b483ba20bd\"},\"potentialAction\":[{\"@type\":\"SearchAction\",\"target\":{\"@type\":\"EntryPoint\",\"urlTemplate\":\"https:\/\/sandzakpress.net\/arhiva\/?s={search_term_string}\"},\"query-input\":{\"@type\":\"PropertyValueSpecification\",\"valueRequired\":true,\"valueName\":\"search_term_string\"}}],\"inLanguage\":\"bs-BA\"},{\"@type\":[\"Person\",\"Organization\"],\"@id\":\"https:\/\/sandzakpress.net\/arhiva\/#\/schema\/person\/6e72b67d6e51910a1117b3b483ba20bd\",\"name\":\"Kul\",\"image\":{\"@type\":\"ImageObject\",\"inLanguage\":\"bs-BA\",\"@id\":\"https:\/\/sandzakpress.net\/arhiva\/#\/schema\/person\/image\/\",\"url\":\"https:\/\/secure.gravatar.com\/avatar\/42263f39aa27ac04c43cab85c280eb2e?s=96&d=mm&r=pg\",\"contentUrl\":\"https:\/\/secure.gravatar.com\/avatar\/42263f39aa27ac04c43cab85c280eb2e?s=96&d=mm&r=pg\",\"caption\":\"Kul\"},\"logo\":{\"@id\":\"https:\/\/sandzakpress.net\/arhiva\/#\/schema\/person\/image\/\"}},{\"@type\":\"Person\",\"@id\":\"https:\/\/sandzakpress.net\/arhiva\/#\/schema\/person\/cb59d7e3ab91ab90dd680ad0305a6185\",\"name\":\"Agencija\",\"image\":{\"@type\":\"ImageObject\",\"inLanguage\":\"bs-BA\",\"@id\":\"https:\/\/sandzakpress.net\/arhiva\/#\/schema\/person\/image\/\",\"url\":\"https:\/\/secure.gravatar.com\/avatar\/4b7fafa80a22f0c2afe23966b3961fe0?s=96&d=mm&r=pg\",\"contentUrl\":\"https:\/\/secure.gravatar.com\/avatar\/4b7fafa80a22f0c2afe23966b3961fe0?s=96&d=mm&r=pg\",\"caption\":\"Agencija\"},\"url\":\"https:\/\/sandzakpress.net\/arhiva\/author\/agencija\/\"}]}<\/script>\n<!-- \/ Yoast SEO Premium plugin. -->","yoast_head_json":{"title":"Konkurs EU PRO \u201eMoja evropska zajednica\u201c","robots":{"index":"index","follow":"follow","max-snippet":"max-snippet:-1","max-image-preview":"max-image-preview:large","max-video-preview":"max-video-preview:-1"},"canonical":"https:\/\/sandzakpress.net\/arhiva\/konkurs-eu-pro-moja-evropska-zajednica\/","og_locale":"bs_BA","og_type":"article","og_title":"Konkurs EU PRO \u201eMoja evropska zajednica\u201c","og_description":"Srednjo\u0161kolci iz Novog Pazara imaju mogu\u0107nost da u\u010destvuju na nagradnom likovnom konkursu \u201eMoja evropska zajednica\u201c, koji organizuje EU PRO kako bi podstakao mlade da bolje sagledaju svoje lokalne zajednice i uvide probleme sa kojima se njihovi sugra\u0111ani iz osetljivih grupa suo\u010davaju. Osim za srednjo\u0161kolce iz ovog i ostalih gradova u Sand\u017eaku, konkurs, koji se uz [&hellip;]","og_url":"https:\/\/sandzakpress.net\/arhiva\/konkurs-eu-pro-moja-evropska-zajednica\/","og_site_name":"Sand\u017eak PRESS","article_published_time":"2019-10-17T09:19:38+00:00","og_image":[{"width":1080,"height":1080,"url":"https:\/\/sandzakpress.net\/arhiva\/wp-content\/uploads\/2019\/10\/eupro_likovnikonkurs.jpg","type":"image\/jpeg"}],"author":"Agencija","twitter_card":"summary_large_image","twitter_misc":{"Written by":"Agencija","Est. reading time":"1 minuta"},"schema":{"@context":"https:\/\/schema.org","@graph":[{"@type":"Article","@id":"https:\/\/sandzakpress.net\/arhiva\/konkurs-eu-pro-moja-evropska-zajednica\/#article","isPartOf":{"@id":"https:\/\/sandzakpress.net\/arhiva\/konkurs-eu-pro-moja-evropska-zajednica\/"},"author":{"name":"Agencija","@id":"https:\/\/sandzakpress.net\/arhiva\/#\/schema\/person\/cb59d7e3ab91ab90dd680ad0305a6185"},"headline":"Konkurs EU PRO \u201eMoja evropska zajednica\u201c","datePublished":"2019-10-17T09:19:38+00:00","mainEntityOfPage":{"@id":"https:\/\/sandzakpress.net\/arhiva\/konkurs-eu-pro-moja-evropska-zajednica\/"},"wordCount":218,"commentCount":0,"publisher":{"@id":"https:\/\/sandzakpress.net\/arhiva\/#\/schema\/person\/6e72b67d6e51910a1117b3b483ba20bd"},"image":{"@id":"https:\/\/sandzakpress.net\/arhiva\/konkurs-eu-pro-moja-evropska-zajednica\/#primaryimage"},"thumbnailUrl":"https:\/\/sandzakpress.net\/arhiva\/wp-content\/uploads\/2019\/10\/eupro_likovnikonkurs.jpg","articleSection":["Novi Pazar","Sjenica","Tutin","Prijepolje","Priboj","Nova Varo\u0161","Dru\u0161tvo"],"inLanguage":"bs-BA","potentialAction":[{"@type":"CommentAction","name":"Comment","target":["https:\/\/sandzakpress.net\/arhiva\/konkurs-eu-pro-moja-evropska-zajednica\/#respond"]}]},{"@type":"WebPage","@id":"https:\/\/sandzakpress.net\/arhiva\/konkurs-eu-pro-moja-evropska-zajednica\/","url":"https:\/\/sandzakpress.net\/arhiva\/konkurs-eu-pro-moja-evropska-zajednica\/","name":"Konkurs EU PRO \u201eMoja evropska zajednica\u201c","isPartOf":{"@id":"https:\/\/sandzakpress.net\/arhiva\/#website"},"primaryImageOfPage":{"@id":"https:\/\/sandzakpress.net\/arhiva\/konkurs-eu-pro-moja-evropska-zajednica\/#primaryimage"},"image":{"@id":"https:\/\/sandzakpress.net\/arhiva\/konkurs-eu-pro-moja-evropska-zajednica\/#primaryimage"},"thumbnailUrl":"https:\/\/sandzakpress.net\/arhiva\/wp-content\/uploads\/2019\/10\/eupro_likovnikonkurs.jpg","datePublished":"2019-10-17T09:19:38+00:00","breadcrumb":{"@id":"https:\/\/sandzakpress.net\/arhiva\/konkurs-eu-pro-moja-evropska-zajednica\/#breadcrumb"},"inLanguage":"bs-BA","potentialAction":[{"@type":"ReadAction","target":["https:\/\/sandzakpress.net\/arhiva\/konkurs-eu-pro-moja-evropska-zajednica\/"]}]},{"@type":"ImageObject","inLanguage":"bs-BA","@id":"https:\/\/sandzakpress.net\/arhiva\/konkurs-eu-pro-moja-evropska-zajednica\/#primaryimage","url":"https:\/\/sandzakpress.net\/arhiva\/wp-content\/uploads\/2019\/10\/eupro_likovnikonkurs.jpg","contentUrl":"https:\/\/sandzakpress.net\/arhiva\/wp-content\/uploads\/2019\/10\/eupro_likovnikonkurs.jpg","width":1080,"height":1080},{"@type":"BreadcrumbList","@id":"https:\/\/sandzakpress.net\/arhiva\/konkurs-eu-pro-moja-evropska-zajednica\/#breadcrumb","itemListElement":[{"@type":"ListItem","position":1,"name":"Home","item":"https:\/\/sandzakpress.net\/arhiva\/"},{"@type":"ListItem","position":2,"name":"Konkurs EU PRO \u201eMoja evropska zajednica\u201c"}]},{"@type":"WebSite","@id":"https:\/\/sandzakpress.net\/arhiva\/#website","url":"https:\/\/sandzakpress.net\/arhiva\/","name":"Sand\u017eak PRESS","description":"Prve elektronske novine u Sand\u017eaku","publisher":{"@id":"https:\/\/sandzakpress.net\/arhiva\/#\/schema\/person\/6e72b67d6e51910a1117b3b483ba20bd"},"potentialAction":[{"@type":"SearchAction","target":{"@type":"EntryPoint","urlTemplate":"https:\/\/sandzakpress.net\/arhiva\/?s={search_term_string}"},"query-input":{"@type":"PropertyValueSpecification","valueRequired":true,"valueName":"search_term_string"}}],"inLanguage":"bs-BA"},{"@type":["Person","Organization"],"@id":"https:\/\/sandzakpress.net\/arhiva\/#\/schema\/person\/6e72b67d6e51910a1117b3b483ba20bd","name":"Kul","image":{"@type":"ImageObject","inLanguage":"bs-BA","@id":"https:\/\/sandzakpress.net\/arhiva\/#\/schema\/person\/image\/","url":"https:\/\/secure.gravatar.com\/avatar\/42263f39aa27ac04c43cab85c280eb2e?s=96&d=mm&r=pg","contentUrl":"https:\/\/secure.gravatar.com\/avatar\/42263f39aa27ac04c43cab85c280eb2e?s=96&d=mm&r=pg","caption":"Kul"},"logo":{"@id":"https:\/\/sandzakpress.net\/arhiva\/#\/schema\/person\/image\/"}},{"@type":"Person","@id":"https:\/\/sandzakpress.net\/arhiva\/#\/schema\/person\/cb59d7e3ab91ab90dd680ad0305a6185","name":"Agencija","image":{"@type":"ImageObject","inLanguage":"bs-BA","@id":"https:\/\/sandzakpress.net\/arhiva\/#\/schema\/person\/image\/","url":"https:\/\/secure.gravatar.com\/avatar\/4b7fafa80a22f0c2afe23966b3961fe0?s=96&d=mm&r=pg","contentUrl":"https:\/\/secure.gravatar.com\/avatar\/4b7fafa80a22f0c2afe23966b3961fe0?s=96&d=mm&r=pg","caption":"Agencija"},"url":"https:\/\/sandzakpress.net\/arhiva\/author\/agencija\/"}]}},"_links":{"self":[{"href":"https:\/\/sandzakpress.net\/arhiva\/wp-json\/wp\/v2\/posts\/229530"}],"collection":[{"href":"https:\/\/sandzakpress.net\/arhiva\/wp-json\/wp\/v2\/posts"}],"about":[{"href":"https:\/\/sandzakpress.net\/arhiva\/wp-json\/wp\/v2\/types\/post"}],"author":[{"embeddable":true,"href":"https:\/\/sandzakpress.net\/arhiva\/wp-json\/wp\/v2\/users\/509"}],"replies":[{"embeddable":true,"href":"https:\/\/sandzakpress.net\/arhiva\/wp-json\/wp\/v2\/comments?post=229530"}],"version-history":[{"count":0,"href":"https:\/\/sandzakpress.net\/arhiva\/wp-json\/wp\/v2\/posts\/229530\/revisions"}],"wp:featuredmedia":[{"embeddable":true,"href":"https:\/\/sandzakpress.net\/arhiva\/wp-json\/wp\/v2\/media\/229533"}],"wp:attachment":[{"href":"https:\/\/sandzakpress.net\/arhiva\/wp-json\/wp\/v2\/media?parent=229530"}],"wp:term":[{"taxonomy":"category","embeddable":true,"href":"https:\/\/sandzakpress.net\/arhiva\/wp-json\/wp\/v2\/categories?post=229530"},{"taxonomy":"post_tag","embeddable":true,"href":"https:\/\/sandzakpress.net\/arhiva\/wp-json\/wp\/v2\/tags?post=229530"}],"curies":[{"name":"wp","href":"https:\/\/api.w.org\/{rel}","templated":true}]}}