{"id":22949,"date":"2011-11-03T14:46:47","date_gmt":"2011-11-03T13:46:47","guid":{"rendered":"https:\/\/sandzakpress.net\/arhiva\/?p=22949"},"modified":"2011-11-03T14:47:48","modified_gmt":"2011-11-03T13:47:48","slug":"crna-gora-nece-dati-status-opcine-petnjci","status":"publish","type":"post","link":"https:\/\/sandzakpress.net\/arhiva\/crna-gora-nece-dati-status-opcine-petnjci\/","title":{"rendered":"Crna Gora ne\u0107e dati status op\u0107ine Petnjci!?"},"content":{"rendered":"<p><strong><a href=\"https:\/\/sandzakpress.net\/arhiva\/wp-content\/uploads\/2011\/11\/almir11.jpg\"><img loading=\"lazy\" decoding=\"async\" class=\"alignleft size-medium wp-image-22951\" title=\"almir1\" src=\"https:\/\/sandzakpress.net\/arhiva\/wp-content\/uploads\/2011\/11\/almir11-300x252.jpg\" alt=\"\" width=\"300\" height=\"252\" \/><\/a> Ju\u017eni Sand\u017eak &#8211; Povodom inicijative o povratku statusa op\u0161tine Petnjici, BKZ za Petnjicu daje<\/strong><\/p>\n<p><strong> SAOP\u0106ENJE ZA JAVNOST<\/strong><\/p>\n<p>Ovih dana smo svjedoci jo\u0161 jedne prepri\u010dane bajke o vra\u0107anju otetog statusa op\u0161tine Petnjici. \u00a0Proteklih godina, kako u ovom, tako i u\u00a0 pro\u0161lom vijeku, slu\u0161amo i gledamo predstavnike dr\u017eavne vlasti, kako od Bihora tra\u017ee da ih samo \u201cjo\u0161 ovaj put\u201d podr\u017ei pa \u0107e, kona\u010dno, \u201cba\u0161 u ovom mandatu\u201d ispuniti obe\u0107anje.<\/p>\n<p>Sabiraju\u0107i sva do sada data obe\u0107anja u vezi sa vra\u0107anjem statusa op\u0161tine Petnjici, sakupiljenom \u201cpodr\u0161kom\u201d od sva tri vladaju\u0107a politi\u010dka subjekta,\u00a0 dolazi se do zaklju\u010dka\u00a0 da \u0107e na ovom zasijedanju dr\u017eavnog Parlamenta \u201cglatko\u201d biti usvojen Zakon o teritorijalnoj podjeli CG sa ponu\u0111enim amandmanima, i op\u0161tini Petnjici, kona\u010dno, nakon \u00a054 godine traju\u0107e nepravde, vra\u0107anjem statusa op\u0161tine,\u00a0 biti udovoljeno. \u00a0No, ipak, kona\u010dno moramo prestati da\u00a0 sanjamo jer od vra\u0107anja statusa op\u0161tine, o\u010digledno je, ne\u0107e biti ni\u0161ta.<\/p>\n<p>Dr\u017eavna vlast a\u017eurno radi na tome da kriterijumi budu skoro nesavladivi, \u010dak stro\u017eiji i od kriterija koji se Crnoj Gori propisuju za pristupanje u EU. Pojedini zvani\u010dnici vlasti govore kako ne valja da se stvaraju jednonacionalne op\u0161tine, \u00a0zanemaruju\u0107i historijsku \u010dinjenjenicu da je bo\u0161nja\u010dki narod pored ostalog i teritorijom utkan u ovu dr\u017eavu. Nije bilo tako davno kada\u00a0 istima nije smetalo\u00a0<strong>jednonacionalno<\/strong> etni\u010dko \u010di\u0161\u0107enje, kada su Bo\u0161njaci, pred dr\u017eavnim terorom, masovno napu\u0161tali svoja vjekovna ognji\u0161ta.<\/p>\n<p>Podsje\u0107amo da oni koji brigom za ekonomski opstanak op\u0161tine Petnjica, kao glavnim argumentom oponiranja ovom\u00a0legitimnom zahtjevu, zaboravljaju na \u010dinjenicu kako su Petnji\u010dani, nakon gubitka op\u0161tine, bili prinu\u0111eni da \u201ctrbuhom za kruhom\u201d peku zanat opstanka. U nevolji smo se na\u0161li rasuti po Evropi u\u010de\u0107i zanate, biznis i ovladavaju\u0107i \u201cstandarde\u201d, koje Crna Gora tek sada u\u010di. Bihorci su iz tog razloga u stanju ekonomski odr\u017eati op\u0161tinu i svoj Bihor u\u010diniti prosperitetnim za povratak njegovih raseljenih stanovnika. \u00a0Briga za ekonomskim opstankom Petnjice kao samostalne op\u0161tine, otkriva politi\u010dko licemjerstvo i namjeru da se narodu ovog kraja \u201comogu\u0107i\u201d da se i dalje raseljava i na taj na\u010din izmijeni etni\u010dka slika ovog kraja. Sveop\u0161ta diskriminacija Bo\u0161njaka u ovom kraju, izra\u017eena kroz \u0161kolski, obrazovni sistem, politiku zapo\u0161ljavanja, politiku investiranja i razvoja ovog podru\u010dja, jasno pokazuju da \u201cbriga\u201d da Bihorski Bo\u0161njaci ne mogu odr\u017eati op\u0161tinu samostalno, samo otkriva namjeru nastavljanja devedesetih godina zapo\u010detog procesa promjene etni\u010dke strukture stanovni\u0161tva na ovom podru\u010dju.<\/p>\n<p>Zato, vladaju\u0107a gospodo, mislimo da je vakat da uva\u017eite nas Bihorce, da kona\u010dno shvatite da je \u201cistekao zakup\u201d obe\u0107anjima da se Petnjici vrati oduzeta teritorija,\u00a0 da kona\u010dno uradite ne\u0161to konkretno i date taj dugo o\u010dekuju\u0107i evropski signal za ovaj narod, kako obe\u0107anja tipa \u201cjo\u0161 samo ovaj put\u201d\u00a0 nebi postala paradigma za dobro smi\u0161ljenu politi\u010dku prevaru cijelog jednog naroda.<\/p>\n<p><strong><em>Gradsko dru\u0161tvo Bo\u0161nja\u010dke Kulturne Zajednice Petnjica<\/em><\/strong><\/p>\n<p><strong><em>Predsjednik, Almir Muratovi\u0107<\/em><\/strong><\/p>\n<p>Izvor: <strong>Bicent.com<\/strong><\/p>\n","protected":false},"excerpt":{"rendered":"<p>Ju\u017eni Sand\u017eak &#8211; Povodom inicijative o povratku statusa op\u0161tine Petnjici, BKZ za Petnjicu daje SAOP\u0106ENJE ZA JAVNOST Ovih dana smo svjedoci jo\u0161 jedne prepri\u010dane bajke o vra\u0107anju otetog statusa op\u0161tine Petnjici. \u00a0Proteklih godina, kako u ovom, tako i u\u00a0 pro\u0161lom vijeku, slu\u0161amo i gledamo predstavnike dr\u017eavne vlasti, kako od Bihora tra\u017ee da ih samo \u201cjo\u0161 [&hellip;]<\/p>\n","protected":false},"author":14,"featured_media":22951,"comment_status":"open","ping_status":"open","sticky":false,"template":"","format":"standard","meta":{"footnotes":""},"categories":[398,800,397,396,395,399],"tags":[],"class_list":{"0":"post-22949","1":"post","2":"type-post","3":"status-publish","4":"format-standard","5":"has-post-thumbnail","7":"category-rozaje","8":"category-nacija","9":"category-berane","10":"category-bijelo_polje","11":"category-pljevlja_","12":"category-plav_"},"yoast_head":"<!-- This site is optimized with the Yoast SEO Premium plugin v23.1 (Yoast SEO v24.9) - https:\/\/yoast.com\/wordpress\/plugins\/seo\/ -->\n<title>Crna Gora ne\u0107e dati status op\u0107ine Petnjci!?<\/title>\n<meta name=\"robots\" content=\"index, follow, max-snippet:-1, max-image-preview:large, max-video-preview:-1\" \/>\n<link rel=\"canonical\" href=\"https:\/\/sandzakpress.net\/arhiva\/crna-gora-nece-dati-status-opcine-petnjci\/\" \/>\n<meta property=\"og:locale\" content=\"bs_BA\" \/>\n<meta property=\"og:type\" content=\"article\" \/>\n<meta property=\"og:title\" content=\"Crna Gora ne\u0107e dati status op\u0107ine Petnjci!?\" \/>\n<meta property=\"og:description\" content=\"Ju\u017eni Sand\u017eak &#8211; Povodom inicijative o povratku statusa op\u0161tine Petnjici, BKZ za Petnjicu daje SAOP\u0106ENJE ZA JAVNOST Ovih dana smo svjedoci jo\u0161 jedne prepri\u010dane bajke o vra\u0107anju otetog statusa op\u0161tine Petnjici. \u00a0Proteklih godina, kako u ovom, tako i u\u00a0 pro\u0161lom vijeku, slu\u0161amo i gledamo predstavnike dr\u017eavne vlasti, kako od Bihora tra\u017ee da ih samo \u201cjo\u0161 [&hellip;]\" \/>\n<meta property=\"og:url\" content=\"https:\/\/sandzakpress.net\/arhiva\/crna-gora-nece-dati-status-opcine-petnjci\/\" \/>\n<meta property=\"og:site_name\" content=\"Sand\u017eak PRESS\" \/>\n<meta property=\"article:published_time\" content=\"2011-11-03T13:46:47+00:00\" \/>\n<meta property=\"article:modified_time\" content=\"2011-11-03T13:47:48+00:00\" \/>\n<meta property=\"og:image\" content=\"https:\/\/sandzakpress.net\/arhiva\/wp-content\/uploads\/2011\/11\/almir11.jpg\" \/>\n\t<meta property=\"og:image:width\" content=\"451\" \/>\n\t<meta property=\"og:image:height\" content=\"380\" \/>\n\t<meta property=\"og:image:type\" content=\"image\/jpeg\" \/>\n<meta name=\"twitter:card\" content=\"summary_large_image\" \/>\n<meta name=\"twitter:label1\" content=\"Written by\" \/>\n\t<meta name=\"twitter:data1\" content=\"\" \/>\n\t<meta name=\"twitter:label2\" content=\"Est. reading time\" \/>\n\t<meta name=\"twitter:data2\" content=\"3 minute\" \/>\n<script type=\"application\/ld+json\" class=\"yoast-schema-graph\">{\"@context\":\"https:\/\/schema.org\",\"@graph\":[{\"@type\":\"Article\",\"@id\":\"https:\/\/sandzakpress.net\/arhiva\/crna-gora-nece-dati-status-opcine-petnjci\/#article\",\"isPartOf\":{\"@id\":\"https:\/\/sandzakpress.net\/arhiva\/crna-gora-nece-dati-status-opcine-petnjci\/\"},\"author\":{\"name\":\"\",\"@id\":\"\"},\"headline\":\"Crna Gora ne\u0107e dati status op\u0107ine Petnjci!?\",\"datePublished\":\"2011-11-03T13:46:47+00:00\",\"dateModified\":\"2011-11-03T13:47:48+00:00\",\"mainEntityOfPage\":{\"@id\":\"https:\/\/sandzakpress.net\/arhiva\/crna-gora-nece-dati-status-opcine-petnjci\/\"},\"wordCount\":541,\"commentCount\":1,\"publisher\":{\"@id\":\"https:\/\/sandzakpress.net\/arhiva\/#\/schema\/person\/6e72b67d6e51910a1117b3b483ba20bd\"},\"image\":{\"@id\":\"https:\/\/sandzakpress.net\/arhiva\/crna-gora-nece-dati-status-opcine-petnjci\/#primaryimage\"},\"thumbnailUrl\":\"https:\/\/sandzakpress.net\/arhiva\/wp-content\/uploads\/2011\/11\/almir11.jpg\",\"articleSection\":[\"Ro\u017eaje\",\"Nacija\",\"Berane\",\"Bijelo Polje\",\"Pljevlja\",\"Plav\"],\"inLanguage\":\"bs-BA\",\"potentialAction\":[{\"@type\":\"CommentAction\",\"name\":\"Comment\",\"target\":[\"https:\/\/sandzakpress.net\/arhiva\/crna-gora-nece-dati-status-opcine-petnjci\/#respond\"]}]},{\"@type\":\"WebPage\",\"@id\":\"https:\/\/sandzakpress.net\/arhiva\/crna-gora-nece-dati-status-opcine-petnjci\/\",\"url\":\"https:\/\/sandzakpress.net\/arhiva\/crna-gora-nece-dati-status-opcine-petnjci\/\",\"name\":\"Crna Gora ne\u0107e dati status op\u0107ine Petnjci!?\",\"isPartOf\":{\"@id\":\"https:\/\/sandzakpress.net\/arhiva\/#website\"},\"primaryImageOfPage\":{\"@id\":\"https:\/\/sandzakpress.net\/arhiva\/crna-gora-nece-dati-status-opcine-petnjci\/#primaryimage\"},\"image\":{\"@id\":\"https:\/\/sandzakpress.net\/arhiva\/crna-gora-nece-dati-status-opcine-petnjci\/#primaryimage\"},\"thumbnailUrl\":\"https:\/\/sandzakpress.net\/arhiva\/wp-content\/uploads\/2011\/11\/almir11.jpg\",\"datePublished\":\"2011-11-03T13:46:47+00:00\",\"dateModified\":\"2011-11-03T13:47:48+00:00\",\"breadcrumb\":{\"@id\":\"https:\/\/sandzakpress.net\/arhiva\/crna-gora-nece-dati-status-opcine-petnjci\/#breadcrumb\"},\"inLanguage\":\"bs-BA\",\"potentialAction\":[{\"@type\":\"ReadAction\",\"target\":[\"https:\/\/sandzakpress.net\/arhiva\/crna-gora-nece-dati-status-opcine-petnjci\/\"]}]},{\"@type\":\"ImageObject\",\"inLanguage\":\"bs-BA\",\"@id\":\"https:\/\/sandzakpress.net\/arhiva\/crna-gora-nece-dati-status-opcine-petnjci\/#primaryimage\",\"url\":\"https:\/\/sandzakpress.net\/arhiva\/wp-content\/uploads\/2011\/11\/almir11.jpg\",\"contentUrl\":\"https:\/\/sandzakpress.net\/arhiva\/wp-content\/uploads\/2011\/11\/almir11.jpg\",\"width\":451,\"height\":380},{\"@type\":\"BreadcrumbList\",\"@id\":\"https:\/\/sandzakpress.net\/arhiva\/crna-gora-nece-dati-status-opcine-petnjci\/#breadcrumb\",\"itemListElement\":[{\"@type\":\"ListItem\",\"position\":1,\"name\":\"Home\",\"item\":\"https:\/\/sandzakpress.net\/arhiva\/\"},{\"@type\":\"ListItem\",\"position\":2,\"name\":\"Crna Gora ne\u0107e dati status op\u0107ine Petnjci!?\"}]},{\"@type\":\"WebSite\",\"@id\":\"https:\/\/sandzakpress.net\/arhiva\/#website\",\"url\":\"https:\/\/sandzakpress.net\/arhiva\/\",\"name\":\"Sand\u017eak PRESS\",\"description\":\"Prve elektronske novine u Sand\u017eaku\",\"publisher\":{\"@id\":\"https:\/\/sandzakpress.net\/arhiva\/#\/schema\/person\/6e72b67d6e51910a1117b3b483ba20bd\"},\"potentialAction\":[{\"@type\":\"SearchAction\",\"target\":{\"@type\":\"EntryPoint\",\"urlTemplate\":\"https:\/\/sandzakpress.net\/arhiva\/?s={search_term_string}\"},\"query-input\":{\"@type\":\"PropertyValueSpecification\",\"valueRequired\":true,\"valueName\":\"search_term_string\"}}],\"inLanguage\":\"bs-BA\"},{\"@type\":[\"Person\",\"Organization\"],\"@id\":\"https:\/\/sandzakpress.net\/arhiva\/#\/schema\/person\/6e72b67d6e51910a1117b3b483ba20bd\",\"name\":\"Kul\",\"image\":{\"@type\":\"ImageObject\",\"inLanguage\":\"bs-BA\",\"@id\":\"https:\/\/sandzakpress.net\/arhiva\/#\/schema\/person\/image\/\",\"url\":\"https:\/\/secure.gravatar.com\/avatar\/42263f39aa27ac04c43cab85c280eb2e?s=96&d=mm&r=pg\",\"contentUrl\":\"https:\/\/secure.gravatar.com\/avatar\/42263f39aa27ac04c43cab85c280eb2e?s=96&d=mm&r=pg\",\"caption\":\"Kul\"},\"logo\":{\"@id\":\"https:\/\/sandzakpress.net\/arhiva\/#\/schema\/person\/image\/\"}},{\"@type\":\"Person\",\"@id\":\"\",\"url\":\"https:\/\/sandzakpress.net\/arhiva\/author\/\"}]}<\/script>\n<!-- \/ Yoast SEO Premium plugin. -->","yoast_head_json":{"title":"Crna Gora ne\u0107e dati status op\u0107ine Petnjci!?","robots":{"index":"index","follow":"follow","max-snippet":"max-snippet:-1","max-image-preview":"max-image-preview:large","max-video-preview":"max-video-preview:-1"},"canonical":"https:\/\/sandzakpress.net\/arhiva\/crna-gora-nece-dati-status-opcine-petnjci\/","og_locale":"bs_BA","og_type":"article","og_title":"Crna Gora ne\u0107e dati status op\u0107ine Petnjci!?","og_description":"Ju\u017eni Sand\u017eak &#8211; Povodom inicijative o povratku statusa op\u0161tine Petnjici, BKZ za Petnjicu daje SAOP\u0106ENJE ZA JAVNOST Ovih dana smo svjedoci jo\u0161 jedne prepri\u010dane bajke o vra\u0107anju otetog statusa op\u0161tine Petnjici. \u00a0Proteklih godina, kako u ovom, tako i u\u00a0 pro\u0161lom vijeku, slu\u0161amo i gledamo predstavnike dr\u017eavne vlasti, kako od Bihora tra\u017ee da ih samo \u201cjo\u0161 [&hellip;]","og_url":"https:\/\/sandzakpress.net\/arhiva\/crna-gora-nece-dati-status-opcine-petnjci\/","og_site_name":"Sand\u017eak PRESS","article_published_time":"2011-11-03T13:46:47+00:00","article_modified_time":"2011-11-03T13:47:48+00:00","og_image":[{"width":451,"height":380,"url":"https:\/\/sandzakpress.net\/arhiva\/wp-content\/uploads\/2011\/11\/almir11.jpg","type":"image\/jpeg"}],"twitter_card":"summary_large_image","twitter_misc":{"Written by":"","Est. reading time":"3 minute"},"schema":{"@context":"https:\/\/schema.org","@graph":[{"@type":"Article","@id":"https:\/\/sandzakpress.net\/arhiva\/crna-gora-nece-dati-status-opcine-petnjci\/#article","isPartOf":{"@id":"https:\/\/sandzakpress.net\/arhiva\/crna-gora-nece-dati-status-opcine-petnjci\/"},"author":{"name":"","@id":""},"headline":"Crna Gora ne\u0107e dati status op\u0107ine Petnjci!?","datePublished":"2011-11-03T13:46:47+00:00","dateModified":"2011-11-03T13:47:48+00:00","mainEntityOfPage":{"@id":"https:\/\/sandzakpress.net\/arhiva\/crna-gora-nece-dati-status-opcine-petnjci\/"},"wordCount":541,"commentCount":1,"publisher":{"@id":"https:\/\/sandzakpress.net\/arhiva\/#\/schema\/person\/6e72b67d6e51910a1117b3b483ba20bd"},"image":{"@id":"https:\/\/sandzakpress.net\/arhiva\/crna-gora-nece-dati-status-opcine-petnjci\/#primaryimage"},"thumbnailUrl":"https:\/\/sandzakpress.net\/arhiva\/wp-content\/uploads\/2011\/11\/almir11.jpg","articleSection":["Ro\u017eaje","Nacija","Berane","Bijelo Polje","Pljevlja","Plav"],"inLanguage":"bs-BA","potentialAction":[{"@type":"CommentAction","name":"Comment","target":["https:\/\/sandzakpress.net\/arhiva\/crna-gora-nece-dati-status-opcine-petnjci\/#respond"]}]},{"@type":"WebPage","@id":"https:\/\/sandzakpress.net\/arhiva\/crna-gora-nece-dati-status-opcine-petnjci\/","url":"https:\/\/sandzakpress.net\/arhiva\/crna-gora-nece-dati-status-opcine-petnjci\/","name":"Crna Gora ne\u0107e dati status op\u0107ine Petnjci!?","isPartOf":{"@id":"https:\/\/sandzakpress.net\/arhiva\/#website"},"primaryImageOfPage":{"@id":"https:\/\/sandzakpress.net\/arhiva\/crna-gora-nece-dati-status-opcine-petnjci\/#primaryimage"},"image":{"@id":"https:\/\/sandzakpress.net\/arhiva\/crna-gora-nece-dati-status-opcine-petnjci\/#primaryimage"},"thumbnailUrl":"https:\/\/sandzakpress.net\/arhiva\/wp-content\/uploads\/2011\/11\/almir11.jpg","datePublished":"2011-11-03T13:46:47+00:00","dateModified":"2011-11-03T13:47:48+00:00","breadcrumb":{"@id":"https:\/\/sandzakpress.net\/arhiva\/crna-gora-nece-dati-status-opcine-petnjci\/#breadcrumb"},"inLanguage":"bs-BA","potentialAction":[{"@type":"ReadAction","target":["https:\/\/sandzakpress.net\/arhiva\/crna-gora-nece-dati-status-opcine-petnjci\/"]}]},{"@type":"ImageObject","inLanguage":"bs-BA","@id":"https:\/\/sandzakpress.net\/arhiva\/crna-gora-nece-dati-status-opcine-petnjci\/#primaryimage","url":"https:\/\/sandzakpress.net\/arhiva\/wp-content\/uploads\/2011\/11\/almir11.jpg","contentUrl":"https:\/\/sandzakpress.net\/arhiva\/wp-content\/uploads\/2011\/11\/almir11.jpg","width":451,"height":380},{"@type":"BreadcrumbList","@id":"https:\/\/sandzakpress.net\/arhiva\/crna-gora-nece-dati-status-opcine-petnjci\/#breadcrumb","itemListElement":[{"@type":"ListItem","position":1,"name":"Home","item":"https:\/\/sandzakpress.net\/arhiva\/"},{"@type":"ListItem","position":2,"name":"Crna Gora ne\u0107e dati status op\u0107ine Petnjci!?"}]},{"@type":"WebSite","@id":"https:\/\/sandzakpress.net\/arhiva\/#website","url":"https:\/\/sandzakpress.net\/arhiva\/","name":"Sand\u017eak PRESS","description":"Prve elektronske novine u Sand\u017eaku","publisher":{"@id":"https:\/\/sandzakpress.net\/arhiva\/#\/schema\/person\/6e72b67d6e51910a1117b3b483ba20bd"},"potentialAction":[{"@type":"SearchAction","target":{"@type":"EntryPoint","urlTemplate":"https:\/\/sandzakpress.net\/arhiva\/?s={search_term_string}"},"query-input":{"@type":"PropertyValueSpecification","valueRequired":true,"valueName":"search_term_string"}}],"inLanguage":"bs-BA"},{"@type":["Person","Organization"],"@id":"https:\/\/sandzakpress.net\/arhiva\/#\/schema\/person\/6e72b67d6e51910a1117b3b483ba20bd","name":"Kul","image":{"@type":"ImageObject","inLanguage":"bs-BA","@id":"https:\/\/sandzakpress.net\/arhiva\/#\/schema\/person\/image\/","url":"https:\/\/secure.gravatar.com\/avatar\/42263f39aa27ac04c43cab85c280eb2e?s=96&d=mm&r=pg","contentUrl":"https:\/\/secure.gravatar.com\/avatar\/42263f39aa27ac04c43cab85c280eb2e?s=96&d=mm&r=pg","caption":"Kul"},"logo":{"@id":"https:\/\/sandzakpress.net\/arhiva\/#\/schema\/person\/image\/"}},{"@type":"Person","@id":"","url":"https:\/\/sandzakpress.net\/arhiva\/author\/"}]}},"_links":{"self":[{"href":"https:\/\/sandzakpress.net\/arhiva\/wp-json\/wp\/v2\/posts\/22949"}],"collection":[{"href":"https:\/\/sandzakpress.net\/arhiva\/wp-json\/wp\/v2\/posts"}],"about":[{"href":"https:\/\/sandzakpress.net\/arhiva\/wp-json\/wp\/v2\/types\/post"}],"author":[{"embeddable":true,"href":"https:\/\/sandzakpress.net\/arhiva\/wp-json\/wp\/v2\/users\/14"}],"replies":[{"embeddable":true,"href":"https:\/\/sandzakpress.net\/arhiva\/wp-json\/wp\/v2\/comments?post=22949"}],"version-history":[{"count":0,"href":"https:\/\/sandzakpress.net\/arhiva\/wp-json\/wp\/v2\/posts\/22949\/revisions"}],"wp:featuredmedia":[{"embeddable":true,"href":"https:\/\/sandzakpress.net\/arhiva\/wp-json\/wp\/v2\/media\/22951"}],"wp:attachment":[{"href":"https:\/\/sandzakpress.net\/arhiva\/wp-json\/wp\/v2\/media?parent=22949"}],"wp:term":[{"taxonomy":"category","embeddable":true,"href":"https:\/\/sandzakpress.net\/arhiva\/wp-json\/wp\/v2\/categories?post=22949"},{"taxonomy":"post_tag","embeddable":true,"href":"https:\/\/sandzakpress.net\/arhiva\/wp-json\/wp\/v2\/tags?post=22949"}],"curies":[{"name":"wp","href":"https:\/\/api.w.org\/{rel}","templated":true}]}}