{"id":229486,"date":"2019-10-15T13:12:44","date_gmt":"2019-10-15T11:12:44","guid":{"rendered":"https:\/\/sandzakpress.net\/arhiva\/?p=229486"},"modified":"2019-10-15T13:12:44","modified_gmt":"2019-10-15T11:12:44","slug":"tragedija-u-njujorku-u-saobracajnoj-nesreci-zivote-izgubili-saniha-cekic-i-altin-nezaj","status":"publish","type":"post","link":"https:\/\/sandzakpress.net\/arhiva\/tragedija-u-njujorku-u-saobracajnoj-nesreci-zivote-izgubili-saniha-cekic-i-altin-nezaj\/","title":{"rendered":"Tragedija u Njujorku: U saobra\u0107ajnoj nesre\u0107i \u017eivote izgubili Saniha \u010ceki\u0107 i Altin Nezaj"},"content":{"rendered":"<p><img decoding=\"async\" src=\"https:\/\/www.sandzaklive.rs\/images\/0\/Sana2.jpg\" alt=\"Sana2\" \/><\/p>\n<p><strong>U te\u0161koj saobra\u0107ajnon nesre\u0107i koja se desila danas u Njujorku \u017eivote su izgubili petnaestogodi\u0161nja Saniha Sana \u010ceki\u0107 i sedamnaestogodi\u0161nji Altin Nezaj, dok je A. Radon\u010di\u0107 koja je upravljala automobilom, te\u0161ko povrije\u0111ena i nalazi se u bolnici<\/strong><\/p>\n<p>U te\u0161koj saobra\u0107ajnon nesre\u0107i koja se desila danas u Njujorku \u017eivot je izgubila petnaestogodi\u0161nja Saniha Sana \u010ceki\u0107 i sedamnaestogodi\u0161nji Altin Nezaj, dok je A. Radon\u010di\u0107 (17) koja je upravljala automobilom, te\u0161ko povrije\u0111ena i nalazi se u bolnici.<\/p>\n<p>Saniha Sana \u010ceki\u0107 je \u0107erka poznatog donatora i humaniste Begana \u010ceki\u0107a.<\/p>\n","protected":false},"excerpt":{"rendered":"<p>U te\u0161koj saobra\u0107ajnon nesre\u0107i koja se desila danas u Njujorku \u017eivote su izgubili petnaestogodi\u0161nja Saniha Sana \u010ceki\u0107 i sedamnaestogodi\u0161nji Altin Nezaj, dok je A. Radon\u010di\u0107 koja je upravljala automobilom, te\u0161ko povrije\u0111ena i nalazi se u bolnici U te\u0161koj saobra\u0107ajnon nesre\u0107i koja se desila danas u Njujorku \u017eivot je izgubila petnaestogodi\u0161nja Saniha Sana \u010ceki\u0107 i sedamnaestogodi\u0161nji [&hellip;]<\/p>\n","protected":false},"author":509,"featured_media":229487,"comment_status":"open","ping_status":"open","sticky":false,"template":"","format":"standard","meta":{"footnotes":""},"categories":[3012,399,10173,801,10429],"tags":[],"class_list":{"0":"post-229486","1":"post","2":"type-post","3":"status-publish","4":"format-standard","5":"has-post-thumbnail","7":"category-amerika-gradovi","8":"category-plav_","9":"category-gusinje-vase-vijesti","10":"category-crna_hronika","11":"category-vazno"},"yoast_head":"<!-- This site is optimized with the Yoast SEO Premium plugin v23.1 (Yoast SEO v24.9) - https:\/\/yoast.com\/wordpress\/plugins\/seo\/ -->\n<title>Tragedija u Njujorku: U saobra\u0107ajnoj nesre\u0107i \u017eivote izgubili Saniha \u010ceki\u0107 i Altin Nezaj<\/title>\n<meta name=\"robots\" content=\"index, follow, max-snippet:-1, max-image-preview:large, max-video-preview:-1\" \/>\n<link rel=\"canonical\" href=\"https:\/\/sandzakpress.net\/arhiva\/tragedija-u-njujorku-u-saobracajnoj-nesreci-zivote-izgubili-saniha-cekic-i-altin-nezaj\/\" \/>\n<meta property=\"og:locale\" content=\"bs_BA\" \/>\n<meta property=\"og:type\" content=\"article\" \/>\n<meta property=\"og:title\" content=\"Tragedija u Njujorku: U saobra\u0107ajnoj nesre\u0107i \u017eivote izgubili Saniha \u010ceki\u0107 i Altin Nezaj\" \/>\n<meta property=\"og:description\" content=\"U te\u0161koj saobra\u0107ajnon nesre\u0107i koja se desila danas u Njujorku \u017eivote su izgubili petnaestogodi\u0161nja Saniha Sana \u010ceki\u0107 i sedamnaestogodi\u0161nji Altin Nezaj, dok je A. Radon\u010di\u0107 koja je upravljala automobilom, te\u0161ko povrije\u0111ena i nalazi se u bolnici U te\u0161koj saobra\u0107ajnon nesre\u0107i koja se desila danas u Njujorku \u017eivot je izgubila petnaestogodi\u0161nja Saniha Sana \u010ceki\u0107 i sedamnaestogodi\u0161nji [&hellip;]\" \/>\n<meta property=\"og:url\" content=\"https:\/\/sandzakpress.net\/arhiva\/tragedija-u-njujorku-u-saobracajnoj-nesreci-zivote-izgubili-saniha-cekic-i-altin-nezaj\/\" \/>\n<meta property=\"og:site_name\" content=\"Sand\u017eak PRESS\" \/>\n<meta property=\"article:published_time\" content=\"2019-10-15T11:12:44+00:00\" \/>\n<meta property=\"og:image\" content=\"https:\/\/sandzakpress.net\/arhiva\/wp-content\/uploads\/2019\/10\/Sana2.jpg\" \/>\n\t<meta property=\"og:image:width\" content=\"713\" \/>\n\t<meta property=\"og:image:height\" content=\"498\" \/>\n\t<meta property=\"og:image:type\" content=\"image\/jpeg\" \/>\n<meta name=\"author\" content=\"Agencija\" \/>\n<meta name=\"twitter:card\" content=\"summary_large_image\" \/>\n<meta name=\"twitter:label1\" content=\"Written by\" \/>\n\t<meta name=\"twitter:data1\" content=\"Agencija\" \/>\n<script type=\"application\/ld+json\" class=\"yoast-schema-graph\">{\"@context\":\"https:\/\/schema.org\",\"@graph\":[{\"@type\":\"Article\",\"@id\":\"https:\/\/sandzakpress.net\/arhiva\/tragedija-u-njujorku-u-saobracajnoj-nesreci-zivote-izgubili-saniha-cekic-i-altin-nezaj\/#article\",\"isPartOf\":{\"@id\":\"https:\/\/sandzakpress.net\/arhiva\/tragedija-u-njujorku-u-saobracajnoj-nesreci-zivote-izgubili-saniha-cekic-i-altin-nezaj\/\"},\"author\":{\"name\":\"Agencija\",\"@id\":\"https:\/\/sandzakpress.net\/arhiva\/#\/schema\/person\/cb59d7e3ab91ab90dd680ad0305a6185\"},\"headline\":\"Tragedija u Njujorku: U saobra\u0107ajnoj nesre\u0107i \u017eivote izgubili Saniha \u010ceki\u0107 i Altin Nezaj\",\"datePublished\":\"2019-10-15T11:12:44+00:00\",\"mainEntityOfPage\":{\"@id\":\"https:\/\/sandzakpress.net\/arhiva\/tragedija-u-njujorku-u-saobracajnoj-nesreci-zivote-izgubili-saniha-cekic-i-altin-nezaj\/\"},\"wordCount\":115,\"commentCount\":0,\"publisher\":{\"@id\":\"https:\/\/sandzakpress.net\/arhiva\/#\/schema\/person\/6e72b67d6e51910a1117b3b483ba20bd\"},\"image\":{\"@id\":\"https:\/\/sandzakpress.net\/arhiva\/tragedija-u-njujorku-u-saobracajnoj-nesreci-zivote-izgubili-saniha-cekic-i-altin-nezaj\/#primaryimage\"},\"thumbnailUrl\":\"https:\/\/sandzakpress.net\/arhiva\/wp-content\/uploads\/2019\/10\/Sana2.jpg\",\"articleSection\":[\"Amerika\",\"Plav\",\"Gusinje\",\"Hronika\",\"VA\u017dNO!\"],\"inLanguage\":\"bs-BA\",\"potentialAction\":[{\"@type\":\"CommentAction\",\"name\":\"Comment\",\"target\":[\"https:\/\/sandzakpress.net\/arhiva\/tragedija-u-njujorku-u-saobracajnoj-nesreci-zivote-izgubili-saniha-cekic-i-altin-nezaj\/#respond\"]}]},{\"@type\":\"WebPage\",\"@id\":\"https:\/\/sandzakpress.net\/arhiva\/tragedija-u-njujorku-u-saobracajnoj-nesreci-zivote-izgubili-saniha-cekic-i-altin-nezaj\/\",\"url\":\"https:\/\/sandzakpress.net\/arhiva\/tragedija-u-njujorku-u-saobracajnoj-nesreci-zivote-izgubili-saniha-cekic-i-altin-nezaj\/\",\"name\":\"Tragedija u Njujorku: U saobra\u0107ajnoj nesre\u0107i \u017eivote izgubili Saniha \u010ceki\u0107 i Altin Nezaj\",\"isPartOf\":{\"@id\":\"https:\/\/sandzakpress.net\/arhiva\/#website\"},\"primaryImageOfPage\":{\"@id\":\"https:\/\/sandzakpress.net\/arhiva\/tragedija-u-njujorku-u-saobracajnoj-nesreci-zivote-izgubili-saniha-cekic-i-altin-nezaj\/#primaryimage\"},\"image\":{\"@id\":\"https:\/\/sandzakpress.net\/arhiva\/tragedija-u-njujorku-u-saobracajnoj-nesreci-zivote-izgubili-saniha-cekic-i-altin-nezaj\/#primaryimage\"},\"thumbnailUrl\":\"https:\/\/sandzakpress.net\/arhiva\/wp-content\/uploads\/2019\/10\/Sana2.jpg\",\"datePublished\":\"2019-10-15T11:12:44+00:00\",\"breadcrumb\":{\"@id\":\"https:\/\/sandzakpress.net\/arhiva\/tragedija-u-njujorku-u-saobracajnoj-nesreci-zivote-izgubili-saniha-cekic-i-altin-nezaj\/#breadcrumb\"},\"inLanguage\":\"bs-BA\",\"potentialAction\":[{\"@type\":\"ReadAction\",\"target\":[\"https:\/\/sandzakpress.net\/arhiva\/tragedija-u-njujorku-u-saobracajnoj-nesreci-zivote-izgubili-saniha-cekic-i-altin-nezaj\/\"]}]},{\"@type\":\"ImageObject\",\"inLanguage\":\"bs-BA\",\"@id\":\"https:\/\/sandzakpress.net\/arhiva\/tragedija-u-njujorku-u-saobracajnoj-nesreci-zivote-izgubili-saniha-cekic-i-altin-nezaj\/#primaryimage\",\"url\":\"https:\/\/sandzakpress.net\/arhiva\/wp-content\/uploads\/2019\/10\/Sana2.jpg\",\"contentUrl\":\"https:\/\/sandzakpress.net\/arhiva\/wp-content\/uploads\/2019\/10\/Sana2.jpg\",\"width\":713,\"height\":498},{\"@type\":\"BreadcrumbList\",\"@id\":\"https:\/\/sandzakpress.net\/arhiva\/tragedija-u-njujorku-u-saobracajnoj-nesreci-zivote-izgubili-saniha-cekic-i-altin-nezaj\/#breadcrumb\",\"itemListElement\":[{\"@type\":\"ListItem\",\"position\":1,\"name\":\"Home\",\"item\":\"https:\/\/sandzakpress.net\/arhiva\/\"},{\"@type\":\"ListItem\",\"position\":2,\"name\":\"Tragedija u Njujorku: U saobra\u0107ajnoj nesre\u0107i \u017eivote izgubili Saniha \u010ceki\u0107 i Altin Nezaj\"}]},{\"@type\":\"WebSite\",\"@id\":\"https:\/\/sandzakpress.net\/arhiva\/#website\",\"url\":\"https:\/\/sandzakpress.net\/arhiva\/\",\"name\":\"Sand\u017eak PRESS\",\"description\":\"Prve elektronske novine u Sand\u017eaku\",\"publisher\":{\"@id\":\"https:\/\/sandzakpress.net\/arhiva\/#\/schema\/person\/6e72b67d6e51910a1117b3b483ba20bd\"},\"potentialAction\":[{\"@type\":\"SearchAction\",\"target\":{\"@type\":\"EntryPoint\",\"urlTemplate\":\"https:\/\/sandzakpress.net\/arhiva\/?s={search_term_string}\"},\"query-input\":{\"@type\":\"PropertyValueSpecification\",\"valueRequired\":true,\"valueName\":\"search_term_string\"}}],\"inLanguage\":\"bs-BA\"},{\"@type\":[\"Person\",\"Organization\"],\"@id\":\"https:\/\/sandzakpress.net\/arhiva\/#\/schema\/person\/6e72b67d6e51910a1117b3b483ba20bd\",\"name\":\"Kul\",\"image\":{\"@type\":\"ImageObject\",\"inLanguage\":\"bs-BA\",\"@id\":\"https:\/\/sandzakpress.net\/arhiva\/#\/schema\/person\/image\/\",\"url\":\"https:\/\/secure.gravatar.com\/avatar\/42263f39aa27ac04c43cab85c280eb2e?s=96&d=mm&r=pg\",\"contentUrl\":\"https:\/\/secure.gravatar.com\/avatar\/42263f39aa27ac04c43cab85c280eb2e?s=96&d=mm&r=pg\",\"caption\":\"Kul\"},\"logo\":{\"@id\":\"https:\/\/sandzakpress.net\/arhiva\/#\/schema\/person\/image\/\"}},{\"@type\":\"Person\",\"@id\":\"https:\/\/sandzakpress.net\/arhiva\/#\/schema\/person\/cb59d7e3ab91ab90dd680ad0305a6185\",\"name\":\"Agencija\",\"image\":{\"@type\":\"ImageObject\",\"inLanguage\":\"bs-BA\",\"@id\":\"https:\/\/sandzakpress.net\/arhiva\/#\/schema\/person\/image\/\",\"url\":\"https:\/\/secure.gravatar.com\/avatar\/4b7fafa80a22f0c2afe23966b3961fe0?s=96&d=mm&r=pg\",\"contentUrl\":\"https:\/\/secure.gravatar.com\/avatar\/4b7fafa80a22f0c2afe23966b3961fe0?s=96&d=mm&r=pg\",\"caption\":\"Agencija\"},\"url\":\"https:\/\/sandzakpress.net\/arhiva\/author\/agencija\/\"}]}<\/script>\n<!-- \/ Yoast SEO Premium plugin. -->","yoast_head_json":{"title":"Tragedija u Njujorku: U saobra\u0107ajnoj nesre\u0107i \u017eivote izgubili Saniha \u010ceki\u0107 i Altin Nezaj","robots":{"index":"index","follow":"follow","max-snippet":"max-snippet:-1","max-image-preview":"max-image-preview:large","max-video-preview":"max-video-preview:-1"},"canonical":"https:\/\/sandzakpress.net\/arhiva\/tragedija-u-njujorku-u-saobracajnoj-nesreci-zivote-izgubili-saniha-cekic-i-altin-nezaj\/","og_locale":"bs_BA","og_type":"article","og_title":"Tragedija u Njujorku: U saobra\u0107ajnoj nesre\u0107i \u017eivote izgubili Saniha \u010ceki\u0107 i Altin Nezaj","og_description":"U te\u0161koj saobra\u0107ajnon nesre\u0107i koja se desila danas u Njujorku \u017eivote su izgubili petnaestogodi\u0161nja Saniha Sana \u010ceki\u0107 i sedamnaestogodi\u0161nji Altin Nezaj, dok je A. Radon\u010di\u0107 koja je upravljala automobilom, te\u0161ko povrije\u0111ena i nalazi se u bolnici U te\u0161koj saobra\u0107ajnon nesre\u0107i koja se desila danas u Njujorku \u017eivot je izgubila petnaestogodi\u0161nja Saniha Sana \u010ceki\u0107 i sedamnaestogodi\u0161nji [&hellip;]","og_url":"https:\/\/sandzakpress.net\/arhiva\/tragedija-u-njujorku-u-saobracajnoj-nesreci-zivote-izgubili-saniha-cekic-i-altin-nezaj\/","og_site_name":"Sand\u017eak PRESS","article_published_time":"2019-10-15T11:12:44+00:00","og_image":[{"width":713,"height":498,"url":"https:\/\/sandzakpress.net\/arhiva\/wp-content\/uploads\/2019\/10\/Sana2.jpg","type":"image\/jpeg"}],"author":"Agencija","twitter_card":"summary_large_image","twitter_misc":{"Written by":"Agencija"},"schema":{"@context":"https:\/\/schema.org","@graph":[{"@type":"Article","@id":"https:\/\/sandzakpress.net\/arhiva\/tragedija-u-njujorku-u-saobracajnoj-nesreci-zivote-izgubili-saniha-cekic-i-altin-nezaj\/#article","isPartOf":{"@id":"https:\/\/sandzakpress.net\/arhiva\/tragedija-u-njujorku-u-saobracajnoj-nesreci-zivote-izgubili-saniha-cekic-i-altin-nezaj\/"},"author":{"name":"Agencija","@id":"https:\/\/sandzakpress.net\/arhiva\/#\/schema\/person\/cb59d7e3ab91ab90dd680ad0305a6185"},"headline":"Tragedija u Njujorku: U saobra\u0107ajnoj nesre\u0107i \u017eivote izgubili Saniha \u010ceki\u0107 i Altin Nezaj","datePublished":"2019-10-15T11:12:44+00:00","mainEntityOfPage":{"@id":"https:\/\/sandzakpress.net\/arhiva\/tragedija-u-njujorku-u-saobracajnoj-nesreci-zivote-izgubili-saniha-cekic-i-altin-nezaj\/"},"wordCount":115,"commentCount":0,"publisher":{"@id":"https:\/\/sandzakpress.net\/arhiva\/#\/schema\/person\/6e72b67d6e51910a1117b3b483ba20bd"},"image":{"@id":"https:\/\/sandzakpress.net\/arhiva\/tragedija-u-njujorku-u-saobracajnoj-nesreci-zivote-izgubili-saniha-cekic-i-altin-nezaj\/#primaryimage"},"thumbnailUrl":"https:\/\/sandzakpress.net\/arhiva\/wp-content\/uploads\/2019\/10\/Sana2.jpg","articleSection":["Amerika","Plav","Gusinje","Hronika","VA\u017dNO!"],"inLanguage":"bs-BA","potentialAction":[{"@type":"CommentAction","name":"Comment","target":["https:\/\/sandzakpress.net\/arhiva\/tragedija-u-njujorku-u-saobracajnoj-nesreci-zivote-izgubili-saniha-cekic-i-altin-nezaj\/#respond"]}]},{"@type":"WebPage","@id":"https:\/\/sandzakpress.net\/arhiva\/tragedija-u-njujorku-u-saobracajnoj-nesreci-zivote-izgubili-saniha-cekic-i-altin-nezaj\/","url":"https:\/\/sandzakpress.net\/arhiva\/tragedija-u-njujorku-u-saobracajnoj-nesreci-zivote-izgubili-saniha-cekic-i-altin-nezaj\/","name":"Tragedija u Njujorku: U saobra\u0107ajnoj nesre\u0107i \u017eivote izgubili Saniha \u010ceki\u0107 i Altin Nezaj","isPartOf":{"@id":"https:\/\/sandzakpress.net\/arhiva\/#website"},"primaryImageOfPage":{"@id":"https:\/\/sandzakpress.net\/arhiva\/tragedija-u-njujorku-u-saobracajnoj-nesreci-zivote-izgubili-saniha-cekic-i-altin-nezaj\/#primaryimage"},"image":{"@id":"https:\/\/sandzakpress.net\/arhiva\/tragedija-u-njujorku-u-saobracajnoj-nesreci-zivote-izgubili-saniha-cekic-i-altin-nezaj\/#primaryimage"},"thumbnailUrl":"https:\/\/sandzakpress.net\/arhiva\/wp-content\/uploads\/2019\/10\/Sana2.jpg","datePublished":"2019-10-15T11:12:44+00:00","breadcrumb":{"@id":"https:\/\/sandzakpress.net\/arhiva\/tragedija-u-njujorku-u-saobracajnoj-nesreci-zivote-izgubili-saniha-cekic-i-altin-nezaj\/#breadcrumb"},"inLanguage":"bs-BA","potentialAction":[{"@type":"ReadAction","target":["https:\/\/sandzakpress.net\/arhiva\/tragedija-u-njujorku-u-saobracajnoj-nesreci-zivote-izgubili-saniha-cekic-i-altin-nezaj\/"]}]},{"@type":"ImageObject","inLanguage":"bs-BA","@id":"https:\/\/sandzakpress.net\/arhiva\/tragedija-u-njujorku-u-saobracajnoj-nesreci-zivote-izgubili-saniha-cekic-i-altin-nezaj\/#primaryimage","url":"https:\/\/sandzakpress.net\/arhiva\/wp-content\/uploads\/2019\/10\/Sana2.jpg","contentUrl":"https:\/\/sandzakpress.net\/arhiva\/wp-content\/uploads\/2019\/10\/Sana2.jpg","width":713,"height":498},{"@type":"BreadcrumbList","@id":"https:\/\/sandzakpress.net\/arhiva\/tragedija-u-njujorku-u-saobracajnoj-nesreci-zivote-izgubili-saniha-cekic-i-altin-nezaj\/#breadcrumb","itemListElement":[{"@type":"ListItem","position":1,"name":"Home","item":"https:\/\/sandzakpress.net\/arhiva\/"},{"@type":"ListItem","position":2,"name":"Tragedija u Njujorku: U saobra\u0107ajnoj nesre\u0107i \u017eivote izgubili Saniha \u010ceki\u0107 i Altin Nezaj"}]},{"@type":"WebSite","@id":"https:\/\/sandzakpress.net\/arhiva\/#website","url":"https:\/\/sandzakpress.net\/arhiva\/","name":"Sand\u017eak PRESS","description":"Prve elektronske novine u Sand\u017eaku","publisher":{"@id":"https:\/\/sandzakpress.net\/arhiva\/#\/schema\/person\/6e72b67d6e51910a1117b3b483ba20bd"},"potentialAction":[{"@type":"SearchAction","target":{"@type":"EntryPoint","urlTemplate":"https:\/\/sandzakpress.net\/arhiva\/?s={search_term_string}"},"query-input":{"@type":"PropertyValueSpecification","valueRequired":true,"valueName":"search_term_string"}}],"inLanguage":"bs-BA"},{"@type":["Person","Organization"],"@id":"https:\/\/sandzakpress.net\/arhiva\/#\/schema\/person\/6e72b67d6e51910a1117b3b483ba20bd","name":"Kul","image":{"@type":"ImageObject","inLanguage":"bs-BA","@id":"https:\/\/sandzakpress.net\/arhiva\/#\/schema\/person\/image\/","url":"https:\/\/secure.gravatar.com\/avatar\/42263f39aa27ac04c43cab85c280eb2e?s=96&d=mm&r=pg","contentUrl":"https:\/\/secure.gravatar.com\/avatar\/42263f39aa27ac04c43cab85c280eb2e?s=96&d=mm&r=pg","caption":"Kul"},"logo":{"@id":"https:\/\/sandzakpress.net\/arhiva\/#\/schema\/person\/image\/"}},{"@type":"Person","@id":"https:\/\/sandzakpress.net\/arhiva\/#\/schema\/person\/cb59d7e3ab91ab90dd680ad0305a6185","name":"Agencija","image":{"@type":"ImageObject","inLanguage":"bs-BA","@id":"https:\/\/sandzakpress.net\/arhiva\/#\/schema\/person\/image\/","url":"https:\/\/secure.gravatar.com\/avatar\/4b7fafa80a22f0c2afe23966b3961fe0?s=96&d=mm&r=pg","contentUrl":"https:\/\/secure.gravatar.com\/avatar\/4b7fafa80a22f0c2afe23966b3961fe0?s=96&d=mm&r=pg","caption":"Agencija"},"url":"https:\/\/sandzakpress.net\/arhiva\/author\/agencija\/"}]}},"_links":{"self":[{"href":"https:\/\/sandzakpress.net\/arhiva\/wp-json\/wp\/v2\/posts\/229486"}],"collection":[{"href":"https:\/\/sandzakpress.net\/arhiva\/wp-json\/wp\/v2\/posts"}],"about":[{"href":"https:\/\/sandzakpress.net\/arhiva\/wp-json\/wp\/v2\/types\/post"}],"author":[{"embeddable":true,"href":"https:\/\/sandzakpress.net\/arhiva\/wp-json\/wp\/v2\/users\/509"}],"replies":[{"embeddable":true,"href":"https:\/\/sandzakpress.net\/arhiva\/wp-json\/wp\/v2\/comments?post=229486"}],"version-history":[{"count":0,"href":"https:\/\/sandzakpress.net\/arhiva\/wp-json\/wp\/v2\/posts\/229486\/revisions"}],"wp:featuredmedia":[{"embeddable":true,"href":"https:\/\/sandzakpress.net\/arhiva\/wp-json\/wp\/v2\/media\/229487"}],"wp:attachment":[{"href":"https:\/\/sandzakpress.net\/arhiva\/wp-json\/wp\/v2\/media?parent=229486"}],"wp:term":[{"taxonomy":"category","embeddable":true,"href":"https:\/\/sandzakpress.net\/arhiva\/wp-json\/wp\/v2\/categories?post=229486"},{"taxonomy":"post_tag","embeddable":true,"href":"https:\/\/sandzakpress.net\/arhiva\/wp-json\/wp\/v2\/tags?post=229486"}],"curies":[{"name":"wp","href":"https:\/\/api.w.org\/{rel}","templated":true}]}}