{"id":229482,"date":"2019-10-15T13:10:49","date_gmt":"2019-10-15T11:10:49","guid":{"rendered":"https:\/\/sandzakpress.net\/arhiva\/?p=229482"},"modified":"2019-10-15T13:10:49","modified_gmt":"2019-10-15T11:10:49","slug":"ljajic-trebalo-je-damo-jos-neki-gol","status":"publish","type":"post","link":"https:\/\/sandzakpress.net\/arhiva\/ljajic-trebalo-je-damo-jos-neki-gol\/","title":{"rendered":"Ljaji\u0107: Trebalo je damo jo\u0161 neki gol"},"content":{"rendered":"<p><img decoding=\"async\" src=\"https:\/\/i2.wp.com\/indeksonline.rs\/wp-content\/uploads\/2019\/10\/IMG_20191015_093037.jpg?resize=873%2C808&amp;ssl=1\" \/><\/p>\n<p><strong>Fudbaler Srbije Adem Ljaji\u0107 rekao je da je pobeda protiv Litvanije va\u017ena zbog nastavka pobedni\u010dkog niza.<\/strong><\/p>\n<p>Srbija je u Vilnjus pobedila Litvaniju 2:1 u me\u010du kvalifikacija za EURO 2020, a Ljaji\u0107 je bio asistent kod oba gola Aleksandra Mitrovi\u0107a.<\/p>\n<p>\u201cNamestio sam dva gola Mitrovi\u0107u, drago mi je zbog toga. Bilo je jako bitno da nastavimo ovaj pobedni\u010dki niz. Te\u0161ko je igrati po ve\u0161ta\u010dkoj travi, lopta se brzo kre\u0107e, ali na kraju smo pobedili \u0161to je najva\u017enije\u201d, rekao je Ljaji\u0107 novinarima posle me\u010da.<\/p>\n<p>Vezni fudbaler istakao je da je pobedu trebalo da osiguraju bar jo\u0161 jednim pogotkom.<\/p>\n<p>\u201cTrebalo je da damo jo\u0161 neki gol. Bili smo u mogu\u0107nosti, ali eto. To je fudbal. Oni su dali gol iz te neke polu\u0161anse. Mogli su \u010dak da do\u0111u i do 2:2, ali na sre\u0107u, sve se dobro zavr\u0161ilo\u201d.<\/p>\n<p>Srbija se ovim trijumfom pribli\u017eila Portugaliji na bod zaostatka u grupi B.<\/p>\n<p>\u201cLuksemburg je nezgodna ekipa. Nije to vi\u0161e ona ekipa od pre desetak godina koju su svi lako pobe\u0111ivali. Nije ni nama bilo lako tamo, ne\u0107e ni Portugalcima. Vide\u0107emo \u0161ta \u0107e biti\u201d, zaklju\u010dio je Ljaji\u0107.<\/p>\n","protected":false},"excerpt":{"rendered":"<p>Fudbaler Srbije Adem Ljaji\u0107 rekao je da je pobeda protiv Litvanije va\u017ena zbog nastavka pobedni\u010dkog niza. Srbija je u Vilnjus pobedila Litvaniju 2:1 u me\u010du kvalifikacija za EURO 2020, a Ljaji\u0107 je bio asistent kod oba gola Aleksandra Mitrovi\u0107a. \u201cNamestio sam dva gola Mitrovi\u0107u, drago mi je zbog toga. Bilo je jako bitno da nastavimo [&hellip;]<\/p>\n","protected":false},"author":509,"featured_media":229483,"comment_status":"open","ping_status":"open","sticky":false,"template":"","format":"standard","meta":{"footnotes":""},"categories":[72,13,10429],"tags":[],"class_list":{"0":"post-229482","1":"post","2":"type-post","3":"status-publish","4":"format-standard","5":"has-post-thumbnail","7":"category-novi-pazar","8":"category-sport","9":"category-vazno"},"yoast_head":"<!-- This site is optimized with the Yoast SEO Premium plugin v23.1 (Yoast SEO v24.9) - https:\/\/yoast.com\/wordpress\/plugins\/seo\/ -->\n<title>Ljaji\u0107: Trebalo je damo jo\u0161 neki gol<\/title>\n<meta name=\"robots\" content=\"index, follow, max-snippet:-1, max-image-preview:large, max-video-preview:-1\" \/>\n<link rel=\"canonical\" href=\"https:\/\/sandzakpress.net\/arhiva\/ljajic-trebalo-je-damo-jos-neki-gol\/\" \/>\n<meta property=\"og:locale\" content=\"bs_BA\" \/>\n<meta property=\"og:type\" content=\"article\" \/>\n<meta property=\"og:title\" content=\"Ljaji\u0107: Trebalo je damo jo\u0161 neki gol\" \/>\n<meta property=\"og:description\" content=\"Fudbaler Srbije Adem Ljaji\u0107 rekao je da je pobeda protiv Litvanije va\u017ena zbog nastavka pobedni\u010dkog niza. Srbija je u Vilnjus pobedila Litvaniju 2:1 u me\u010du kvalifikacija za EURO 2020, a Ljaji\u0107 je bio asistent kod oba gola Aleksandra Mitrovi\u0107a. \u201cNamestio sam dva gola Mitrovi\u0107u, drago mi je zbog toga. Bilo je jako bitno da nastavimo [&hellip;]\" \/>\n<meta property=\"og:url\" content=\"https:\/\/sandzakpress.net\/arhiva\/ljajic-trebalo-je-damo-jos-neki-gol\/\" \/>\n<meta property=\"og:site_name\" content=\"Sand\u017eak PRESS\" \/>\n<meta property=\"article:published_time\" content=\"2019-10-15T11:10:49+00:00\" \/>\n<meta property=\"og:image\" content=\"https:\/\/sandzakpress.net\/arhiva\/wp-content\/uploads\/2019\/10\/IMG_20191015_093037.jpg\" \/>\n\t<meta property=\"og:image:width\" content=\"873\" \/>\n\t<meta property=\"og:image:height\" content=\"808\" \/>\n\t<meta property=\"og:image:type\" content=\"image\/jpeg\" \/>\n<meta name=\"author\" content=\"Agencija\" \/>\n<meta name=\"twitter:card\" content=\"summary_large_image\" \/>\n<meta name=\"twitter:label1\" content=\"Written by\" \/>\n\t<meta name=\"twitter:data1\" content=\"Agencija\" \/>\n\t<meta name=\"twitter:label2\" content=\"Est. reading time\" \/>\n\t<meta name=\"twitter:data2\" content=\"1 minuta\" \/>\n<script type=\"application\/ld+json\" class=\"yoast-schema-graph\">{\"@context\":\"https:\/\/schema.org\",\"@graph\":[{\"@type\":\"Article\",\"@id\":\"https:\/\/sandzakpress.net\/arhiva\/ljajic-trebalo-je-damo-jos-neki-gol\/#article\",\"isPartOf\":{\"@id\":\"https:\/\/sandzakpress.net\/arhiva\/ljajic-trebalo-je-damo-jos-neki-gol\/\"},\"author\":{\"name\":\"Agencija\",\"@id\":\"https:\/\/sandzakpress.net\/arhiva\/#\/schema\/person\/cb59d7e3ab91ab90dd680ad0305a6185\"},\"headline\":\"Ljaji\u0107: Trebalo je damo jo\u0161 neki gol\",\"datePublished\":\"2019-10-15T11:10:49+00:00\",\"mainEntityOfPage\":{\"@id\":\"https:\/\/sandzakpress.net\/arhiva\/ljajic-trebalo-je-damo-jos-neki-gol\/\"},\"wordCount\":208,\"commentCount\":0,\"publisher\":{\"@id\":\"https:\/\/sandzakpress.net\/arhiva\/#\/schema\/person\/6e72b67d6e51910a1117b3b483ba20bd\"},\"image\":{\"@id\":\"https:\/\/sandzakpress.net\/arhiva\/ljajic-trebalo-je-damo-jos-neki-gol\/#primaryimage\"},\"thumbnailUrl\":\"https:\/\/sandzakpress.net\/arhiva\/wp-content\/uploads\/2019\/10\/IMG_20191015_093037.jpg\",\"articleSection\":[\"Novi Pazar\",\"Sport\",\"VA\u017dNO!\"],\"inLanguage\":\"bs-BA\",\"potentialAction\":[{\"@type\":\"CommentAction\",\"name\":\"Comment\",\"target\":[\"https:\/\/sandzakpress.net\/arhiva\/ljajic-trebalo-je-damo-jos-neki-gol\/#respond\"]}]},{\"@type\":\"WebPage\",\"@id\":\"https:\/\/sandzakpress.net\/arhiva\/ljajic-trebalo-je-damo-jos-neki-gol\/\",\"url\":\"https:\/\/sandzakpress.net\/arhiva\/ljajic-trebalo-je-damo-jos-neki-gol\/\",\"name\":\"Ljaji\u0107: Trebalo je damo jo\u0161 neki gol\",\"isPartOf\":{\"@id\":\"https:\/\/sandzakpress.net\/arhiva\/#website\"},\"primaryImageOfPage\":{\"@id\":\"https:\/\/sandzakpress.net\/arhiva\/ljajic-trebalo-je-damo-jos-neki-gol\/#primaryimage\"},\"image\":{\"@id\":\"https:\/\/sandzakpress.net\/arhiva\/ljajic-trebalo-je-damo-jos-neki-gol\/#primaryimage\"},\"thumbnailUrl\":\"https:\/\/sandzakpress.net\/arhiva\/wp-content\/uploads\/2019\/10\/IMG_20191015_093037.jpg\",\"datePublished\":\"2019-10-15T11:10:49+00:00\",\"breadcrumb\":{\"@id\":\"https:\/\/sandzakpress.net\/arhiva\/ljajic-trebalo-je-damo-jos-neki-gol\/#breadcrumb\"},\"inLanguage\":\"bs-BA\",\"potentialAction\":[{\"@type\":\"ReadAction\",\"target\":[\"https:\/\/sandzakpress.net\/arhiva\/ljajic-trebalo-je-damo-jos-neki-gol\/\"]}]},{\"@type\":\"ImageObject\",\"inLanguage\":\"bs-BA\",\"@id\":\"https:\/\/sandzakpress.net\/arhiva\/ljajic-trebalo-je-damo-jos-neki-gol\/#primaryimage\",\"url\":\"https:\/\/sandzakpress.net\/arhiva\/wp-content\/uploads\/2019\/10\/IMG_20191015_093037.jpg\",\"contentUrl\":\"https:\/\/sandzakpress.net\/arhiva\/wp-content\/uploads\/2019\/10\/IMG_20191015_093037.jpg\",\"width\":873,\"height\":808},{\"@type\":\"BreadcrumbList\",\"@id\":\"https:\/\/sandzakpress.net\/arhiva\/ljajic-trebalo-je-damo-jos-neki-gol\/#breadcrumb\",\"itemListElement\":[{\"@type\":\"ListItem\",\"position\":1,\"name\":\"Home\",\"item\":\"https:\/\/sandzakpress.net\/arhiva\/\"},{\"@type\":\"ListItem\",\"position\":2,\"name\":\"Ljaji\u0107: Trebalo je damo jo\u0161 neki gol\"}]},{\"@type\":\"WebSite\",\"@id\":\"https:\/\/sandzakpress.net\/arhiva\/#website\",\"url\":\"https:\/\/sandzakpress.net\/arhiva\/\",\"name\":\"Sand\u017eak PRESS\",\"description\":\"Prve elektronske novine u Sand\u017eaku\",\"publisher\":{\"@id\":\"https:\/\/sandzakpress.net\/arhiva\/#\/schema\/person\/6e72b67d6e51910a1117b3b483ba20bd\"},\"potentialAction\":[{\"@type\":\"SearchAction\",\"target\":{\"@type\":\"EntryPoint\",\"urlTemplate\":\"https:\/\/sandzakpress.net\/arhiva\/?s={search_term_string}\"},\"query-input\":{\"@type\":\"PropertyValueSpecification\",\"valueRequired\":true,\"valueName\":\"search_term_string\"}}],\"inLanguage\":\"bs-BA\"},{\"@type\":[\"Person\",\"Organization\"],\"@id\":\"https:\/\/sandzakpress.net\/arhiva\/#\/schema\/person\/6e72b67d6e51910a1117b3b483ba20bd\",\"name\":\"Kul\",\"image\":{\"@type\":\"ImageObject\",\"inLanguage\":\"bs-BA\",\"@id\":\"https:\/\/sandzakpress.net\/arhiva\/#\/schema\/person\/image\/\",\"url\":\"https:\/\/secure.gravatar.com\/avatar\/42263f39aa27ac04c43cab85c280eb2e?s=96&d=mm&r=pg\",\"contentUrl\":\"https:\/\/secure.gravatar.com\/avatar\/42263f39aa27ac04c43cab85c280eb2e?s=96&d=mm&r=pg\",\"caption\":\"Kul\"},\"logo\":{\"@id\":\"https:\/\/sandzakpress.net\/arhiva\/#\/schema\/person\/image\/\"}},{\"@type\":\"Person\",\"@id\":\"https:\/\/sandzakpress.net\/arhiva\/#\/schema\/person\/cb59d7e3ab91ab90dd680ad0305a6185\",\"name\":\"Agencija\",\"image\":{\"@type\":\"ImageObject\",\"inLanguage\":\"bs-BA\",\"@id\":\"https:\/\/sandzakpress.net\/arhiva\/#\/schema\/person\/image\/\",\"url\":\"https:\/\/secure.gravatar.com\/avatar\/4b7fafa80a22f0c2afe23966b3961fe0?s=96&d=mm&r=pg\",\"contentUrl\":\"https:\/\/secure.gravatar.com\/avatar\/4b7fafa80a22f0c2afe23966b3961fe0?s=96&d=mm&r=pg\",\"caption\":\"Agencija\"},\"url\":\"https:\/\/sandzakpress.net\/arhiva\/author\/agencija\/\"}]}<\/script>\n<!-- \/ Yoast SEO Premium plugin. -->","yoast_head_json":{"title":"Ljaji\u0107: Trebalo je damo jo\u0161 neki gol","robots":{"index":"index","follow":"follow","max-snippet":"max-snippet:-1","max-image-preview":"max-image-preview:large","max-video-preview":"max-video-preview:-1"},"canonical":"https:\/\/sandzakpress.net\/arhiva\/ljajic-trebalo-je-damo-jos-neki-gol\/","og_locale":"bs_BA","og_type":"article","og_title":"Ljaji\u0107: Trebalo je damo jo\u0161 neki gol","og_description":"Fudbaler Srbije Adem Ljaji\u0107 rekao je da je pobeda protiv Litvanije va\u017ena zbog nastavka pobedni\u010dkog niza. Srbija je u Vilnjus pobedila Litvaniju 2:1 u me\u010du kvalifikacija za EURO 2020, a Ljaji\u0107 je bio asistent kod oba gola Aleksandra Mitrovi\u0107a. \u201cNamestio sam dva gola Mitrovi\u0107u, drago mi je zbog toga. Bilo je jako bitno da nastavimo [&hellip;]","og_url":"https:\/\/sandzakpress.net\/arhiva\/ljajic-trebalo-je-damo-jos-neki-gol\/","og_site_name":"Sand\u017eak PRESS","article_published_time":"2019-10-15T11:10:49+00:00","og_image":[{"width":873,"height":808,"url":"https:\/\/sandzakpress.net\/arhiva\/wp-content\/uploads\/2019\/10\/IMG_20191015_093037.jpg","type":"image\/jpeg"}],"author":"Agencija","twitter_card":"summary_large_image","twitter_misc":{"Written by":"Agencija","Est. reading time":"1 minuta"},"schema":{"@context":"https:\/\/schema.org","@graph":[{"@type":"Article","@id":"https:\/\/sandzakpress.net\/arhiva\/ljajic-trebalo-je-damo-jos-neki-gol\/#article","isPartOf":{"@id":"https:\/\/sandzakpress.net\/arhiva\/ljajic-trebalo-je-damo-jos-neki-gol\/"},"author":{"name":"Agencija","@id":"https:\/\/sandzakpress.net\/arhiva\/#\/schema\/person\/cb59d7e3ab91ab90dd680ad0305a6185"},"headline":"Ljaji\u0107: Trebalo je damo jo\u0161 neki gol","datePublished":"2019-10-15T11:10:49+00:00","mainEntityOfPage":{"@id":"https:\/\/sandzakpress.net\/arhiva\/ljajic-trebalo-je-damo-jos-neki-gol\/"},"wordCount":208,"commentCount":0,"publisher":{"@id":"https:\/\/sandzakpress.net\/arhiva\/#\/schema\/person\/6e72b67d6e51910a1117b3b483ba20bd"},"image":{"@id":"https:\/\/sandzakpress.net\/arhiva\/ljajic-trebalo-je-damo-jos-neki-gol\/#primaryimage"},"thumbnailUrl":"https:\/\/sandzakpress.net\/arhiva\/wp-content\/uploads\/2019\/10\/IMG_20191015_093037.jpg","articleSection":["Novi Pazar","Sport","VA\u017dNO!"],"inLanguage":"bs-BA","potentialAction":[{"@type":"CommentAction","name":"Comment","target":["https:\/\/sandzakpress.net\/arhiva\/ljajic-trebalo-je-damo-jos-neki-gol\/#respond"]}]},{"@type":"WebPage","@id":"https:\/\/sandzakpress.net\/arhiva\/ljajic-trebalo-je-damo-jos-neki-gol\/","url":"https:\/\/sandzakpress.net\/arhiva\/ljajic-trebalo-je-damo-jos-neki-gol\/","name":"Ljaji\u0107: Trebalo je damo jo\u0161 neki gol","isPartOf":{"@id":"https:\/\/sandzakpress.net\/arhiva\/#website"},"primaryImageOfPage":{"@id":"https:\/\/sandzakpress.net\/arhiva\/ljajic-trebalo-je-damo-jos-neki-gol\/#primaryimage"},"image":{"@id":"https:\/\/sandzakpress.net\/arhiva\/ljajic-trebalo-je-damo-jos-neki-gol\/#primaryimage"},"thumbnailUrl":"https:\/\/sandzakpress.net\/arhiva\/wp-content\/uploads\/2019\/10\/IMG_20191015_093037.jpg","datePublished":"2019-10-15T11:10:49+00:00","breadcrumb":{"@id":"https:\/\/sandzakpress.net\/arhiva\/ljajic-trebalo-je-damo-jos-neki-gol\/#breadcrumb"},"inLanguage":"bs-BA","potentialAction":[{"@type":"ReadAction","target":["https:\/\/sandzakpress.net\/arhiva\/ljajic-trebalo-je-damo-jos-neki-gol\/"]}]},{"@type":"ImageObject","inLanguage":"bs-BA","@id":"https:\/\/sandzakpress.net\/arhiva\/ljajic-trebalo-je-damo-jos-neki-gol\/#primaryimage","url":"https:\/\/sandzakpress.net\/arhiva\/wp-content\/uploads\/2019\/10\/IMG_20191015_093037.jpg","contentUrl":"https:\/\/sandzakpress.net\/arhiva\/wp-content\/uploads\/2019\/10\/IMG_20191015_093037.jpg","width":873,"height":808},{"@type":"BreadcrumbList","@id":"https:\/\/sandzakpress.net\/arhiva\/ljajic-trebalo-je-damo-jos-neki-gol\/#breadcrumb","itemListElement":[{"@type":"ListItem","position":1,"name":"Home","item":"https:\/\/sandzakpress.net\/arhiva\/"},{"@type":"ListItem","position":2,"name":"Ljaji\u0107: Trebalo je damo jo\u0161 neki gol"}]},{"@type":"WebSite","@id":"https:\/\/sandzakpress.net\/arhiva\/#website","url":"https:\/\/sandzakpress.net\/arhiva\/","name":"Sand\u017eak PRESS","description":"Prve elektronske novine u Sand\u017eaku","publisher":{"@id":"https:\/\/sandzakpress.net\/arhiva\/#\/schema\/person\/6e72b67d6e51910a1117b3b483ba20bd"},"potentialAction":[{"@type":"SearchAction","target":{"@type":"EntryPoint","urlTemplate":"https:\/\/sandzakpress.net\/arhiva\/?s={search_term_string}"},"query-input":{"@type":"PropertyValueSpecification","valueRequired":true,"valueName":"search_term_string"}}],"inLanguage":"bs-BA"},{"@type":["Person","Organization"],"@id":"https:\/\/sandzakpress.net\/arhiva\/#\/schema\/person\/6e72b67d6e51910a1117b3b483ba20bd","name":"Kul","image":{"@type":"ImageObject","inLanguage":"bs-BA","@id":"https:\/\/sandzakpress.net\/arhiva\/#\/schema\/person\/image\/","url":"https:\/\/secure.gravatar.com\/avatar\/42263f39aa27ac04c43cab85c280eb2e?s=96&d=mm&r=pg","contentUrl":"https:\/\/secure.gravatar.com\/avatar\/42263f39aa27ac04c43cab85c280eb2e?s=96&d=mm&r=pg","caption":"Kul"},"logo":{"@id":"https:\/\/sandzakpress.net\/arhiva\/#\/schema\/person\/image\/"}},{"@type":"Person","@id":"https:\/\/sandzakpress.net\/arhiva\/#\/schema\/person\/cb59d7e3ab91ab90dd680ad0305a6185","name":"Agencija","image":{"@type":"ImageObject","inLanguage":"bs-BA","@id":"https:\/\/sandzakpress.net\/arhiva\/#\/schema\/person\/image\/","url":"https:\/\/secure.gravatar.com\/avatar\/4b7fafa80a22f0c2afe23966b3961fe0?s=96&d=mm&r=pg","contentUrl":"https:\/\/secure.gravatar.com\/avatar\/4b7fafa80a22f0c2afe23966b3961fe0?s=96&d=mm&r=pg","caption":"Agencija"},"url":"https:\/\/sandzakpress.net\/arhiva\/author\/agencija\/"}]}},"_links":{"self":[{"href":"https:\/\/sandzakpress.net\/arhiva\/wp-json\/wp\/v2\/posts\/229482"}],"collection":[{"href":"https:\/\/sandzakpress.net\/arhiva\/wp-json\/wp\/v2\/posts"}],"about":[{"href":"https:\/\/sandzakpress.net\/arhiva\/wp-json\/wp\/v2\/types\/post"}],"author":[{"embeddable":true,"href":"https:\/\/sandzakpress.net\/arhiva\/wp-json\/wp\/v2\/users\/509"}],"replies":[{"embeddable":true,"href":"https:\/\/sandzakpress.net\/arhiva\/wp-json\/wp\/v2\/comments?post=229482"}],"version-history":[{"count":0,"href":"https:\/\/sandzakpress.net\/arhiva\/wp-json\/wp\/v2\/posts\/229482\/revisions"}],"wp:featuredmedia":[{"embeddable":true,"href":"https:\/\/sandzakpress.net\/arhiva\/wp-json\/wp\/v2\/media\/229483"}],"wp:attachment":[{"href":"https:\/\/sandzakpress.net\/arhiva\/wp-json\/wp\/v2\/media?parent=229482"}],"wp:term":[{"taxonomy":"category","embeddable":true,"href":"https:\/\/sandzakpress.net\/arhiva\/wp-json\/wp\/v2\/categories?post=229482"},{"taxonomy":"post_tag","embeddable":true,"href":"https:\/\/sandzakpress.net\/arhiva\/wp-json\/wp\/v2\/tags?post=229482"}],"curies":[{"name":"wp","href":"https:\/\/api.w.org\/{rel}","templated":true}]}}