{"id":229394,"date":"2019-10-12T13:45:43","date_gmt":"2019-10-12T11:45:43","guid":{"rendered":"https:\/\/sandzakpress.net\/arhiva\/?p=229394"},"modified":"2019-10-12T16:03:57","modified_gmt":"2019-10-12T14:03:57","slug":"muftija-dudic-cestitao-kavazovicu-reizbor-za-reisu-l-ulemu","status":"publish","type":"post","link":"https:\/\/sandzakpress.net\/arhiva\/muftija-dudic-cestitao-kavazovicu-reizbor-za-reisu-l-ulemu\/","title":{"rendered":"Muftija Dudi\u0107 \u010destitao Kavazovi\u0107u reizbor za reisu-l-ulemu"},"content":{"rendered":"<p><img loading=\"lazy\" decoding=\"async\" class=\"size-full wp-image-229395 aligncenter\" src=\"https:\/\/sandzakpress.net\/arhiva\/wp-content\/uploads\/2019\/10\/NC1_8994.jpg\" alt=\"\" width=\"1200\" height=\"798\" srcset=\"https:\/\/sandzakpress.net\/arhiva\/wp-content\/uploads\/2019\/10\/NC1_8994.jpg 1200w, https:\/\/sandzakpress.net\/arhiva\/wp-content\/uploads\/2019\/10\/NC1_8994-768x511.jpg 768w, https:\/\/sandzakpress.net\/arhiva\/wp-content\/uploads\/2019\/10\/NC1_8994-616x410.jpg 616w, https:\/\/sandzakpress.net\/arhiva\/wp-content\/uploads\/2019\/10\/NC1_8994-360x240.jpg 360w\" sizes=\"(max-width: 1200px) 100vw, 1200px\" \/><\/p>\n<p><strong>Izborno tijelo Islamske zajednice (IZ) u BiH danas je u Sarajevu ponovo ukazalo povjerenje Huseinu ef. Kavazovi\u0107u, izabrav\u0161i ga za reisu-l-ulemu i u narednom sedmogodi\u0161njem mandatu.<\/strong><\/p>\n<p>Delegaciju iz Sand\u017eaka predvodio je predsjednik Me\u0161ihata muftija dr. Mevlud ef. Dudi\u0107. On je rekao da su i odlike i karakteristike programa koje su predstavili oba kandidata kvalitetne, te da je bilo koji od njih dvoje izabran, zajednica se ne bi postidjela. Uputio \u010destitu reisu-l-ulemi Kavazovi\u0107u na reizboru.<\/p>\n<p>&#8220;Ovime se trebamo ponositi. Bira\u010dko tijelo je odlu\u010dilo da da povjerenje dosada\u0161njem reisu-l-ulemi Kavazovi\u0107u i ja koristim priliku da u svoje ime, u ime Me\u0161ihata IZ-e u Srbiji, uputim najiskrenije \u010destitke uz \u017eelju da u narednom periodu\u00a0 posti\u017ee jo\u0161 bolje rezultate. Za mene je ovo od posebnog zna\u010daja jer smo na \u0161erijatski na\u010din dali legitimiet onome ko \u0107e nas predvodi. Jedino je ovo ispravan na\u010din biranja. Muslimani treba da budu ponosi i oni i koji su u BiH i Sand\u017eaku i svi oni koji pripadaju ovoj zajednici jer je ovo zajednica slobode i dostojanstva.&#8221;<\/p>\n<p>Nakon izbora reisu-l-uleme Sabor Islamske zajednice imenuje Odbor za predaju men\u0161ure reisu-l-ulemi. Prilikom preuzimanja men\u0161ure reisu-l-ulema pola\u017ee zakletvu u Gazi Husrev-begovoj d\u017eamiji u Sarajevu i zvani\u010dno stupa na du\u017enost.<\/p>\n<blockquote class=\"wp-embedded-content\" data-secret=\"h93R4mrakv\"><p><a href=\"https:\/\/sandzakpress.net\/arhiva\/muftija-zukorlic-prvi-cestitao-pobjedu-reisu-kavazovicu-mi-smo-jedna-strana\/\">Muftija Zukorli\u0107 prvi \u010destitao pobjedu reisu Kavazovi\u0107u: Mi smo jedna strana<\/a><\/p><\/blockquote>\n<p><iframe loading=\"lazy\" class=\"wp-embedded-content\" sandbox=\"allow-scripts\" security=\"restricted\" style=\"position: absolute; visibility: hidden;\" title=\"&#8220;Muftija Zukorli\u0107 prvi \u010destitao pobjedu reisu Kavazovi\u0107u: Mi smo jedna strana&#8221; &#8212; Sand\u017eak PRESS\" src=\"https:\/\/sandzakpress.net\/arhiva\/muftija-zukorlic-prvi-cestitao-pobjedu-reisu-kavazovicu-mi-smo-jedna-strana\/embed\/#?secret=4RUZpkTxoh#?secret=h93R4mrakv\" data-secret=\"h93R4mrakv\" width=\"600\" height=\"338\" frameborder=\"0\" marginwidth=\"0\" marginheight=\"0\" scrolling=\"no\"><\/iframe><\/p>\n<p>&nbsp;<\/p>\n","protected":false},"excerpt":{"rendered":"<p>Izborno tijelo Islamske zajednice (IZ) u BiH danas je u Sarajevu ponovo ukazalo povjerenje Huseinu ef. Kavazovi\u0107u, izabrav\u0161i ga za reisu-l-ulemu i u narednom sedmogodi\u0161njem mandatu. Delegaciju iz Sand\u017eaka predvodio je predsjednik Me\u0161ihata muftija dr. Mevlud ef. Dudi\u0107. On je rekao da su i odlike i karakteristike programa koje su predstavili oba kandidata kvalitetne, te [&hellip;]<\/p>\n","protected":false},"author":509,"featured_media":229395,"comment_status":"open","ping_status":"open","sticky":false,"template":"","format":"standard","meta":{"footnotes":""},"categories":[72,802,8957],"tags":[],"class_list":{"0":"post-229394","1":"post","2":"type-post","3":"status-publish","4":"format-standard","5":"has-post-thumbnail","7":"category-novi-pazar","8":"category-islamska_zajednica","9":"category-vijesti-dana"},"yoast_head":"<!-- This site is optimized with the Yoast SEO Premium plugin v23.1 (Yoast SEO v24.9) - https:\/\/yoast.com\/wordpress\/plugins\/seo\/ -->\n<title>Muftija Dudi\u0107 \u010destitao Kavazovi\u0107u reizbor za reisu-l-ulemu<\/title>\n<meta name=\"robots\" content=\"index, follow, max-snippet:-1, max-image-preview:large, max-video-preview:-1\" \/>\n<link rel=\"canonical\" href=\"https:\/\/sandzakpress.net\/arhiva\/muftija-dudic-cestitao-kavazovicu-reizbor-za-reisu-l-ulemu\/\" \/>\n<meta property=\"og:locale\" content=\"bs_BA\" \/>\n<meta property=\"og:type\" content=\"article\" \/>\n<meta property=\"og:title\" content=\"Muftija Dudi\u0107 \u010destitao Kavazovi\u0107u reizbor za reisu-l-ulemu\" \/>\n<meta property=\"og:description\" content=\"Izborno tijelo Islamske zajednice (IZ) u BiH danas je u Sarajevu ponovo ukazalo povjerenje Huseinu ef. Kavazovi\u0107u, izabrav\u0161i ga za reisu-l-ulemu i u narednom sedmogodi\u0161njem mandatu. Delegaciju iz Sand\u017eaka predvodio je predsjednik Me\u0161ihata muftija dr. Mevlud ef. Dudi\u0107. On je rekao da su i odlike i karakteristike programa koje su predstavili oba kandidata kvalitetne, te [&hellip;]\" \/>\n<meta property=\"og:url\" content=\"https:\/\/sandzakpress.net\/arhiva\/muftija-dudic-cestitao-kavazovicu-reizbor-za-reisu-l-ulemu\/\" \/>\n<meta property=\"og:site_name\" content=\"Sand\u017eak PRESS\" \/>\n<meta property=\"article:published_time\" content=\"2019-10-12T11:45:43+00:00\" \/>\n<meta property=\"article:modified_time\" content=\"2019-10-12T14:03:57+00:00\" \/>\n<meta property=\"og:image\" content=\"https:\/\/sandzakpress.net\/arhiva\/wp-content\/uploads\/2019\/10\/NC1_8994.jpg\" \/>\n\t<meta property=\"og:image:width\" content=\"1200\" \/>\n\t<meta property=\"og:image:height\" content=\"798\" \/>\n\t<meta property=\"og:image:type\" content=\"image\/jpeg\" \/>\n<meta name=\"author\" content=\"Agencija\" \/>\n<meta name=\"twitter:card\" content=\"summary_large_image\" \/>\n<meta name=\"twitter:label1\" content=\"Written by\" \/>\n\t<meta name=\"twitter:data1\" content=\"Agencija\" \/>\n\t<meta name=\"twitter:label2\" content=\"Est. reading time\" \/>\n\t<meta name=\"twitter:data2\" content=\"1 minuta\" \/>\n<script type=\"application\/ld+json\" class=\"yoast-schema-graph\">{\"@context\":\"https:\/\/schema.org\",\"@graph\":[{\"@type\":\"Article\",\"@id\":\"https:\/\/sandzakpress.net\/arhiva\/muftija-dudic-cestitao-kavazovicu-reizbor-za-reisu-l-ulemu\/#article\",\"isPartOf\":{\"@id\":\"https:\/\/sandzakpress.net\/arhiva\/muftija-dudic-cestitao-kavazovicu-reizbor-za-reisu-l-ulemu\/\"},\"author\":{\"name\":\"Agencija\",\"@id\":\"https:\/\/sandzakpress.net\/arhiva\/#\/schema\/person\/cb59d7e3ab91ab90dd680ad0305a6185\"},\"headline\":\"Muftija Dudi\u0107 \u010destitao Kavazovi\u0107u reizbor za reisu-l-ulemu\",\"datePublished\":\"2019-10-12T11:45:43+00:00\",\"dateModified\":\"2019-10-12T14:03:57+00:00\",\"mainEntityOfPage\":{\"@id\":\"https:\/\/sandzakpress.net\/arhiva\/muftija-dudic-cestitao-kavazovicu-reizbor-za-reisu-l-ulemu\/\"},\"wordCount\":233,\"commentCount\":0,\"publisher\":{\"@id\":\"https:\/\/sandzakpress.net\/arhiva\/#\/schema\/person\/6e72b67d6e51910a1117b3b483ba20bd\"},\"image\":{\"@id\":\"https:\/\/sandzakpress.net\/arhiva\/muftija-dudic-cestitao-kavazovicu-reizbor-za-reisu-l-ulemu\/#primaryimage\"},\"thumbnailUrl\":\"https:\/\/sandzakpress.net\/arhiva\/wp-content\/uploads\/2019\/10\/NC1_8994.jpg\",\"articleSection\":[\"Novi Pazar\",\"Islamska zajednica\",\"VIJESTI DANA\"],\"inLanguage\":\"bs-BA\",\"potentialAction\":[{\"@type\":\"CommentAction\",\"name\":\"Comment\",\"target\":[\"https:\/\/sandzakpress.net\/arhiva\/muftija-dudic-cestitao-kavazovicu-reizbor-za-reisu-l-ulemu\/#respond\"]}]},{\"@type\":\"WebPage\",\"@id\":\"https:\/\/sandzakpress.net\/arhiva\/muftija-dudic-cestitao-kavazovicu-reizbor-za-reisu-l-ulemu\/\",\"url\":\"https:\/\/sandzakpress.net\/arhiva\/muftija-dudic-cestitao-kavazovicu-reizbor-za-reisu-l-ulemu\/\",\"name\":\"Muftija Dudi\u0107 \u010destitao Kavazovi\u0107u reizbor za reisu-l-ulemu\",\"isPartOf\":{\"@id\":\"https:\/\/sandzakpress.net\/arhiva\/#website\"},\"primaryImageOfPage\":{\"@id\":\"https:\/\/sandzakpress.net\/arhiva\/muftija-dudic-cestitao-kavazovicu-reizbor-za-reisu-l-ulemu\/#primaryimage\"},\"image\":{\"@id\":\"https:\/\/sandzakpress.net\/arhiva\/muftija-dudic-cestitao-kavazovicu-reizbor-za-reisu-l-ulemu\/#primaryimage\"},\"thumbnailUrl\":\"https:\/\/sandzakpress.net\/arhiva\/wp-content\/uploads\/2019\/10\/NC1_8994.jpg\",\"datePublished\":\"2019-10-12T11:45:43+00:00\",\"dateModified\":\"2019-10-12T14:03:57+00:00\",\"breadcrumb\":{\"@id\":\"https:\/\/sandzakpress.net\/arhiva\/muftija-dudic-cestitao-kavazovicu-reizbor-za-reisu-l-ulemu\/#breadcrumb\"},\"inLanguage\":\"bs-BA\",\"potentialAction\":[{\"@type\":\"ReadAction\",\"target\":[\"https:\/\/sandzakpress.net\/arhiva\/muftija-dudic-cestitao-kavazovicu-reizbor-za-reisu-l-ulemu\/\"]}]},{\"@type\":\"ImageObject\",\"inLanguage\":\"bs-BA\",\"@id\":\"https:\/\/sandzakpress.net\/arhiva\/muftija-dudic-cestitao-kavazovicu-reizbor-za-reisu-l-ulemu\/#primaryimage\",\"url\":\"https:\/\/sandzakpress.net\/arhiva\/wp-content\/uploads\/2019\/10\/NC1_8994.jpg\",\"contentUrl\":\"https:\/\/sandzakpress.net\/arhiva\/wp-content\/uploads\/2019\/10\/NC1_8994.jpg\",\"width\":1200,\"height\":798},{\"@type\":\"BreadcrumbList\",\"@id\":\"https:\/\/sandzakpress.net\/arhiva\/muftija-dudic-cestitao-kavazovicu-reizbor-za-reisu-l-ulemu\/#breadcrumb\",\"itemListElement\":[{\"@type\":\"ListItem\",\"position\":1,\"name\":\"Home\",\"item\":\"https:\/\/sandzakpress.net\/arhiva\/\"},{\"@type\":\"ListItem\",\"position\":2,\"name\":\"Muftija Dudi\u0107 \u010destitao Kavazovi\u0107u reizbor za reisu-l-ulemu\"}]},{\"@type\":\"WebSite\",\"@id\":\"https:\/\/sandzakpress.net\/arhiva\/#website\",\"url\":\"https:\/\/sandzakpress.net\/arhiva\/\",\"name\":\"Sand\u017eak PRESS\",\"description\":\"Prve elektronske novine u Sand\u017eaku\",\"publisher\":{\"@id\":\"https:\/\/sandzakpress.net\/arhiva\/#\/schema\/person\/6e72b67d6e51910a1117b3b483ba20bd\"},\"potentialAction\":[{\"@type\":\"SearchAction\",\"target\":{\"@type\":\"EntryPoint\",\"urlTemplate\":\"https:\/\/sandzakpress.net\/arhiva\/?s={search_term_string}\"},\"query-input\":{\"@type\":\"PropertyValueSpecification\",\"valueRequired\":true,\"valueName\":\"search_term_string\"}}],\"inLanguage\":\"bs-BA\"},{\"@type\":[\"Person\",\"Organization\"],\"@id\":\"https:\/\/sandzakpress.net\/arhiva\/#\/schema\/person\/6e72b67d6e51910a1117b3b483ba20bd\",\"name\":\"Kul\",\"image\":{\"@type\":\"ImageObject\",\"inLanguage\":\"bs-BA\",\"@id\":\"https:\/\/sandzakpress.net\/arhiva\/#\/schema\/person\/image\/\",\"url\":\"https:\/\/secure.gravatar.com\/avatar\/42263f39aa27ac04c43cab85c280eb2e?s=96&d=mm&r=pg\",\"contentUrl\":\"https:\/\/secure.gravatar.com\/avatar\/42263f39aa27ac04c43cab85c280eb2e?s=96&d=mm&r=pg\",\"caption\":\"Kul\"},\"logo\":{\"@id\":\"https:\/\/sandzakpress.net\/arhiva\/#\/schema\/person\/image\/\"}},{\"@type\":\"Person\",\"@id\":\"https:\/\/sandzakpress.net\/arhiva\/#\/schema\/person\/cb59d7e3ab91ab90dd680ad0305a6185\",\"name\":\"Agencija\",\"image\":{\"@type\":\"ImageObject\",\"inLanguage\":\"bs-BA\",\"@id\":\"https:\/\/sandzakpress.net\/arhiva\/#\/schema\/person\/image\/\",\"url\":\"https:\/\/secure.gravatar.com\/avatar\/4b7fafa80a22f0c2afe23966b3961fe0?s=96&d=mm&r=pg\",\"contentUrl\":\"https:\/\/secure.gravatar.com\/avatar\/4b7fafa80a22f0c2afe23966b3961fe0?s=96&d=mm&r=pg\",\"caption\":\"Agencija\"},\"url\":\"https:\/\/sandzakpress.net\/arhiva\/author\/agencija\/\"}]}<\/script>\n<!-- \/ Yoast SEO Premium plugin. -->","yoast_head_json":{"title":"Muftija Dudi\u0107 \u010destitao Kavazovi\u0107u reizbor za reisu-l-ulemu","robots":{"index":"index","follow":"follow","max-snippet":"max-snippet:-1","max-image-preview":"max-image-preview:large","max-video-preview":"max-video-preview:-1"},"canonical":"https:\/\/sandzakpress.net\/arhiva\/muftija-dudic-cestitao-kavazovicu-reizbor-za-reisu-l-ulemu\/","og_locale":"bs_BA","og_type":"article","og_title":"Muftija Dudi\u0107 \u010destitao Kavazovi\u0107u reizbor za reisu-l-ulemu","og_description":"Izborno tijelo Islamske zajednice (IZ) u BiH danas je u Sarajevu ponovo ukazalo povjerenje Huseinu ef. Kavazovi\u0107u, izabrav\u0161i ga za reisu-l-ulemu i u narednom sedmogodi\u0161njem mandatu. Delegaciju iz Sand\u017eaka predvodio je predsjednik Me\u0161ihata muftija dr. Mevlud ef. Dudi\u0107. On je rekao da su i odlike i karakteristike programa koje su predstavili oba kandidata kvalitetne, te [&hellip;]","og_url":"https:\/\/sandzakpress.net\/arhiva\/muftija-dudic-cestitao-kavazovicu-reizbor-za-reisu-l-ulemu\/","og_site_name":"Sand\u017eak PRESS","article_published_time":"2019-10-12T11:45:43+00:00","article_modified_time":"2019-10-12T14:03:57+00:00","og_image":[{"width":1200,"height":798,"url":"https:\/\/sandzakpress.net\/arhiva\/wp-content\/uploads\/2019\/10\/NC1_8994.jpg","type":"image\/jpeg"}],"author":"Agencija","twitter_card":"summary_large_image","twitter_misc":{"Written by":"Agencija","Est. reading time":"1 minuta"},"schema":{"@context":"https:\/\/schema.org","@graph":[{"@type":"Article","@id":"https:\/\/sandzakpress.net\/arhiva\/muftija-dudic-cestitao-kavazovicu-reizbor-za-reisu-l-ulemu\/#article","isPartOf":{"@id":"https:\/\/sandzakpress.net\/arhiva\/muftija-dudic-cestitao-kavazovicu-reizbor-za-reisu-l-ulemu\/"},"author":{"name":"Agencija","@id":"https:\/\/sandzakpress.net\/arhiva\/#\/schema\/person\/cb59d7e3ab91ab90dd680ad0305a6185"},"headline":"Muftija Dudi\u0107 \u010destitao Kavazovi\u0107u reizbor za reisu-l-ulemu","datePublished":"2019-10-12T11:45:43+00:00","dateModified":"2019-10-12T14:03:57+00:00","mainEntityOfPage":{"@id":"https:\/\/sandzakpress.net\/arhiva\/muftija-dudic-cestitao-kavazovicu-reizbor-za-reisu-l-ulemu\/"},"wordCount":233,"commentCount":0,"publisher":{"@id":"https:\/\/sandzakpress.net\/arhiva\/#\/schema\/person\/6e72b67d6e51910a1117b3b483ba20bd"},"image":{"@id":"https:\/\/sandzakpress.net\/arhiva\/muftija-dudic-cestitao-kavazovicu-reizbor-za-reisu-l-ulemu\/#primaryimage"},"thumbnailUrl":"https:\/\/sandzakpress.net\/arhiva\/wp-content\/uploads\/2019\/10\/NC1_8994.jpg","articleSection":["Novi Pazar","Islamska zajednica","VIJESTI DANA"],"inLanguage":"bs-BA","potentialAction":[{"@type":"CommentAction","name":"Comment","target":["https:\/\/sandzakpress.net\/arhiva\/muftija-dudic-cestitao-kavazovicu-reizbor-za-reisu-l-ulemu\/#respond"]}]},{"@type":"WebPage","@id":"https:\/\/sandzakpress.net\/arhiva\/muftija-dudic-cestitao-kavazovicu-reizbor-za-reisu-l-ulemu\/","url":"https:\/\/sandzakpress.net\/arhiva\/muftija-dudic-cestitao-kavazovicu-reizbor-za-reisu-l-ulemu\/","name":"Muftija Dudi\u0107 \u010destitao Kavazovi\u0107u reizbor za reisu-l-ulemu","isPartOf":{"@id":"https:\/\/sandzakpress.net\/arhiva\/#website"},"primaryImageOfPage":{"@id":"https:\/\/sandzakpress.net\/arhiva\/muftija-dudic-cestitao-kavazovicu-reizbor-za-reisu-l-ulemu\/#primaryimage"},"image":{"@id":"https:\/\/sandzakpress.net\/arhiva\/muftija-dudic-cestitao-kavazovicu-reizbor-za-reisu-l-ulemu\/#primaryimage"},"thumbnailUrl":"https:\/\/sandzakpress.net\/arhiva\/wp-content\/uploads\/2019\/10\/NC1_8994.jpg","datePublished":"2019-10-12T11:45:43+00:00","dateModified":"2019-10-12T14:03:57+00:00","breadcrumb":{"@id":"https:\/\/sandzakpress.net\/arhiva\/muftija-dudic-cestitao-kavazovicu-reizbor-za-reisu-l-ulemu\/#breadcrumb"},"inLanguage":"bs-BA","potentialAction":[{"@type":"ReadAction","target":["https:\/\/sandzakpress.net\/arhiva\/muftija-dudic-cestitao-kavazovicu-reizbor-za-reisu-l-ulemu\/"]}]},{"@type":"ImageObject","inLanguage":"bs-BA","@id":"https:\/\/sandzakpress.net\/arhiva\/muftija-dudic-cestitao-kavazovicu-reizbor-za-reisu-l-ulemu\/#primaryimage","url":"https:\/\/sandzakpress.net\/arhiva\/wp-content\/uploads\/2019\/10\/NC1_8994.jpg","contentUrl":"https:\/\/sandzakpress.net\/arhiva\/wp-content\/uploads\/2019\/10\/NC1_8994.jpg","width":1200,"height":798},{"@type":"BreadcrumbList","@id":"https:\/\/sandzakpress.net\/arhiva\/muftija-dudic-cestitao-kavazovicu-reizbor-za-reisu-l-ulemu\/#breadcrumb","itemListElement":[{"@type":"ListItem","position":1,"name":"Home","item":"https:\/\/sandzakpress.net\/arhiva\/"},{"@type":"ListItem","position":2,"name":"Muftija Dudi\u0107 \u010destitao Kavazovi\u0107u reizbor za reisu-l-ulemu"}]},{"@type":"WebSite","@id":"https:\/\/sandzakpress.net\/arhiva\/#website","url":"https:\/\/sandzakpress.net\/arhiva\/","name":"Sand\u017eak PRESS","description":"Prve elektronske novine u Sand\u017eaku","publisher":{"@id":"https:\/\/sandzakpress.net\/arhiva\/#\/schema\/person\/6e72b67d6e51910a1117b3b483ba20bd"},"potentialAction":[{"@type":"SearchAction","target":{"@type":"EntryPoint","urlTemplate":"https:\/\/sandzakpress.net\/arhiva\/?s={search_term_string}"},"query-input":{"@type":"PropertyValueSpecification","valueRequired":true,"valueName":"search_term_string"}}],"inLanguage":"bs-BA"},{"@type":["Person","Organization"],"@id":"https:\/\/sandzakpress.net\/arhiva\/#\/schema\/person\/6e72b67d6e51910a1117b3b483ba20bd","name":"Kul","image":{"@type":"ImageObject","inLanguage":"bs-BA","@id":"https:\/\/sandzakpress.net\/arhiva\/#\/schema\/person\/image\/","url":"https:\/\/secure.gravatar.com\/avatar\/42263f39aa27ac04c43cab85c280eb2e?s=96&d=mm&r=pg","contentUrl":"https:\/\/secure.gravatar.com\/avatar\/42263f39aa27ac04c43cab85c280eb2e?s=96&d=mm&r=pg","caption":"Kul"},"logo":{"@id":"https:\/\/sandzakpress.net\/arhiva\/#\/schema\/person\/image\/"}},{"@type":"Person","@id":"https:\/\/sandzakpress.net\/arhiva\/#\/schema\/person\/cb59d7e3ab91ab90dd680ad0305a6185","name":"Agencija","image":{"@type":"ImageObject","inLanguage":"bs-BA","@id":"https:\/\/sandzakpress.net\/arhiva\/#\/schema\/person\/image\/","url":"https:\/\/secure.gravatar.com\/avatar\/4b7fafa80a22f0c2afe23966b3961fe0?s=96&d=mm&r=pg","contentUrl":"https:\/\/secure.gravatar.com\/avatar\/4b7fafa80a22f0c2afe23966b3961fe0?s=96&d=mm&r=pg","caption":"Agencija"},"url":"https:\/\/sandzakpress.net\/arhiva\/author\/agencija\/"}]}},"_links":{"self":[{"href":"https:\/\/sandzakpress.net\/arhiva\/wp-json\/wp\/v2\/posts\/229394"}],"collection":[{"href":"https:\/\/sandzakpress.net\/arhiva\/wp-json\/wp\/v2\/posts"}],"about":[{"href":"https:\/\/sandzakpress.net\/arhiva\/wp-json\/wp\/v2\/types\/post"}],"author":[{"embeddable":true,"href":"https:\/\/sandzakpress.net\/arhiva\/wp-json\/wp\/v2\/users\/509"}],"replies":[{"embeddable":true,"href":"https:\/\/sandzakpress.net\/arhiva\/wp-json\/wp\/v2\/comments?post=229394"}],"version-history":[{"count":0,"href":"https:\/\/sandzakpress.net\/arhiva\/wp-json\/wp\/v2\/posts\/229394\/revisions"}],"wp:featuredmedia":[{"embeddable":true,"href":"https:\/\/sandzakpress.net\/arhiva\/wp-json\/wp\/v2\/media\/229395"}],"wp:attachment":[{"href":"https:\/\/sandzakpress.net\/arhiva\/wp-json\/wp\/v2\/media?parent=229394"}],"wp:term":[{"taxonomy":"category","embeddable":true,"href":"https:\/\/sandzakpress.net\/arhiva\/wp-json\/wp\/v2\/categories?post=229394"},{"taxonomy":"post_tag","embeddable":true,"href":"https:\/\/sandzakpress.net\/arhiva\/wp-json\/wp\/v2\/tags?post=229394"}],"curies":[{"name":"wp","href":"https:\/\/api.w.org\/{rel}","templated":true}]}}