{"id":229292,"date":"2019-10-10T14:13:18","date_gmt":"2019-10-10T12:13:18","guid":{"rendered":"https:\/\/sandzakpress.net\/arhiva\/?p=229292"},"modified":"2019-10-10T14:13:18","modified_gmt":"2019-10-10T12:13:18","slug":"chr-hajrat-nalio-drugu-plocu-za-kucu-porodice-gasanin","status":"publish","type":"post","link":"https:\/\/sandzakpress.net\/arhiva\/chr-hajrat-nalio-drugu-plocu-za-kucu-porodice-gasanin\/","title":{"rendered":"CHR Hajrat nalio drugu plo\u010du za ku\u0107u porodice Ga\u0161anin"},"content":{"rendered":"<div class=\"td-post-sharing-top td-pb-padding-side\">\n<div id=\"td_social_sharing_article_top\" class=\"td-post-sharing td-ps-bg td-ps-notext td-post-sharing-style1 \">\n<div class=\"td-post-sharing-visible\">\n<div class=\"td-social-but-icon\">\u00a0<\/div>\n<div class=\"td-social-but-icon\"><img loading=\"lazy\" decoding=\"async\" class=\"\" src=\"http:\/\/sanapress.info\/wp-content\/uploads\/2019\/10\/IMG-20191007-WA0024-300x225.jpg\" width=\"485\" height=\"364\" \/><\/div>\n<div class=\"td-social-but-icon\">\u00a0<\/div>\n<\/div>\n<\/div>\n<\/div>\n<div class=\"td-post-content td-pb-padding-side\">\n<p><strong>\u201dPrije samo sedmicu dana odradili smo boden \u2013 deku, a evo ve\u0107 danas nalivamo drugu plo\u010du za ku\u0107u porodice Ga\u0161anin\u201d \u2013 istakao je direktor Hajrata Mersad ef. Be\u0107irovi\u0107.<\/strong><\/p>\n<p>Ova porodica \u017eivi u veoma te\u0161kim uslovima, pod kirijom, a sva tri \u010dlana porodice su bolesna.<\/p>\n<p>\u201dKoristim ovu priliku da se zahvalim i Hasibu \u2013 had\u017eiji, koji \u017eivi u \u0160vajcarskoj i sa svojim d\u017eematom pokrenuo akciju za ovu tro\u010dlanu porodicu\u201d \u2013 isti\u010de direktro Hajrata.<\/p>\n<p>Hajrat vas poziva da se i vi priklju\u010dite ovoj akciji, mole\u0107i Allaha d\u017e.\u0161. da primi na\u0161a djela.<\/p>\n<p>Svi zainteresirani se mogu javiti na broj telefona:<\/p>\n<p>063 826 456 7<\/p>\n<p><iframe loading=\"lazy\" title=\"PRILOG CHR &#039;&#039;HAJRAT&#039;&#039; - Nalivena plo\u010da za ku\u0107u porodice Ga\u0161anin\" width=\"696\" height=\"392\" src=\"https:\/\/www.youtube.com\/embed\/pjfGKVkWpzU?feature=oembed\" frameborder=\"0\" allow=\"accelerometer; autoplay; encrypted-media; gyroscope; picture-in-picture\" allowfullscreen><\/iframe>\n<\/div>\n","protected":false},"excerpt":{"rendered":"<p>\u00a0 \u00a0 \u201dPrije samo sedmicu dana odradili smo boden \u2013 deku, a evo ve\u0107 danas nalivamo drugu plo\u010du za ku\u0107u porodice Ga\u0161anin\u201d \u2013 istakao je direktor Hajrata Mersad ef. Be\u0107irovi\u0107. Ova porodica \u017eivi u veoma te\u0161kim uslovima, pod kirijom, a sva tri \u010dlana porodice su bolesna. \u201dKoristim ovu priliku da se zahvalim i Hasibu \u2013 [&hellip;]<\/p>\n","protected":false},"author":509,"featured_media":229293,"comment_status":"open","ping_status":"open","sticky":false,"template":"","format":"standard","meta":{"footnotes":""},"categories":[72,802,10429],"tags":[],"class_list":{"0":"post-229292","1":"post","2":"type-post","3":"status-publish","4":"format-standard","5":"has-post-thumbnail","7":"category-novi-pazar","8":"category-islamska_zajednica","9":"category-vazno"},"yoast_head":"<!-- This site is optimized with the Yoast SEO Premium plugin v23.1 (Yoast SEO v24.9) - https:\/\/yoast.com\/wordpress\/plugins\/seo\/ -->\n<title>CHR Hajrat nalio drugu plo\u010du za ku\u0107u porodice Ga\u0161anin<\/title>\n<meta name=\"robots\" content=\"index, follow, max-snippet:-1, max-image-preview:large, max-video-preview:-1\" \/>\n<link rel=\"canonical\" href=\"https:\/\/sandzakpress.net\/arhiva\/chr-hajrat-nalio-drugu-plocu-za-kucu-porodice-gasanin\/\" \/>\n<meta property=\"og:locale\" content=\"bs_BA\" \/>\n<meta property=\"og:type\" content=\"article\" \/>\n<meta property=\"og:title\" content=\"CHR Hajrat nalio drugu plo\u010du za ku\u0107u porodice Ga\u0161anin\" \/>\n<meta property=\"og:description\" content=\"\u00a0 \u00a0 \u201dPrije samo sedmicu dana odradili smo boden \u2013 deku, a evo ve\u0107 danas nalivamo drugu plo\u010du za ku\u0107u porodice Ga\u0161anin\u201d \u2013 istakao je direktor Hajrata Mersad ef. Be\u0107irovi\u0107. Ova porodica \u017eivi u veoma te\u0161kim uslovima, pod kirijom, a sva tri \u010dlana porodice su bolesna. \u201dKoristim ovu priliku da se zahvalim i Hasibu \u2013 [&hellip;]\" \/>\n<meta property=\"og:url\" content=\"https:\/\/sandzakpress.net\/arhiva\/chr-hajrat-nalio-drugu-plocu-za-kucu-porodice-gasanin\/\" \/>\n<meta property=\"og:site_name\" content=\"Sand\u017eak PRESS\" \/>\n<meta property=\"article:published_time\" content=\"2019-10-10T12:13:18+00:00\" \/>\n<meta property=\"og:image\" content=\"https:\/\/sandzakpress.net\/arhiva\/wp-content\/uploads\/2019\/10\/IMG-20191007-WA0024-300x225.jpg\" \/>\n\t<meta property=\"og:image:width\" content=\"300\" \/>\n\t<meta property=\"og:image:height\" content=\"225\" \/>\n\t<meta property=\"og:image:type\" content=\"image\/jpeg\" \/>\n<meta name=\"author\" content=\"Agencija\" \/>\n<meta name=\"twitter:card\" content=\"summary_large_image\" \/>\n<meta name=\"twitter:label1\" content=\"Written by\" \/>\n\t<meta name=\"twitter:data1\" content=\"Agencija\" \/>\n\t<meta name=\"twitter:label2\" content=\"Est. reading time\" \/>\n\t<meta name=\"twitter:data2\" content=\"1 minuta\" \/>\n<script type=\"application\/ld+json\" class=\"yoast-schema-graph\">{\"@context\":\"https:\/\/schema.org\",\"@graph\":[{\"@type\":\"Article\",\"@id\":\"https:\/\/sandzakpress.net\/arhiva\/chr-hajrat-nalio-drugu-plocu-za-kucu-porodice-gasanin\/#article\",\"isPartOf\":{\"@id\":\"https:\/\/sandzakpress.net\/arhiva\/chr-hajrat-nalio-drugu-plocu-za-kucu-porodice-gasanin\/\"},\"author\":{\"name\":\"Agencija\",\"@id\":\"https:\/\/sandzakpress.net\/arhiva\/#\/schema\/person\/cb59d7e3ab91ab90dd680ad0305a6185\"},\"headline\":\"CHR Hajrat nalio drugu plo\u010du za ku\u0107u porodice Ga\u0161anin\",\"datePublished\":\"2019-10-10T12:13:18+00:00\",\"mainEntityOfPage\":{\"@id\":\"https:\/\/sandzakpress.net\/arhiva\/chr-hajrat-nalio-drugu-plocu-za-kucu-porodice-gasanin\/\"},\"wordCount\":121,\"commentCount\":0,\"publisher\":{\"@id\":\"https:\/\/sandzakpress.net\/arhiva\/#\/schema\/person\/6e72b67d6e51910a1117b3b483ba20bd\"},\"image\":{\"@id\":\"https:\/\/sandzakpress.net\/arhiva\/chr-hajrat-nalio-drugu-plocu-za-kucu-porodice-gasanin\/#primaryimage\"},\"thumbnailUrl\":\"https:\/\/sandzakpress.net\/arhiva\/wp-content\/uploads\/2019\/10\/IMG-20191007-WA0024-300x225.jpg\",\"articleSection\":[\"Novi Pazar\",\"Islamska zajednica\",\"VA\u017dNO!\"],\"inLanguage\":\"bs-BA\",\"potentialAction\":[{\"@type\":\"CommentAction\",\"name\":\"Comment\",\"target\":[\"https:\/\/sandzakpress.net\/arhiva\/chr-hajrat-nalio-drugu-plocu-za-kucu-porodice-gasanin\/#respond\"]}]},{\"@type\":\"WebPage\",\"@id\":\"https:\/\/sandzakpress.net\/arhiva\/chr-hajrat-nalio-drugu-plocu-za-kucu-porodice-gasanin\/\",\"url\":\"https:\/\/sandzakpress.net\/arhiva\/chr-hajrat-nalio-drugu-plocu-za-kucu-porodice-gasanin\/\",\"name\":\"CHR Hajrat nalio drugu plo\u010du za ku\u0107u porodice Ga\u0161anin\",\"isPartOf\":{\"@id\":\"https:\/\/sandzakpress.net\/arhiva\/#website\"},\"primaryImageOfPage\":{\"@id\":\"https:\/\/sandzakpress.net\/arhiva\/chr-hajrat-nalio-drugu-plocu-za-kucu-porodice-gasanin\/#primaryimage\"},\"image\":{\"@id\":\"https:\/\/sandzakpress.net\/arhiva\/chr-hajrat-nalio-drugu-plocu-za-kucu-porodice-gasanin\/#primaryimage\"},\"thumbnailUrl\":\"https:\/\/sandzakpress.net\/arhiva\/wp-content\/uploads\/2019\/10\/IMG-20191007-WA0024-300x225.jpg\",\"datePublished\":\"2019-10-10T12:13:18+00:00\",\"breadcrumb\":{\"@id\":\"https:\/\/sandzakpress.net\/arhiva\/chr-hajrat-nalio-drugu-plocu-za-kucu-porodice-gasanin\/#breadcrumb\"},\"inLanguage\":\"bs-BA\",\"potentialAction\":[{\"@type\":\"ReadAction\",\"target\":[\"https:\/\/sandzakpress.net\/arhiva\/chr-hajrat-nalio-drugu-plocu-za-kucu-porodice-gasanin\/\"]}]},{\"@type\":\"ImageObject\",\"inLanguage\":\"bs-BA\",\"@id\":\"https:\/\/sandzakpress.net\/arhiva\/chr-hajrat-nalio-drugu-plocu-za-kucu-porodice-gasanin\/#primaryimage\",\"url\":\"https:\/\/sandzakpress.net\/arhiva\/wp-content\/uploads\/2019\/10\/IMG-20191007-WA0024-300x225.jpg\",\"contentUrl\":\"https:\/\/sandzakpress.net\/arhiva\/wp-content\/uploads\/2019\/10\/IMG-20191007-WA0024-300x225.jpg\",\"width\":300,\"height\":225},{\"@type\":\"BreadcrumbList\",\"@id\":\"https:\/\/sandzakpress.net\/arhiva\/chr-hajrat-nalio-drugu-plocu-za-kucu-porodice-gasanin\/#breadcrumb\",\"itemListElement\":[{\"@type\":\"ListItem\",\"position\":1,\"name\":\"Home\",\"item\":\"https:\/\/sandzakpress.net\/arhiva\/\"},{\"@type\":\"ListItem\",\"position\":2,\"name\":\"CHR Hajrat nalio drugu plo\u010du za ku\u0107u porodice Ga\u0161anin\"}]},{\"@type\":\"WebSite\",\"@id\":\"https:\/\/sandzakpress.net\/arhiva\/#website\",\"url\":\"https:\/\/sandzakpress.net\/arhiva\/\",\"name\":\"Sand\u017eak PRESS\",\"description\":\"Prve elektronske novine u Sand\u017eaku\",\"publisher\":{\"@id\":\"https:\/\/sandzakpress.net\/arhiva\/#\/schema\/person\/6e72b67d6e51910a1117b3b483ba20bd\"},\"potentialAction\":[{\"@type\":\"SearchAction\",\"target\":{\"@type\":\"EntryPoint\",\"urlTemplate\":\"https:\/\/sandzakpress.net\/arhiva\/?s={search_term_string}\"},\"query-input\":{\"@type\":\"PropertyValueSpecification\",\"valueRequired\":true,\"valueName\":\"search_term_string\"}}],\"inLanguage\":\"bs-BA\"},{\"@type\":[\"Person\",\"Organization\"],\"@id\":\"https:\/\/sandzakpress.net\/arhiva\/#\/schema\/person\/6e72b67d6e51910a1117b3b483ba20bd\",\"name\":\"Kul\",\"image\":{\"@type\":\"ImageObject\",\"inLanguage\":\"bs-BA\",\"@id\":\"https:\/\/sandzakpress.net\/arhiva\/#\/schema\/person\/image\/\",\"url\":\"https:\/\/secure.gravatar.com\/avatar\/42263f39aa27ac04c43cab85c280eb2e?s=96&d=mm&r=pg\",\"contentUrl\":\"https:\/\/secure.gravatar.com\/avatar\/42263f39aa27ac04c43cab85c280eb2e?s=96&d=mm&r=pg\",\"caption\":\"Kul\"},\"logo\":{\"@id\":\"https:\/\/sandzakpress.net\/arhiva\/#\/schema\/person\/image\/\"}},{\"@type\":\"Person\",\"@id\":\"https:\/\/sandzakpress.net\/arhiva\/#\/schema\/person\/cb59d7e3ab91ab90dd680ad0305a6185\",\"name\":\"Agencija\",\"image\":{\"@type\":\"ImageObject\",\"inLanguage\":\"bs-BA\",\"@id\":\"https:\/\/sandzakpress.net\/arhiva\/#\/schema\/person\/image\/\",\"url\":\"https:\/\/secure.gravatar.com\/avatar\/4b7fafa80a22f0c2afe23966b3961fe0?s=96&d=mm&r=pg\",\"contentUrl\":\"https:\/\/secure.gravatar.com\/avatar\/4b7fafa80a22f0c2afe23966b3961fe0?s=96&d=mm&r=pg\",\"caption\":\"Agencija\"},\"url\":\"https:\/\/sandzakpress.net\/arhiva\/author\/agencija\/\"}]}<\/script>\n<!-- \/ Yoast SEO Premium plugin. -->","yoast_head_json":{"title":"CHR Hajrat nalio drugu plo\u010du za ku\u0107u porodice Ga\u0161anin","robots":{"index":"index","follow":"follow","max-snippet":"max-snippet:-1","max-image-preview":"max-image-preview:large","max-video-preview":"max-video-preview:-1"},"canonical":"https:\/\/sandzakpress.net\/arhiva\/chr-hajrat-nalio-drugu-plocu-za-kucu-porodice-gasanin\/","og_locale":"bs_BA","og_type":"article","og_title":"CHR Hajrat nalio drugu plo\u010du za ku\u0107u porodice Ga\u0161anin","og_description":"\u00a0 \u00a0 \u201dPrije samo sedmicu dana odradili smo boden \u2013 deku, a evo ve\u0107 danas nalivamo drugu plo\u010du za ku\u0107u porodice Ga\u0161anin\u201d \u2013 istakao je direktor Hajrata Mersad ef. Be\u0107irovi\u0107. Ova porodica \u017eivi u veoma te\u0161kim uslovima, pod kirijom, a sva tri \u010dlana porodice su bolesna. \u201dKoristim ovu priliku da se zahvalim i Hasibu \u2013 [&hellip;]","og_url":"https:\/\/sandzakpress.net\/arhiva\/chr-hajrat-nalio-drugu-plocu-za-kucu-porodice-gasanin\/","og_site_name":"Sand\u017eak PRESS","article_published_time":"2019-10-10T12:13:18+00:00","og_image":[{"width":300,"height":225,"url":"https:\/\/sandzakpress.net\/arhiva\/wp-content\/uploads\/2019\/10\/IMG-20191007-WA0024-300x225.jpg","type":"image\/jpeg"}],"author":"Agencija","twitter_card":"summary_large_image","twitter_misc":{"Written by":"Agencija","Est. reading time":"1 minuta"},"schema":{"@context":"https:\/\/schema.org","@graph":[{"@type":"Article","@id":"https:\/\/sandzakpress.net\/arhiva\/chr-hajrat-nalio-drugu-plocu-za-kucu-porodice-gasanin\/#article","isPartOf":{"@id":"https:\/\/sandzakpress.net\/arhiva\/chr-hajrat-nalio-drugu-plocu-za-kucu-porodice-gasanin\/"},"author":{"name":"Agencija","@id":"https:\/\/sandzakpress.net\/arhiva\/#\/schema\/person\/cb59d7e3ab91ab90dd680ad0305a6185"},"headline":"CHR Hajrat nalio drugu plo\u010du za ku\u0107u porodice Ga\u0161anin","datePublished":"2019-10-10T12:13:18+00:00","mainEntityOfPage":{"@id":"https:\/\/sandzakpress.net\/arhiva\/chr-hajrat-nalio-drugu-plocu-za-kucu-porodice-gasanin\/"},"wordCount":121,"commentCount":0,"publisher":{"@id":"https:\/\/sandzakpress.net\/arhiva\/#\/schema\/person\/6e72b67d6e51910a1117b3b483ba20bd"},"image":{"@id":"https:\/\/sandzakpress.net\/arhiva\/chr-hajrat-nalio-drugu-plocu-za-kucu-porodice-gasanin\/#primaryimage"},"thumbnailUrl":"https:\/\/sandzakpress.net\/arhiva\/wp-content\/uploads\/2019\/10\/IMG-20191007-WA0024-300x225.jpg","articleSection":["Novi Pazar","Islamska zajednica","VA\u017dNO!"],"inLanguage":"bs-BA","potentialAction":[{"@type":"CommentAction","name":"Comment","target":["https:\/\/sandzakpress.net\/arhiva\/chr-hajrat-nalio-drugu-plocu-za-kucu-porodice-gasanin\/#respond"]}]},{"@type":"WebPage","@id":"https:\/\/sandzakpress.net\/arhiva\/chr-hajrat-nalio-drugu-plocu-za-kucu-porodice-gasanin\/","url":"https:\/\/sandzakpress.net\/arhiva\/chr-hajrat-nalio-drugu-plocu-za-kucu-porodice-gasanin\/","name":"CHR Hajrat nalio drugu plo\u010du za ku\u0107u porodice Ga\u0161anin","isPartOf":{"@id":"https:\/\/sandzakpress.net\/arhiva\/#website"},"primaryImageOfPage":{"@id":"https:\/\/sandzakpress.net\/arhiva\/chr-hajrat-nalio-drugu-plocu-za-kucu-porodice-gasanin\/#primaryimage"},"image":{"@id":"https:\/\/sandzakpress.net\/arhiva\/chr-hajrat-nalio-drugu-plocu-za-kucu-porodice-gasanin\/#primaryimage"},"thumbnailUrl":"https:\/\/sandzakpress.net\/arhiva\/wp-content\/uploads\/2019\/10\/IMG-20191007-WA0024-300x225.jpg","datePublished":"2019-10-10T12:13:18+00:00","breadcrumb":{"@id":"https:\/\/sandzakpress.net\/arhiva\/chr-hajrat-nalio-drugu-plocu-za-kucu-porodice-gasanin\/#breadcrumb"},"inLanguage":"bs-BA","potentialAction":[{"@type":"ReadAction","target":["https:\/\/sandzakpress.net\/arhiva\/chr-hajrat-nalio-drugu-plocu-za-kucu-porodice-gasanin\/"]}]},{"@type":"ImageObject","inLanguage":"bs-BA","@id":"https:\/\/sandzakpress.net\/arhiva\/chr-hajrat-nalio-drugu-plocu-za-kucu-porodice-gasanin\/#primaryimage","url":"https:\/\/sandzakpress.net\/arhiva\/wp-content\/uploads\/2019\/10\/IMG-20191007-WA0024-300x225.jpg","contentUrl":"https:\/\/sandzakpress.net\/arhiva\/wp-content\/uploads\/2019\/10\/IMG-20191007-WA0024-300x225.jpg","width":300,"height":225},{"@type":"BreadcrumbList","@id":"https:\/\/sandzakpress.net\/arhiva\/chr-hajrat-nalio-drugu-plocu-za-kucu-porodice-gasanin\/#breadcrumb","itemListElement":[{"@type":"ListItem","position":1,"name":"Home","item":"https:\/\/sandzakpress.net\/arhiva\/"},{"@type":"ListItem","position":2,"name":"CHR Hajrat nalio drugu plo\u010du za ku\u0107u porodice Ga\u0161anin"}]},{"@type":"WebSite","@id":"https:\/\/sandzakpress.net\/arhiva\/#website","url":"https:\/\/sandzakpress.net\/arhiva\/","name":"Sand\u017eak PRESS","description":"Prve elektronske novine u Sand\u017eaku","publisher":{"@id":"https:\/\/sandzakpress.net\/arhiva\/#\/schema\/person\/6e72b67d6e51910a1117b3b483ba20bd"},"potentialAction":[{"@type":"SearchAction","target":{"@type":"EntryPoint","urlTemplate":"https:\/\/sandzakpress.net\/arhiva\/?s={search_term_string}"},"query-input":{"@type":"PropertyValueSpecification","valueRequired":true,"valueName":"search_term_string"}}],"inLanguage":"bs-BA"},{"@type":["Person","Organization"],"@id":"https:\/\/sandzakpress.net\/arhiva\/#\/schema\/person\/6e72b67d6e51910a1117b3b483ba20bd","name":"Kul","image":{"@type":"ImageObject","inLanguage":"bs-BA","@id":"https:\/\/sandzakpress.net\/arhiva\/#\/schema\/person\/image\/","url":"https:\/\/secure.gravatar.com\/avatar\/42263f39aa27ac04c43cab85c280eb2e?s=96&d=mm&r=pg","contentUrl":"https:\/\/secure.gravatar.com\/avatar\/42263f39aa27ac04c43cab85c280eb2e?s=96&d=mm&r=pg","caption":"Kul"},"logo":{"@id":"https:\/\/sandzakpress.net\/arhiva\/#\/schema\/person\/image\/"}},{"@type":"Person","@id":"https:\/\/sandzakpress.net\/arhiva\/#\/schema\/person\/cb59d7e3ab91ab90dd680ad0305a6185","name":"Agencija","image":{"@type":"ImageObject","inLanguage":"bs-BA","@id":"https:\/\/sandzakpress.net\/arhiva\/#\/schema\/person\/image\/","url":"https:\/\/secure.gravatar.com\/avatar\/4b7fafa80a22f0c2afe23966b3961fe0?s=96&d=mm&r=pg","contentUrl":"https:\/\/secure.gravatar.com\/avatar\/4b7fafa80a22f0c2afe23966b3961fe0?s=96&d=mm&r=pg","caption":"Agencija"},"url":"https:\/\/sandzakpress.net\/arhiva\/author\/agencija\/"}]}},"_links":{"self":[{"href":"https:\/\/sandzakpress.net\/arhiva\/wp-json\/wp\/v2\/posts\/229292"}],"collection":[{"href":"https:\/\/sandzakpress.net\/arhiva\/wp-json\/wp\/v2\/posts"}],"about":[{"href":"https:\/\/sandzakpress.net\/arhiva\/wp-json\/wp\/v2\/types\/post"}],"author":[{"embeddable":true,"href":"https:\/\/sandzakpress.net\/arhiva\/wp-json\/wp\/v2\/users\/509"}],"replies":[{"embeddable":true,"href":"https:\/\/sandzakpress.net\/arhiva\/wp-json\/wp\/v2\/comments?post=229292"}],"version-history":[{"count":0,"href":"https:\/\/sandzakpress.net\/arhiva\/wp-json\/wp\/v2\/posts\/229292\/revisions"}],"wp:featuredmedia":[{"embeddable":true,"href":"https:\/\/sandzakpress.net\/arhiva\/wp-json\/wp\/v2\/media\/229293"}],"wp:attachment":[{"href":"https:\/\/sandzakpress.net\/arhiva\/wp-json\/wp\/v2\/media?parent=229292"}],"wp:term":[{"taxonomy":"category","embeddable":true,"href":"https:\/\/sandzakpress.net\/arhiva\/wp-json\/wp\/v2\/categories?post=229292"},{"taxonomy":"post_tag","embeddable":true,"href":"https:\/\/sandzakpress.net\/arhiva\/wp-json\/wp\/v2\/tags?post=229292"}],"curies":[{"name":"wp","href":"https:\/\/api.w.org\/{rel}","templated":true}]}}