{"id":229207,"date":"2019-10-08T22:10:23","date_gmt":"2019-10-08T20:10:23","guid":{"rendered":"https:\/\/sandzakpress.net\/arhiva\/?p=229207"},"modified":"2019-10-08T22:10:23","modified_gmt":"2019-10-08T20:10:23","slug":"matovicu-pet-godina-zatvora-zbog-pokusaja-ubistva-ramovica","status":"publish","type":"post","link":"https:\/\/sandzakpress.net\/arhiva\/matovicu-pet-godina-zatvora-zbog-pokusaja-ubistva-ramovica\/","title":{"rendered":"Matovi\u0107u pet godina zatvora zbog poku\u0161aja ubistva Ramovi\u0107a"},"content":{"rendered":"<p><img decoding=\"async\" src=\"https:\/\/publisher-publish.s3.eu-central-1.amazonaws.com\/pb-vijesti\/swp\/9sju0v\/media\/20191007141052_7bc26696-9ec0-45e4-a611-9fc3ea277d21.jpeg\" alt=\"Ilustracija\" \/><\/p>\n<p><strong>Bijelo Polje Ro\u017eajac nastanjen u Baru Bakir Matovi\u0107 osu\u0111en je danas u Vi\u0161em sudu na 5 godine zatvora, zbog poku\u0161aja ubistva \u00a0Esada Ramovi\u0107a.<\/strong><\/p>\n<p>Obrazla\u017eu\u0107i presudu sudija \u0160efkija \u0110e\u0161evi\u0107 je kazao da u novom postupku nije bilo nije nikakvih novih \u010dinjenica u u odnosu na ranije su\u0111enje, kada je od strane Apelacionog suda osu\u0111en na istu kaznu zatvora.<\/p>\n<p>Matovi\u0107 je u tom sudu \u00a0maju 2015. godine u odsustvu zbog bjeksta bio osu\u0111en na \u010detiri godine zatvora, ali je tu kaznu Apelacioni sud pove\u0107ao za jednu godinu.<\/p>\n<p>Za Matovi\u0107em je ranije NCB Interpol Podgorica raspisao me\u0111unarodnu potjernicu radi izdr\u017eavanja kazne zatvora u Crnoj Gori, u trajanju od pet godina zbog po\u010dinjenog krivi\u010dnog djela ubistvo u poku\u0161aju u sticaju sa krivi\u010dnim djelom nedozvoljeno dr\u017eanje oru\u017eja i eksplozivnih materija.<\/p>\n<p>Matovi\u0107 je optu\u017een \u00a0da je 26. novembra 2012. u Ro\u017eajama poku\u0161ao da ubije sugra\u0111anina Esada Ramovi\u0107a, raniv\u0161i ga hicem iz pi\u0161tolja. Ramovi\u0107 je zbog te\u0161kih tjelesnih povreda ostao nepokretan.<\/p>\n","protected":false},"excerpt":{"rendered":"<p>Bijelo Polje Ro\u017eajac nastanjen u Baru Bakir Matovi\u0107 osu\u0111en je danas u Vi\u0161em sudu na 5 godine zatvora, zbog poku\u0161aja ubistva \u00a0Esada Ramovi\u0107a. Obrazla\u017eu\u0107i presudu sudija \u0160efkija \u0110e\u0161evi\u0107 je kazao da u novom postupku nije bilo nije nikakvih novih \u010dinjenica u u odnosu na ranije su\u0111enje, kada je od strane Apelacionog suda osu\u0111en na istu [&hellip;]<\/p>\n","protected":false},"author":509,"featured_media":229208,"comment_status":"open","ping_status":"open","sticky":false,"template":"","format":"standard","meta":{"footnotes":""},"categories":[398,396,801],"tags":[],"class_list":{"0":"post-229207","1":"post","2":"type-post","3":"status-publish","4":"format-standard","5":"has-post-thumbnail","7":"category-rozaje","8":"category-bijelo_polje","9":"category-crna_hronika"},"yoast_head":"<!-- This site is optimized with the Yoast SEO Premium plugin v23.1 (Yoast SEO v24.9) - https:\/\/yoast.com\/wordpress\/plugins\/seo\/ -->\n<title>Matovi\u0107u pet godina zatvora zbog poku\u0161aja ubistva Ramovi\u0107a<\/title>\n<meta name=\"robots\" content=\"index, follow, max-snippet:-1, max-image-preview:large, max-video-preview:-1\" \/>\n<link rel=\"canonical\" href=\"https:\/\/sandzakpress.net\/arhiva\/matovicu-pet-godina-zatvora-zbog-pokusaja-ubistva-ramovica\/\" \/>\n<meta property=\"og:locale\" content=\"bs_BA\" \/>\n<meta property=\"og:type\" content=\"article\" \/>\n<meta property=\"og:title\" content=\"Matovi\u0107u pet godina zatvora zbog poku\u0161aja ubistva Ramovi\u0107a\" \/>\n<meta property=\"og:description\" content=\"Bijelo Polje Ro\u017eajac nastanjen u Baru Bakir Matovi\u0107 osu\u0111en je danas u Vi\u0161em sudu na 5 godine zatvora, zbog poku\u0161aja ubistva \u00a0Esada Ramovi\u0107a. Obrazla\u017eu\u0107i presudu sudija \u0160efkija \u0110e\u0161evi\u0107 je kazao da u novom postupku nije bilo nije nikakvih novih \u010dinjenica u u odnosu na ranije su\u0111enje, kada je od strane Apelacionog suda osu\u0111en na istu [&hellip;]\" \/>\n<meta property=\"og:url\" content=\"https:\/\/sandzakpress.net\/arhiva\/matovicu-pet-godina-zatvora-zbog-pokusaja-ubistva-ramovica\/\" \/>\n<meta property=\"og:site_name\" content=\"Sand\u017eak PRESS\" \/>\n<meta property=\"article:published_time\" content=\"2019-10-08T20:10:23+00:00\" \/>\n<meta property=\"og:image\" content=\"https:\/\/sandzakpress.net\/arhiva\/wp-content\/uploads\/2019\/10\/20191007141052_7bc26696-9ec0-45e4-a611-9fc3ea277d21.jpeg.jpg\" \/>\n\t<meta property=\"og:image:width\" content=\"800\" \/>\n\t<meta property=\"og:image:height\" content=\"385\" \/>\n\t<meta property=\"og:image:type\" content=\"image\/jpeg\" \/>\n<meta name=\"author\" content=\"Agencija\" \/>\n<meta name=\"twitter:card\" content=\"summary_large_image\" \/>\n<meta name=\"twitter:label1\" content=\"Written by\" \/>\n\t<meta name=\"twitter:data1\" content=\"Agencija\" \/>\n\t<meta name=\"twitter:label2\" content=\"Est. reading time\" \/>\n\t<meta name=\"twitter:data2\" content=\"1 minuta\" \/>\n<script type=\"application\/ld+json\" class=\"yoast-schema-graph\">{\"@context\":\"https:\/\/schema.org\",\"@graph\":[{\"@type\":\"Article\",\"@id\":\"https:\/\/sandzakpress.net\/arhiva\/matovicu-pet-godina-zatvora-zbog-pokusaja-ubistva-ramovica\/#article\",\"isPartOf\":{\"@id\":\"https:\/\/sandzakpress.net\/arhiva\/matovicu-pet-godina-zatvora-zbog-pokusaja-ubistva-ramovica\/\"},\"author\":{\"name\":\"Agencija\",\"@id\":\"https:\/\/sandzakpress.net\/arhiva\/#\/schema\/person\/cb59d7e3ab91ab90dd680ad0305a6185\"},\"headline\":\"Matovi\u0107u pet godina zatvora zbog poku\u0161aja ubistva Ramovi\u0107a\",\"datePublished\":\"2019-10-08T20:10:23+00:00\",\"mainEntityOfPage\":{\"@id\":\"https:\/\/sandzakpress.net\/arhiva\/matovicu-pet-godina-zatvora-zbog-pokusaja-ubistva-ramovica\/\"},\"wordCount\":190,\"commentCount\":0,\"publisher\":{\"@id\":\"https:\/\/sandzakpress.net\/arhiva\/#\/schema\/person\/6e72b67d6e51910a1117b3b483ba20bd\"},\"image\":{\"@id\":\"https:\/\/sandzakpress.net\/arhiva\/matovicu-pet-godina-zatvora-zbog-pokusaja-ubistva-ramovica\/#primaryimage\"},\"thumbnailUrl\":\"https:\/\/sandzakpress.net\/arhiva\/wp-content\/uploads\/2019\/10\/20191007141052_7bc26696-9ec0-45e4-a611-9fc3ea277d21.jpeg.jpg\",\"articleSection\":[\"Ro\u017eaje\",\"Bijelo Polje\",\"Hronika\"],\"inLanguage\":\"bs-BA\",\"potentialAction\":[{\"@type\":\"CommentAction\",\"name\":\"Comment\",\"target\":[\"https:\/\/sandzakpress.net\/arhiva\/matovicu-pet-godina-zatvora-zbog-pokusaja-ubistva-ramovica\/#respond\"]}]},{\"@type\":\"WebPage\",\"@id\":\"https:\/\/sandzakpress.net\/arhiva\/matovicu-pet-godina-zatvora-zbog-pokusaja-ubistva-ramovica\/\",\"url\":\"https:\/\/sandzakpress.net\/arhiva\/matovicu-pet-godina-zatvora-zbog-pokusaja-ubistva-ramovica\/\",\"name\":\"Matovi\u0107u pet godina zatvora zbog poku\u0161aja ubistva Ramovi\u0107a\",\"isPartOf\":{\"@id\":\"https:\/\/sandzakpress.net\/arhiva\/#website\"},\"primaryImageOfPage\":{\"@id\":\"https:\/\/sandzakpress.net\/arhiva\/matovicu-pet-godina-zatvora-zbog-pokusaja-ubistva-ramovica\/#primaryimage\"},\"image\":{\"@id\":\"https:\/\/sandzakpress.net\/arhiva\/matovicu-pet-godina-zatvora-zbog-pokusaja-ubistva-ramovica\/#primaryimage\"},\"thumbnailUrl\":\"https:\/\/sandzakpress.net\/arhiva\/wp-content\/uploads\/2019\/10\/20191007141052_7bc26696-9ec0-45e4-a611-9fc3ea277d21.jpeg.jpg\",\"datePublished\":\"2019-10-08T20:10:23+00:00\",\"breadcrumb\":{\"@id\":\"https:\/\/sandzakpress.net\/arhiva\/matovicu-pet-godina-zatvora-zbog-pokusaja-ubistva-ramovica\/#breadcrumb\"},\"inLanguage\":\"bs-BA\",\"potentialAction\":[{\"@type\":\"ReadAction\",\"target\":[\"https:\/\/sandzakpress.net\/arhiva\/matovicu-pet-godina-zatvora-zbog-pokusaja-ubistva-ramovica\/\"]}]},{\"@type\":\"ImageObject\",\"inLanguage\":\"bs-BA\",\"@id\":\"https:\/\/sandzakpress.net\/arhiva\/matovicu-pet-godina-zatvora-zbog-pokusaja-ubistva-ramovica\/#primaryimage\",\"url\":\"https:\/\/sandzakpress.net\/arhiva\/wp-content\/uploads\/2019\/10\/20191007141052_7bc26696-9ec0-45e4-a611-9fc3ea277d21.jpeg.jpg\",\"contentUrl\":\"https:\/\/sandzakpress.net\/arhiva\/wp-content\/uploads\/2019\/10\/20191007141052_7bc26696-9ec0-45e4-a611-9fc3ea277d21.jpeg.jpg\",\"width\":800,\"height\":385},{\"@type\":\"BreadcrumbList\",\"@id\":\"https:\/\/sandzakpress.net\/arhiva\/matovicu-pet-godina-zatvora-zbog-pokusaja-ubistva-ramovica\/#breadcrumb\",\"itemListElement\":[{\"@type\":\"ListItem\",\"position\":1,\"name\":\"Home\",\"item\":\"https:\/\/sandzakpress.net\/arhiva\/\"},{\"@type\":\"ListItem\",\"position\":2,\"name\":\"Matovi\u0107u pet godina zatvora zbog poku\u0161aja ubistva Ramovi\u0107a\"}]},{\"@type\":\"WebSite\",\"@id\":\"https:\/\/sandzakpress.net\/arhiva\/#website\",\"url\":\"https:\/\/sandzakpress.net\/arhiva\/\",\"name\":\"Sand\u017eak PRESS\",\"description\":\"Prve elektronske novine u Sand\u017eaku\",\"publisher\":{\"@id\":\"https:\/\/sandzakpress.net\/arhiva\/#\/schema\/person\/6e72b67d6e51910a1117b3b483ba20bd\"},\"potentialAction\":[{\"@type\":\"SearchAction\",\"target\":{\"@type\":\"EntryPoint\",\"urlTemplate\":\"https:\/\/sandzakpress.net\/arhiva\/?s={search_term_string}\"},\"query-input\":{\"@type\":\"PropertyValueSpecification\",\"valueRequired\":true,\"valueName\":\"search_term_string\"}}],\"inLanguage\":\"bs-BA\"},{\"@type\":[\"Person\",\"Organization\"],\"@id\":\"https:\/\/sandzakpress.net\/arhiva\/#\/schema\/person\/6e72b67d6e51910a1117b3b483ba20bd\",\"name\":\"Kul\",\"image\":{\"@type\":\"ImageObject\",\"inLanguage\":\"bs-BA\",\"@id\":\"https:\/\/sandzakpress.net\/arhiva\/#\/schema\/person\/image\/\",\"url\":\"https:\/\/secure.gravatar.com\/avatar\/42263f39aa27ac04c43cab85c280eb2e?s=96&d=mm&r=pg\",\"contentUrl\":\"https:\/\/secure.gravatar.com\/avatar\/42263f39aa27ac04c43cab85c280eb2e?s=96&d=mm&r=pg\",\"caption\":\"Kul\"},\"logo\":{\"@id\":\"https:\/\/sandzakpress.net\/arhiva\/#\/schema\/person\/image\/\"}},{\"@type\":\"Person\",\"@id\":\"https:\/\/sandzakpress.net\/arhiva\/#\/schema\/person\/cb59d7e3ab91ab90dd680ad0305a6185\",\"name\":\"Agencija\",\"image\":{\"@type\":\"ImageObject\",\"inLanguage\":\"bs-BA\",\"@id\":\"https:\/\/sandzakpress.net\/arhiva\/#\/schema\/person\/image\/\",\"url\":\"https:\/\/secure.gravatar.com\/avatar\/4b7fafa80a22f0c2afe23966b3961fe0?s=96&d=mm&r=pg\",\"contentUrl\":\"https:\/\/secure.gravatar.com\/avatar\/4b7fafa80a22f0c2afe23966b3961fe0?s=96&d=mm&r=pg\",\"caption\":\"Agencija\"},\"url\":\"https:\/\/sandzakpress.net\/arhiva\/author\/agencija\/\"}]}<\/script>\n<!-- \/ Yoast SEO Premium plugin. -->","yoast_head_json":{"title":"Matovi\u0107u pet godina zatvora zbog poku\u0161aja ubistva Ramovi\u0107a","robots":{"index":"index","follow":"follow","max-snippet":"max-snippet:-1","max-image-preview":"max-image-preview:large","max-video-preview":"max-video-preview:-1"},"canonical":"https:\/\/sandzakpress.net\/arhiva\/matovicu-pet-godina-zatvora-zbog-pokusaja-ubistva-ramovica\/","og_locale":"bs_BA","og_type":"article","og_title":"Matovi\u0107u pet godina zatvora zbog poku\u0161aja ubistva Ramovi\u0107a","og_description":"Bijelo Polje Ro\u017eajac nastanjen u Baru Bakir Matovi\u0107 osu\u0111en je danas u Vi\u0161em sudu na 5 godine zatvora, zbog poku\u0161aja ubistva \u00a0Esada Ramovi\u0107a. Obrazla\u017eu\u0107i presudu sudija \u0160efkija \u0110e\u0161evi\u0107 je kazao da u novom postupku nije bilo nije nikakvih novih \u010dinjenica u u odnosu na ranije su\u0111enje, kada je od strane Apelacionog suda osu\u0111en na istu [&hellip;]","og_url":"https:\/\/sandzakpress.net\/arhiva\/matovicu-pet-godina-zatvora-zbog-pokusaja-ubistva-ramovica\/","og_site_name":"Sand\u017eak PRESS","article_published_time":"2019-10-08T20:10:23+00:00","og_image":[{"width":800,"height":385,"url":"https:\/\/sandzakpress.net\/arhiva\/wp-content\/uploads\/2019\/10\/20191007141052_7bc26696-9ec0-45e4-a611-9fc3ea277d21.jpeg.jpg","type":"image\/jpeg"}],"author":"Agencija","twitter_card":"summary_large_image","twitter_misc":{"Written by":"Agencija","Est. reading time":"1 minuta"},"schema":{"@context":"https:\/\/schema.org","@graph":[{"@type":"Article","@id":"https:\/\/sandzakpress.net\/arhiva\/matovicu-pet-godina-zatvora-zbog-pokusaja-ubistva-ramovica\/#article","isPartOf":{"@id":"https:\/\/sandzakpress.net\/arhiva\/matovicu-pet-godina-zatvora-zbog-pokusaja-ubistva-ramovica\/"},"author":{"name":"Agencija","@id":"https:\/\/sandzakpress.net\/arhiva\/#\/schema\/person\/cb59d7e3ab91ab90dd680ad0305a6185"},"headline":"Matovi\u0107u pet godina zatvora zbog poku\u0161aja ubistva Ramovi\u0107a","datePublished":"2019-10-08T20:10:23+00:00","mainEntityOfPage":{"@id":"https:\/\/sandzakpress.net\/arhiva\/matovicu-pet-godina-zatvora-zbog-pokusaja-ubistva-ramovica\/"},"wordCount":190,"commentCount":0,"publisher":{"@id":"https:\/\/sandzakpress.net\/arhiva\/#\/schema\/person\/6e72b67d6e51910a1117b3b483ba20bd"},"image":{"@id":"https:\/\/sandzakpress.net\/arhiva\/matovicu-pet-godina-zatvora-zbog-pokusaja-ubistva-ramovica\/#primaryimage"},"thumbnailUrl":"https:\/\/sandzakpress.net\/arhiva\/wp-content\/uploads\/2019\/10\/20191007141052_7bc26696-9ec0-45e4-a611-9fc3ea277d21.jpeg.jpg","articleSection":["Ro\u017eaje","Bijelo Polje","Hronika"],"inLanguage":"bs-BA","potentialAction":[{"@type":"CommentAction","name":"Comment","target":["https:\/\/sandzakpress.net\/arhiva\/matovicu-pet-godina-zatvora-zbog-pokusaja-ubistva-ramovica\/#respond"]}]},{"@type":"WebPage","@id":"https:\/\/sandzakpress.net\/arhiva\/matovicu-pet-godina-zatvora-zbog-pokusaja-ubistva-ramovica\/","url":"https:\/\/sandzakpress.net\/arhiva\/matovicu-pet-godina-zatvora-zbog-pokusaja-ubistva-ramovica\/","name":"Matovi\u0107u pet godina zatvora zbog poku\u0161aja ubistva Ramovi\u0107a","isPartOf":{"@id":"https:\/\/sandzakpress.net\/arhiva\/#website"},"primaryImageOfPage":{"@id":"https:\/\/sandzakpress.net\/arhiva\/matovicu-pet-godina-zatvora-zbog-pokusaja-ubistva-ramovica\/#primaryimage"},"image":{"@id":"https:\/\/sandzakpress.net\/arhiva\/matovicu-pet-godina-zatvora-zbog-pokusaja-ubistva-ramovica\/#primaryimage"},"thumbnailUrl":"https:\/\/sandzakpress.net\/arhiva\/wp-content\/uploads\/2019\/10\/20191007141052_7bc26696-9ec0-45e4-a611-9fc3ea277d21.jpeg.jpg","datePublished":"2019-10-08T20:10:23+00:00","breadcrumb":{"@id":"https:\/\/sandzakpress.net\/arhiva\/matovicu-pet-godina-zatvora-zbog-pokusaja-ubistva-ramovica\/#breadcrumb"},"inLanguage":"bs-BA","potentialAction":[{"@type":"ReadAction","target":["https:\/\/sandzakpress.net\/arhiva\/matovicu-pet-godina-zatvora-zbog-pokusaja-ubistva-ramovica\/"]}]},{"@type":"ImageObject","inLanguage":"bs-BA","@id":"https:\/\/sandzakpress.net\/arhiva\/matovicu-pet-godina-zatvora-zbog-pokusaja-ubistva-ramovica\/#primaryimage","url":"https:\/\/sandzakpress.net\/arhiva\/wp-content\/uploads\/2019\/10\/20191007141052_7bc26696-9ec0-45e4-a611-9fc3ea277d21.jpeg.jpg","contentUrl":"https:\/\/sandzakpress.net\/arhiva\/wp-content\/uploads\/2019\/10\/20191007141052_7bc26696-9ec0-45e4-a611-9fc3ea277d21.jpeg.jpg","width":800,"height":385},{"@type":"BreadcrumbList","@id":"https:\/\/sandzakpress.net\/arhiva\/matovicu-pet-godina-zatvora-zbog-pokusaja-ubistva-ramovica\/#breadcrumb","itemListElement":[{"@type":"ListItem","position":1,"name":"Home","item":"https:\/\/sandzakpress.net\/arhiva\/"},{"@type":"ListItem","position":2,"name":"Matovi\u0107u pet godina zatvora zbog poku\u0161aja ubistva Ramovi\u0107a"}]},{"@type":"WebSite","@id":"https:\/\/sandzakpress.net\/arhiva\/#website","url":"https:\/\/sandzakpress.net\/arhiva\/","name":"Sand\u017eak PRESS","description":"Prve elektronske novine u Sand\u017eaku","publisher":{"@id":"https:\/\/sandzakpress.net\/arhiva\/#\/schema\/person\/6e72b67d6e51910a1117b3b483ba20bd"},"potentialAction":[{"@type":"SearchAction","target":{"@type":"EntryPoint","urlTemplate":"https:\/\/sandzakpress.net\/arhiva\/?s={search_term_string}"},"query-input":{"@type":"PropertyValueSpecification","valueRequired":true,"valueName":"search_term_string"}}],"inLanguage":"bs-BA"},{"@type":["Person","Organization"],"@id":"https:\/\/sandzakpress.net\/arhiva\/#\/schema\/person\/6e72b67d6e51910a1117b3b483ba20bd","name":"Kul","image":{"@type":"ImageObject","inLanguage":"bs-BA","@id":"https:\/\/sandzakpress.net\/arhiva\/#\/schema\/person\/image\/","url":"https:\/\/secure.gravatar.com\/avatar\/42263f39aa27ac04c43cab85c280eb2e?s=96&d=mm&r=pg","contentUrl":"https:\/\/secure.gravatar.com\/avatar\/42263f39aa27ac04c43cab85c280eb2e?s=96&d=mm&r=pg","caption":"Kul"},"logo":{"@id":"https:\/\/sandzakpress.net\/arhiva\/#\/schema\/person\/image\/"}},{"@type":"Person","@id":"https:\/\/sandzakpress.net\/arhiva\/#\/schema\/person\/cb59d7e3ab91ab90dd680ad0305a6185","name":"Agencija","image":{"@type":"ImageObject","inLanguage":"bs-BA","@id":"https:\/\/sandzakpress.net\/arhiva\/#\/schema\/person\/image\/","url":"https:\/\/secure.gravatar.com\/avatar\/4b7fafa80a22f0c2afe23966b3961fe0?s=96&d=mm&r=pg","contentUrl":"https:\/\/secure.gravatar.com\/avatar\/4b7fafa80a22f0c2afe23966b3961fe0?s=96&d=mm&r=pg","caption":"Agencija"},"url":"https:\/\/sandzakpress.net\/arhiva\/author\/agencija\/"}]}},"_links":{"self":[{"href":"https:\/\/sandzakpress.net\/arhiva\/wp-json\/wp\/v2\/posts\/229207"}],"collection":[{"href":"https:\/\/sandzakpress.net\/arhiva\/wp-json\/wp\/v2\/posts"}],"about":[{"href":"https:\/\/sandzakpress.net\/arhiva\/wp-json\/wp\/v2\/types\/post"}],"author":[{"embeddable":true,"href":"https:\/\/sandzakpress.net\/arhiva\/wp-json\/wp\/v2\/users\/509"}],"replies":[{"embeddable":true,"href":"https:\/\/sandzakpress.net\/arhiva\/wp-json\/wp\/v2\/comments?post=229207"}],"version-history":[{"count":0,"href":"https:\/\/sandzakpress.net\/arhiva\/wp-json\/wp\/v2\/posts\/229207\/revisions"}],"wp:featuredmedia":[{"embeddable":true,"href":"https:\/\/sandzakpress.net\/arhiva\/wp-json\/wp\/v2\/media\/229208"}],"wp:attachment":[{"href":"https:\/\/sandzakpress.net\/arhiva\/wp-json\/wp\/v2\/media?parent=229207"}],"wp:term":[{"taxonomy":"category","embeddable":true,"href":"https:\/\/sandzakpress.net\/arhiva\/wp-json\/wp\/v2\/categories?post=229207"},{"taxonomy":"post_tag","embeddable":true,"href":"https:\/\/sandzakpress.net\/arhiva\/wp-json\/wp\/v2\/tags?post=229207"}],"curies":[{"name":"wp","href":"https:\/\/api.w.org\/{rel}","templated":true}]}}