{"id":229205,"date":"2019-10-08T22:09:03","date_gmt":"2019-10-08T20:09:03","guid":{"rendered":"https:\/\/sandzakpress.net\/arhiva\/?p=229205"},"modified":"2019-10-08T22:09:03","modified_gmt":"2019-10-08T20:09:03","slug":"pozar-u-bijelom-polju-izgorjela-stala-furundzica","status":"publish","type":"post","link":"https:\/\/sandzakpress.net\/arhiva\/pozar-u-bijelom-polju-izgorjela-stala-furundzica\/","title":{"rendered":"Po\u017ear u Bijelom Polju: Izgorjela \u0161tala Furund\u017ei\u0107a"},"content":{"rendered":"<p><img decoding=\"async\" src=\"https:\/\/publisher-publish.s3.eu-central-1.amazonaws.com\/pb-vijesti\/swp\/9sju0v\/media\/2019100810104_194d7ea7-6535-4b13-b66d-8cec78f485e3.jpeg\" alt=\"Po\u017ear Bijelo Polje\" \/><\/p>\n<p><strong>U po\u017earu do kojeg je do\u0161lo sino\u0107 oko 21 \u010das u Njegnjevu kod Bijelog Polja potpuno je izgrojela \u0161tala \u017darka Furund\u017ei\u0107a.<\/strong><\/p>\n<p>Na sre\u0107u povrije\u0111enih nije bilo.<\/p>\n<p>Uni\u0161teno je oko 700 bala sijena i vi\u0161e od 250 litara rakije u ba\u010dvama.<\/p>\n<p>\u0160irenje po\u017eara na ku\u0107u i okolne objekte sprije\u010dile su ekipe Slu\u017ebe za\u0161tite i spa\u0161avanja.<\/p>\n<p>U ga\u0161enju koje je trajalo pet sati u\u010destvovale su tri vatrogasne ekipe.\u00a0<\/p>\n<p>Najve\u0107i problem bila je blizina stare ku\u0107e koja se nalazila na pet metara od \u0161tale.\u00a0<\/p>\n<p>Uvi\u0111aj na licu mjesta obavili su slu\u017ebenici Centra bezbjednosti, a uzrok po\u017eara bi\u0107e poznat nakon vje\u0161ta\u010denja.<\/p>\n","protected":false},"excerpt":{"rendered":"<p>U po\u017earu do kojeg je do\u0161lo sino\u0107 oko 21 \u010das u Njegnjevu kod Bijelog Polja potpuno je izgrojela \u0161tala \u017darka Furund\u017ei\u0107a. Na sre\u0107u povrije\u0111enih nije bilo. Uni\u0161teno je oko 700 bala sijena i vi\u0161e od 250 litara rakije u ba\u010dvama. \u0160irenje po\u017eara na ku\u0107u i okolne objekte sprije\u010dile su ekipe Slu\u017ebe za\u0161tite i spa\u0161avanja. U [&hellip;]<\/p>\n","protected":false},"author":509,"featured_media":229206,"comment_status":"open","ping_status":"open","sticky":false,"template":"","format":"standard","meta":{"footnotes":""},"categories":[396,801],"tags":[],"class_list":{"0":"post-229205","1":"post","2":"type-post","3":"status-publish","4":"format-standard","5":"has-post-thumbnail","7":"category-bijelo_polje","8":"category-crna_hronika"},"yoast_head":"<!-- This site is optimized with the Yoast SEO Premium plugin v23.1 (Yoast SEO v24.9) - https:\/\/yoast.com\/wordpress\/plugins\/seo\/ -->\n<title>Po\u017ear u Bijelom Polju: Izgorjela \u0161tala Furund\u017ei\u0107a<\/title>\n<meta name=\"robots\" content=\"index, follow, max-snippet:-1, max-image-preview:large, max-video-preview:-1\" \/>\n<link rel=\"canonical\" href=\"https:\/\/sandzakpress.net\/arhiva\/pozar-u-bijelom-polju-izgorjela-stala-furundzica\/\" \/>\n<meta property=\"og:locale\" content=\"bs_BA\" \/>\n<meta property=\"og:type\" content=\"article\" \/>\n<meta property=\"og:title\" content=\"Po\u017ear u Bijelom Polju: Izgorjela \u0161tala Furund\u017ei\u0107a\" \/>\n<meta property=\"og:description\" content=\"U po\u017earu do kojeg je do\u0161lo sino\u0107 oko 21 \u010das u Njegnjevu kod Bijelog Polja potpuno je izgrojela \u0161tala \u017darka Furund\u017ei\u0107a. Na sre\u0107u povrije\u0111enih nije bilo. Uni\u0161teno je oko 700 bala sijena i vi\u0161e od 250 litara rakije u ba\u010dvama. \u0160irenje po\u017eara na ku\u0107u i okolne objekte sprije\u010dile su ekipe Slu\u017ebe za\u0161tite i spa\u0161avanja. U [&hellip;]\" \/>\n<meta property=\"og:url\" content=\"https:\/\/sandzakpress.net\/arhiva\/pozar-u-bijelom-polju-izgorjela-stala-furundzica\/\" \/>\n<meta property=\"og:site_name\" content=\"Sand\u017eak PRESS\" \/>\n<meta property=\"article:published_time\" content=\"2019-10-08T20:09:03+00:00\" \/>\n<meta property=\"og:image\" content=\"https:\/\/sandzakpress.net\/arhiva\/wp-content\/uploads\/2019\/10\/2019100810104_194d7ea7-6535-4b13-b66d-8cec78f485e3.jpeg.jpg\" \/>\n\t<meta property=\"og:image:width\" content=\"800\" \/>\n\t<meta property=\"og:image:height\" content=\"385\" \/>\n\t<meta property=\"og:image:type\" content=\"image\/jpeg\" \/>\n<meta name=\"author\" content=\"Agencija\" \/>\n<meta name=\"twitter:card\" content=\"summary_large_image\" \/>\n<meta name=\"twitter:label1\" content=\"Written by\" \/>\n\t<meta name=\"twitter:data1\" content=\"Agencija\" \/>\n\t<meta name=\"twitter:label2\" content=\"Est. reading time\" \/>\n\t<meta name=\"twitter:data2\" content=\"1 minuta\" \/>\n<script type=\"application\/ld+json\" class=\"yoast-schema-graph\">{\"@context\":\"https:\/\/schema.org\",\"@graph\":[{\"@type\":\"Article\",\"@id\":\"https:\/\/sandzakpress.net\/arhiva\/pozar-u-bijelom-polju-izgorjela-stala-furundzica\/#article\",\"isPartOf\":{\"@id\":\"https:\/\/sandzakpress.net\/arhiva\/pozar-u-bijelom-polju-izgorjela-stala-furundzica\/\"},\"author\":{\"name\":\"Agencija\",\"@id\":\"https:\/\/sandzakpress.net\/arhiva\/#\/schema\/person\/cb59d7e3ab91ab90dd680ad0305a6185\"},\"headline\":\"Po\u017ear u Bijelom Polju: Izgorjela \u0161tala Furund\u017ei\u0107a\",\"datePublished\":\"2019-10-08T20:09:03+00:00\",\"mainEntityOfPage\":{\"@id\":\"https:\/\/sandzakpress.net\/arhiva\/pozar-u-bijelom-polju-izgorjela-stala-furundzica\/\"},\"wordCount\":129,\"commentCount\":0,\"publisher\":{\"@id\":\"https:\/\/sandzakpress.net\/arhiva\/#\/schema\/person\/6e72b67d6e51910a1117b3b483ba20bd\"},\"image\":{\"@id\":\"https:\/\/sandzakpress.net\/arhiva\/pozar-u-bijelom-polju-izgorjela-stala-furundzica\/#primaryimage\"},\"thumbnailUrl\":\"https:\/\/sandzakpress.net\/arhiva\/wp-content\/uploads\/2019\/10\/2019100810104_194d7ea7-6535-4b13-b66d-8cec78f485e3.jpeg.jpg\",\"articleSection\":[\"Bijelo Polje\",\"Hronika\"],\"inLanguage\":\"bs-BA\",\"potentialAction\":[{\"@type\":\"CommentAction\",\"name\":\"Comment\",\"target\":[\"https:\/\/sandzakpress.net\/arhiva\/pozar-u-bijelom-polju-izgorjela-stala-furundzica\/#respond\"]}]},{\"@type\":\"WebPage\",\"@id\":\"https:\/\/sandzakpress.net\/arhiva\/pozar-u-bijelom-polju-izgorjela-stala-furundzica\/\",\"url\":\"https:\/\/sandzakpress.net\/arhiva\/pozar-u-bijelom-polju-izgorjela-stala-furundzica\/\",\"name\":\"Po\u017ear u Bijelom Polju: Izgorjela \u0161tala Furund\u017ei\u0107a\",\"isPartOf\":{\"@id\":\"https:\/\/sandzakpress.net\/arhiva\/#website\"},\"primaryImageOfPage\":{\"@id\":\"https:\/\/sandzakpress.net\/arhiva\/pozar-u-bijelom-polju-izgorjela-stala-furundzica\/#primaryimage\"},\"image\":{\"@id\":\"https:\/\/sandzakpress.net\/arhiva\/pozar-u-bijelom-polju-izgorjela-stala-furundzica\/#primaryimage\"},\"thumbnailUrl\":\"https:\/\/sandzakpress.net\/arhiva\/wp-content\/uploads\/2019\/10\/2019100810104_194d7ea7-6535-4b13-b66d-8cec78f485e3.jpeg.jpg\",\"datePublished\":\"2019-10-08T20:09:03+00:00\",\"breadcrumb\":{\"@id\":\"https:\/\/sandzakpress.net\/arhiva\/pozar-u-bijelom-polju-izgorjela-stala-furundzica\/#breadcrumb\"},\"inLanguage\":\"bs-BA\",\"potentialAction\":[{\"@type\":\"ReadAction\",\"target\":[\"https:\/\/sandzakpress.net\/arhiva\/pozar-u-bijelom-polju-izgorjela-stala-furundzica\/\"]}]},{\"@type\":\"ImageObject\",\"inLanguage\":\"bs-BA\",\"@id\":\"https:\/\/sandzakpress.net\/arhiva\/pozar-u-bijelom-polju-izgorjela-stala-furundzica\/#primaryimage\",\"url\":\"https:\/\/sandzakpress.net\/arhiva\/wp-content\/uploads\/2019\/10\/2019100810104_194d7ea7-6535-4b13-b66d-8cec78f485e3.jpeg.jpg\",\"contentUrl\":\"https:\/\/sandzakpress.net\/arhiva\/wp-content\/uploads\/2019\/10\/2019100810104_194d7ea7-6535-4b13-b66d-8cec78f485e3.jpeg.jpg\",\"width\":800,\"height\":385},{\"@type\":\"BreadcrumbList\",\"@id\":\"https:\/\/sandzakpress.net\/arhiva\/pozar-u-bijelom-polju-izgorjela-stala-furundzica\/#breadcrumb\",\"itemListElement\":[{\"@type\":\"ListItem\",\"position\":1,\"name\":\"Home\",\"item\":\"https:\/\/sandzakpress.net\/arhiva\/\"},{\"@type\":\"ListItem\",\"position\":2,\"name\":\"Po\u017ear u Bijelom Polju: Izgorjela \u0161tala Furund\u017ei\u0107a\"}]},{\"@type\":\"WebSite\",\"@id\":\"https:\/\/sandzakpress.net\/arhiva\/#website\",\"url\":\"https:\/\/sandzakpress.net\/arhiva\/\",\"name\":\"Sand\u017eak PRESS\",\"description\":\"Prve elektronske novine u Sand\u017eaku\",\"publisher\":{\"@id\":\"https:\/\/sandzakpress.net\/arhiva\/#\/schema\/person\/6e72b67d6e51910a1117b3b483ba20bd\"},\"potentialAction\":[{\"@type\":\"SearchAction\",\"target\":{\"@type\":\"EntryPoint\",\"urlTemplate\":\"https:\/\/sandzakpress.net\/arhiva\/?s={search_term_string}\"},\"query-input\":{\"@type\":\"PropertyValueSpecification\",\"valueRequired\":true,\"valueName\":\"search_term_string\"}}],\"inLanguage\":\"bs-BA\"},{\"@type\":[\"Person\",\"Organization\"],\"@id\":\"https:\/\/sandzakpress.net\/arhiva\/#\/schema\/person\/6e72b67d6e51910a1117b3b483ba20bd\",\"name\":\"Kul\",\"image\":{\"@type\":\"ImageObject\",\"inLanguage\":\"bs-BA\",\"@id\":\"https:\/\/sandzakpress.net\/arhiva\/#\/schema\/person\/image\/\",\"url\":\"https:\/\/secure.gravatar.com\/avatar\/42263f39aa27ac04c43cab85c280eb2e?s=96&d=mm&r=pg\",\"contentUrl\":\"https:\/\/secure.gravatar.com\/avatar\/42263f39aa27ac04c43cab85c280eb2e?s=96&d=mm&r=pg\",\"caption\":\"Kul\"},\"logo\":{\"@id\":\"https:\/\/sandzakpress.net\/arhiva\/#\/schema\/person\/image\/\"}},{\"@type\":\"Person\",\"@id\":\"https:\/\/sandzakpress.net\/arhiva\/#\/schema\/person\/cb59d7e3ab91ab90dd680ad0305a6185\",\"name\":\"Agencija\",\"image\":{\"@type\":\"ImageObject\",\"inLanguage\":\"bs-BA\",\"@id\":\"https:\/\/sandzakpress.net\/arhiva\/#\/schema\/person\/image\/\",\"url\":\"https:\/\/secure.gravatar.com\/avatar\/4b7fafa80a22f0c2afe23966b3961fe0?s=96&d=mm&r=pg\",\"contentUrl\":\"https:\/\/secure.gravatar.com\/avatar\/4b7fafa80a22f0c2afe23966b3961fe0?s=96&d=mm&r=pg\",\"caption\":\"Agencija\"},\"url\":\"https:\/\/sandzakpress.net\/arhiva\/author\/agencija\/\"}]}<\/script>\n<!-- \/ Yoast SEO Premium plugin. -->","yoast_head_json":{"title":"Po\u017ear u Bijelom Polju: Izgorjela \u0161tala Furund\u017ei\u0107a","robots":{"index":"index","follow":"follow","max-snippet":"max-snippet:-1","max-image-preview":"max-image-preview:large","max-video-preview":"max-video-preview:-1"},"canonical":"https:\/\/sandzakpress.net\/arhiva\/pozar-u-bijelom-polju-izgorjela-stala-furundzica\/","og_locale":"bs_BA","og_type":"article","og_title":"Po\u017ear u Bijelom Polju: Izgorjela \u0161tala Furund\u017ei\u0107a","og_description":"U po\u017earu do kojeg je do\u0161lo sino\u0107 oko 21 \u010das u Njegnjevu kod Bijelog Polja potpuno je izgrojela \u0161tala \u017darka Furund\u017ei\u0107a. Na sre\u0107u povrije\u0111enih nije bilo. Uni\u0161teno je oko 700 bala sijena i vi\u0161e od 250 litara rakije u ba\u010dvama. \u0160irenje po\u017eara na ku\u0107u i okolne objekte sprije\u010dile su ekipe Slu\u017ebe za\u0161tite i spa\u0161avanja. U [&hellip;]","og_url":"https:\/\/sandzakpress.net\/arhiva\/pozar-u-bijelom-polju-izgorjela-stala-furundzica\/","og_site_name":"Sand\u017eak PRESS","article_published_time":"2019-10-08T20:09:03+00:00","og_image":[{"width":800,"height":385,"url":"https:\/\/sandzakpress.net\/arhiva\/wp-content\/uploads\/2019\/10\/2019100810104_194d7ea7-6535-4b13-b66d-8cec78f485e3.jpeg.jpg","type":"image\/jpeg"}],"author":"Agencija","twitter_card":"summary_large_image","twitter_misc":{"Written by":"Agencija","Est. reading time":"1 minuta"},"schema":{"@context":"https:\/\/schema.org","@graph":[{"@type":"Article","@id":"https:\/\/sandzakpress.net\/arhiva\/pozar-u-bijelom-polju-izgorjela-stala-furundzica\/#article","isPartOf":{"@id":"https:\/\/sandzakpress.net\/arhiva\/pozar-u-bijelom-polju-izgorjela-stala-furundzica\/"},"author":{"name":"Agencija","@id":"https:\/\/sandzakpress.net\/arhiva\/#\/schema\/person\/cb59d7e3ab91ab90dd680ad0305a6185"},"headline":"Po\u017ear u Bijelom Polju: Izgorjela \u0161tala Furund\u017ei\u0107a","datePublished":"2019-10-08T20:09:03+00:00","mainEntityOfPage":{"@id":"https:\/\/sandzakpress.net\/arhiva\/pozar-u-bijelom-polju-izgorjela-stala-furundzica\/"},"wordCount":129,"commentCount":0,"publisher":{"@id":"https:\/\/sandzakpress.net\/arhiva\/#\/schema\/person\/6e72b67d6e51910a1117b3b483ba20bd"},"image":{"@id":"https:\/\/sandzakpress.net\/arhiva\/pozar-u-bijelom-polju-izgorjela-stala-furundzica\/#primaryimage"},"thumbnailUrl":"https:\/\/sandzakpress.net\/arhiva\/wp-content\/uploads\/2019\/10\/2019100810104_194d7ea7-6535-4b13-b66d-8cec78f485e3.jpeg.jpg","articleSection":["Bijelo Polje","Hronika"],"inLanguage":"bs-BA","potentialAction":[{"@type":"CommentAction","name":"Comment","target":["https:\/\/sandzakpress.net\/arhiva\/pozar-u-bijelom-polju-izgorjela-stala-furundzica\/#respond"]}]},{"@type":"WebPage","@id":"https:\/\/sandzakpress.net\/arhiva\/pozar-u-bijelom-polju-izgorjela-stala-furundzica\/","url":"https:\/\/sandzakpress.net\/arhiva\/pozar-u-bijelom-polju-izgorjela-stala-furundzica\/","name":"Po\u017ear u Bijelom Polju: Izgorjela \u0161tala Furund\u017ei\u0107a","isPartOf":{"@id":"https:\/\/sandzakpress.net\/arhiva\/#website"},"primaryImageOfPage":{"@id":"https:\/\/sandzakpress.net\/arhiva\/pozar-u-bijelom-polju-izgorjela-stala-furundzica\/#primaryimage"},"image":{"@id":"https:\/\/sandzakpress.net\/arhiva\/pozar-u-bijelom-polju-izgorjela-stala-furundzica\/#primaryimage"},"thumbnailUrl":"https:\/\/sandzakpress.net\/arhiva\/wp-content\/uploads\/2019\/10\/2019100810104_194d7ea7-6535-4b13-b66d-8cec78f485e3.jpeg.jpg","datePublished":"2019-10-08T20:09:03+00:00","breadcrumb":{"@id":"https:\/\/sandzakpress.net\/arhiva\/pozar-u-bijelom-polju-izgorjela-stala-furundzica\/#breadcrumb"},"inLanguage":"bs-BA","potentialAction":[{"@type":"ReadAction","target":["https:\/\/sandzakpress.net\/arhiva\/pozar-u-bijelom-polju-izgorjela-stala-furundzica\/"]}]},{"@type":"ImageObject","inLanguage":"bs-BA","@id":"https:\/\/sandzakpress.net\/arhiva\/pozar-u-bijelom-polju-izgorjela-stala-furundzica\/#primaryimage","url":"https:\/\/sandzakpress.net\/arhiva\/wp-content\/uploads\/2019\/10\/2019100810104_194d7ea7-6535-4b13-b66d-8cec78f485e3.jpeg.jpg","contentUrl":"https:\/\/sandzakpress.net\/arhiva\/wp-content\/uploads\/2019\/10\/2019100810104_194d7ea7-6535-4b13-b66d-8cec78f485e3.jpeg.jpg","width":800,"height":385},{"@type":"BreadcrumbList","@id":"https:\/\/sandzakpress.net\/arhiva\/pozar-u-bijelom-polju-izgorjela-stala-furundzica\/#breadcrumb","itemListElement":[{"@type":"ListItem","position":1,"name":"Home","item":"https:\/\/sandzakpress.net\/arhiva\/"},{"@type":"ListItem","position":2,"name":"Po\u017ear u Bijelom Polju: Izgorjela \u0161tala Furund\u017ei\u0107a"}]},{"@type":"WebSite","@id":"https:\/\/sandzakpress.net\/arhiva\/#website","url":"https:\/\/sandzakpress.net\/arhiva\/","name":"Sand\u017eak PRESS","description":"Prve elektronske novine u Sand\u017eaku","publisher":{"@id":"https:\/\/sandzakpress.net\/arhiva\/#\/schema\/person\/6e72b67d6e51910a1117b3b483ba20bd"},"potentialAction":[{"@type":"SearchAction","target":{"@type":"EntryPoint","urlTemplate":"https:\/\/sandzakpress.net\/arhiva\/?s={search_term_string}"},"query-input":{"@type":"PropertyValueSpecification","valueRequired":true,"valueName":"search_term_string"}}],"inLanguage":"bs-BA"},{"@type":["Person","Organization"],"@id":"https:\/\/sandzakpress.net\/arhiva\/#\/schema\/person\/6e72b67d6e51910a1117b3b483ba20bd","name":"Kul","image":{"@type":"ImageObject","inLanguage":"bs-BA","@id":"https:\/\/sandzakpress.net\/arhiva\/#\/schema\/person\/image\/","url":"https:\/\/secure.gravatar.com\/avatar\/42263f39aa27ac04c43cab85c280eb2e?s=96&d=mm&r=pg","contentUrl":"https:\/\/secure.gravatar.com\/avatar\/42263f39aa27ac04c43cab85c280eb2e?s=96&d=mm&r=pg","caption":"Kul"},"logo":{"@id":"https:\/\/sandzakpress.net\/arhiva\/#\/schema\/person\/image\/"}},{"@type":"Person","@id":"https:\/\/sandzakpress.net\/arhiva\/#\/schema\/person\/cb59d7e3ab91ab90dd680ad0305a6185","name":"Agencija","image":{"@type":"ImageObject","inLanguage":"bs-BA","@id":"https:\/\/sandzakpress.net\/arhiva\/#\/schema\/person\/image\/","url":"https:\/\/secure.gravatar.com\/avatar\/4b7fafa80a22f0c2afe23966b3961fe0?s=96&d=mm&r=pg","contentUrl":"https:\/\/secure.gravatar.com\/avatar\/4b7fafa80a22f0c2afe23966b3961fe0?s=96&d=mm&r=pg","caption":"Agencija"},"url":"https:\/\/sandzakpress.net\/arhiva\/author\/agencija\/"}]}},"_links":{"self":[{"href":"https:\/\/sandzakpress.net\/arhiva\/wp-json\/wp\/v2\/posts\/229205"}],"collection":[{"href":"https:\/\/sandzakpress.net\/arhiva\/wp-json\/wp\/v2\/posts"}],"about":[{"href":"https:\/\/sandzakpress.net\/arhiva\/wp-json\/wp\/v2\/types\/post"}],"author":[{"embeddable":true,"href":"https:\/\/sandzakpress.net\/arhiva\/wp-json\/wp\/v2\/users\/509"}],"replies":[{"embeddable":true,"href":"https:\/\/sandzakpress.net\/arhiva\/wp-json\/wp\/v2\/comments?post=229205"}],"version-history":[{"count":0,"href":"https:\/\/sandzakpress.net\/arhiva\/wp-json\/wp\/v2\/posts\/229205\/revisions"}],"wp:featuredmedia":[{"embeddable":true,"href":"https:\/\/sandzakpress.net\/arhiva\/wp-json\/wp\/v2\/media\/229206"}],"wp:attachment":[{"href":"https:\/\/sandzakpress.net\/arhiva\/wp-json\/wp\/v2\/media?parent=229205"}],"wp:term":[{"taxonomy":"category","embeddable":true,"href":"https:\/\/sandzakpress.net\/arhiva\/wp-json\/wp\/v2\/categories?post=229205"},{"taxonomy":"post_tag","embeddable":true,"href":"https:\/\/sandzakpress.net\/arhiva\/wp-json\/wp\/v2\/tags?post=229205"}],"curies":[{"name":"wp","href":"https:\/\/api.w.org\/{rel}","templated":true}]}}