{"id":229193,"date":"2019-10-08T22:05:43","date_gmt":"2019-10-08T20:05:43","guid":{"rendered":"https:\/\/sandzakpress.net\/arhiva\/?p=229193"},"modified":"2019-10-08T22:05:43","modified_gmt":"2019-10-08T20:05:43","slug":"poruseni-ilegalni-objekti-kosovskih-drzavljana-na-hajli","status":"publish","type":"post","link":"https:\/\/sandzakpress.net\/arhiva\/poruseni-ilegalni-objekti-kosovskih-drzavljana-na-hajli\/","title":{"rendered":"Poru\u0161eni ilegalni objekti kosovskih dr\u017eavljana na Hajli"},"content":{"rendered":"<p><img decoding=\"async\" src=\"https:\/\/publisher-publish.s3.eu-central-1.amazonaws.com\/pb-vijesti\/swp\/9sju0v\/media\/20191007131040_233f59c6-2027-40e6-af91-78864be36a2b.jpeg\" alt=\"Hajla\" \/><\/p>\n<p><strong>Uz asistenciju brojnih i jakih snaga crngorske policije, jutros rano poru\u0161eni su objekti koje su nelegalno u proteklih godinu, do godinu i po sagradili dr\u017eavljani Kosova na teritoriji Crne Gore na planini Hajli izad Ro\u017eaja.<\/strong><\/p>\n<p>Rije\u010d je o desetak vikednica, do kojih je iz pravca Kosova izgra\u0111en i put u du\u017eini od dva kilometra.<\/p>\n<p>Ru\u0161enje je obavljeno po nalogu Ministartsva odr\u017eivog razvoja i turizma (MORT), nakon \u0161to je ovo pitanje pokrenuto u lokalnom parlamentu u Ro\u017eajama.\u00a0\u00a0<\/p>\n<p>Tada je re\u010deno da je nedopustivo da dr\u017eavljani Kosova grade vikend naselje na teritoriji Crne Gore, i to upravo na mjesu \u0160tedim, na planini Hajli, gdje je Vlada Crne Gore planirala da investira u izgradnju ski centra.<\/p>\n<p>Visoki policijski funkciner rekao je Vijestima da je ru\u0161enje proteklo bez incidenata.<\/p>\n<p>\u201eMi smo pru\u017eili asistenciju MORT-u, i sve je pro\u0161lo bez i jednog incidenta. Policija je krajnje profesionalno odradila svoj posao\u201c \u2013 kazao je taj policijski slu\u017ebenik. \u00a0<\/p>\n<p>Kosovski dr\u017eavljani vikendice su izgradili na podru\u010dju \u0160tedima, na lokaciji budu\u0107eg Ski-rizorta \u0160tedim-Hajla, u koji \u0107e Vlada Crne Gore ulo\u017eiti \u010dak 16 miliona eura.<\/p>\n","protected":false},"excerpt":{"rendered":"<p>Uz asistenciju brojnih i jakih snaga crngorske policije, jutros rano poru\u0161eni su objekti koje su nelegalno u proteklih godinu, do godinu i po sagradili dr\u017eavljani Kosova na teritoriji Crne Gore na planini Hajli izad Ro\u017eaja. Rije\u010d je o desetak vikednica, do kojih je iz pravca Kosova izgra\u0111en i put u du\u017eini od dva kilometra. Ru\u0161enje [&hellip;]<\/p>\n","protected":false},"author":509,"featured_media":229200,"comment_status":"open","ping_status":"open","sticky":false,"template":"","format":"standard","meta":{"footnotes":""},"categories":[398,5],"tags":[],"class_list":{"0":"post-229193","1":"post","2":"type-post","3":"status-publish","4":"format-standard","5":"has-post-thumbnail","7":"category-rozaje","8":"category-drustvo"},"yoast_head":"<!-- This site is optimized with the Yoast SEO Premium plugin v23.1 (Yoast SEO v24.9) - https:\/\/yoast.com\/wordpress\/plugins\/seo\/ -->\n<title>Poru\u0161eni ilegalni objekti kosovskih dr\u017eavljana na Hajli<\/title>\n<meta name=\"robots\" content=\"index, follow, max-snippet:-1, max-image-preview:large, max-video-preview:-1\" \/>\n<link rel=\"canonical\" href=\"https:\/\/sandzakpress.net\/arhiva\/poruseni-ilegalni-objekti-kosovskih-drzavljana-na-hajli\/\" \/>\n<meta property=\"og:locale\" content=\"bs_BA\" \/>\n<meta property=\"og:type\" content=\"article\" \/>\n<meta property=\"og:title\" content=\"Poru\u0161eni ilegalni objekti kosovskih dr\u017eavljana na Hajli\" \/>\n<meta property=\"og:description\" content=\"Uz asistenciju brojnih i jakih snaga crngorske policije, jutros rano poru\u0161eni su objekti koje su nelegalno u proteklih godinu, do godinu i po sagradili dr\u017eavljani Kosova na teritoriji Crne Gore na planini Hajli izad Ro\u017eaja. Rije\u010d je o desetak vikednica, do kojih je iz pravca Kosova izgra\u0111en i put u du\u017eini od dva kilometra. Ru\u0161enje [&hellip;]\" \/>\n<meta property=\"og:url\" content=\"https:\/\/sandzakpress.net\/arhiva\/poruseni-ilegalni-objekti-kosovskih-drzavljana-na-hajli\/\" \/>\n<meta property=\"og:site_name\" content=\"Sand\u017eak PRESS\" \/>\n<meta property=\"article:published_time\" content=\"2019-10-08T20:05:43+00:00\" \/>\n<meta property=\"og:image\" content=\"https:\/\/sandzakpress.net\/arhiva\/wp-content\/uploads\/2019\/10\/20191007131040_233f59c6-2027-40e6-af91-78864be36a2b.jpeg.jpg\" \/>\n\t<meta property=\"og:image:width\" content=\"800\" \/>\n\t<meta property=\"og:image:height\" content=\"385\" \/>\n\t<meta property=\"og:image:type\" content=\"image\/jpeg\" \/>\n<meta name=\"author\" content=\"Agencija\" \/>\n<meta name=\"twitter:card\" content=\"summary_large_image\" \/>\n<meta name=\"twitter:label1\" content=\"Written by\" \/>\n\t<meta name=\"twitter:data1\" content=\"Agencija\" \/>\n\t<meta name=\"twitter:label2\" content=\"Est. reading time\" \/>\n\t<meta name=\"twitter:data2\" content=\"1 minuta\" \/>\n<script type=\"application\/ld+json\" class=\"yoast-schema-graph\">{\"@context\":\"https:\/\/schema.org\",\"@graph\":[{\"@type\":\"Article\",\"@id\":\"https:\/\/sandzakpress.net\/arhiva\/poruseni-ilegalni-objekti-kosovskih-drzavljana-na-hajli\/#article\",\"isPartOf\":{\"@id\":\"https:\/\/sandzakpress.net\/arhiva\/poruseni-ilegalni-objekti-kosovskih-drzavljana-na-hajli\/\"},\"author\":{\"name\":\"Agencija\",\"@id\":\"https:\/\/sandzakpress.net\/arhiva\/#\/schema\/person\/cb59d7e3ab91ab90dd680ad0305a6185\"},\"headline\":\"Poru\u0161eni ilegalni objekti kosovskih dr\u017eavljana na Hajli\",\"datePublished\":\"2019-10-08T20:05:43+00:00\",\"mainEntityOfPage\":{\"@id\":\"https:\/\/sandzakpress.net\/arhiva\/poruseni-ilegalni-objekti-kosovskih-drzavljana-na-hajli\/\"},\"wordCount\":200,\"commentCount\":0,\"publisher\":{\"@id\":\"https:\/\/sandzakpress.net\/arhiva\/#\/schema\/person\/6e72b67d6e51910a1117b3b483ba20bd\"},\"image\":{\"@id\":\"https:\/\/sandzakpress.net\/arhiva\/poruseni-ilegalni-objekti-kosovskih-drzavljana-na-hajli\/#primaryimage\"},\"thumbnailUrl\":\"https:\/\/sandzakpress.net\/arhiva\/wp-content\/uploads\/2019\/10\/20191007131040_233f59c6-2027-40e6-af91-78864be36a2b.jpeg.jpg\",\"articleSection\":[\"Ro\u017eaje\",\"Dru\u0161tvo\"],\"inLanguage\":\"bs-BA\",\"potentialAction\":[{\"@type\":\"CommentAction\",\"name\":\"Comment\",\"target\":[\"https:\/\/sandzakpress.net\/arhiva\/poruseni-ilegalni-objekti-kosovskih-drzavljana-na-hajli\/#respond\"]}]},{\"@type\":\"WebPage\",\"@id\":\"https:\/\/sandzakpress.net\/arhiva\/poruseni-ilegalni-objekti-kosovskih-drzavljana-na-hajli\/\",\"url\":\"https:\/\/sandzakpress.net\/arhiva\/poruseni-ilegalni-objekti-kosovskih-drzavljana-na-hajli\/\",\"name\":\"Poru\u0161eni ilegalni objekti kosovskih dr\u017eavljana na Hajli\",\"isPartOf\":{\"@id\":\"https:\/\/sandzakpress.net\/arhiva\/#website\"},\"primaryImageOfPage\":{\"@id\":\"https:\/\/sandzakpress.net\/arhiva\/poruseni-ilegalni-objekti-kosovskih-drzavljana-na-hajli\/#primaryimage\"},\"image\":{\"@id\":\"https:\/\/sandzakpress.net\/arhiva\/poruseni-ilegalni-objekti-kosovskih-drzavljana-na-hajli\/#primaryimage\"},\"thumbnailUrl\":\"https:\/\/sandzakpress.net\/arhiva\/wp-content\/uploads\/2019\/10\/20191007131040_233f59c6-2027-40e6-af91-78864be36a2b.jpeg.jpg\",\"datePublished\":\"2019-10-08T20:05:43+00:00\",\"breadcrumb\":{\"@id\":\"https:\/\/sandzakpress.net\/arhiva\/poruseni-ilegalni-objekti-kosovskih-drzavljana-na-hajli\/#breadcrumb\"},\"inLanguage\":\"bs-BA\",\"potentialAction\":[{\"@type\":\"ReadAction\",\"target\":[\"https:\/\/sandzakpress.net\/arhiva\/poruseni-ilegalni-objekti-kosovskih-drzavljana-na-hajli\/\"]}]},{\"@type\":\"ImageObject\",\"inLanguage\":\"bs-BA\",\"@id\":\"https:\/\/sandzakpress.net\/arhiva\/poruseni-ilegalni-objekti-kosovskih-drzavljana-na-hajli\/#primaryimage\",\"url\":\"https:\/\/sandzakpress.net\/arhiva\/wp-content\/uploads\/2019\/10\/20191007131040_233f59c6-2027-40e6-af91-78864be36a2b.jpeg.jpg\",\"contentUrl\":\"https:\/\/sandzakpress.net\/arhiva\/wp-content\/uploads\/2019\/10\/20191007131040_233f59c6-2027-40e6-af91-78864be36a2b.jpeg.jpg\",\"width\":800,\"height\":385},{\"@type\":\"BreadcrumbList\",\"@id\":\"https:\/\/sandzakpress.net\/arhiva\/poruseni-ilegalni-objekti-kosovskih-drzavljana-na-hajli\/#breadcrumb\",\"itemListElement\":[{\"@type\":\"ListItem\",\"position\":1,\"name\":\"Home\",\"item\":\"https:\/\/sandzakpress.net\/arhiva\/\"},{\"@type\":\"ListItem\",\"position\":2,\"name\":\"Poru\u0161eni ilegalni objekti kosovskih dr\u017eavljana na Hajli\"}]},{\"@type\":\"WebSite\",\"@id\":\"https:\/\/sandzakpress.net\/arhiva\/#website\",\"url\":\"https:\/\/sandzakpress.net\/arhiva\/\",\"name\":\"Sand\u017eak PRESS\",\"description\":\"Prve elektronske novine u Sand\u017eaku\",\"publisher\":{\"@id\":\"https:\/\/sandzakpress.net\/arhiva\/#\/schema\/person\/6e72b67d6e51910a1117b3b483ba20bd\"},\"potentialAction\":[{\"@type\":\"SearchAction\",\"target\":{\"@type\":\"EntryPoint\",\"urlTemplate\":\"https:\/\/sandzakpress.net\/arhiva\/?s={search_term_string}\"},\"query-input\":{\"@type\":\"PropertyValueSpecification\",\"valueRequired\":true,\"valueName\":\"search_term_string\"}}],\"inLanguage\":\"bs-BA\"},{\"@type\":[\"Person\",\"Organization\"],\"@id\":\"https:\/\/sandzakpress.net\/arhiva\/#\/schema\/person\/6e72b67d6e51910a1117b3b483ba20bd\",\"name\":\"Kul\",\"image\":{\"@type\":\"ImageObject\",\"inLanguage\":\"bs-BA\",\"@id\":\"https:\/\/sandzakpress.net\/arhiva\/#\/schema\/person\/image\/\",\"url\":\"https:\/\/secure.gravatar.com\/avatar\/42263f39aa27ac04c43cab85c280eb2e?s=96&d=mm&r=pg\",\"contentUrl\":\"https:\/\/secure.gravatar.com\/avatar\/42263f39aa27ac04c43cab85c280eb2e?s=96&d=mm&r=pg\",\"caption\":\"Kul\"},\"logo\":{\"@id\":\"https:\/\/sandzakpress.net\/arhiva\/#\/schema\/person\/image\/\"}},{\"@type\":\"Person\",\"@id\":\"https:\/\/sandzakpress.net\/arhiva\/#\/schema\/person\/cb59d7e3ab91ab90dd680ad0305a6185\",\"name\":\"Agencija\",\"image\":{\"@type\":\"ImageObject\",\"inLanguage\":\"bs-BA\",\"@id\":\"https:\/\/sandzakpress.net\/arhiva\/#\/schema\/person\/image\/\",\"url\":\"https:\/\/secure.gravatar.com\/avatar\/4b7fafa80a22f0c2afe23966b3961fe0?s=96&d=mm&r=pg\",\"contentUrl\":\"https:\/\/secure.gravatar.com\/avatar\/4b7fafa80a22f0c2afe23966b3961fe0?s=96&d=mm&r=pg\",\"caption\":\"Agencija\"},\"url\":\"https:\/\/sandzakpress.net\/arhiva\/author\/agencija\/\"}]}<\/script>\n<!-- \/ Yoast SEO Premium plugin. -->","yoast_head_json":{"title":"Poru\u0161eni ilegalni objekti kosovskih dr\u017eavljana na Hajli","robots":{"index":"index","follow":"follow","max-snippet":"max-snippet:-1","max-image-preview":"max-image-preview:large","max-video-preview":"max-video-preview:-1"},"canonical":"https:\/\/sandzakpress.net\/arhiva\/poruseni-ilegalni-objekti-kosovskih-drzavljana-na-hajli\/","og_locale":"bs_BA","og_type":"article","og_title":"Poru\u0161eni ilegalni objekti kosovskih dr\u017eavljana na Hajli","og_description":"Uz asistenciju brojnih i jakih snaga crngorske policije, jutros rano poru\u0161eni su objekti koje su nelegalno u proteklih godinu, do godinu i po sagradili dr\u017eavljani Kosova na teritoriji Crne Gore na planini Hajli izad Ro\u017eaja. Rije\u010d je o desetak vikednica, do kojih je iz pravca Kosova izgra\u0111en i put u du\u017eini od dva kilometra. Ru\u0161enje [&hellip;]","og_url":"https:\/\/sandzakpress.net\/arhiva\/poruseni-ilegalni-objekti-kosovskih-drzavljana-na-hajli\/","og_site_name":"Sand\u017eak PRESS","article_published_time":"2019-10-08T20:05:43+00:00","og_image":[{"width":800,"height":385,"url":"https:\/\/sandzakpress.net\/arhiva\/wp-content\/uploads\/2019\/10\/20191007131040_233f59c6-2027-40e6-af91-78864be36a2b.jpeg.jpg","type":"image\/jpeg"}],"author":"Agencija","twitter_card":"summary_large_image","twitter_misc":{"Written by":"Agencija","Est. reading time":"1 minuta"},"schema":{"@context":"https:\/\/schema.org","@graph":[{"@type":"Article","@id":"https:\/\/sandzakpress.net\/arhiva\/poruseni-ilegalni-objekti-kosovskih-drzavljana-na-hajli\/#article","isPartOf":{"@id":"https:\/\/sandzakpress.net\/arhiva\/poruseni-ilegalni-objekti-kosovskih-drzavljana-na-hajli\/"},"author":{"name":"Agencija","@id":"https:\/\/sandzakpress.net\/arhiva\/#\/schema\/person\/cb59d7e3ab91ab90dd680ad0305a6185"},"headline":"Poru\u0161eni ilegalni objekti kosovskih dr\u017eavljana na Hajli","datePublished":"2019-10-08T20:05:43+00:00","mainEntityOfPage":{"@id":"https:\/\/sandzakpress.net\/arhiva\/poruseni-ilegalni-objekti-kosovskih-drzavljana-na-hajli\/"},"wordCount":200,"commentCount":0,"publisher":{"@id":"https:\/\/sandzakpress.net\/arhiva\/#\/schema\/person\/6e72b67d6e51910a1117b3b483ba20bd"},"image":{"@id":"https:\/\/sandzakpress.net\/arhiva\/poruseni-ilegalni-objekti-kosovskih-drzavljana-na-hajli\/#primaryimage"},"thumbnailUrl":"https:\/\/sandzakpress.net\/arhiva\/wp-content\/uploads\/2019\/10\/20191007131040_233f59c6-2027-40e6-af91-78864be36a2b.jpeg.jpg","articleSection":["Ro\u017eaje","Dru\u0161tvo"],"inLanguage":"bs-BA","potentialAction":[{"@type":"CommentAction","name":"Comment","target":["https:\/\/sandzakpress.net\/arhiva\/poruseni-ilegalni-objekti-kosovskih-drzavljana-na-hajli\/#respond"]}]},{"@type":"WebPage","@id":"https:\/\/sandzakpress.net\/arhiva\/poruseni-ilegalni-objekti-kosovskih-drzavljana-na-hajli\/","url":"https:\/\/sandzakpress.net\/arhiva\/poruseni-ilegalni-objekti-kosovskih-drzavljana-na-hajli\/","name":"Poru\u0161eni ilegalni objekti kosovskih dr\u017eavljana na Hajli","isPartOf":{"@id":"https:\/\/sandzakpress.net\/arhiva\/#website"},"primaryImageOfPage":{"@id":"https:\/\/sandzakpress.net\/arhiva\/poruseni-ilegalni-objekti-kosovskih-drzavljana-na-hajli\/#primaryimage"},"image":{"@id":"https:\/\/sandzakpress.net\/arhiva\/poruseni-ilegalni-objekti-kosovskih-drzavljana-na-hajli\/#primaryimage"},"thumbnailUrl":"https:\/\/sandzakpress.net\/arhiva\/wp-content\/uploads\/2019\/10\/20191007131040_233f59c6-2027-40e6-af91-78864be36a2b.jpeg.jpg","datePublished":"2019-10-08T20:05:43+00:00","breadcrumb":{"@id":"https:\/\/sandzakpress.net\/arhiva\/poruseni-ilegalni-objekti-kosovskih-drzavljana-na-hajli\/#breadcrumb"},"inLanguage":"bs-BA","potentialAction":[{"@type":"ReadAction","target":["https:\/\/sandzakpress.net\/arhiva\/poruseni-ilegalni-objekti-kosovskih-drzavljana-na-hajli\/"]}]},{"@type":"ImageObject","inLanguage":"bs-BA","@id":"https:\/\/sandzakpress.net\/arhiva\/poruseni-ilegalni-objekti-kosovskih-drzavljana-na-hajli\/#primaryimage","url":"https:\/\/sandzakpress.net\/arhiva\/wp-content\/uploads\/2019\/10\/20191007131040_233f59c6-2027-40e6-af91-78864be36a2b.jpeg.jpg","contentUrl":"https:\/\/sandzakpress.net\/arhiva\/wp-content\/uploads\/2019\/10\/20191007131040_233f59c6-2027-40e6-af91-78864be36a2b.jpeg.jpg","width":800,"height":385},{"@type":"BreadcrumbList","@id":"https:\/\/sandzakpress.net\/arhiva\/poruseni-ilegalni-objekti-kosovskih-drzavljana-na-hajli\/#breadcrumb","itemListElement":[{"@type":"ListItem","position":1,"name":"Home","item":"https:\/\/sandzakpress.net\/arhiva\/"},{"@type":"ListItem","position":2,"name":"Poru\u0161eni ilegalni objekti kosovskih dr\u017eavljana na Hajli"}]},{"@type":"WebSite","@id":"https:\/\/sandzakpress.net\/arhiva\/#website","url":"https:\/\/sandzakpress.net\/arhiva\/","name":"Sand\u017eak PRESS","description":"Prve elektronske novine u Sand\u017eaku","publisher":{"@id":"https:\/\/sandzakpress.net\/arhiva\/#\/schema\/person\/6e72b67d6e51910a1117b3b483ba20bd"},"potentialAction":[{"@type":"SearchAction","target":{"@type":"EntryPoint","urlTemplate":"https:\/\/sandzakpress.net\/arhiva\/?s={search_term_string}"},"query-input":{"@type":"PropertyValueSpecification","valueRequired":true,"valueName":"search_term_string"}}],"inLanguage":"bs-BA"},{"@type":["Person","Organization"],"@id":"https:\/\/sandzakpress.net\/arhiva\/#\/schema\/person\/6e72b67d6e51910a1117b3b483ba20bd","name":"Kul","image":{"@type":"ImageObject","inLanguage":"bs-BA","@id":"https:\/\/sandzakpress.net\/arhiva\/#\/schema\/person\/image\/","url":"https:\/\/secure.gravatar.com\/avatar\/42263f39aa27ac04c43cab85c280eb2e?s=96&d=mm&r=pg","contentUrl":"https:\/\/secure.gravatar.com\/avatar\/42263f39aa27ac04c43cab85c280eb2e?s=96&d=mm&r=pg","caption":"Kul"},"logo":{"@id":"https:\/\/sandzakpress.net\/arhiva\/#\/schema\/person\/image\/"}},{"@type":"Person","@id":"https:\/\/sandzakpress.net\/arhiva\/#\/schema\/person\/cb59d7e3ab91ab90dd680ad0305a6185","name":"Agencija","image":{"@type":"ImageObject","inLanguage":"bs-BA","@id":"https:\/\/sandzakpress.net\/arhiva\/#\/schema\/person\/image\/","url":"https:\/\/secure.gravatar.com\/avatar\/4b7fafa80a22f0c2afe23966b3961fe0?s=96&d=mm&r=pg","contentUrl":"https:\/\/secure.gravatar.com\/avatar\/4b7fafa80a22f0c2afe23966b3961fe0?s=96&d=mm&r=pg","caption":"Agencija"},"url":"https:\/\/sandzakpress.net\/arhiva\/author\/agencija\/"}]}},"_links":{"self":[{"href":"https:\/\/sandzakpress.net\/arhiva\/wp-json\/wp\/v2\/posts\/229193"}],"collection":[{"href":"https:\/\/sandzakpress.net\/arhiva\/wp-json\/wp\/v2\/posts"}],"about":[{"href":"https:\/\/sandzakpress.net\/arhiva\/wp-json\/wp\/v2\/types\/post"}],"author":[{"embeddable":true,"href":"https:\/\/sandzakpress.net\/arhiva\/wp-json\/wp\/v2\/users\/509"}],"replies":[{"embeddable":true,"href":"https:\/\/sandzakpress.net\/arhiva\/wp-json\/wp\/v2\/comments?post=229193"}],"version-history":[{"count":0,"href":"https:\/\/sandzakpress.net\/arhiva\/wp-json\/wp\/v2\/posts\/229193\/revisions"}],"wp:featuredmedia":[{"embeddable":true,"href":"https:\/\/sandzakpress.net\/arhiva\/wp-json\/wp\/v2\/media\/229200"}],"wp:attachment":[{"href":"https:\/\/sandzakpress.net\/arhiva\/wp-json\/wp\/v2\/media?parent=229193"}],"wp:term":[{"taxonomy":"category","embeddable":true,"href":"https:\/\/sandzakpress.net\/arhiva\/wp-json\/wp\/v2\/categories?post=229193"},{"taxonomy":"post_tag","embeddable":true,"href":"https:\/\/sandzakpress.net\/arhiva\/wp-json\/wp\/v2\/tags?post=229193"}],"curies":[{"name":"wp","href":"https:\/\/api.w.org\/{rel}","templated":true}]}}