{"id":229192,"date":"2019-10-08T22:02:10","date_gmt":"2019-10-08T20:02:10","guid":{"rendered":"https:\/\/sandzakpress.net\/arhiva\/?p=229192"},"modified":"2019-10-08T22:02:10","modified_gmt":"2019-10-08T20:02:10","slug":"ni-poslije-vise-od-mjesec-problem-prevoza-ucenika-u-beranskim-selima-nije-rijesen","status":"publish","type":"post","link":"https:\/\/sandzakpress.net\/arhiva\/ni-poslije-vise-od-mjesec-problem-prevoza-ucenika-u-beranskim-selima-nije-rijesen\/","title":{"rendered":"Ni poslije vi\u0161e od mjesec problem prevoza u\u010denika u beranskim selima nije rije\u0161en"},"content":{"rendered":"<p><img decoding=\"async\" src=\"https:\/\/publisher-publish.s3.eu-central-1.amazonaws.com\/pb-vijesti\/swp\/9sju0v\/media\/20191005081056_22fed92a31e0ef8b072b00129472c6be85d21728a06ec1e7be24d12feea52e80.jpeg\" alt=\"Zgrada Op\u0161tine Berane\" \/><\/p>\n<p><strong>Ni poslije vi\u0161e od mjesec dana problem prevoza u\u010denika u beranskim selima Bubanje, \u0160titari, Crvljevine, Krlje, Lukavica i Ruji\u0161ta jo\u0161 nije rije\u0161en, a mje\u0161tani oko trista doma\u0107instava sa tog podru\u010dja ocjenjuju da je to krajnje neozbiljno.<\/strong><\/p>\n<p>Mje\u0161tani ovih sela su istakli da vi\u0161e nemaju vremena za \u010dekanje i upozorili da \u0107e ispisati svoju djecu iz \u0161kole ako se nazna\u010deni problem \u0161to hitnije ne rije\u0161i.<\/p>\n<p>\u201cVi\u0161e od mjesec dana \u010dekamo da se rije\u0161i pitanje prevoza u\u010denika. I pored izuzetno nezavidne situacije u kojoj smo se na\u0161li, pokazali smo dozu strpljenja ra\u010dunaju\u0107i da \u0107e nadle\u017eni pozitivno odgovoriti na na\u0161e zahtjeve. Me\u0111utim, precizan odgovor jo\u0161 nismo dobili, \u0161to nas je, kao ljude i roditelje, jako povrijedilo. Sad poru\u010dujemo da vi\u0161e ne\u0107emo \u010dekati i da \u0107emo djecu ispisati iz \u0161kole, ukoliko se ponovo ne uspostavi prevoz u\u010denika\u201d, ka\u017ee Marko Kora\u0107.<\/p>\n<p>12 srednjo\u0161kolaca sa tog podru\u010dja poha\u0111a nastavu u Beranama, dok 28 osnovaca idu u mjesnu \u0161kolu u \u0160titarima, podsje\u0107aju roditelji. Oni navode da je punih 18 godina ka ovim selima saobra\u0107alo vozilo koje je organizovano prevozilo mje\u0161tane, me\u0111u kojima je bio veliki broj \u0111aka, a da je taj prevoz ove godine ukinut, jer prevoznik tvrdi da je linija nerntabilna<\/p>\n<p>On podsje\u0107a da je punih 18 godina ka ovim selima saobra\u0107alo vozilo koje je organizovano prevozilo mje\u0161tane, me\u0111u kojima je bio veliki broj \u0111aka.<\/p>\n<p>Iz Op\u0161tine Berane su po\u010detkom septembra vodili polemiku sa Ministarstvom prosvjete, optu\u017euju\u0107i ih za nemaran odnos prema \u0111a\u010dkom prevozu na sjeveru i opasnosti da se zatvori jo\u0161 jedna seoska \u0161kola. Iz Ministarstva su uzvratili da je Op\u0161tina ta koja treba da obezbijedi prevoz na lokalnim linijama, dok je u njihovoj nadle\u017enosti da samo subvencioniraju prevoz za u\u010denike.<\/p>\n<p>Iz Op\u0161tine su poru\u010dili da su u\u010dinili sve \u0161to je trebalo, odnosno da su raspisali konkurs za javni prevoz na koji se niko nije javio i da Ministarstvo i Vlada treba da ovaj veliki problem rije\u0161e onako kako su rije\u0161ili u Murini, ili dodjelom posebnog vozila samo za prevoz u\u010denika u cilju o\u010duvanja seoske \u0161kole u \u0160titarima i zaustavljanja migracija koje poprimaju zabrinjavaju\u0107e razmjere.<\/p>\n","protected":false},"excerpt":{"rendered":"<p>Ni poslije vi\u0161e od mjesec dana problem prevoza u\u010denika u beranskim selima Bubanje, \u0160titari, Crvljevine, Krlje, Lukavica i Ruji\u0161ta jo\u0161 nije rije\u0161en, a mje\u0161tani oko trista doma\u0107instava sa tog podru\u010dja ocjenjuju da je to krajnje neozbiljno. Mje\u0161tani ovih sela su istakli da vi\u0161e nemaju vremena za \u010dekanje i upozorili da \u0107e ispisati svoju djecu iz [&hellip;]<\/p>\n","protected":false},"author":509,"featured_media":229194,"comment_status":"open","ping_status":"open","sticky":false,"template":"","format":"standard","meta":{"footnotes":""},"categories":[397,4],"tags":[],"class_list":{"0":"post-229192","1":"post","2":"type-post","3":"status-publish","4":"format-standard","5":"has-post-thumbnail","7":"category-berane","8":"category-obrazovanje"},"yoast_head":"<!-- This site is optimized with the Yoast SEO Premium plugin v23.1 (Yoast SEO v24.9) - https:\/\/yoast.com\/wordpress\/plugins\/seo\/ -->\n<title>Ni poslije vi\u0161e od mjesec problem prevoza u\u010denika u beranskim selima nije rije\u0161en<\/title>\n<meta name=\"robots\" content=\"index, follow, max-snippet:-1, max-image-preview:large, max-video-preview:-1\" \/>\n<link rel=\"canonical\" href=\"https:\/\/sandzakpress.net\/arhiva\/ni-poslije-vise-od-mjesec-problem-prevoza-ucenika-u-beranskim-selima-nije-rijesen\/\" \/>\n<meta property=\"og:locale\" content=\"bs_BA\" \/>\n<meta property=\"og:type\" content=\"article\" \/>\n<meta property=\"og:title\" content=\"Ni poslije vi\u0161e od mjesec problem prevoza u\u010denika u beranskim selima nije rije\u0161en\" \/>\n<meta property=\"og:description\" content=\"Ni poslije vi\u0161e od mjesec dana problem prevoza u\u010denika u beranskim selima Bubanje, \u0160titari, Crvljevine, Krlje, Lukavica i Ruji\u0161ta jo\u0161 nije rije\u0161en, a mje\u0161tani oko trista doma\u0107instava sa tog podru\u010dja ocjenjuju da je to krajnje neozbiljno. Mje\u0161tani ovih sela su istakli da vi\u0161e nemaju vremena za \u010dekanje i upozorili da \u0107e ispisati svoju djecu iz [&hellip;]\" \/>\n<meta property=\"og:url\" content=\"https:\/\/sandzakpress.net\/arhiva\/ni-poslije-vise-od-mjesec-problem-prevoza-ucenika-u-beranskim-selima-nije-rijesen\/\" \/>\n<meta property=\"og:site_name\" content=\"Sand\u017eak PRESS\" \/>\n<meta property=\"article:published_time\" content=\"2019-10-08T20:02:10+00:00\" \/>\n<meta property=\"og:image\" content=\"https:\/\/sandzakpress.net\/arhiva\/wp-content\/uploads\/2019\/10\/20191005081056_22fed92a31e0ef8b072b00129472c6be85d21728a06ec1e7be24d12feea52e80.jpeg.jpg\" \/>\n\t<meta property=\"og:image:width\" content=\"640\" \/>\n\t<meta property=\"og:image:height\" content=\"480\" \/>\n\t<meta property=\"og:image:type\" content=\"image\/jpeg\" \/>\n<meta name=\"author\" content=\"Agencija\" \/>\n<meta name=\"twitter:card\" content=\"summary_large_image\" \/>\n<meta name=\"twitter:label1\" content=\"Written by\" \/>\n\t<meta name=\"twitter:data1\" content=\"Agencija\" \/>\n\t<meta name=\"twitter:label2\" content=\"Est. reading time\" \/>\n\t<meta name=\"twitter:data2\" content=\"2 minute\" \/>\n<script type=\"application\/ld+json\" class=\"yoast-schema-graph\">{\"@context\":\"https:\/\/schema.org\",\"@graph\":[{\"@type\":\"Article\",\"@id\":\"https:\/\/sandzakpress.net\/arhiva\/ni-poslije-vise-od-mjesec-problem-prevoza-ucenika-u-beranskim-selima-nije-rijesen\/#article\",\"isPartOf\":{\"@id\":\"https:\/\/sandzakpress.net\/arhiva\/ni-poslije-vise-od-mjesec-problem-prevoza-ucenika-u-beranskim-selima-nije-rijesen\/\"},\"author\":{\"name\":\"Agencija\",\"@id\":\"https:\/\/sandzakpress.net\/arhiva\/#\/schema\/person\/cb59d7e3ab91ab90dd680ad0305a6185\"},\"headline\":\"Ni poslije vi\u0161e od mjesec problem prevoza u\u010denika u beranskim selima nije rije\u0161en\",\"datePublished\":\"2019-10-08T20:02:10+00:00\",\"mainEntityOfPage\":{\"@id\":\"https:\/\/sandzakpress.net\/arhiva\/ni-poslije-vise-od-mjesec-problem-prevoza-ucenika-u-beranskim-selima-nije-rijesen\/\"},\"wordCount\":404,\"commentCount\":0,\"publisher\":{\"@id\":\"https:\/\/sandzakpress.net\/arhiva\/#\/schema\/person\/6e72b67d6e51910a1117b3b483ba20bd\"},\"image\":{\"@id\":\"https:\/\/sandzakpress.net\/arhiva\/ni-poslije-vise-od-mjesec-problem-prevoza-ucenika-u-beranskim-selima-nije-rijesen\/#primaryimage\"},\"thumbnailUrl\":\"https:\/\/sandzakpress.net\/arhiva\/wp-content\/uploads\/2019\/10\/20191005081056_22fed92a31e0ef8b072b00129472c6be85d21728a06ec1e7be24d12feea52e80.jpeg.jpg\",\"articleSection\":[\"Berane\",\"Obrazovanje\"],\"inLanguage\":\"bs-BA\",\"potentialAction\":[{\"@type\":\"CommentAction\",\"name\":\"Comment\",\"target\":[\"https:\/\/sandzakpress.net\/arhiva\/ni-poslije-vise-od-mjesec-problem-prevoza-ucenika-u-beranskim-selima-nije-rijesen\/#respond\"]}]},{\"@type\":\"WebPage\",\"@id\":\"https:\/\/sandzakpress.net\/arhiva\/ni-poslije-vise-od-mjesec-problem-prevoza-ucenika-u-beranskim-selima-nije-rijesen\/\",\"url\":\"https:\/\/sandzakpress.net\/arhiva\/ni-poslije-vise-od-mjesec-problem-prevoza-ucenika-u-beranskim-selima-nije-rijesen\/\",\"name\":\"Ni poslije vi\u0161e od mjesec problem prevoza u\u010denika u beranskim selima nije rije\u0161en\",\"isPartOf\":{\"@id\":\"https:\/\/sandzakpress.net\/arhiva\/#website\"},\"primaryImageOfPage\":{\"@id\":\"https:\/\/sandzakpress.net\/arhiva\/ni-poslije-vise-od-mjesec-problem-prevoza-ucenika-u-beranskim-selima-nije-rijesen\/#primaryimage\"},\"image\":{\"@id\":\"https:\/\/sandzakpress.net\/arhiva\/ni-poslije-vise-od-mjesec-problem-prevoza-ucenika-u-beranskim-selima-nije-rijesen\/#primaryimage\"},\"thumbnailUrl\":\"https:\/\/sandzakpress.net\/arhiva\/wp-content\/uploads\/2019\/10\/20191005081056_22fed92a31e0ef8b072b00129472c6be85d21728a06ec1e7be24d12feea52e80.jpeg.jpg\",\"datePublished\":\"2019-10-08T20:02:10+00:00\",\"breadcrumb\":{\"@id\":\"https:\/\/sandzakpress.net\/arhiva\/ni-poslije-vise-od-mjesec-problem-prevoza-ucenika-u-beranskim-selima-nije-rijesen\/#breadcrumb\"},\"inLanguage\":\"bs-BA\",\"potentialAction\":[{\"@type\":\"ReadAction\",\"target\":[\"https:\/\/sandzakpress.net\/arhiva\/ni-poslije-vise-od-mjesec-problem-prevoza-ucenika-u-beranskim-selima-nije-rijesen\/\"]}]},{\"@type\":\"ImageObject\",\"inLanguage\":\"bs-BA\",\"@id\":\"https:\/\/sandzakpress.net\/arhiva\/ni-poslije-vise-od-mjesec-problem-prevoza-ucenika-u-beranskim-selima-nije-rijesen\/#primaryimage\",\"url\":\"https:\/\/sandzakpress.net\/arhiva\/wp-content\/uploads\/2019\/10\/20191005081056_22fed92a31e0ef8b072b00129472c6be85d21728a06ec1e7be24d12feea52e80.jpeg.jpg\",\"contentUrl\":\"https:\/\/sandzakpress.net\/arhiva\/wp-content\/uploads\/2019\/10\/20191005081056_22fed92a31e0ef8b072b00129472c6be85d21728a06ec1e7be24d12feea52e80.jpeg.jpg\",\"width\":640,\"height\":480},{\"@type\":\"BreadcrumbList\",\"@id\":\"https:\/\/sandzakpress.net\/arhiva\/ni-poslije-vise-od-mjesec-problem-prevoza-ucenika-u-beranskim-selima-nije-rijesen\/#breadcrumb\",\"itemListElement\":[{\"@type\":\"ListItem\",\"position\":1,\"name\":\"Home\",\"item\":\"https:\/\/sandzakpress.net\/arhiva\/\"},{\"@type\":\"ListItem\",\"position\":2,\"name\":\"Ni poslije vi\u0161e od mjesec problem prevoza u\u010denika u beranskim selima nije rije\u0161en\"}]},{\"@type\":\"WebSite\",\"@id\":\"https:\/\/sandzakpress.net\/arhiva\/#website\",\"url\":\"https:\/\/sandzakpress.net\/arhiva\/\",\"name\":\"Sand\u017eak PRESS\",\"description\":\"Prve elektronske novine u Sand\u017eaku\",\"publisher\":{\"@id\":\"https:\/\/sandzakpress.net\/arhiva\/#\/schema\/person\/6e72b67d6e51910a1117b3b483ba20bd\"},\"potentialAction\":[{\"@type\":\"SearchAction\",\"target\":{\"@type\":\"EntryPoint\",\"urlTemplate\":\"https:\/\/sandzakpress.net\/arhiva\/?s={search_term_string}\"},\"query-input\":{\"@type\":\"PropertyValueSpecification\",\"valueRequired\":true,\"valueName\":\"search_term_string\"}}],\"inLanguage\":\"bs-BA\"},{\"@type\":[\"Person\",\"Organization\"],\"@id\":\"https:\/\/sandzakpress.net\/arhiva\/#\/schema\/person\/6e72b67d6e51910a1117b3b483ba20bd\",\"name\":\"Kul\",\"image\":{\"@type\":\"ImageObject\",\"inLanguage\":\"bs-BA\",\"@id\":\"https:\/\/sandzakpress.net\/arhiva\/#\/schema\/person\/image\/\",\"url\":\"https:\/\/secure.gravatar.com\/avatar\/42263f39aa27ac04c43cab85c280eb2e?s=96&d=mm&r=pg\",\"contentUrl\":\"https:\/\/secure.gravatar.com\/avatar\/42263f39aa27ac04c43cab85c280eb2e?s=96&d=mm&r=pg\",\"caption\":\"Kul\"},\"logo\":{\"@id\":\"https:\/\/sandzakpress.net\/arhiva\/#\/schema\/person\/image\/\"}},{\"@type\":\"Person\",\"@id\":\"https:\/\/sandzakpress.net\/arhiva\/#\/schema\/person\/cb59d7e3ab91ab90dd680ad0305a6185\",\"name\":\"Agencija\",\"image\":{\"@type\":\"ImageObject\",\"inLanguage\":\"bs-BA\",\"@id\":\"https:\/\/sandzakpress.net\/arhiva\/#\/schema\/person\/image\/\",\"url\":\"https:\/\/secure.gravatar.com\/avatar\/4b7fafa80a22f0c2afe23966b3961fe0?s=96&d=mm&r=pg\",\"contentUrl\":\"https:\/\/secure.gravatar.com\/avatar\/4b7fafa80a22f0c2afe23966b3961fe0?s=96&d=mm&r=pg\",\"caption\":\"Agencija\"},\"url\":\"https:\/\/sandzakpress.net\/arhiva\/author\/agencija\/\"}]}<\/script>\n<!-- \/ Yoast SEO Premium plugin. -->","yoast_head_json":{"title":"Ni poslije vi\u0161e od mjesec problem prevoza u\u010denika u beranskim selima nije rije\u0161en","robots":{"index":"index","follow":"follow","max-snippet":"max-snippet:-1","max-image-preview":"max-image-preview:large","max-video-preview":"max-video-preview:-1"},"canonical":"https:\/\/sandzakpress.net\/arhiva\/ni-poslije-vise-od-mjesec-problem-prevoza-ucenika-u-beranskim-selima-nije-rijesen\/","og_locale":"bs_BA","og_type":"article","og_title":"Ni poslije vi\u0161e od mjesec problem prevoza u\u010denika u beranskim selima nije rije\u0161en","og_description":"Ni poslije vi\u0161e od mjesec dana problem prevoza u\u010denika u beranskim selima Bubanje, \u0160titari, Crvljevine, Krlje, Lukavica i Ruji\u0161ta jo\u0161 nije rije\u0161en, a mje\u0161tani oko trista doma\u0107instava sa tog podru\u010dja ocjenjuju da je to krajnje neozbiljno. Mje\u0161tani ovih sela su istakli da vi\u0161e nemaju vremena za \u010dekanje i upozorili da \u0107e ispisati svoju djecu iz [&hellip;]","og_url":"https:\/\/sandzakpress.net\/arhiva\/ni-poslije-vise-od-mjesec-problem-prevoza-ucenika-u-beranskim-selima-nije-rijesen\/","og_site_name":"Sand\u017eak PRESS","article_published_time":"2019-10-08T20:02:10+00:00","og_image":[{"width":640,"height":480,"url":"https:\/\/sandzakpress.net\/arhiva\/wp-content\/uploads\/2019\/10\/20191005081056_22fed92a31e0ef8b072b00129472c6be85d21728a06ec1e7be24d12feea52e80.jpeg.jpg","type":"image\/jpeg"}],"author":"Agencija","twitter_card":"summary_large_image","twitter_misc":{"Written by":"Agencija","Est. reading time":"2 minute"},"schema":{"@context":"https:\/\/schema.org","@graph":[{"@type":"Article","@id":"https:\/\/sandzakpress.net\/arhiva\/ni-poslije-vise-od-mjesec-problem-prevoza-ucenika-u-beranskim-selima-nije-rijesen\/#article","isPartOf":{"@id":"https:\/\/sandzakpress.net\/arhiva\/ni-poslije-vise-od-mjesec-problem-prevoza-ucenika-u-beranskim-selima-nije-rijesen\/"},"author":{"name":"Agencija","@id":"https:\/\/sandzakpress.net\/arhiva\/#\/schema\/person\/cb59d7e3ab91ab90dd680ad0305a6185"},"headline":"Ni poslije vi\u0161e od mjesec problem prevoza u\u010denika u beranskim selima nije rije\u0161en","datePublished":"2019-10-08T20:02:10+00:00","mainEntityOfPage":{"@id":"https:\/\/sandzakpress.net\/arhiva\/ni-poslije-vise-od-mjesec-problem-prevoza-ucenika-u-beranskim-selima-nije-rijesen\/"},"wordCount":404,"commentCount":0,"publisher":{"@id":"https:\/\/sandzakpress.net\/arhiva\/#\/schema\/person\/6e72b67d6e51910a1117b3b483ba20bd"},"image":{"@id":"https:\/\/sandzakpress.net\/arhiva\/ni-poslije-vise-od-mjesec-problem-prevoza-ucenika-u-beranskim-selima-nije-rijesen\/#primaryimage"},"thumbnailUrl":"https:\/\/sandzakpress.net\/arhiva\/wp-content\/uploads\/2019\/10\/20191005081056_22fed92a31e0ef8b072b00129472c6be85d21728a06ec1e7be24d12feea52e80.jpeg.jpg","articleSection":["Berane","Obrazovanje"],"inLanguage":"bs-BA","potentialAction":[{"@type":"CommentAction","name":"Comment","target":["https:\/\/sandzakpress.net\/arhiva\/ni-poslije-vise-od-mjesec-problem-prevoza-ucenika-u-beranskim-selima-nije-rijesen\/#respond"]}]},{"@type":"WebPage","@id":"https:\/\/sandzakpress.net\/arhiva\/ni-poslije-vise-od-mjesec-problem-prevoza-ucenika-u-beranskim-selima-nije-rijesen\/","url":"https:\/\/sandzakpress.net\/arhiva\/ni-poslije-vise-od-mjesec-problem-prevoza-ucenika-u-beranskim-selima-nije-rijesen\/","name":"Ni poslije vi\u0161e od mjesec problem prevoza u\u010denika u beranskim selima nije rije\u0161en","isPartOf":{"@id":"https:\/\/sandzakpress.net\/arhiva\/#website"},"primaryImageOfPage":{"@id":"https:\/\/sandzakpress.net\/arhiva\/ni-poslije-vise-od-mjesec-problem-prevoza-ucenika-u-beranskim-selima-nije-rijesen\/#primaryimage"},"image":{"@id":"https:\/\/sandzakpress.net\/arhiva\/ni-poslije-vise-od-mjesec-problem-prevoza-ucenika-u-beranskim-selima-nije-rijesen\/#primaryimage"},"thumbnailUrl":"https:\/\/sandzakpress.net\/arhiva\/wp-content\/uploads\/2019\/10\/20191005081056_22fed92a31e0ef8b072b00129472c6be85d21728a06ec1e7be24d12feea52e80.jpeg.jpg","datePublished":"2019-10-08T20:02:10+00:00","breadcrumb":{"@id":"https:\/\/sandzakpress.net\/arhiva\/ni-poslije-vise-od-mjesec-problem-prevoza-ucenika-u-beranskim-selima-nije-rijesen\/#breadcrumb"},"inLanguage":"bs-BA","potentialAction":[{"@type":"ReadAction","target":["https:\/\/sandzakpress.net\/arhiva\/ni-poslije-vise-od-mjesec-problem-prevoza-ucenika-u-beranskim-selima-nije-rijesen\/"]}]},{"@type":"ImageObject","inLanguage":"bs-BA","@id":"https:\/\/sandzakpress.net\/arhiva\/ni-poslije-vise-od-mjesec-problem-prevoza-ucenika-u-beranskim-selima-nije-rijesen\/#primaryimage","url":"https:\/\/sandzakpress.net\/arhiva\/wp-content\/uploads\/2019\/10\/20191005081056_22fed92a31e0ef8b072b00129472c6be85d21728a06ec1e7be24d12feea52e80.jpeg.jpg","contentUrl":"https:\/\/sandzakpress.net\/arhiva\/wp-content\/uploads\/2019\/10\/20191005081056_22fed92a31e0ef8b072b00129472c6be85d21728a06ec1e7be24d12feea52e80.jpeg.jpg","width":640,"height":480},{"@type":"BreadcrumbList","@id":"https:\/\/sandzakpress.net\/arhiva\/ni-poslije-vise-od-mjesec-problem-prevoza-ucenika-u-beranskim-selima-nije-rijesen\/#breadcrumb","itemListElement":[{"@type":"ListItem","position":1,"name":"Home","item":"https:\/\/sandzakpress.net\/arhiva\/"},{"@type":"ListItem","position":2,"name":"Ni poslije vi\u0161e od mjesec problem prevoza u\u010denika u beranskim selima nije rije\u0161en"}]},{"@type":"WebSite","@id":"https:\/\/sandzakpress.net\/arhiva\/#website","url":"https:\/\/sandzakpress.net\/arhiva\/","name":"Sand\u017eak PRESS","description":"Prve elektronske novine u Sand\u017eaku","publisher":{"@id":"https:\/\/sandzakpress.net\/arhiva\/#\/schema\/person\/6e72b67d6e51910a1117b3b483ba20bd"},"potentialAction":[{"@type":"SearchAction","target":{"@type":"EntryPoint","urlTemplate":"https:\/\/sandzakpress.net\/arhiva\/?s={search_term_string}"},"query-input":{"@type":"PropertyValueSpecification","valueRequired":true,"valueName":"search_term_string"}}],"inLanguage":"bs-BA"},{"@type":["Person","Organization"],"@id":"https:\/\/sandzakpress.net\/arhiva\/#\/schema\/person\/6e72b67d6e51910a1117b3b483ba20bd","name":"Kul","image":{"@type":"ImageObject","inLanguage":"bs-BA","@id":"https:\/\/sandzakpress.net\/arhiva\/#\/schema\/person\/image\/","url":"https:\/\/secure.gravatar.com\/avatar\/42263f39aa27ac04c43cab85c280eb2e?s=96&d=mm&r=pg","contentUrl":"https:\/\/secure.gravatar.com\/avatar\/42263f39aa27ac04c43cab85c280eb2e?s=96&d=mm&r=pg","caption":"Kul"},"logo":{"@id":"https:\/\/sandzakpress.net\/arhiva\/#\/schema\/person\/image\/"}},{"@type":"Person","@id":"https:\/\/sandzakpress.net\/arhiva\/#\/schema\/person\/cb59d7e3ab91ab90dd680ad0305a6185","name":"Agencija","image":{"@type":"ImageObject","inLanguage":"bs-BA","@id":"https:\/\/sandzakpress.net\/arhiva\/#\/schema\/person\/image\/","url":"https:\/\/secure.gravatar.com\/avatar\/4b7fafa80a22f0c2afe23966b3961fe0?s=96&d=mm&r=pg","contentUrl":"https:\/\/secure.gravatar.com\/avatar\/4b7fafa80a22f0c2afe23966b3961fe0?s=96&d=mm&r=pg","caption":"Agencija"},"url":"https:\/\/sandzakpress.net\/arhiva\/author\/agencija\/"}]}},"_links":{"self":[{"href":"https:\/\/sandzakpress.net\/arhiva\/wp-json\/wp\/v2\/posts\/229192"}],"collection":[{"href":"https:\/\/sandzakpress.net\/arhiva\/wp-json\/wp\/v2\/posts"}],"about":[{"href":"https:\/\/sandzakpress.net\/arhiva\/wp-json\/wp\/v2\/types\/post"}],"author":[{"embeddable":true,"href":"https:\/\/sandzakpress.net\/arhiva\/wp-json\/wp\/v2\/users\/509"}],"replies":[{"embeddable":true,"href":"https:\/\/sandzakpress.net\/arhiva\/wp-json\/wp\/v2\/comments?post=229192"}],"version-history":[{"count":0,"href":"https:\/\/sandzakpress.net\/arhiva\/wp-json\/wp\/v2\/posts\/229192\/revisions"}],"wp:featuredmedia":[{"embeddable":true,"href":"https:\/\/sandzakpress.net\/arhiva\/wp-json\/wp\/v2\/media\/229194"}],"wp:attachment":[{"href":"https:\/\/sandzakpress.net\/arhiva\/wp-json\/wp\/v2\/media?parent=229192"}],"wp:term":[{"taxonomy":"category","embeddable":true,"href":"https:\/\/sandzakpress.net\/arhiva\/wp-json\/wp\/v2\/categories?post=229192"},{"taxonomy":"post_tag","embeddable":true,"href":"https:\/\/sandzakpress.net\/arhiva\/wp-json\/wp\/v2\/tags?post=229192"}],"curies":[{"name":"wp","href":"https:\/\/api.w.org\/{rel}","templated":true}]}}