{"id":228944,"date":"2019-10-03T16:32:13","date_gmt":"2019-10-03T14:32:13","guid":{"rendered":"https:\/\/sandzakpress.net\/arhiva\/?p=228944"},"modified":"2019-10-03T16:32:13","modified_gmt":"2019-10-03T14:32:13","slug":"fariz-drekovic-kandidat-za-vijece-stranaca-u-opstini-mayen-koblenz","status":"publish","type":"post","link":"https:\/\/sandzakpress.net\/arhiva\/fariz-drekovic-kandidat-za-vijece-stranaca-u-opstini-mayen-koblenz\/","title":{"rendered":"Fariz Drekovi\u0107 kandidat za vije\u0107e stranaca u op\u0161tini Mayen-Koblenz"},"content":{"rendered":"<p><img decoding=\"async\" src=\"http:\/\/sanapress.info\/wp-content\/uploads\/2019\/10\/viber_image_2019-10-03_14-58-27.jpg\" \/><\/p>\n<p><strong>Predstavljamo vam Fariza Drekovi\u0107a. Mladog pravnika iz njema\u010dkog Koblenza, koji trenutno kandidira za vije\u0107e stranaca u svojoj op\u0161tini Mayen-Koblenz, u juznozapadnoj pokrajini Rheinland-Pfalz, na strani socijaldemokrata.<\/strong><\/p>\n<p>Drekovi\u0107 koji je ro\u0111en u Novom Pazaru, \u010diji je otac rodom iz Veseni\u0107a, a majka iz Orlja, je sjajni primjer za uspje\u0161nu integraciju Bo\u0161njaka u dijaspori. Njegovo iskustvo \u017eeli podjeliti s mla\u0111im Bo\u0161njacima a i tako\u0111er muslimanima drugih nacija, kako bi ih za\u0161titio od distanciranja od svoje vjere, koju on smatra pravom. Farizova formula za integraciju je koristiti zapadne blagodati i obi\u010daje, ali u okviru i granici svojih islamskih mogu\u0107nosti.<\/p>\n<p>On navodi da je uspje\u0161na integracija jedan tanki konac izmedju asimiliranja i kulturne izolacije od tu\u0111eg dru\u0161tva, nebitno da li se radi o njema\u010dkoj, Luksemburgu, Austriji ili drugim dr\u017eavama. Tu ravnote\u017eu izme\u0111u tu\u0111e i svoje kulture on smatra malom umjetnost, ali misli da je ipak to mogu\u0107e jer ima sebe kao primjer. \u010cak po motu: \u201cako ja to mogu, mogu i drugi\u201d.<\/p>\n<p>Za izbore tvrdi, da ima dobre \u0161anse za pobjedu, jer iza njega stoji islamska zajednica Bo\u0161njaka, ali Turaka tako\u0111er. Uostalom, \u017eeli iskoristiti tu njegovu prvu politi\u010dku poziciju kao stepenicu za ve\u0107e politi\u010dke odgovornosti u budu\u0107nosti, koje \u017eeli iz dijaspore koordinirati. U prvom redu mu je rad protiv ekstremnog nacionalizma, \u010dim se bavi ve\u0107 du\u017ee vremena.<\/p>\n<p>Za njega je bitno da se napravi razlika izme\u0111u patriotizma, koji je po njemu va\u017ean faktor za identifikaciju sa svojom nacijom i kulturom, i nacionalizma koji je, po njemu, jedna potro\u0161ena ideologija, jedan Konstrukt 19. vijeka za prostizanje politi\u010dkih ciljeva. Nacionalizam se ne kosi samo sa principom islama, vec i sa zdravim razumom. Potporu za tu konstataciju mo\u017eemo na\u0107i u knjigama autora Ernsta Gellnera, kao i u knjizi akademika Muamera Zukorli\u0107a \u201d Drevna Bosna\u201d, \u010dije vrijednosti uredno i racionalno zastupa pred evrpskim vije\u0107em.<\/p>\n<p>Za bolju saradnju doma\u0107e i dijasporske omladine Drekovic predla\u017ee jednu transnacionalnu zajednicu mladih bo\u0161nja\u010dkih akademicara porijeklom iz prostorije sandzaka. On se nada da \u0107e postojati prilika da se to ostvari. Ali sve postepeno. Prvo \u017eeli uspje\u0161no iza\u0107i iz izbora a za sve ostalo \u0107e biti vremena In shaa Allah.<\/p>\n","protected":false},"excerpt":{"rendered":"<p>Predstavljamo vam Fariza Drekovi\u0107a. Mladog pravnika iz njema\u010dkog Koblenza, koji trenutno kandidira za vije\u0107e stranaca u svojoj op\u0161tini Mayen-Koblenz, u juznozapadnoj pokrajini Rheinland-Pfalz, na strani socijaldemokrata. Drekovi\u0107 koji je ro\u0111en u Novom Pazaru, \u010diji je otac rodom iz Veseni\u0107a, a majka iz Orlja, je sjajni primjer za uspje\u0161nu integraciju Bo\u0161njaka u dijaspori. Njegovo iskustvo \u017eeli [&hellip;]<\/p>\n","protected":false},"author":509,"featured_media":228945,"comment_status":"open","ping_status":"open","sticky":false,"template":"","format":"standard","meta":{"footnotes":""},"categories":[9538,1],"tags":[],"class_list":{"0":"post-228944","1":"post","2":"type-post","3":"status-publish","4":"format-standard","5":"has-post-thumbnail","7":"category-njemacka-dijaspora-gradovi-vase-vijesti","8":"category-politika"},"yoast_head":"<!-- This site is optimized with the Yoast SEO Premium plugin v23.1 (Yoast SEO v24.9) - https:\/\/yoast.com\/wordpress\/plugins\/seo\/ -->\n<title>Fariz Drekovi\u0107 kandidat za vije\u0107e stranaca u op\u0161tini Mayen-Koblenz<\/title>\n<meta name=\"robots\" content=\"index, follow, max-snippet:-1, max-image-preview:large, max-video-preview:-1\" \/>\n<link rel=\"canonical\" href=\"https:\/\/sandzakpress.net\/arhiva\/fariz-drekovic-kandidat-za-vijece-stranaca-u-opstini-mayen-koblenz\/\" \/>\n<meta property=\"og:locale\" content=\"bs_BA\" \/>\n<meta property=\"og:type\" content=\"article\" \/>\n<meta property=\"og:title\" content=\"Fariz Drekovi\u0107 kandidat za vije\u0107e stranaca u op\u0161tini Mayen-Koblenz\" \/>\n<meta property=\"og:description\" content=\"Predstavljamo vam Fariza Drekovi\u0107a. Mladog pravnika iz njema\u010dkog Koblenza, koji trenutno kandidira za vije\u0107e stranaca u svojoj op\u0161tini Mayen-Koblenz, u juznozapadnoj pokrajini Rheinland-Pfalz, na strani socijaldemokrata. Drekovi\u0107 koji je ro\u0111en u Novom Pazaru, \u010diji je otac rodom iz Veseni\u0107a, a majka iz Orlja, je sjajni primjer za uspje\u0161nu integraciju Bo\u0161njaka u dijaspori. Njegovo iskustvo \u017eeli [&hellip;]\" \/>\n<meta property=\"og:url\" content=\"https:\/\/sandzakpress.net\/arhiva\/fariz-drekovic-kandidat-za-vijece-stranaca-u-opstini-mayen-koblenz\/\" \/>\n<meta property=\"og:site_name\" content=\"Sand\u017eak PRESS\" \/>\n<meta property=\"article:published_time\" content=\"2019-10-03T14:32:13+00:00\" \/>\n<meta property=\"og:image\" content=\"https:\/\/sandzakpress.net\/arhiva\/wp-content\/uploads\/2019\/10\/viber_image_2019-10-03_14-58-27.jpg\" \/>\n\t<meta property=\"og:image:width\" content=\"1600\" \/>\n\t<meta property=\"og:image:height\" content=\"812\" \/>\n\t<meta property=\"og:image:type\" content=\"image\/jpeg\" \/>\n<meta name=\"author\" content=\"Agencija\" \/>\n<meta name=\"twitter:card\" content=\"summary_large_image\" \/>\n<meta name=\"twitter:label1\" content=\"Written by\" \/>\n\t<meta name=\"twitter:data1\" content=\"Agencija\" \/>\n\t<meta name=\"twitter:label2\" content=\"Est. reading time\" \/>\n\t<meta name=\"twitter:data2\" content=\"2 minute\" \/>\n<script type=\"application\/ld+json\" class=\"yoast-schema-graph\">{\"@context\":\"https:\/\/schema.org\",\"@graph\":[{\"@type\":\"Article\",\"@id\":\"https:\/\/sandzakpress.net\/arhiva\/fariz-drekovic-kandidat-za-vijece-stranaca-u-opstini-mayen-koblenz\/#article\",\"isPartOf\":{\"@id\":\"https:\/\/sandzakpress.net\/arhiva\/fariz-drekovic-kandidat-za-vijece-stranaca-u-opstini-mayen-koblenz\/\"},\"author\":{\"name\":\"Agencija\",\"@id\":\"https:\/\/sandzakpress.net\/arhiva\/#\/schema\/person\/cb59d7e3ab91ab90dd680ad0305a6185\"},\"headline\":\"Fariz Drekovi\u0107 kandidat za vije\u0107e stranaca u op\u0161tini Mayen-Koblenz\",\"datePublished\":\"2019-10-03T14:32:13+00:00\",\"mainEntityOfPage\":{\"@id\":\"https:\/\/sandzakpress.net\/arhiva\/fariz-drekovic-kandidat-za-vijece-stranaca-u-opstini-mayen-koblenz\/\"},\"wordCount\":398,\"commentCount\":0,\"publisher\":{\"@id\":\"https:\/\/sandzakpress.net\/arhiva\/#\/schema\/person\/6e72b67d6e51910a1117b3b483ba20bd\"},\"image\":{\"@id\":\"https:\/\/sandzakpress.net\/arhiva\/fariz-drekovic-kandidat-za-vijece-stranaca-u-opstini-mayen-koblenz\/#primaryimage\"},\"thumbnailUrl\":\"https:\/\/sandzakpress.net\/arhiva\/wp-content\/uploads\/2019\/10\/viber_image_2019-10-03_14-58-27.jpg\",\"articleSection\":[\"Njema\u010dka\",\"Politika\"],\"inLanguage\":\"bs-BA\",\"potentialAction\":[{\"@type\":\"CommentAction\",\"name\":\"Comment\",\"target\":[\"https:\/\/sandzakpress.net\/arhiva\/fariz-drekovic-kandidat-za-vijece-stranaca-u-opstini-mayen-koblenz\/#respond\"]}]},{\"@type\":\"WebPage\",\"@id\":\"https:\/\/sandzakpress.net\/arhiva\/fariz-drekovic-kandidat-za-vijece-stranaca-u-opstini-mayen-koblenz\/\",\"url\":\"https:\/\/sandzakpress.net\/arhiva\/fariz-drekovic-kandidat-za-vijece-stranaca-u-opstini-mayen-koblenz\/\",\"name\":\"Fariz Drekovi\u0107 kandidat za vije\u0107e stranaca u op\u0161tini Mayen-Koblenz\",\"isPartOf\":{\"@id\":\"https:\/\/sandzakpress.net\/arhiva\/#website\"},\"primaryImageOfPage\":{\"@id\":\"https:\/\/sandzakpress.net\/arhiva\/fariz-drekovic-kandidat-za-vijece-stranaca-u-opstini-mayen-koblenz\/#primaryimage\"},\"image\":{\"@id\":\"https:\/\/sandzakpress.net\/arhiva\/fariz-drekovic-kandidat-za-vijece-stranaca-u-opstini-mayen-koblenz\/#primaryimage\"},\"thumbnailUrl\":\"https:\/\/sandzakpress.net\/arhiva\/wp-content\/uploads\/2019\/10\/viber_image_2019-10-03_14-58-27.jpg\",\"datePublished\":\"2019-10-03T14:32:13+00:00\",\"breadcrumb\":{\"@id\":\"https:\/\/sandzakpress.net\/arhiva\/fariz-drekovic-kandidat-za-vijece-stranaca-u-opstini-mayen-koblenz\/#breadcrumb\"},\"inLanguage\":\"bs-BA\",\"potentialAction\":[{\"@type\":\"ReadAction\",\"target\":[\"https:\/\/sandzakpress.net\/arhiva\/fariz-drekovic-kandidat-za-vijece-stranaca-u-opstini-mayen-koblenz\/\"]}]},{\"@type\":\"ImageObject\",\"inLanguage\":\"bs-BA\",\"@id\":\"https:\/\/sandzakpress.net\/arhiva\/fariz-drekovic-kandidat-za-vijece-stranaca-u-opstini-mayen-koblenz\/#primaryimage\",\"url\":\"https:\/\/sandzakpress.net\/arhiva\/wp-content\/uploads\/2019\/10\/viber_image_2019-10-03_14-58-27.jpg\",\"contentUrl\":\"https:\/\/sandzakpress.net\/arhiva\/wp-content\/uploads\/2019\/10\/viber_image_2019-10-03_14-58-27.jpg\",\"width\":1600,\"height\":812},{\"@type\":\"BreadcrumbList\",\"@id\":\"https:\/\/sandzakpress.net\/arhiva\/fariz-drekovic-kandidat-za-vijece-stranaca-u-opstini-mayen-koblenz\/#breadcrumb\",\"itemListElement\":[{\"@type\":\"ListItem\",\"position\":1,\"name\":\"Home\",\"item\":\"https:\/\/sandzakpress.net\/arhiva\/\"},{\"@type\":\"ListItem\",\"position\":2,\"name\":\"Fariz Drekovi\u0107 kandidat za vije\u0107e stranaca u op\u0161tini Mayen-Koblenz\"}]},{\"@type\":\"WebSite\",\"@id\":\"https:\/\/sandzakpress.net\/arhiva\/#website\",\"url\":\"https:\/\/sandzakpress.net\/arhiva\/\",\"name\":\"Sand\u017eak PRESS\",\"description\":\"Prve elektronske novine u Sand\u017eaku\",\"publisher\":{\"@id\":\"https:\/\/sandzakpress.net\/arhiva\/#\/schema\/person\/6e72b67d6e51910a1117b3b483ba20bd\"},\"potentialAction\":[{\"@type\":\"SearchAction\",\"target\":{\"@type\":\"EntryPoint\",\"urlTemplate\":\"https:\/\/sandzakpress.net\/arhiva\/?s={search_term_string}\"},\"query-input\":{\"@type\":\"PropertyValueSpecification\",\"valueRequired\":true,\"valueName\":\"search_term_string\"}}],\"inLanguage\":\"bs-BA\"},{\"@type\":[\"Person\",\"Organization\"],\"@id\":\"https:\/\/sandzakpress.net\/arhiva\/#\/schema\/person\/6e72b67d6e51910a1117b3b483ba20bd\",\"name\":\"Kul\",\"image\":{\"@type\":\"ImageObject\",\"inLanguage\":\"bs-BA\",\"@id\":\"https:\/\/sandzakpress.net\/arhiva\/#\/schema\/person\/image\/\",\"url\":\"https:\/\/secure.gravatar.com\/avatar\/42263f39aa27ac04c43cab85c280eb2e?s=96&d=mm&r=pg\",\"contentUrl\":\"https:\/\/secure.gravatar.com\/avatar\/42263f39aa27ac04c43cab85c280eb2e?s=96&d=mm&r=pg\",\"caption\":\"Kul\"},\"logo\":{\"@id\":\"https:\/\/sandzakpress.net\/arhiva\/#\/schema\/person\/image\/\"}},{\"@type\":\"Person\",\"@id\":\"https:\/\/sandzakpress.net\/arhiva\/#\/schema\/person\/cb59d7e3ab91ab90dd680ad0305a6185\",\"name\":\"Agencija\",\"image\":{\"@type\":\"ImageObject\",\"inLanguage\":\"bs-BA\",\"@id\":\"https:\/\/sandzakpress.net\/arhiva\/#\/schema\/person\/image\/\",\"url\":\"https:\/\/secure.gravatar.com\/avatar\/4b7fafa80a22f0c2afe23966b3961fe0?s=96&d=mm&r=pg\",\"contentUrl\":\"https:\/\/secure.gravatar.com\/avatar\/4b7fafa80a22f0c2afe23966b3961fe0?s=96&d=mm&r=pg\",\"caption\":\"Agencija\"},\"url\":\"https:\/\/sandzakpress.net\/arhiva\/author\/agencija\/\"}]}<\/script>\n<!-- \/ Yoast SEO Premium plugin. -->","yoast_head_json":{"title":"Fariz Drekovi\u0107 kandidat za vije\u0107e stranaca u op\u0161tini Mayen-Koblenz","robots":{"index":"index","follow":"follow","max-snippet":"max-snippet:-1","max-image-preview":"max-image-preview:large","max-video-preview":"max-video-preview:-1"},"canonical":"https:\/\/sandzakpress.net\/arhiva\/fariz-drekovic-kandidat-za-vijece-stranaca-u-opstini-mayen-koblenz\/","og_locale":"bs_BA","og_type":"article","og_title":"Fariz Drekovi\u0107 kandidat za vije\u0107e stranaca u op\u0161tini Mayen-Koblenz","og_description":"Predstavljamo vam Fariza Drekovi\u0107a. Mladog pravnika iz njema\u010dkog Koblenza, koji trenutno kandidira za vije\u0107e stranaca u svojoj op\u0161tini Mayen-Koblenz, u juznozapadnoj pokrajini Rheinland-Pfalz, na strani socijaldemokrata. Drekovi\u0107 koji je ro\u0111en u Novom Pazaru, \u010diji je otac rodom iz Veseni\u0107a, a majka iz Orlja, je sjajni primjer za uspje\u0161nu integraciju Bo\u0161njaka u dijaspori. Njegovo iskustvo \u017eeli [&hellip;]","og_url":"https:\/\/sandzakpress.net\/arhiva\/fariz-drekovic-kandidat-za-vijece-stranaca-u-opstini-mayen-koblenz\/","og_site_name":"Sand\u017eak PRESS","article_published_time":"2019-10-03T14:32:13+00:00","og_image":[{"width":1600,"height":812,"url":"https:\/\/sandzakpress.net\/arhiva\/wp-content\/uploads\/2019\/10\/viber_image_2019-10-03_14-58-27.jpg","type":"image\/jpeg"}],"author":"Agencija","twitter_card":"summary_large_image","twitter_misc":{"Written by":"Agencija","Est. reading time":"2 minute"},"schema":{"@context":"https:\/\/schema.org","@graph":[{"@type":"Article","@id":"https:\/\/sandzakpress.net\/arhiva\/fariz-drekovic-kandidat-za-vijece-stranaca-u-opstini-mayen-koblenz\/#article","isPartOf":{"@id":"https:\/\/sandzakpress.net\/arhiva\/fariz-drekovic-kandidat-za-vijece-stranaca-u-opstini-mayen-koblenz\/"},"author":{"name":"Agencija","@id":"https:\/\/sandzakpress.net\/arhiva\/#\/schema\/person\/cb59d7e3ab91ab90dd680ad0305a6185"},"headline":"Fariz Drekovi\u0107 kandidat za vije\u0107e stranaca u op\u0161tini Mayen-Koblenz","datePublished":"2019-10-03T14:32:13+00:00","mainEntityOfPage":{"@id":"https:\/\/sandzakpress.net\/arhiva\/fariz-drekovic-kandidat-za-vijece-stranaca-u-opstini-mayen-koblenz\/"},"wordCount":398,"commentCount":0,"publisher":{"@id":"https:\/\/sandzakpress.net\/arhiva\/#\/schema\/person\/6e72b67d6e51910a1117b3b483ba20bd"},"image":{"@id":"https:\/\/sandzakpress.net\/arhiva\/fariz-drekovic-kandidat-za-vijece-stranaca-u-opstini-mayen-koblenz\/#primaryimage"},"thumbnailUrl":"https:\/\/sandzakpress.net\/arhiva\/wp-content\/uploads\/2019\/10\/viber_image_2019-10-03_14-58-27.jpg","articleSection":["Njema\u010dka","Politika"],"inLanguage":"bs-BA","potentialAction":[{"@type":"CommentAction","name":"Comment","target":["https:\/\/sandzakpress.net\/arhiva\/fariz-drekovic-kandidat-za-vijece-stranaca-u-opstini-mayen-koblenz\/#respond"]}]},{"@type":"WebPage","@id":"https:\/\/sandzakpress.net\/arhiva\/fariz-drekovic-kandidat-za-vijece-stranaca-u-opstini-mayen-koblenz\/","url":"https:\/\/sandzakpress.net\/arhiva\/fariz-drekovic-kandidat-za-vijece-stranaca-u-opstini-mayen-koblenz\/","name":"Fariz Drekovi\u0107 kandidat za vije\u0107e stranaca u op\u0161tini Mayen-Koblenz","isPartOf":{"@id":"https:\/\/sandzakpress.net\/arhiva\/#website"},"primaryImageOfPage":{"@id":"https:\/\/sandzakpress.net\/arhiva\/fariz-drekovic-kandidat-za-vijece-stranaca-u-opstini-mayen-koblenz\/#primaryimage"},"image":{"@id":"https:\/\/sandzakpress.net\/arhiva\/fariz-drekovic-kandidat-za-vijece-stranaca-u-opstini-mayen-koblenz\/#primaryimage"},"thumbnailUrl":"https:\/\/sandzakpress.net\/arhiva\/wp-content\/uploads\/2019\/10\/viber_image_2019-10-03_14-58-27.jpg","datePublished":"2019-10-03T14:32:13+00:00","breadcrumb":{"@id":"https:\/\/sandzakpress.net\/arhiva\/fariz-drekovic-kandidat-za-vijece-stranaca-u-opstini-mayen-koblenz\/#breadcrumb"},"inLanguage":"bs-BA","potentialAction":[{"@type":"ReadAction","target":["https:\/\/sandzakpress.net\/arhiva\/fariz-drekovic-kandidat-za-vijece-stranaca-u-opstini-mayen-koblenz\/"]}]},{"@type":"ImageObject","inLanguage":"bs-BA","@id":"https:\/\/sandzakpress.net\/arhiva\/fariz-drekovic-kandidat-za-vijece-stranaca-u-opstini-mayen-koblenz\/#primaryimage","url":"https:\/\/sandzakpress.net\/arhiva\/wp-content\/uploads\/2019\/10\/viber_image_2019-10-03_14-58-27.jpg","contentUrl":"https:\/\/sandzakpress.net\/arhiva\/wp-content\/uploads\/2019\/10\/viber_image_2019-10-03_14-58-27.jpg","width":1600,"height":812},{"@type":"BreadcrumbList","@id":"https:\/\/sandzakpress.net\/arhiva\/fariz-drekovic-kandidat-za-vijece-stranaca-u-opstini-mayen-koblenz\/#breadcrumb","itemListElement":[{"@type":"ListItem","position":1,"name":"Home","item":"https:\/\/sandzakpress.net\/arhiva\/"},{"@type":"ListItem","position":2,"name":"Fariz Drekovi\u0107 kandidat za vije\u0107e stranaca u op\u0161tini Mayen-Koblenz"}]},{"@type":"WebSite","@id":"https:\/\/sandzakpress.net\/arhiva\/#website","url":"https:\/\/sandzakpress.net\/arhiva\/","name":"Sand\u017eak PRESS","description":"Prve elektronske novine u Sand\u017eaku","publisher":{"@id":"https:\/\/sandzakpress.net\/arhiva\/#\/schema\/person\/6e72b67d6e51910a1117b3b483ba20bd"},"potentialAction":[{"@type":"SearchAction","target":{"@type":"EntryPoint","urlTemplate":"https:\/\/sandzakpress.net\/arhiva\/?s={search_term_string}"},"query-input":{"@type":"PropertyValueSpecification","valueRequired":true,"valueName":"search_term_string"}}],"inLanguage":"bs-BA"},{"@type":["Person","Organization"],"@id":"https:\/\/sandzakpress.net\/arhiva\/#\/schema\/person\/6e72b67d6e51910a1117b3b483ba20bd","name":"Kul","image":{"@type":"ImageObject","inLanguage":"bs-BA","@id":"https:\/\/sandzakpress.net\/arhiva\/#\/schema\/person\/image\/","url":"https:\/\/secure.gravatar.com\/avatar\/42263f39aa27ac04c43cab85c280eb2e?s=96&d=mm&r=pg","contentUrl":"https:\/\/secure.gravatar.com\/avatar\/42263f39aa27ac04c43cab85c280eb2e?s=96&d=mm&r=pg","caption":"Kul"},"logo":{"@id":"https:\/\/sandzakpress.net\/arhiva\/#\/schema\/person\/image\/"}},{"@type":"Person","@id":"https:\/\/sandzakpress.net\/arhiva\/#\/schema\/person\/cb59d7e3ab91ab90dd680ad0305a6185","name":"Agencija","image":{"@type":"ImageObject","inLanguage":"bs-BA","@id":"https:\/\/sandzakpress.net\/arhiva\/#\/schema\/person\/image\/","url":"https:\/\/secure.gravatar.com\/avatar\/4b7fafa80a22f0c2afe23966b3961fe0?s=96&d=mm&r=pg","contentUrl":"https:\/\/secure.gravatar.com\/avatar\/4b7fafa80a22f0c2afe23966b3961fe0?s=96&d=mm&r=pg","caption":"Agencija"},"url":"https:\/\/sandzakpress.net\/arhiva\/author\/agencija\/"}]}},"_links":{"self":[{"href":"https:\/\/sandzakpress.net\/arhiva\/wp-json\/wp\/v2\/posts\/228944"}],"collection":[{"href":"https:\/\/sandzakpress.net\/arhiva\/wp-json\/wp\/v2\/posts"}],"about":[{"href":"https:\/\/sandzakpress.net\/arhiva\/wp-json\/wp\/v2\/types\/post"}],"author":[{"embeddable":true,"href":"https:\/\/sandzakpress.net\/arhiva\/wp-json\/wp\/v2\/users\/509"}],"replies":[{"embeddable":true,"href":"https:\/\/sandzakpress.net\/arhiva\/wp-json\/wp\/v2\/comments?post=228944"}],"version-history":[{"count":0,"href":"https:\/\/sandzakpress.net\/arhiva\/wp-json\/wp\/v2\/posts\/228944\/revisions"}],"wp:featuredmedia":[{"embeddable":true,"href":"https:\/\/sandzakpress.net\/arhiva\/wp-json\/wp\/v2\/media\/228945"}],"wp:attachment":[{"href":"https:\/\/sandzakpress.net\/arhiva\/wp-json\/wp\/v2\/media?parent=228944"}],"wp:term":[{"taxonomy":"category","embeddable":true,"href":"https:\/\/sandzakpress.net\/arhiva\/wp-json\/wp\/v2\/categories?post=228944"},{"taxonomy":"post_tag","embeddable":true,"href":"https:\/\/sandzakpress.net\/arhiva\/wp-json\/wp\/v2\/tags?post=228944"}],"curies":[{"name":"wp","href":"https:\/\/api.w.org\/{rel}","templated":true}]}}