{"id":22887,"date":"2011-11-02T15:12:00","date_gmt":"2011-11-02T14:12:00","guid":{"rendered":"https:\/\/sandzakpress.net\/arhiva\/?p=22887"},"modified":"2011-11-02T15:12:00","modified_gmt":"2011-11-02T14:12:00","slug":"tandir-neistina-da-su-pregovori-prekinuti","status":"publish","type":"post","link":"https:\/\/sandzakpress.net\/arhiva\/tandir-neistina-da-su-pregovori-prekinuti\/","title":{"rendered":"Tandir: Neistina da su pregovori prekinuti"},"content":{"rendered":"<p><strong><a href=\"https:\/\/sandzakpress.net\/arhiva\/wp-content\/uploads\/2011\/11\/samir_tandir.jpg\"><img loading=\"lazy\" decoding=\"async\" class=\"alignleft size-medium wp-image-22891\" title=\"samir_tandir\" src=\"https:\/\/sandzakpress.net\/arhiva\/wp-content\/uploads\/2011\/11\/samir_tandir-214x300.jpg\" alt=\"\" width=\"214\" height=\"300\" \/><\/a>Sjeverni Sand\u017eak &#8211; Predstavnik Islamske zajednice u Srbiji Samir Tandir ocijenio je danas da su tvrdnje o prekidu pregovora o pomirenju &#8220;dvije islamske zajednice&#8221; \u201cjo\u0161 jedna\u201d izmi\u0161ljotina u nizu.<\/strong><\/p>\n<p>On je agenciji Beta rekao da pregovori traju i da je plasiranje informacija o prekidu pregovora plod \u201cne\u010dije nervoze\u201d.<\/p>\n<p>Kako je danas prenijo dnevni list &#8220;Blic&#8221;, vlast u Srbiji odbila je da potpi\u0161e sporazum o pomirenju &#8220;dvije islamske zajednice&#8221; koji je u Beograd donijo ministar spoljnih poslova Turske Ahmet Davutoglu.<\/p>\n<p>Glavni problem je nastao zbog toga \u0161to sporazum predvi\u0111a da na \u010delu pet od \u0161est novopredvi\u0111enih muftijstava budu ljudi bliski sand\u017ea\u010dkom muftiji Muameru Zukorli\u0107u, dok bi samo jedno muftijstvo vodio neko iz okru\u017eenja Adema Zilki\u0107a, navodi list pozivaju\u0107i se na izvore u vrhu vlasti.<\/p>\n<p>\u201cApsolutno nije bilo predvi\u0111eno da bilo ko iz vlasti potpisuje sporazu. Mi smo zadovoljni tokom razgovora i medije \u0107emo u nekoliko slede\u0107ih dana upoznati sa detaljima\u201d, rekao je Tandir Beti.<\/p>\n<p>Izvor: <strong>RadioStoPlus.com<\/strong><\/p>\n","protected":false},"excerpt":{"rendered":"<p>Sjeverni Sand\u017eak &#8211; Predstavnik Islamske zajednice u Srbiji Samir Tandir ocijenio je danas da su tvrdnje o prekidu pregovora o pomirenju &#8220;dvije islamske zajednice&#8221; \u201cjo\u0161 jedna\u201d izmi\u0161ljotina u nizu. On je agenciji Beta rekao da pregovori traju i da je plasiranje informacija o prekidu pregovora plod \u201cne\u010dije nervoze\u201d. Kako je danas prenijo dnevni list &#8220;Blic&#8221;, [&hellip;]<\/p>\n","protected":false},"author":14,"featured_media":22891,"comment_status":"open","ping_status":"open","sticky":false,"template":"","format":"standard","meta":{"footnotes":""},"categories":[72,52,327,392,393,802,394,2692],"tags":[],"class_list":{"0":"post-22887","1":"post","2":"type-post","3":"status-publish","4":"format-standard","5":"has-post-thumbnail","7":"category-novi-pazar","8":"category-sjenica","9":"category-tutin","10":"category-prijepolje_","11":"category-priboj","12":"category-islamska_zajednica","13":"category-nova-varos","14":"category-turska-gradovi"},"yoast_head":"<!-- This site is optimized with the Yoast SEO Premium plugin v23.1 (Yoast SEO v24.9) - https:\/\/yoast.com\/wordpress\/plugins\/seo\/ -->\n<title>Tandir: Neistina da su pregovori prekinuti<\/title>\n<meta name=\"robots\" content=\"index, follow, max-snippet:-1, max-image-preview:large, max-video-preview:-1\" \/>\n<link rel=\"canonical\" href=\"https:\/\/sandzakpress.net\/arhiva\/tandir-neistina-da-su-pregovori-prekinuti\/\" \/>\n<meta property=\"og:locale\" content=\"bs_BA\" \/>\n<meta property=\"og:type\" content=\"article\" \/>\n<meta property=\"og:title\" content=\"Tandir: Neistina da su pregovori prekinuti\" \/>\n<meta property=\"og:description\" content=\"Sjeverni Sand\u017eak &#8211; Predstavnik Islamske zajednice u Srbiji Samir Tandir ocijenio je danas da su tvrdnje o prekidu pregovora o pomirenju &#8220;dvije islamske zajednice&#8221; \u201cjo\u0161 jedna\u201d izmi\u0161ljotina u nizu. On je agenciji Beta rekao da pregovori traju i da je plasiranje informacija o prekidu pregovora plod \u201cne\u010dije nervoze\u201d. Kako je danas prenijo dnevni list &#8220;Blic&#8221;, [&hellip;]\" \/>\n<meta property=\"og:url\" content=\"https:\/\/sandzakpress.net\/arhiva\/tandir-neistina-da-su-pregovori-prekinuti\/\" \/>\n<meta property=\"og:site_name\" content=\"Sand\u017eak PRESS\" \/>\n<meta property=\"article:published_time\" content=\"2011-11-02T14:12:00+00:00\" \/>\n<meta property=\"og:image\" content=\"https:\/\/sandzakpress.net\/arhiva\/wp-content\/uploads\/2011\/11\/samir_tandir.jpg\" \/>\n\t<meta property=\"og:image:width\" content=\"300\" \/>\n\t<meta property=\"og:image:height\" content=\"420\" \/>\n\t<meta property=\"og:image:type\" content=\"image\/jpeg\" \/>\n<meta name=\"twitter:card\" content=\"summary_large_image\" \/>\n<meta name=\"twitter:label1\" content=\"Written by\" \/>\n\t<meta name=\"twitter:data1\" content=\"\" \/>\n\t<meta name=\"twitter:label2\" content=\"Est. reading time\" \/>\n\t<meta name=\"twitter:data2\" content=\"1 minuta\" \/>\n<script type=\"application\/ld+json\" class=\"yoast-schema-graph\">{\"@context\":\"https:\/\/schema.org\",\"@graph\":[{\"@type\":\"Article\",\"@id\":\"https:\/\/sandzakpress.net\/arhiva\/tandir-neistina-da-su-pregovori-prekinuti\/#article\",\"isPartOf\":{\"@id\":\"https:\/\/sandzakpress.net\/arhiva\/tandir-neistina-da-su-pregovori-prekinuti\/\"},\"author\":{\"name\":\"\",\"@id\":\"\"},\"headline\":\"Tandir: Neistina da su pregovori prekinuti\",\"datePublished\":\"2011-11-02T14:12:00+00:00\",\"mainEntityOfPage\":{\"@id\":\"https:\/\/sandzakpress.net\/arhiva\/tandir-neistina-da-su-pregovori-prekinuti\/\"},\"wordCount\":176,\"commentCount\":3,\"publisher\":{\"@id\":\"https:\/\/sandzakpress.net\/arhiva\/#\/schema\/person\/6e72b67d6e51910a1117b3b483ba20bd\"},\"image\":{\"@id\":\"https:\/\/sandzakpress.net\/arhiva\/tandir-neistina-da-su-pregovori-prekinuti\/#primaryimage\"},\"thumbnailUrl\":\"https:\/\/sandzakpress.net\/arhiva\/wp-content\/uploads\/2011\/11\/samir_tandir.jpg\",\"articleSection\":[\"Novi Pazar\",\"Sjenica\",\"Tutin\",\"Prijepolje\",\"Priboj\",\"Islamska zajednica\",\"Nova Varo\u0161\",\"Turska\"],\"inLanguage\":\"bs-BA\",\"potentialAction\":[{\"@type\":\"CommentAction\",\"name\":\"Comment\",\"target\":[\"https:\/\/sandzakpress.net\/arhiva\/tandir-neistina-da-su-pregovori-prekinuti\/#respond\"]}]},{\"@type\":\"WebPage\",\"@id\":\"https:\/\/sandzakpress.net\/arhiva\/tandir-neistina-da-su-pregovori-prekinuti\/\",\"url\":\"https:\/\/sandzakpress.net\/arhiva\/tandir-neistina-da-su-pregovori-prekinuti\/\",\"name\":\"Tandir: Neistina da su pregovori prekinuti\",\"isPartOf\":{\"@id\":\"https:\/\/sandzakpress.net\/arhiva\/#website\"},\"primaryImageOfPage\":{\"@id\":\"https:\/\/sandzakpress.net\/arhiva\/tandir-neistina-da-su-pregovori-prekinuti\/#primaryimage\"},\"image\":{\"@id\":\"https:\/\/sandzakpress.net\/arhiva\/tandir-neistina-da-su-pregovori-prekinuti\/#primaryimage\"},\"thumbnailUrl\":\"https:\/\/sandzakpress.net\/arhiva\/wp-content\/uploads\/2011\/11\/samir_tandir.jpg\",\"datePublished\":\"2011-11-02T14:12:00+00:00\",\"breadcrumb\":{\"@id\":\"https:\/\/sandzakpress.net\/arhiva\/tandir-neistina-da-su-pregovori-prekinuti\/#breadcrumb\"},\"inLanguage\":\"bs-BA\",\"potentialAction\":[{\"@type\":\"ReadAction\",\"target\":[\"https:\/\/sandzakpress.net\/arhiva\/tandir-neistina-da-su-pregovori-prekinuti\/\"]}]},{\"@type\":\"ImageObject\",\"inLanguage\":\"bs-BA\",\"@id\":\"https:\/\/sandzakpress.net\/arhiva\/tandir-neistina-da-su-pregovori-prekinuti\/#primaryimage\",\"url\":\"https:\/\/sandzakpress.net\/arhiva\/wp-content\/uploads\/2011\/11\/samir_tandir.jpg\",\"contentUrl\":\"https:\/\/sandzakpress.net\/arhiva\/wp-content\/uploads\/2011\/11\/samir_tandir.jpg\",\"width\":300,\"height\":420},{\"@type\":\"BreadcrumbList\",\"@id\":\"https:\/\/sandzakpress.net\/arhiva\/tandir-neistina-da-su-pregovori-prekinuti\/#breadcrumb\",\"itemListElement\":[{\"@type\":\"ListItem\",\"position\":1,\"name\":\"Home\",\"item\":\"https:\/\/sandzakpress.net\/arhiva\/\"},{\"@type\":\"ListItem\",\"position\":2,\"name\":\"Tandir: Neistina da su pregovori prekinuti\"}]},{\"@type\":\"WebSite\",\"@id\":\"https:\/\/sandzakpress.net\/arhiva\/#website\",\"url\":\"https:\/\/sandzakpress.net\/arhiva\/\",\"name\":\"Sand\u017eak PRESS\",\"description\":\"Prve elektronske novine u Sand\u017eaku\",\"publisher\":{\"@id\":\"https:\/\/sandzakpress.net\/arhiva\/#\/schema\/person\/6e72b67d6e51910a1117b3b483ba20bd\"},\"potentialAction\":[{\"@type\":\"SearchAction\",\"target\":{\"@type\":\"EntryPoint\",\"urlTemplate\":\"https:\/\/sandzakpress.net\/arhiva\/?s={search_term_string}\"},\"query-input\":{\"@type\":\"PropertyValueSpecification\",\"valueRequired\":true,\"valueName\":\"search_term_string\"}}],\"inLanguage\":\"bs-BA\"},{\"@type\":[\"Person\",\"Organization\"],\"@id\":\"https:\/\/sandzakpress.net\/arhiva\/#\/schema\/person\/6e72b67d6e51910a1117b3b483ba20bd\",\"name\":\"Kul\",\"image\":{\"@type\":\"ImageObject\",\"inLanguage\":\"bs-BA\",\"@id\":\"https:\/\/sandzakpress.net\/arhiva\/#\/schema\/person\/image\/\",\"url\":\"https:\/\/secure.gravatar.com\/avatar\/42263f39aa27ac04c43cab85c280eb2e?s=96&d=mm&r=pg\",\"contentUrl\":\"https:\/\/secure.gravatar.com\/avatar\/42263f39aa27ac04c43cab85c280eb2e?s=96&d=mm&r=pg\",\"caption\":\"Kul\"},\"logo\":{\"@id\":\"https:\/\/sandzakpress.net\/arhiva\/#\/schema\/person\/image\/\"}},{\"@type\":\"Person\",\"@id\":\"\",\"url\":\"https:\/\/sandzakpress.net\/arhiva\/author\/\"}]}<\/script>\n<!-- \/ Yoast SEO Premium plugin. -->","yoast_head_json":{"title":"Tandir: Neistina da su pregovori prekinuti","robots":{"index":"index","follow":"follow","max-snippet":"max-snippet:-1","max-image-preview":"max-image-preview:large","max-video-preview":"max-video-preview:-1"},"canonical":"https:\/\/sandzakpress.net\/arhiva\/tandir-neistina-da-su-pregovori-prekinuti\/","og_locale":"bs_BA","og_type":"article","og_title":"Tandir: Neistina da su pregovori prekinuti","og_description":"Sjeverni Sand\u017eak &#8211; Predstavnik Islamske zajednice u Srbiji Samir Tandir ocijenio je danas da su tvrdnje o prekidu pregovora o pomirenju &#8220;dvije islamske zajednice&#8221; \u201cjo\u0161 jedna\u201d izmi\u0161ljotina u nizu. On je agenciji Beta rekao da pregovori traju i da je plasiranje informacija o prekidu pregovora plod \u201cne\u010dije nervoze\u201d. Kako je danas prenijo dnevni list &#8220;Blic&#8221;, [&hellip;]","og_url":"https:\/\/sandzakpress.net\/arhiva\/tandir-neistina-da-su-pregovori-prekinuti\/","og_site_name":"Sand\u017eak PRESS","article_published_time":"2011-11-02T14:12:00+00:00","og_image":[{"width":300,"height":420,"url":"https:\/\/sandzakpress.net\/arhiva\/wp-content\/uploads\/2011\/11\/samir_tandir.jpg","type":"image\/jpeg"}],"twitter_card":"summary_large_image","twitter_misc":{"Written by":"","Est. reading time":"1 minuta"},"schema":{"@context":"https:\/\/schema.org","@graph":[{"@type":"Article","@id":"https:\/\/sandzakpress.net\/arhiva\/tandir-neistina-da-su-pregovori-prekinuti\/#article","isPartOf":{"@id":"https:\/\/sandzakpress.net\/arhiva\/tandir-neistina-da-su-pregovori-prekinuti\/"},"author":{"name":"","@id":""},"headline":"Tandir: Neistina da su pregovori prekinuti","datePublished":"2011-11-02T14:12:00+00:00","mainEntityOfPage":{"@id":"https:\/\/sandzakpress.net\/arhiva\/tandir-neistina-da-su-pregovori-prekinuti\/"},"wordCount":176,"commentCount":3,"publisher":{"@id":"https:\/\/sandzakpress.net\/arhiva\/#\/schema\/person\/6e72b67d6e51910a1117b3b483ba20bd"},"image":{"@id":"https:\/\/sandzakpress.net\/arhiva\/tandir-neistina-da-su-pregovori-prekinuti\/#primaryimage"},"thumbnailUrl":"https:\/\/sandzakpress.net\/arhiva\/wp-content\/uploads\/2011\/11\/samir_tandir.jpg","articleSection":["Novi Pazar","Sjenica","Tutin","Prijepolje","Priboj","Islamska zajednica","Nova Varo\u0161","Turska"],"inLanguage":"bs-BA","potentialAction":[{"@type":"CommentAction","name":"Comment","target":["https:\/\/sandzakpress.net\/arhiva\/tandir-neistina-da-su-pregovori-prekinuti\/#respond"]}]},{"@type":"WebPage","@id":"https:\/\/sandzakpress.net\/arhiva\/tandir-neistina-da-su-pregovori-prekinuti\/","url":"https:\/\/sandzakpress.net\/arhiva\/tandir-neistina-da-su-pregovori-prekinuti\/","name":"Tandir: Neistina da su pregovori prekinuti","isPartOf":{"@id":"https:\/\/sandzakpress.net\/arhiva\/#website"},"primaryImageOfPage":{"@id":"https:\/\/sandzakpress.net\/arhiva\/tandir-neistina-da-su-pregovori-prekinuti\/#primaryimage"},"image":{"@id":"https:\/\/sandzakpress.net\/arhiva\/tandir-neistina-da-su-pregovori-prekinuti\/#primaryimage"},"thumbnailUrl":"https:\/\/sandzakpress.net\/arhiva\/wp-content\/uploads\/2011\/11\/samir_tandir.jpg","datePublished":"2011-11-02T14:12:00+00:00","breadcrumb":{"@id":"https:\/\/sandzakpress.net\/arhiva\/tandir-neistina-da-su-pregovori-prekinuti\/#breadcrumb"},"inLanguage":"bs-BA","potentialAction":[{"@type":"ReadAction","target":["https:\/\/sandzakpress.net\/arhiva\/tandir-neistina-da-su-pregovori-prekinuti\/"]}]},{"@type":"ImageObject","inLanguage":"bs-BA","@id":"https:\/\/sandzakpress.net\/arhiva\/tandir-neistina-da-su-pregovori-prekinuti\/#primaryimage","url":"https:\/\/sandzakpress.net\/arhiva\/wp-content\/uploads\/2011\/11\/samir_tandir.jpg","contentUrl":"https:\/\/sandzakpress.net\/arhiva\/wp-content\/uploads\/2011\/11\/samir_tandir.jpg","width":300,"height":420},{"@type":"BreadcrumbList","@id":"https:\/\/sandzakpress.net\/arhiva\/tandir-neistina-da-su-pregovori-prekinuti\/#breadcrumb","itemListElement":[{"@type":"ListItem","position":1,"name":"Home","item":"https:\/\/sandzakpress.net\/arhiva\/"},{"@type":"ListItem","position":2,"name":"Tandir: Neistina da su pregovori prekinuti"}]},{"@type":"WebSite","@id":"https:\/\/sandzakpress.net\/arhiva\/#website","url":"https:\/\/sandzakpress.net\/arhiva\/","name":"Sand\u017eak PRESS","description":"Prve elektronske novine u Sand\u017eaku","publisher":{"@id":"https:\/\/sandzakpress.net\/arhiva\/#\/schema\/person\/6e72b67d6e51910a1117b3b483ba20bd"},"potentialAction":[{"@type":"SearchAction","target":{"@type":"EntryPoint","urlTemplate":"https:\/\/sandzakpress.net\/arhiva\/?s={search_term_string}"},"query-input":{"@type":"PropertyValueSpecification","valueRequired":true,"valueName":"search_term_string"}}],"inLanguage":"bs-BA"},{"@type":["Person","Organization"],"@id":"https:\/\/sandzakpress.net\/arhiva\/#\/schema\/person\/6e72b67d6e51910a1117b3b483ba20bd","name":"Kul","image":{"@type":"ImageObject","inLanguage":"bs-BA","@id":"https:\/\/sandzakpress.net\/arhiva\/#\/schema\/person\/image\/","url":"https:\/\/secure.gravatar.com\/avatar\/42263f39aa27ac04c43cab85c280eb2e?s=96&d=mm&r=pg","contentUrl":"https:\/\/secure.gravatar.com\/avatar\/42263f39aa27ac04c43cab85c280eb2e?s=96&d=mm&r=pg","caption":"Kul"},"logo":{"@id":"https:\/\/sandzakpress.net\/arhiva\/#\/schema\/person\/image\/"}},{"@type":"Person","@id":"","url":"https:\/\/sandzakpress.net\/arhiva\/author\/"}]}},"_links":{"self":[{"href":"https:\/\/sandzakpress.net\/arhiva\/wp-json\/wp\/v2\/posts\/22887"}],"collection":[{"href":"https:\/\/sandzakpress.net\/arhiva\/wp-json\/wp\/v2\/posts"}],"about":[{"href":"https:\/\/sandzakpress.net\/arhiva\/wp-json\/wp\/v2\/types\/post"}],"author":[{"embeddable":true,"href":"https:\/\/sandzakpress.net\/arhiva\/wp-json\/wp\/v2\/users\/14"}],"replies":[{"embeddable":true,"href":"https:\/\/sandzakpress.net\/arhiva\/wp-json\/wp\/v2\/comments?post=22887"}],"version-history":[{"count":0,"href":"https:\/\/sandzakpress.net\/arhiva\/wp-json\/wp\/v2\/posts\/22887\/revisions"}],"wp:featuredmedia":[{"embeddable":true,"href":"https:\/\/sandzakpress.net\/arhiva\/wp-json\/wp\/v2\/media\/22891"}],"wp:attachment":[{"href":"https:\/\/sandzakpress.net\/arhiva\/wp-json\/wp\/v2\/media?parent=22887"}],"wp:term":[{"taxonomy":"category","embeddable":true,"href":"https:\/\/sandzakpress.net\/arhiva\/wp-json\/wp\/v2\/categories?post=22887"},{"taxonomy":"post_tag","embeddable":true,"href":"https:\/\/sandzakpress.net\/arhiva\/wp-json\/wp\/v2\/tags?post=22887"}],"curies":[{"name":"wp","href":"https:\/\/api.w.org\/{rel}","templated":true}]}}