{"id":228843,"date":"2019-09-30T22:41:11","date_gmt":"2019-09-30T20:41:11","guid":{"rendered":"https:\/\/sandzakpress.net\/arhiva\/muftija-dedovic-se-povukao-iz-izbora-za-reisu-l-ulemu"},"modified":"2019-09-30T22:41:11","modified_gmt":"2019-09-30T20:41:11","slug":"muftija-dedovic-se-povukao-iz-izbora-za-reisu-l-ulemu","status":"publish","type":"post","link":"https:\/\/sandzakpress.net\/arhiva\/muftija-dedovic-se-povukao-iz-izbora-za-reisu-l-ulemu\/","title":{"rendered":"Muftija Dedovi\u0107 se povukao iz izbora za reisu-l-ulemu"},"content":{"rendered":"<p><span class=\"cb-itemprop\"><\/p>\n<p><img loading=\"lazy\" decoding=\"async\" class=\"alignnone size-full wp-image-211075\" src=\"https:\/\/bosnapress.net\/wp-content\/uploads\/2019\/09\/djedovic.jpg\" alt=\"\" width=\"604\" height=\"345\" \/><\/p>\n<p>Kandidat za reisu-l-ulemu, mostarski muftija mr. Salem-ef. Dedovi\u0107, uputio je predsjedniku Komisije za provo\u0111enje izbora g. Safetu Softi\u0107u Obavijest o povla\u010denju iz izbornog procesa. Tekst prenosimo u cjelosti:<\/p>\n<p>Po\u0161tovani predsjedni\u010de,<\/p>\n<p>\u00a0<\/p>\n<p>Vezano za Va\u0161 dopis od 25. muharrema 1441. h.g., odnosno 24. septembra 2019. godine, a u vezi sa predstavljanjem programa kandidata za reisu-l-ulemu Izbornom tijelu u Izbornim okruzima, \u017eelim Vas obavijestiti da se povla\u010dim iz izbornog procesa.<\/p>\n<p>\u00a0<\/p>\n<p>Moji razlozi su principijelne prirode, isti oni koji su me motivirali da se uklju\u010dim u ovaj proces na samom njegovom po\u010detku.<\/p>\n<p>\u00a0<\/p>\n<p>Kao \u010dlan Islamske zajednice ali i kao njen funkcioner smatrao sam i smatram da prihvatanjem kandidature mogu doprinijeti kvaliteti samog izbornog procesa i skrenuti pa\u017enju na va\u017ene korake u daljem razvoju Islamske zajednice.<\/p>\n<p>\u00a0<\/p>\n<p>Moji osnovni razlozi za prihvatanje kandidature su bili:<\/p>\n<p>\u00a0<\/p>\n<p>dati dodatni doprinos o\u010duvanju, razvoju i ekonomskom ja\u010danju na\u0161e zajednice, njene samostalnosti i odvojenosti od dr\u017eave i teku\u0107ih politi\u010dkih procesa, a kako sam to iznio u svom programu pred \u010dlanicama i \u010dlanovima Sabora Islamske zajednice u Bosni i Hercegovini;<\/p>\n<p>zajedno sa \u010dlanovima i pripadnicima Islamske zajednice razvijati potrebu za\u0161tite i o\u010duvanja svih vrijednosti na\u0161e dr\u017eave koliko se to mo\u017ee o\u010dekivati od jedne vjerske zajednice; i<\/p>\n<p>brinu\u0107i o svim dijelovima zajednice, obratiti pa\u017enju na podru\u010dje Hercegovine, odnosno vrlo specifi\u010dnog Muftiluka mostarskog, koje je nerijetko zapostavljeno od \u0161ire dru\u0161tvene zajednice.<\/p>\n<p>\u00a0<\/p>\n<p>Prva dva razloga mogu na\u0107i ostvarenje u programu i dosada\u0161njem radu Reisu-l-uleme Husein ef. Kavazovi\u0107a, dok je tre\u0107i nagla\u0161eniji kod mene u odnosu na ostale kandidate. Uvjeren sam da \u0107emo zajedno na\u0107i na\u010dina da i on u budu\u0107em periodu bude ispunjen.<\/p>\n<p>\u00a0<\/p>\n<p>Za ostvarenje ovih ciljeva nu\u017eno je da se sve najva\u017enije odluke i procesi, pa tako i izbor reisu-l-uleme, moraju donositi i odvijati unutar Zajednice bez ikakvog mije\u0161anja vanjskih faktora.<\/p>\n<p>\u00a0<\/p>\n<p>Me\u0111utim, na samom po\u010detku, dignitet izbornog procesa je naru\u0161en \u010dinjenicom odustanka jednog od kandidata \u010dime je onemogu\u0107eno da Sabor kao najvi\u0161e predstavni\u010dko tijelo Islamske zajednice verificira trojicu najboljih kandidata.<\/p>\n<p>\u00a0<\/p>\n<p>Nakon ovoga, po\u010dele su se doga\u0111ati stvari koje su me u potpunosti opredijelile da donesem ovu odluku.<\/p>\n<p>\u00a0<\/p>\n<p>Primjetio sam da prezentacija programa kandidata za reisu-l-ulemu prerasta u predizbornu kampanju s primjesama politike, koja se vodi na dru\u0161tvenim mre\u017eama, pa \u010dak i u medijima susjedne dr\u017eave. Sve su o\u010ditiji poku\u0161aji uplitanja politike i politizacije \u010ditavog procesa koji prijeti da ugrozi autonomiju i samostalnost Islamske zajednice. Za mene kao muftiju, prvenstveni je cilj i interes sa\u010duvati stabilnost i kontinuitet razvoja institucije Islamske zajednice u Bosni i Hercegovini i njenu autonomiju.<\/p>\n<p>\u00a0<\/p>\n<p>Zbog toga sam odlu\u010dio da povla\u010denjem svoje kandidature otvorim prostor izbornom tijelu da daju\u0107i svoj glas za jednog od kandidata jasno defini\u0161u budu\u0107i pravac razvoja Islamske zajednice u Bosni i Hercegovini.<\/p>\n<p>\u00a0<\/p>\n<p>Ovim putem iskazujem zahvalnost svom mati\u010dnom Izbornom okrugu i ostalim okruzima koji su me predlo\u017eili za kandidata.<\/p>\n<p><\/span><br \/>\nPogledajte vijest na izvornom sajtu:<\/p>\n<p><a href=\"https:\/\/bosnapress.net\/muftija-dedovic-se-povukao-iz-izbora-za-reisu-l-ulemu\/\" target=\"_blank\">Muftija Dedovi\u0107 se povukao iz izbora za reisu-l-ulemu<\/a><\/p>\n","protected":false},"excerpt":{"rendered":"<p>Kandidat za reisu-l-ulemu, mostarski muftija mr. Salem-ef. Dedovi\u0107, uputio je predsjedniku Komisije za provo\u0111enje izbora g. Safetu Softi\u0107u Obavijest o povla\u010denju iz izbornog procesa. Tekst prenosimo u cjelosti: Po\u0161tovani predsjedni\u010de, \u00a0 Vezano za Va\u0161 dopis od 25. muharrema 1441. h.g., odnosno 24. septembra 2019. godine, a u vezi sa predstavljanjem programa kandidata za reisu-l-ulemu Izbornom [&hellip;]<\/p>\n","protected":false},"author":83,"featured_media":228844,"comment_status":"open","ping_status":"open","sticky":false,"template":"","format":"standard","meta":{"footnotes":""},"categories":[10513],"tags":[10466],"class_list":{"0":"post-228843","1":"post","2":"type-post","3":"status-publish","4":"format-standard","5":"has-post-thumbnail","7":"category-bosna-press","8":"tag-bosna-i-hercegovina"},"yoast_head":"<!-- This site is optimized with the Yoast SEO Premium plugin v23.1 (Yoast SEO v24.9) - https:\/\/yoast.com\/wordpress\/plugins\/seo\/ -->\n<title>Muftija Dedovi\u0107 se povukao iz izbora za reisu-l-ulemu<\/title>\n<meta name=\"robots\" content=\"index, follow, max-snippet:-1, max-image-preview:large, max-video-preview:-1\" \/>\n<link rel=\"canonical\" href=\"https:\/\/sandzakpress.net\/arhiva\/muftija-dedovic-se-povukao-iz-izbora-za-reisu-l-ulemu\/\" \/>\n<meta property=\"og:locale\" content=\"bs_BA\" \/>\n<meta property=\"og:type\" content=\"article\" \/>\n<meta property=\"og:title\" content=\"Muftija Dedovi\u0107 se povukao iz izbora za reisu-l-ulemu\" \/>\n<meta property=\"og:description\" content=\"Kandidat za reisu-l-ulemu, mostarski muftija mr. Salem-ef. Dedovi\u0107, uputio je predsjedniku Komisije za provo\u0111enje izbora g. Safetu Softi\u0107u Obavijest o povla\u010denju iz izbornog procesa. Tekst prenosimo u cjelosti: Po\u0161tovani predsjedni\u010de, \u00a0 Vezano za Va\u0161 dopis od 25. muharrema 1441. h.g., odnosno 24. septembra 2019. godine, a u vezi sa predstavljanjem programa kandidata za reisu-l-ulemu Izbornom [&hellip;]\" \/>\n<meta property=\"og:url\" content=\"https:\/\/sandzakpress.net\/arhiva\/muftija-dedovic-se-povukao-iz-izbora-za-reisu-l-ulemu\/\" \/>\n<meta property=\"og:site_name\" content=\"Sand\u017eak PRESS\" \/>\n<meta property=\"article:published_time\" content=\"2019-09-30T20:41:11+00:00\" \/>\n<meta property=\"og:image\" content=\"https:\/\/sandzakpress.net\/arhiva\/wp-content\/uploads\/2019\/09\/djedovic.jpg\" \/>\n\t<meta property=\"og:image:width\" content=\"604\" \/>\n\t<meta property=\"og:image:height\" content=\"345\" \/>\n\t<meta property=\"og:image:type\" content=\"image\/jpeg\" \/>\n<meta name=\"author\" content=\"bosniak\" \/>\n<meta name=\"twitter:card\" content=\"summary_large_image\" \/>\n<meta name=\"twitter:label1\" content=\"Written by\" \/>\n\t<meta name=\"twitter:data1\" content=\"bosniak\" \/>\n\t<meta name=\"twitter:label2\" content=\"Est. reading time\" \/>\n\t<meta name=\"twitter:data2\" content=\"3 minute\" \/>\n<script type=\"application\/ld+json\" class=\"yoast-schema-graph\">{\"@context\":\"https:\/\/schema.org\",\"@graph\":[{\"@type\":\"Article\",\"@id\":\"https:\/\/sandzakpress.net\/arhiva\/muftija-dedovic-se-povukao-iz-izbora-za-reisu-l-ulemu\/#article\",\"isPartOf\":{\"@id\":\"https:\/\/sandzakpress.net\/arhiva\/muftija-dedovic-se-povukao-iz-izbora-za-reisu-l-ulemu\/\"},\"author\":{\"name\":\"bosniak\",\"@id\":\"https:\/\/sandzakpress.net\/arhiva\/#\/schema\/person\/c8baee722073534b583ea7bdb2e36c02\"},\"headline\":\"Muftija Dedovi\u0107 se povukao iz izbora za reisu-l-ulemu\",\"datePublished\":\"2019-09-30T20:41:11+00:00\",\"mainEntityOfPage\":{\"@id\":\"https:\/\/sandzakpress.net\/arhiva\/muftija-dedovic-se-povukao-iz-izbora-za-reisu-l-ulemu\/\"},\"wordCount\":529,\"commentCount\":0,\"publisher\":{\"@id\":\"https:\/\/sandzakpress.net\/arhiva\/#\/schema\/person\/6e72b67d6e51910a1117b3b483ba20bd\"},\"image\":{\"@id\":\"https:\/\/sandzakpress.net\/arhiva\/muftija-dedovic-se-povukao-iz-izbora-za-reisu-l-ulemu\/#primaryimage\"},\"thumbnailUrl\":\"https:\/\/sandzakpress.net\/arhiva\/wp-content\/uploads\/2019\/09\/djedovic.jpg\",\"keywords\":[\"Bosna i Hercegovina\"],\"articleSection\":[\"Bosna PRESS\"],\"inLanguage\":\"bs-BA\",\"potentialAction\":[{\"@type\":\"CommentAction\",\"name\":\"Comment\",\"target\":[\"https:\/\/sandzakpress.net\/arhiva\/muftija-dedovic-se-povukao-iz-izbora-za-reisu-l-ulemu\/#respond\"]}]},{\"@type\":\"WebPage\",\"@id\":\"https:\/\/sandzakpress.net\/arhiva\/muftija-dedovic-se-povukao-iz-izbora-za-reisu-l-ulemu\/\",\"url\":\"https:\/\/sandzakpress.net\/arhiva\/muftija-dedovic-se-povukao-iz-izbora-za-reisu-l-ulemu\/\",\"name\":\"Muftija Dedovi\u0107 se povukao iz izbora za reisu-l-ulemu\",\"isPartOf\":{\"@id\":\"https:\/\/sandzakpress.net\/arhiva\/#website\"},\"primaryImageOfPage\":{\"@id\":\"https:\/\/sandzakpress.net\/arhiva\/muftija-dedovic-se-povukao-iz-izbora-za-reisu-l-ulemu\/#primaryimage\"},\"image\":{\"@id\":\"https:\/\/sandzakpress.net\/arhiva\/muftija-dedovic-se-povukao-iz-izbora-za-reisu-l-ulemu\/#primaryimage\"},\"thumbnailUrl\":\"https:\/\/sandzakpress.net\/arhiva\/wp-content\/uploads\/2019\/09\/djedovic.jpg\",\"datePublished\":\"2019-09-30T20:41:11+00:00\",\"breadcrumb\":{\"@id\":\"https:\/\/sandzakpress.net\/arhiva\/muftija-dedovic-se-povukao-iz-izbora-za-reisu-l-ulemu\/#breadcrumb\"},\"inLanguage\":\"bs-BA\",\"potentialAction\":[{\"@type\":\"ReadAction\",\"target\":[\"https:\/\/sandzakpress.net\/arhiva\/muftija-dedovic-se-povukao-iz-izbora-za-reisu-l-ulemu\/\"]}]},{\"@type\":\"ImageObject\",\"inLanguage\":\"bs-BA\",\"@id\":\"https:\/\/sandzakpress.net\/arhiva\/muftija-dedovic-se-povukao-iz-izbora-za-reisu-l-ulemu\/#primaryimage\",\"url\":\"https:\/\/sandzakpress.net\/arhiva\/wp-content\/uploads\/2019\/09\/djedovic.jpg\",\"contentUrl\":\"https:\/\/sandzakpress.net\/arhiva\/wp-content\/uploads\/2019\/09\/djedovic.jpg\",\"width\":604,\"height\":345},{\"@type\":\"BreadcrumbList\",\"@id\":\"https:\/\/sandzakpress.net\/arhiva\/muftija-dedovic-se-povukao-iz-izbora-za-reisu-l-ulemu\/#breadcrumb\",\"itemListElement\":[{\"@type\":\"ListItem\",\"position\":1,\"name\":\"Home\",\"item\":\"https:\/\/sandzakpress.net\/arhiva\/\"},{\"@type\":\"ListItem\",\"position\":2,\"name\":\"Muftija Dedovi\u0107 se povukao iz izbora za reisu-l-ulemu\"}]},{\"@type\":\"WebSite\",\"@id\":\"https:\/\/sandzakpress.net\/arhiva\/#website\",\"url\":\"https:\/\/sandzakpress.net\/arhiva\/\",\"name\":\"Sand\u017eak PRESS\",\"description\":\"Prve elektronske novine u Sand\u017eaku\",\"publisher\":{\"@id\":\"https:\/\/sandzakpress.net\/arhiva\/#\/schema\/person\/6e72b67d6e51910a1117b3b483ba20bd\"},\"potentialAction\":[{\"@type\":\"SearchAction\",\"target\":{\"@type\":\"EntryPoint\",\"urlTemplate\":\"https:\/\/sandzakpress.net\/arhiva\/?s={search_term_string}\"},\"query-input\":{\"@type\":\"PropertyValueSpecification\",\"valueRequired\":true,\"valueName\":\"search_term_string\"}}],\"inLanguage\":\"bs-BA\"},{\"@type\":[\"Person\",\"Organization\"],\"@id\":\"https:\/\/sandzakpress.net\/arhiva\/#\/schema\/person\/6e72b67d6e51910a1117b3b483ba20bd\",\"name\":\"Kul\",\"image\":{\"@type\":\"ImageObject\",\"inLanguage\":\"bs-BA\",\"@id\":\"https:\/\/sandzakpress.net\/arhiva\/#\/schema\/person\/image\/\",\"url\":\"https:\/\/secure.gravatar.com\/avatar\/42263f39aa27ac04c43cab85c280eb2e?s=96&d=mm&r=pg\",\"contentUrl\":\"https:\/\/secure.gravatar.com\/avatar\/42263f39aa27ac04c43cab85c280eb2e?s=96&d=mm&r=pg\",\"caption\":\"Kul\"},\"logo\":{\"@id\":\"https:\/\/sandzakpress.net\/arhiva\/#\/schema\/person\/image\/\"}},{\"@type\":\"Person\",\"@id\":\"https:\/\/sandzakpress.net\/arhiva\/#\/schema\/person\/c8baee722073534b583ea7bdb2e36c02\",\"name\":\"bosniak\",\"image\":{\"@type\":\"ImageObject\",\"inLanguage\":\"bs-BA\",\"@id\":\"https:\/\/sandzakpress.net\/arhiva\/#\/schema\/person\/image\/\",\"url\":\"https:\/\/secure.gravatar.com\/avatar\/a04fd330bfe3a36a72a0ad4a6d89fca7?s=96&d=mm&r=pg\",\"contentUrl\":\"https:\/\/secure.gravatar.com\/avatar\/a04fd330bfe3a36a72a0ad4a6d89fca7?s=96&d=mm&r=pg\",\"caption\":\"bosniak\"},\"url\":\"https:\/\/sandzakpress.net\/arhiva\/author\/bosniak\/\"}]}<\/script>\n<!-- \/ Yoast SEO Premium plugin. -->","yoast_head_json":{"title":"Muftija Dedovi\u0107 se povukao iz izbora za reisu-l-ulemu","robots":{"index":"index","follow":"follow","max-snippet":"max-snippet:-1","max-image-preview":"max-image-preview:large","max-video-preview":"max-video-preview:-1"},"canonical":"https:\/\/sandzakpress.net\/arhiva\/muftija-dedovic-se-povukao-iz-izbora-za-reisu-l-ulemu\/","og_locale":"bs_BA","og_type":"article","og_title":"Muftija Dedovi\u0107 se povukao iz izbora za reisu-l-ulemu","og_description":"Kandidat za reisu-l-ulemu, mostarski muftija mr. Salem-ef. Dedovi\u0107, uputio je predsjedniku Komisije za provo\u0111enje izbora g. Safetu Softi\u0107u Obavijest o povla\u010denju iz izbornog procesa. Tekst prenosimo u cjelosti: Po\u0161tovani predsjedni\u010de, \u00a0 Vezano za Va\u0161 dopis od 25. muharrema 1441. h.g., odnosno 24. septembra 2019. godine, a u vezi sa predstavljanjem programa kandidata za reisu-l-ulemu Izbornom [&hellip;]","og_url":"https:\/\/sandzakpress.net\/arhiva\/muftija-dedovic-se-povukao-iz-izbora-za-reisu-l-ulemu\/","og_site_name":"Sand\u017eak PRESS","article_published_time":"2019-09-30T20:41:11+00:00","og_image":[{"width":604,"height":345,"url":"https:\/\/sandzakpress.net\/arhiva\/wp-content\/uploads\/2019\/09\/djedovic.jpg","type":"image\/jpeg"}],"author":"bosniak","twitter_card":"summary_large_image","twitter_misc":{"Written by":"bosniak","Est. reading time":"3 minute"},"schema":{"@context":"https:\/\/schema.org","@graph":[{"@type":"Article","@id":"https:\/\/sandzakpress.net\/arhiva\/muftija-dedovic-se-povukao-iz-izbora-za-reisu-l-ulemu\/#article","isPartOf":{"@id":"https:\/\/sandzakpress.net\/arhiva\/muftija-dedovic-se-povukao-iz-izbora-za-reisu-l-ulemu\/"},"author":{"name":"bosniak","@id":"https:\/\/sandzakpress.net\/arhiva\/#\/schema\/person\/c8baee722073534b583ea7bdb2e36c02"},"headline":"Muftija Dedovi\u0107 se povukao iz izbora za reisu-l-ulemu","datePublished":"2019-09-30T20:41:11+00:00","mainEntityOfPage":{"@id":"https:\/\/sandzakpress.net\/arhiva\/muftija-dedovic-se-povukao-iz-izbora-za-reisu-l-ulemu\/"},"wordCount":529,"commentCount":0,"publisher":{"@id":"https:\/\/sandzakpress.net\/arhiva\/#\/schema\/person\/6e72b67d6e51910a1117b3b483ba20bd"},"image":{"@id":"https:\/\/sandzakpress.net\/arhiva\/muftija-dedovic-se-povukao-iz-izbora-za-reisu-l-ulemu\/#primaryimage"},"thumbnailUrl":"https:\/\/sandzakpress.net\/arhiva\/wp-content\/uploads\/2019\/09\/djedovic.jpg","keywords":["Bosna i Hercegovina"],"articleSection":["Bosna PRESS"],"inLanguage":"bs-BA","potentialAction":[{"@type":"CommentAction","name":"Comment","target":["https:\/\/sandzakpress.net\/arhiva\/muftija-dedovic-se-povukao-iz-izbora-za-reisu-l-ulemu\/#respond"]}]},{"@type":"WebPage","@id":"https:\/\/sandzakpress.net\/arhiva\/muftija-dedovic-se-povukao-iz-izbora-za-reisu-l-ulemu\/","url":"https:\/\/sandzakpress.net\/arhiva\/muftija-dedovic-se-povukao-iz-izbora-za-reisu-l-ulemu\/","name":"Muftija Dedovi\u0107 se povukao iz izbora za reisu-l-ulemu","isPartOf":{"@id":"https:\/\/sandzakpress.net\/arhiva\/#website"},"primaryImageOfPage":{"@id":"https:\/\/sandzakpress.net\/arhiva\/muftija-dedovic-se-povukao-iz-izbora-za-reisu-l-ulemu\/#primaryimage"},"image":{"@id":"https:\/\/sandzakpress.net\/arhiva\/muftija-dedovic-se-povukao-iz-izbora-za-reisu-l-ulemu\/#primaryimage"},"thumbnailUrl":"https:\/\/sandzakpress.net\/arhiva\/wp-content\/uploads\/2019\/09\/djedovic.jpg","datePublished":"2019-09-30T20:41:11+00:00","breadcrumb":{"@id":"https:\/\/sandzakpress.net\/arhiva\/muftija-dedovic-se-povukao-iz-izbora-za-reisu-l-ulemu\/#breadcrumb"},"inLanguage":"bs-BA","potentialAction":[{"@type":"ReadAction","target":["https:\/\/sandzakpress.net\/arhiva\/muftija-dedovic-se-povukao-iz-izbora-za-reisu-l-ulemu\/"]}]},{"@type":"ImageObject","inLanguage":"bs-BA","@id":"https:\/\/sandzakpress.net\/arhiva\/muftija-dedovic-se-povukao-iz-izbora-za-reisu-l-ulemu\/#primaryimage","url":"https:\/\/sandzakpress.net\/arhiva\/wp-content\/uploads\/2019\/09\/djedovic.jpg","contentUrl":"https:\/\/sandzakpress.net\/arhiva\/wp-content\/uploads\/2019\/09\/djedovic.jpg","width":604,"height":345},{"@type":"BreadcrumbList","@id":"https:\/\/sandzakpress.net\/arhiva\/muftija-dedovic-se-povukao-iz-izbora-za-reisu-l-ulemu\/#breadcrumb","itemListElement":[{"@type":"ListItem","position":1,"name":"Home","item":"https:\/\/sandzakpress.net\/arhiva\/"},{"@type":"ListItem","position":2,"name":"Muftija Dedovi\u0107 se povukao iz izbora za reisu-l-ulemu"}]},{"@type":"WebSite","@id":"https:\/\/sandzakpress.net\/arhiva\/#website","url":"https:\/\/sandzakpress.net\/arhiva\/","name":"Sand\u017eak PRESS","description":"Prve elektronske novine u Sand\u017eaku","publisher":{"@id":"https:\/\/sandzakpress.net\/arhiva\/#\/schema\/person\/6e72b67d6e51910a1117b3b483ba20bd"},"potentialAction":[{"@type":"SearchAction","target":{"@type":"EntryPoint","urlTemplate":"https:\/\/sandzakpress.net\/arhiva\/?s={search_term_string}"},"query-input":{"@type":"PropertyValueSpecification","valueRequired":true,"valueName":"search_term_string"}}],"inLanguage":"bs-BA"},{"@type":["Person","Organization"],"@id":"https:\/\/sandzakpress.net\/arhiva\/#\/schema\/person\/6e72b67d6e51910a1117b3b483ba20bd","name":"Kul","image":{"@type":"ImageObject","inLanguage":"bs-BA","@id":"https:\/\/sandzakpress.net\/arhiva\/#\/schema\/person\/image\/","url":"https:\/\/secure.gravatar.com\/avatar\/42263f39aa27ac04c43cab85c280eb2e?s=96&d=mm&r=pg","contentUrl":"https:\/\/secure.gravatar.com\/avatar\/42263f39aa27ac04c43cab85c280eb2e?s=96&d=mm&r=pg","caption":"Kul"},"logo":{"@id":"https:\/\/sandzakpress.net\/arhiva\/#\/schema\/person\/image\/"}},{"@type":"Person","@id":"https:\/\/sandzakpress.net\/arhiva\/#\/schema\/person\/c8baee722073534b583ea7bdb2e36c02","name":"bosniak","image":{"@type":"ImageObject","inLanguage":"bs-BA","@id":"https:\/\/sandzakpress.net\/arhiva\/#\/schema\/person\/image\/","url":"https:\/\/secure.gravatar.com\/avatar\/a04fd330bfe3a36a72a0ad4a6d89fca7?s=96&d=mm&r=pg","contentUrl":"https:\/\/secure.gravatar.com\/avatar\/a04fd330bfe3a36a72a0ad4a6d89fca7?s=96&d=mm&r=pg","caption":"bosniak"},"url":"https:\/\/sandzakpress.net\/arhiva\/author\/bosniak\/"}]}},"_links":{"self":[{"href":"https:\/\/sandzakpress.net\/arhiva\/wp-json\/wp\/v2\/posts\/228843"}],"collection":[{"href":"https:\/\/sandzakpress.net\/arhiva\/wp-json\/wp\/v2\/posts"}],"about":[{"href":"https:\/\/sandzakpress.net\/arhiva\/wp-json\/wp\/v2\/types\/post"}],"author":[{"embeddable":true,"href":"https:\/\/sandzakpress.net\/arhiva\/wp-json\/wp\/v2\/users\/83"}],"replies":[{"embeddable":true,"href":"https:\/\/sandzakpress.net\/arhiva\/wp-json\/wp\/v2\/comments?post=228843"}],"version-history":[{"count":0,"href":"https:\/\/sandzakpress.net\/arhiva\/wp-json\/wp\/v2\/posts\/228843\/revisions"}],"wp:featuredmedia":[{"embeddable":true,"href":"https:\/\/sandzakpress.net\/arhiva\/wp-json\/wp\/v2\/media\/228844"}],"wp:attachment":[{"href":"https:\/\/sandzakpress.net\/arhiva\/wp-json\/wp\/v2\/media?parent=228843"}],"wp:term":[{"taxonomy":"category","embeddable":true,"href":"https:\/\/sandzakpress.net\/arhiva\/wp-json\/wp\/v2\/categories?post=228843"},{"taxonomy":"post_tag","embeddable":true,"href":"https:\/\/sandzakpress.net\/arhiva\/wp-json\/wp\/v2\/tags?post=228843"}],"curies":[{"name":"wp","href":"https:\/\/api.w.org\/{rel}","templated":true}]}}