{"id":228801,"date":"2019-09-30T13:50:37","date_gmt":"2019-09-30T11:50:37","guid":{"rendered":"https:\/\/sandzakpress.net\/arhiva\/?p=228801"},"modified":"2019-09-30T13:50:37","modified_gmt":"2019-09-30T11:50:37","slug":"prijepoljac-pijan-izazvao-udes-pa-povrijedjen-pobegao-iz-bolnice","status":"publish","type":"post","link":"https:\/\/sandzakpress.net\/arhiva\/prijepoljac-pijan-izazvao-udes-pa-povrijedjen-pobegao-iz-bolnice\/","title":{"rendered":"Prijepoljac pijan izazvao udes, pa povrije\u0111en pobegao iz bolnice"},"content":{"rendered":"<p><img decoding=\"async\" src=\"https:\/\/ppmedia.rs\/wp-content\/uploads\/2019\/09\/pijan-udes.jpg\" \/><\/p>\n<p><strong>Prijepolje\/Beograd \u2013 U Sur\u010dinskoj ulici u beogradskom naselju Ledine u subotu oko 10 \u010dasova do\u0161lo je do saobra\u0107ajne nesre\u0107e kada je Sead R. (30) iz Prijepolja u \u201cpe\u017eou 307\u201d preticao kamion \u201ctami\u0107\u201d i prednjom levom stranom udario u prednju levu stranu \u201c\u0161evroleta\u201d kojim je upravljao Sava B (66).<\/strong><\/p>\n<p>\u010cetiri osobe, uklju\u010duju\u0107i i Seada R. povre\u0111ene su u udesu i prevezene su u bolnicu.<\/p>\n<p>Mu\u0161karac osumnji\u010den za izazivanje udesa pobegao je iz bolnice, ali je ubrzo lociran i uhap\u0161en.<\/p>\n<p>Utvr\u0111eno je da je skoro tri sata nakon nesre\u0107e imao 1.46 promila alkohola u organizmu.\u00a0<\/p>\n<p>Slu\u010daj je preuzelo te\u0107e Op\u0161tinsko javno tu\u017eila\u0161tvo.<\/p>\n","protected":false},"excerpt":{"rendered":"<p>Prijepolje\/Beograd \u2013 U Sur\u010dinskoj ulici u beogradskom naselju Ledine u subotu oko 10 \u010dasova do\u0161lo je do saobra\u0107ajne nesre\u0107e kada je Sead R. (30) iz Prijepolja u \u201cpe\u017eou 307\u201d preticao kamion \u201ctami\u0107\u201d i prednjom levom stranom udario u prednju levu stranu \u201c\u0161evroleta\u201d kojim je upravljao Sava B (66). \u010cetiri osobe, uklju\u010duju\u0107i i Seada R. povre\u0111ene [&hellip;]<\/p>\n","protected":false},"author":509,"featured_media":228802,"comment_status":"open","ping_status":"open","sticky":false,"template":"","format":"standard","meta":{"footnotes":""},"categories":[72,801,10429],"tags":[],"class_list":{"0":"post-228801","1":"post","2":"type-post","3":"status-publish","4":"format-standard","5":"has-post-thumbnail","7":"category-novi-pazar","8":"category-crna_hronika","9":"category-vazno"},"yoast_head":"<!-- This site is optimized with the Yoast SEO Premium plugin v23.1 (Yoast SEO v24.9) - https:\/\/yoast.com\/wordpress\/plugins\/seo\/ -->\n<title>Prijepoljac pijan izazvao udes, pa povrije\u0111en pobegao iz bolnice<\/title>\n<meta name=\"robots\" content=\"index, follow, max-snippet:-1, max-image-preview:large, max-video-preview:-1\" \/>\n<link rel=\"canonical\" href=\"https:\/\/sandzakpress.net\/arhiva\/prijepoljac-pijan-izazvao-udes-pa-povrijedjen-pobegao-iz-bolnice\/\" \/>\n<meta property=\"og:locale\" content=\"bs_BA\" \/>\n<meta property=\"og:type\" content=\"article\" \/>\n<meta property=\"og:title\" content=\"Prijepoljac pijan izazvao udes, pa povrije\u0111en pobegao iz bolnice\" \/>\n<meta property=\"og:description\" content=\"Prijepolje\/Beograd \u2013 U Sur\u010dinskoj ulici u beogradskom naselju Ledine u subotu oko 10 \u010dasova do\u0161lo je do saobra\u0107ajne nesre\u0107e kada je Sead R. (30) iz Prijepolja u \u201cpe\u017eou 307\u201d preticao kamion \u201ctami\u0107\u201d i prednjom levom stranom udario u prednju levu stranu \u201c\u0161evroleta\u201d kojim je upravljao Sava B (66). \u010cetiri osobe, uklju\u010duju\u0107i i Seada R. povre\u0111ene [&hellip;]\" \/>\n<meta property=\"og:url\" content=\"https:\/\/sandzakpress.net\/arhiva\/prijepoljac-pijan-izazvao-udes-pa-povrijedjen-pobegao-iz-bolnice\/\" \/>\n<meta property=\"og:site_name\" content=\"Sand\u017eak PRESS\" \/>\n<meta property=\"article:published_time\" content=\"2019-09-30T11:50:37+00:00\" \/>\n<meta property=\"og:image\" content=\"https:\/\/sandzakpress.net\/arhiva\/wp-content\/uploads\/2019\/09\/pijan-udes.jpg\" \/>\n\t<meta property=\"og:image:width\" content=\"600\" \/>\n\t<meta property=\"og:image:height\" content=\"315\" \/>\n\t<meta property=\"og:image:type\" content=\"image\/jpeg\" \/>\n<meta name=\"author\" content=\"Agencija\" \/>\n<meta name=\"twitter:card\" content=\"summary_large_image\" \/>\n<meta name=\"twitter:label1\" content=\"Written by\" \/>\n\t<meta name=\"twitter:data1\" content=\"Agencija\" \/>\n\t<meta name=\"twitter:label2\" content=\"Est. reading time\" \/>\n\t<meta name=\"twitter:data2\" content=\"1 minuta\" \/>\n<script type=\"application\/ld+json\" class=\"yoast-schema-graph\">{\"@context\":\"https:\/\/schema.org\",\"@graph\":[{\"@type\":\"Article\",\"@id\":\"https:\/\/sandzakpress.net\/arhiva\/prijepoljac-pijan-izazvao-udes-pa-povrijedjen-pobegao-iz-bolnice\/#article\",\"isPartOf\":{\"@id\":\"https:\/\/sandzakpress.net\/arhiva\/prijepoljac-pijan-izazvao-udes-pa-povrijedjen-pobegao-iz-bolnice\/\"},\"author\":{\"name\":\"Agencija\",\"@id\":\"https:\/\/sandzakpress.net\/arhiva\/#\/schema\/person\/cb59d7e3ab91ab90dd680ad0305a6185\"},\"headline\":\"Prijepoljac pijan izazvao udes, pa povrije\u0111en pobegao iz bolnice\",\"datePublished\":\"2019-09-30T11:50:37+00:00\",\"mainEntityOfPage\":{\"@id\":\"https:\/\/sandzakpress.net\/arhiva\/prijepoljac-pijan-izazvao-udes-pa-povrijedjen-pobegao-iz-bolnice\/\"},\"wordCount\":123,\"commentCount\":0,\"publisher\":{\"@id\":\"https:\/\/sandzakpress.net\/arhiva\/#\/schema\/person\/6e72b67d6e51910a1117b3b483ba20bd\"},\"image\":{\"@id\":\"https:\/\/sandzakpress.net\/arhiva\/prijepoljac-pijan-izazvao-udes-pa-povrijedjen-pobegao-iz-bolnice\/#primaryimage\"},\"thumbnailUrl\":\"https:\/\/sandzakpress.net\/arhiva\/wp-content\/uploads\/2019\/09\/pijan-udes.jpg\",\"articleSection\":[\"Novi Pazar\",\"Hronika\",\"VA\u017dNO!\"],\"inLanguage\":\"bs-BA\",\"potentialAction\":[{\"@type\":\"CommentAction\",\"name\":\"Comment\",\"target\":[\"https:\/\/sandzakpress.net\/arhiva\/prijepoljac-pijan-izazvao-udes-pa-povrijedjen-pobegao-iz-bolnice\/#respond\"]}]},{\"@type\":\"WebPage\",\"@id\":\"https:\/\/sandzakpress.net\/arhiva\/prijepoljac-pijan-izazvao-udes-pa-povrijedjen-pobegao-iz-bolnice\/\",\"url\":\"https:\/\/sandzakpress.net\/arhiva\/prijepoljac-pijan-izazvao-udes-pa-povrijedjen-pobegao-iz-bolnice\/\",\"name\":\"Prijepoljac pijan izazvao udes, pa povrije\u0111en pobegao iz bolnice\",\"isPartOf\":{\"@id\":\"https:\/\/sandzakpress.net\/arhiva\/#website\"},\"primaryImageOfPage\":{\"@id\":\"https:\/\/sandzakpress.net\/arhiva\/prijepoljac-pijan-izazvao-udes-pa-povrijedjen-pobegao-iz-bolnice\/#primaryimage\"},\"image\":{\"@id\":\"https:\/\/sandzakpress.net\/arhiva\/prijepoljac-pijan-izazvao-udes-pa-povrijedjen-pobegao-iz-bolnice\/#primaryimage\"},\"thumbnailUrl\":\"https:\/\/sandzakpress.net\/arhiva\/wp-content\/uploads\/2019\/09\/pijan-udes.jpg\",\"datePublished\":\"2019-09-30T11:50:37+00:00\",\"breadcrumb\":{\"@id\":\"https:\/\/sandzakpress.net\/arhiva\/prijepoljac-pijan-izazvao-udes-pa-povrijedjen-pobegao-iz-bolnice\/#breadcrumb\"},\"inLanguage\":\"bs-BA\",\"potentialAction\":[{\"@type\":\"ReadAction\",\"target\":[\"https:\/\/sandzakpress.net\/arhiva\/prijepoljac-pijan-izazvao-udes-pa-povrijedjen-pobegao-iz-bolnice\/\"]}]},{\"@type\":\"ImageObject\",\"inLanguage\":\"bs-BA\",\"@id\":\"https:\/\/sandzakpress.net\/arhiva\/prijepoljac-pijan-izazvao-udes-pa-povrijedjen-pobegao-iz-bolnice\/#primaryimage\",\"url\":\"https:\/\/sandzakpress.net\/arhiva\/wp-content\/uploads\/2019\/09\/pijan-udes.jpg\",\"contentUrl\":\"https:\/\/sandzakpress.net\/arhiva\/wp-content\/uploads\/2019\/09\/pijan-udes.jpg\",\"width\":600,\"height\":315},{\"@type\":\"BreadcrumbList\",\"@id\":\"https:\/\/sandzakpress.net\/arhiva\/prijepoljac-pijan-izazvao-udes-pa-povrijedjen-pobegao-iz-bolnice\/#breadcrumb\",\"itemListElement\":[{\"@type\":\"ListItem\",\"position\":1,\"name\":\"Home\",\"item\":\"https:\/\/sandzakpress.net\/arhiva\/\"},{\"@type\":\"ListItem\",\"position\":2,\"name\":\"Prijepoljac pijan izazvao udes, pa povrije\u0111en pobegao iz bolnice\"}]},{\"@type\":\"WebSite\",\"@id\":\"https:\/\/sandzakpress.net\/arhiva\/#website\",\"url\":\"https:\/\/sandzakpress.net\/arhiva\/\",\"name\":\"Sand\u017eak PRESS\",\"description\":\"Prve elektronske novine u Sand\u017eaku\",\"publisher\":{\"@id\":\"https:\/\/sandzakpress.net\/arhiva\/#\/schema\/person\/6e72b67d6e51910a1117b3b483ba20bd\"},\"potentialAction\":[{\"@type\":\"SearchAction\",\"target\":{\"@type\":\"EntryPoint\",\"urlTemplate\":\"https:\/\/sandzakpress.net\/arhiva\/?s={search_term_string}\"},\"query-input\":{\"@type\":\"PropertyValueSpecification\",\"valueRequired\":true,\"valueName\":\"search_term_string\"}}],\"inLanguage\":\"bs-BA\"},{\"@type\":[\"Person\",\"Organization\"],\"@id\":\"https:\/\/sandzakpress.net\/arhiva\/#\/schema\/person\/6e72b67d6e51910a1117b3b483ba20bd\",\"name\":\"Kul\",\"image\":{\"@type\":\"ImageObject\",\"inLanguage\":\"bs-BA\",\"@id\":\"https:\/\/sandzakpress.net\/arhiva\/#\/schema\/person\/image\/\",\"url\":\"https:\/\/secure.gravatar.com\/avatar\/42263f39aa27ac04c43cab85c280eb2e?s=96&d=mm&r=pg\",\"contentUrl\":\"https:\/\/secure.gravatar.com\/avatar\/42263f39aa27ac04c43cab85c280eb2e?s=96&d=mm&r=pg\",\"caption\":\"Kul\"},\"logo\":{\"@id\":\"https:\/\/sandzakpress.net\/arhiva\/#\/schema\/person\/image\/\"}},{\"@type\":\"Person\",\"@id\":\"https:\/\/sandzakpress.net\/arhiva\/#\/schema\/person\/cb59d7e3ab91ab90dd680ad0305a6185\",\"name\":\"Agencija\",\"image\":{\"@type\":\"ImageObject\",\"inLanguage\":\"bs-BA\",\"@id\":\"https:\/\/sandzakpress.net\/arhiva\/#\/schema\/person\/image\/\",\"url\":\"https:\/\/secure.gravatar.com\/avatar\/4b7fafa80a22f0c2afe23966b3961fe0?s=96&d=mm&r=pg\",\"contentUrl\":\"https:\/\/secure.gravatar.com\/avatar\/4b7fafa80a22f0c2afe23966b3961fe0?s=96&d=mm&r=pg\",\"caption\":\"Agencija\"},\"url\":\"https:\/\/sandzakpress.net\/arhiva\/author\/agencija\/\"}]}<\/script>\n<!-- \/ Yoast SEO Premium plugin. -->","yoast_head_json":{"title":"Prijepoljac pijan izazvao udes, pa povrije\u0111en pobegao iz bolnice","robots":{"index":"index","follow":"follow","max-snippet":"max-snippet:-1","max-image-preview":"max-image-preview:large","max-video-preview":"max-video-preview:-1"},"canonical":"https:\/\/sandzakpress.net\/arhiva\/prijepoljac-pijan-izazvao-udes-pa-povrijedjen-pobegao-iz-bolnice\/","og_locale":"bs_BA","og_type":"article","og_title":"Prijepoljac pijan izazvao udes, pa povrije\u0111en pobegao iz bolnice","og_description":"Prijepolje\/Beograd \u2013 U Sur\u010dinskoj ulici u beogradskom naselju Ledine u subotu oko 10 \u010dasova do\u0161lo je do saobra\u0107ajne nesre\u0107e kada je Sead R. (30) iz Prijepolja u \u201cpe\u017eou 307\u201d preticao kamion \u201ctami\u0107\u201d i prednjom levom stranom udario u prednju levu stranu \u201c\u0161evroleta\u201d kojim je upravljao Sava B (66). \u010cetiri osobe, uklju\u010duju\u0107i i Seada R. povre\u0111ene [&hellip;]","og_url":"https:\/\/sandzakpress.net\/arhiva\/prijepoljac-pijan-izazvao-udes-pa-povrijedjen-pobegao-iz-bolnice\/","og_site_name":"Sand\u017eak PRESS","article_published_time":"2019-09-30T11:50:37+00:00","og_image":[{"width":600,"height":315,"url":"https:\/\/sandzakpress.net\/arhiva\/wp-content\/uploads\/2019\/09\/pijan-udes.jpg","type":"image\/jpeg"}],"author":"Agencija","twitter_card":"summary_large_image","twitter_misc":{"Written by":"Agencija","Est. reading time":"1 minuta"},"schema":{"@context":"https:\/\/schema.org","@graph":[{"@type":"Article","@id":"https:\/\/sandzakpress.net\/arhiva\/prijepoljac-pijan-izazvao-udes-pa-povrijedjen-pobegao-iz-bolnice\/#article","isPartOf":{"@id":"https:\/\/sandzakpress.net\/arhiva\/prijepoljac-pijan-izazvao-udes-pa-povrijedjen-pobegao-iz-bolnice\/"},"author":{"name":"Agencija","@id":"https:\/\/sandzakpress.net\/arhiva\/#\/schema\/person\/cb59d7e3ab91ab90dd680ad0305a6185"},"headline":"Prijepoljac pijan izazvao udes, pa povrije\u0111en pobegao iz bolnice","datePublished":"2019-09-30T11:50:37+00:00","mainEntityOfPage":{"@id":"https:\/\/sandzakpress.net\/arhiva\/prijepoljac-pijan-izazvao-udes-pa-povrijedjen-pobegao-iz-bolnice\/"},"wordCount":123,"commentCount":0,"publisher":{"@id":"https:\/\/sandzakpress.net\/arhiva\/#\/schema\/person\/6e72b67d6e51910a1117b3b483ba20bd"},"image":{"@id":"https:\/\/sandzakpress.net\/arhiva\/prijepoljac-pijan-izazvao-udes-pa-povrijedjen-pobegao-iz-bolnice\/#primaryimage"},"thumbnailUrl":"https:\/\/sandzakpress.net\/arhiva\/wp-content\/uploads\/2019\/09\/pijan-udes.jpg","articleSection":["Novi Pazar","Hronika","VA\u017dNO!"],"inLanguage":"bs-BA","potentialAction":[{"@type":"CommentAction","name":"Comment","target":["https:\/\/sandzakpress.net\/arhiva\/prijepoljac-pijan-izazvao-udes-pa-povrijedjen-pobegao-iz-bolnice\/#respond"]}]},{"@type":"WebPage","@id":"https:\/\/sandzakpress.net\/arhiva\/prijepoljac-pijan-izazvao-udes-pa-povrijedjen-pobegao-iz-bolnice\/","url":"https:\/\/sandzakpress.net\/arhiva\/prijepoljac-pijan-izazvao-udes-pa-povrijedjen-pobegao-iz-bolnice\/","name":"Prijepoljac pijan izazvao udes, pa povrije\u0111en pobegao iz bolnice","isPartOf":{"@id":"https:\/\/sandzakpress.net\/arhiva\/#website"},"primaryImageOfPage":{"@id":"https:\/\/sandzakpress.net\/arhiva\/prijepoljac-pijan-izazvao-udes-pa-povrijedjen-pobegao-iz-bolnice\/#primaryimage"},"image":{"@id":"https:\/\/sandzakpress.net\/arhiva\/prijepoljac-pijan-izazvao-udes-pa-povrijedjen-pobegao-iz-bolnice\/#primaryimage"},"thumbnailUrl":"https:\/\/sandzakpress.net\/arhiva\/wp-content\/uploads\/2019\/09\/pijan-udes.jpg","datePublished":"2019-09-30T11:50:37+00:00","breadcrumb":{"@id":"https:\/\/sandzakpress.net\/arhiva\/prijepoljac-pijan-izazvao-udes-pa-povrijedjen-pobegao-iz-bolnice\/#breadcrumb"},"inLanguage":"bs-BA","potentialAction":[{"@type":"ReadAction","target":["https:\/\/sandzakpress.net\/arhiva\/prijepoljac-pijan-izazvao-udes-pa-povrijedjen-pobegao-iz-bolnice\/"]}]},{"@type":"ImageObject","inLanguage":"bs-BA","@id":"https:\/\/sandzakpress.net\/arhiva\/prijepoljac-pijan-izazvao-udes-pa-povrijedjen-pobegao-iz-bolnice\/#primaryimage","url":"https:\/\/sandzakpress.net\/arhiva\/wp-content\/uploads\/2019\/09\/pijan-udes.jpg","contentUrl":"https:\/\/sandzakpress.net\/arhiva\/wp-content\/uploads\/2019\/09\/pijan-udes.jpg","width":600,"height":315},{"@type":"BreadcrumbList","@id":"https:\/\/sandzakpress.net\/arhiva\/prijepoljac-pijan-izazvao-udes-pa-povrijedjen-pobegao-iz-bolnice\/#breadcrumb","itemListElement":[{"@type":"ListItem","position":1,"name":"Home","item":"https:\/\/sandzakpress.net\/arhiva\/"},{"@type":"ListItem","position":2,"name":"Prijepoljac pijan izazvao udes, pa povrije\u0111en pobegao iz bolnice"}]},{"@type":"WebSite","@id":"https:\/\/sandzakpress.net\/arhiva\/#website","url":"https:\/\/sandzakpress.net\/arhiva\/","name":"Sand\u017eak PRESS","description":"Prve elektronske novine u Sand\u017eaku","publisher":{"@id":"https:\/\/sandzakpress.net\/arhiva\/#\/schema\/person\/6e72b67d6e51910a1117b3b483ba20bd"},"potentialAction":[{"@type":"SearchAction","target":{"@type":"EntryPoint","urlTemplate":"https:\/\/sandzakpress.net\/arhiva\/?s={search_term_string}"},"query-input":{"@type":"PropertyValueSpecification","valueRequired":true,"valueName":"search_term_string"}}],"inLanguage":"bs-BA"},{"@type":["Person","Organization"],"@id":"https:\/\/sandzakpress.net\/arhiva\/#\/schema\/person\/6e72b67d6e51910a1117b3b483ba20bd","name":"Kul","image":{"@type":"ImageObject","inLanguage":"bs-BA","@id":"https:\/\/sandzakpress.net\/arhiva\/#\/schema\/person\/image\/","url":"https:\/\/secure.gravatar.com\/avatar\/42263f39aa27ac04c43cab85c280eb2e?s=96&d=mm&r=pg","contentUrl":"https:\/\/secure.gravatar.com\/avatar\/42263f39aa27ac04c43cab85c280eb2e?s=96&d=mm&r=pg","caption":"Kul"},"logo":{"@id":"https:\/\/sandzakpress.net\/arhiva\/#\/schema\/person\/image\/"}},{"@type":"Person","@id":"https:\/\/sandzakpress.net\/arhiva\/#\/schema\/person\/cb59d7e3ab91ab90dd680ad0305a6185","name":"Agencija","image":{"@type":"ImageObject","inLanguage":"bs-BA","@id":"https:\/\/sandzakpress.net\/arhiva\/#\/schema\/person\/image\/","url":"https:\/\/secure.gravatar.com\/avatar\/4b7fafa80a22f0c2afe23966b3961fe0?s=96&d=mm&r=pg","contentUrl":"https:\/\/secure.gravatar.com\/avatar\/4b7fafa80a22f0c2afe23966b3961fe0?s=96&d=mm&r=pg","caption":"Agencija"},"url":"https:\/\/sandzakpress.net\/arhiva\/author\/agencija\/"}]}},"_links":{"self":[{"href":"https:\/\/sandzakpress.net\/arhiva\/wp-json\/wp\/v2\/posts\/228801"}],"collection":[{"href":"https:\/\/sandzakpress.net\/arhiva\/wp-json\/wp\/v2\/posts"}],"about":[{"href":"https:\/\/sandzakpress.net\/arhiva\/wp-json\/wp\/v2\/types\/post"}],"author":[{"embeddable":true,"href":"https:\/\/sandzakpress.net\/arhiva\/wp-json\/wp\/v2\/users\/509"}],"replies":[{"embeddable":true,"href":"https:\/\/sandzakpress.net\/arhiva\/wp-json\/wp\/v2\/comments?post=228801"}],"version-history":[{"count":0,"href":"https:\/\/sandzakpress.net\/arhiva\/wp-json\/wp\/v2\/posts\/228801\/revisions"}],"wp:featuredmedia":[{"embeddable":true,"href":"https:\/\/sandzakpress.net\/arhiva\/wp-json\/wp\/v2\/media\/228802"}],"wp:attachment":[{"href":"https:\/\/sandzakpress.net\/arhiva\/wp-json\/wp\/v2\/media?parent=228801"}],"wp:term":[{"taxonomy":"category","embeddable":true,"href":"https:\/\/sandzakpress.net\/arhiva\/wp-json\/wp\/v2\/categories?post=228801"},{"taxonomy":"post_tag","embeddable":true,"href":"https:\/\/sandzakpress.net\/arhiva\/wp-json\/wp\/v2\/tags?post=228801"}],"curies":[{"name":"wp","href":"https:\/\/api.w.org\/{rel}","templated":true}]}}