{"id":228748,"date":"2019-09-28T13:48:35","date_gmt":"2019-09-28T11:48:35","guid":{"rendered":"https:\/\/sandzakpress.net\/arhiva\/?p=228748"},"modified":"2019-09-28T13:48:35","modified_gmt":"2019-09-28T11:48:35","slug":"dps-rozaje-podrska-djukanovicu-i-markovicu","status":"publish","type":"post","link":"https:\/\/sandzakpress.net\/arhiva\/dps-rozaje-podrska-djukanovicu-i-markovicu\/","title":{"rendered":"DPS Ro\u017eaje: Podr\u0161ka \u0110ukanovi\u0107u i Markovi\u0107u"},"content":{"rendered":"<p><img decoding=\"async\" src=\"https:\/\/publisher-publish.s3.eu-central-1.amazonaws.com\/pb-vijesti\/swp\/9sju0v\/media\/20190927190952_c72342d0-48f7-4455-83db-319169d27eb1.jpeg\" alt=\"Milo \u0110ukanovi\u0107 i Du\u0161ko Makovi\u0107\" \/><\/p>\n<p><strong>Ro\u017eajski odbor DPS-a podr\u017eao je Mila \u0110ukanovi\u0107a za predsjednika i Du\u0161ka Markovi\u0107a za zamjenika predsjednika te partije.<\/strong><\/p>\n<p>&#8220;Danas su odr\u017eane sjednice Izvr\u0161nog i Op\u0161tinskog odbora DPS-a Ro\u017eaje. Na sjednicama je usvojena lista kandidata za organe partije na dr\u017eavnom nivou, kao i lista delegata koji \u0107e predstavljati ovaj Op\u0161tinski odbor na VIII Kongresu DPS. Za predsjednika partije jednoglasno je predlo\u017een Milo \u00d0ukanovi\u0107, a za zamjenika predsjednika partije, tako\u0111e, kao jedini kandidat, predlo\u017een je Du\u0161ko Markovi\u0107&#8221;, saop\u0161teno je iz ro\u017eajskog odbora DPS-a.<\/p>\n<p>Dodaju da je za \u010dlanove Glavnog odbora DPS-a Crne Gore predlo\u017eeno 69 kandidata.<\/p>\n<p>&#8220;Milo \u0110ukanovi\u0107 i Du\u0161ko Markovi\u0107 su obavljaju\u0107i dosada\u0161nje funkcije radili u interesu Crne Gore i svih njenih gra\u0111ana. Posebnu pa\u017enju su posvetili afirmisanju multietni\u010dkog sklada i su\u017eivota razli\u010ditih vjera i nacija, a to je jedna od temeljnih vrijednosti savremene \u00a0Crne Gore&#8221;, saop\u0161teno je.<\/p>\n","protected":false},"excerpt":{"rendered":"<p>Ro\u017eajski odbor DPS-a podr\u017eao je Mila \u0110ukanovi\u0107a za predsjednika i Du\u0161ka Markovi\u0107a za zamjenika predsjednika te partije. &#8220;Danas su odr\u017eane sjednice Izvr\u0161nog i Op\u0161tinskog odbora DPS-a Ro\u017eaje. Na sjednicama je usvojena lista kandidata za organe partije na dr\u017eavnom nivou, kao i lista delegata koji \u0107e predstavljati ovaj Op\u0161tinski odbor na VIII Kongresu DPS. Za predsjednika [&hellip;]<\/p>\n","protected":false},"author":509,"featured_media":228751,"comment_status":"open","ping_status":"open","sticky":false,"template":"","format":"standard","meta":{"footnotes":""},"categories":[398,1],"tags":[],"class_list":{"0":"post-228748","1":"post","2":"type-post","3":"status-publish","4":"format-standard","5":"has-post-thumbnail","7":"category-rozaje","8":"category-politika"},"yoast_head":"<!-- This site is optimized with the Yoast SEO Premium plugin v23.1 (Yoast SEO v24.9) - https:\/\/yoast.com\/wordpress\/plugins\/seo\/ -->\n<title>DPS Ro\u017eaje: Podr\u0161ka \u0110ukanovi\u0107u i Markovi\u0107u<\/title>\n<meta name=\"robots\" content=\"index, follow, max-snippet:-1, max-image-preview:large, max-video-preview:-1\" \/>\n<link rel=\"canonical\" href=\"https:\/\/sandzakpress.net\/arhiva\/dps-rozaje-podrska-djukanovicu-i-markovicu\/\" \/>\n<meta property=\"og:locale\" content=\"bs_BA\" \/>\n<meta property=\"og:type\" content=\"article\" \/>\n<meta property=\"og:title\" content=\"DPS Ro\u017eaje: Podr\u0161ka \u0110ukanovi\u0107u i Markovi\u0107u\" \/>\n<meta property=\"og:description\" content=\"Ro\u017eajski odbor DPS-a podr\u017eao je Mila \u0110ukanovi\u0107a za predsjednika i Du\u0161ka Markovi\u0107a za zamjenika predsjednika te partije. &#8220;Danas su odr\u017eane sjednice Izvr\u0161nog i Op\u0161tinskog odbora DPS-a Ro\u017eaje. Na sjednicama je usvojena lista kandidata za organe partije na dr\u017eavnom nivou, kao i lista delegata koji \u0107e predstavljati ovaj Op\u0161tinski odbor na VIII Kongresu DPS. Za predsjednika [&hellip;]\" \/>\n<meta property=\"og:url\" content=\"https:\/\/sandzakpress.net\/arhiva\/dps-rozaje-podrska-djukanovicu-i-markovicu\/\" \/>\n<meta property=\"og:site_name\" content=\"Sand\u017eak PRESS\" \/>\n<meta property=\"article:published_time\" content=\"2019-09-28T11:48:35+00:00\" \/>\n<meta property=\"og:image\" content=\"https:\/\/sandzakpress.net\/arhiva\/wp-content\/uploads\/2019\/09\/20190927190952_c72342d0-48f7-4455-83db-319169d27eb1.jpeg.jpg\" \/>\n\t<meta property=\"og:image:width\" content=\"800\" \/>\n\t<meta property=\"og:image:height\" content=\"385\" \/>\n\t<meta property=\"og:image:type\" content=\"image\/jpeg\" \/>\n<meta name=\"author\" content=\"Agencija\" \/>\n<meta name=\"twitter:card\" content=\"summary_large_image\" \/>\n<meta name=\"twitter:label1\" content=\"Written by\" \/>\n\t<meta name=\"twitter:data1\" content=\"Agencija\" \/>\n\t<meta name=\"twitter:label2\" content=\"Est. reading time\" \/>\n\t<meta name=\"twitter:data2\" content=\"1 minuta\" \/>\n<script type=\"application\/ld+json\" class=\"yoast-schema-graph\">{\"@context\":\"https:\/\/schema.org\",\"@graph\":[{\"@type\":\"Article\",\"@id\":\"https:\/\/sandzakpress.net\/arhiva\/dps-rozaje-podrska-djukanovicu-i-markovicu\/#article\",\"isPartOf\":{\"@id\":\"https:\/\/sandzakpress.net\/arhiva\/dps-rozaje-podrska-djukanovicu-i-markovicu\/\"},\"author\":{\"name\":\"Agencija\",\"@id\":\"https:\/\/sandzakpress.net\/arhiva\/#\/schema\/person\/cb59d7e3ab91ab90dd680ad0305a6185\"},\"headline\":\"DPS Ro\u017eaje: Podr\u0161ka \u0110ukanovi\u0107u i Markovi\u0107u\",\"datePublished\":\"2019-09-28T11:48:35+00:00\",\"mainEntityOfPage\":{\"@id\":\"https:\/\/sandzakpress.net\/arhiva\/dps-rozaje-podrska-djukanovicu-i-markovicu\/\"},\"wordCount\":172,\"commentCount\":0,\"publisher\":{\"@id\":\"https:\/\/sandzakpress.net\/arhiva\/#\/schema\/person\/6e72b67d6e51910a1117b3b483ba20bd\"},\"image\":{\"@id\":\"https:\/\/sandzakpress.net\/arhiva\/dps-rozaje-podrska-djukanovicu-i-markovicu\/#primaryimage\"},\"thumbnailUrl\":\"https:\/\/sandzakpress.net\/arhiva\/wp-content\/uploads\/2019\/09\/20190927190952_c72342d0-48f7-4455-83db-319169d27eb1.jpeg.jpg\",\"articleSection\":[\"Ro\u017eaje\",\"Politika\"],\"inLanguage\":\"bs-BA\",\"potentialAction\":[{\"@type\":\"CommentAction\",\"name\":\"Comment\",\"target\":[\"https:\/\/sandzakpress.net\/arhiva\/dps-rozaje-podrska-djukanovicu-i-markovicu\/#respond\"]}]},{\"@type\":\"WebPage\",\"@id\":\"https:\/\/sandzakpress.net\/arhiva\/dps-rozaje-podrska-djukanovicu-i-markovicu\/\",\"url\":\"https:\/\/sandzakpress.net\/arhiva\/dps-rozaje-podrska-djukanovicu-i-markovicu\/\",\"name\":\"DPS Ro\u017eaje: Podr\u0161ka \u0110ukanovi\u0107u i Markovi\u0107u\",\"isPartOf\":{\"@id\":\"https:\/\/sandzakpress.net\/arhiva\/#website\"},\"primaryImageOfPage\":{\"@id\":\"https:\/\/sandzakpress.net\/arhiva\/dps-rozaje-podrska-djukanovicu-i-markovicu\/#primaryimage\"},\"image\":{\"@id\":\"https:\/\/sandzakpress.net\/arhiva\/dps-rozaje-podrska-djukanovicu-i-markovicu\/#primaryimage\"},\"thumbnailUrl\":\"https:\/\/sandzakpress.net\/arhiva\/wp-content\/uploads\/2019\/09\/20190927190952_c72342d0-48f7-4455-83db-319169d27eb1.jpeg.jpg\",\"datePublished\":\"2019-09-28T11:48:35+00:00\",\"breadcrumb\":{\"@id\":\"https:\/\/sandzakpress.net\/arhiva\/dps-rozaje-podrska-djukanovicu-i-markovicu\/#breadcrumb\"},\"inLanguage\":\"bs-BA\",\"potentialAction\":[{\"@type\":\"ReadAction\",\"target\":[\"https:\/\/sandzakpress.net\/arhiva\/dps-rozaje-podrska-djukanovicu-i-markovicu\/\"]}]},{\"@type\":\"ImageObject\",\"inLanguage\":\"bs-BA\",\"@id\":\"https:\/\/sandzakpress.net\/arhiva\/dps-rozaje-podrska-djukanovicu-i-markovicu\/#primaryimage\",\"url\":\"https:\/\/sandzakpress.net\/arhiva\/wp-content\/uploads\/2019\/09\/20190927190952_c72342d0-48f7-4455-83db-319169d27eb1.jpeg.jpg\",\"contentUrl\":\"https:\/\/sandzakpress.net\/arhiva\/wp-content\/uploads\/2019\/09\/20190927190952_c72342d0-48f7-4455-83db-319169d27eb1.jpeg.jpg\",\"width\":800,\"height\":385},{\"@type\":\"BreadcrumbList\",\"@id\":\"https:\/\/sandzakpress.net\/arhiva\/dps-rozaje-podrska-djukanovicu-i-markovicu\/#breadcrumb\",\"itemListElement\":[{\"@type\":\"ListItem\",\"position\":1,\"name\":\"Home\",\"item\":\"https:\/\/sandzakpress.net\/arhiva\/\"},{\"@type\":\"ListItem\",\"position\":2,\"name\":\"DPS Ro\u017eaje: Podr\u0161ka \u0110ukanovi\u0107u i Markovi\u0107u\"}]},{\"@type\":\"WebSite\",\"@id\":\"https:\/\/sandzakpress.net\/arhiva\/#website\",\"url\":\"https:\/\/sandzakpress.net\/arhiva\/\",\"name\":\"Sand\u017eak PRESS\",\"description\":\"Prve elektronske novine u Sand\u017eaku\",\"publisher\":{\"@id\":\"https:\/\/sandzakpress.net\/arhiva\/#\/schema\/person\/6e72b67d6e51910a1117b3b483ba20bd\"},\"potentialAction\":[{\"@type\":\"SearchAction\",\"target\":{\"@type\":\"EntryPoint\",\"urlTemplate\":\"https:\/\/sandzakpress.net\/arhiva\/?s={search_term_string}\"},\"query-input\":{\"@type\":\"PropertyValueSpecification\",\"valueRequired\":true,\"valueName\":\"search_term_string\"}}],\"inLanguage\":\"bs-BA\"},{\"@type\":[\"Person\",\"Organization\"],\"@id\":\"https:\/\/sandzakpress.net\/arhiva\/#\/schema\/person\/6e72b67d6e51910a1117b3b483ba20bd\",\"name\":\"Kul\",\"image\":{\"@type\":\"ImageObject\",\"inLanguage\":\"bs-BA\",\"@id\":\"https:\/\/sandzakpress.net\/arhiva\/#\/schema\/person\/image\/\",\"url\":\"https:\/\/secure.gravatar.com\/avatar\/42263f39aa27ac04c43cab85c280eb2e?s=96&d=mm&r=pg\",\"contentUrl\":\"https:\/\/secure.gravatar.com\/avatar\/42263f39aa27ac04c43cab85c280eb2e?s=96&d=mm&r=pg\",\"caption\":\"Kul\"},\"logo\":{\"@id\":\"https:\/\/sandzakpress.net\/arhiva\/#\/schema\/person\/image\/\"}},{\"@type\":\"Person\",\"@id\":\"https:\/\/sandzakpress.net\/arhiva\/#\/schema\/person\/cb59d7e3ab91ab90dd680ad0305a6185\",\"name\":\"Agencija\",\"image\":{\"@type\":\"ImageObject\",\"inLanguage\":\"bs-BA\",\"@id\":\"https:\/\/sandzakpress.net\/arhiva\/#\/schema\/person\/image\/\",\"url\":\"https:\/\/secure.gravatar.com\/avatar\/4b7fafa80a22f0c2afe23966b3961fe0?s=96&d=mm&r=pg\",\"contentUrl\":\"https:\/\/secure.gravatar.com\/avatar\/4b7fafa80a22f0c2afe23966b3961fe0?s=96&d=mm&r=pg\",\"caption\":\"Agencija\"},\"url\":\"https:\/\/sandzakpress.net\/arhiva\/author\/agencija\/\"}]}<\/script>\n<!-- \/ Yoast SEO Premium plugin. -->","yoast_head_json":{"title":"DPS Ro\u017eaje: Podr\u0161ka \u0110ukanovi\u0107u i Markovi\u0107u","robots":{"index":"index","follow":"follow","max-snippet":"max-snippet:-1","max-image-preview":"max-image-preview:large","max-video-preview":"max-video-preview:-1"},"canonical":"https:\/\/sandzakpress.net\/arhiva\/dps-rozaje-podrska-djukanovicu-i-markovicu\/","og_locale":"bs_BA","og_type":"article","og_title":"DPS Ro\u017eaje: Podr\u0161ka \u0110ukanovi\u0107u i Markovi\u0107u","og_description":"Ro\u017eajski odbor DPS-a podr\u017eao je Mila \u0110ukanovi\u0107a za predsjednika i Du\u0161ka Markovi\u0107a za zamjenika predsjednika te partije. &#8220;Danas su odr\u017eane sjednice Izvr\u0161nog i Op\u0161tinskog odbora DPS-a Ro\u017eaje. Na sjednicama je usvojena lista kandidata za organe partije na dr\u017eavnom nivou, kao i lista delegata koji \u0107e predstavljati ovaj Op\u0161tinski odbor na VIII Kongresu DPS. Za predsjednika [&hellip;]","og_url":"https:\/\/sandzakpress.net\/arhiva\/dps-rozaje-podrska-djukanovicu-i-markovicu\/","og_site_name":"Sand\u017eak PRESS","article_published_time":"2019-09-28T11:48:35+00:00","og_image":[{"width":800,"height":385,"url":"https:\/\/sandzakpress.net\/arhiva\/wp-content\/uploads\/2019\/09\/20190927190952_c72342d0-48f7-4455-83db-319169d27eb1.jpeg.jpg","type":"image\/jpeg"}],"author":"Agencija","twitter_card":"summary_large_image","twitter_misc":{"Written by":"Agencija","Est. reading time":"1 minuta"},"schema":{"@context":"https:\/\/schema.org","@graph":[{"@type":"Article","@id":"https:\/\/sandzakpress.net\/arhiva\/dps-rozaje-podrska-djukanovicu-i-markovicu\/#article","isPartOf":{"@id":"https:\/\/sandzakpress.net\/arhiva\/dps-rozaje-podrska-djukanovicu-i-markovicu\/"},"author":{"name":"Agencija","@id":"https:\/\/sandzakpress.net\/arhiva\/#\/schema\/person\/cb59d7e3ab91ab90dd680ad0305a6185"},"headline":"DPS Ro\u017eaje: Podr\u0161ka \u0110ukanovi\u0107u i Markovi\u0107u","datePublished":"2019-09-28T11:48:35+00:00","mainEntityOfPage":{"@id":"https:\/\/sandzakpress.net\/arhiva\/dps-rozaje-podrska-djukanovicu-i-markovicu\/"},"wordCount":172,"commentCount":0,"publisher":{"@id":"https:\/\/sandzakpress.net\/arhiva\/#\/schema\/person\/6e72b67d6e51910a1117b3b483ba20bd"},"image":{"@id":"https:\/\/sandzakpress.net\/arhiva\/dps-rozaje-podrska-djukanovicu-i-markovicu\/#primaryimage"},"thumbnailUrl":"https:\/\/sandzakpress.net\/arhiva\/wp-content\/uploads\/2019\/09\/20190927190952_c72342d0-48f7-4455-83db-319169d27eb1.jpeg.jpg","articleSection":["Ro\u017eaje","Politika"],"inLanguage":"bs-BA","potentialAction":[{"@type":"CommentAction","name":"Comment","target":["https:\/\/sandzakpress.net\/arhiva\/dps-rozaje-podrska-djukanovicu-i-markovicu\/#respond"]}]},{"@type":"WebPage","@id":"https:\/\/sandzakpress.net\/arhiva\/dps-rozaje-podrska-djukanovicu-i-markovicu\/","url":"https:\/\/sandzakpress.net\/arhiva\/dps-rozaje-podrska-djukanovicu-i-markovicu\/","name":"DPS Ro\u017eaje: Podr\u0161ka \u0110ukanovi\u0107u i Markovi\u0107u","isPartOf":{"@id":"https:\/\/sandzakpress.net\/arhiva\/#website"},"primaryImageOfPage":{"@id":"https:\/\/sandzakpress.net\/arhiva\/dps-rozaje-podrska-djukanovicu-i-markovicu\/#primaryimage"},"image":{"@id":"https:\/\/sandzakpress.net\/arhiva\/dps-rozaje-podrska-djukanovicu-i-markovicu\/#primaryimage"},"thumbnailUrl":"https:\/\/sandzakpress.net\/arhiva\/wp-content\/uploads\/2019\/09\/20190927190952_c72342d0-48f7-4455-83db-319169d27eb1.jpeg.jpg","datePublished":"2019-09-28T11:48:35+00:00","breadcrumb":{"@id":"https:\/\/sandzakpress.net\/arhiva\/dps-rozaje-podrska-djukanovicu-i-markovicu\/#breadcrumb"},"inLanguage":"bs-BA","potentialAction":[{"@type":"ReadAction","target":["https:\/\/sandzakpress.net\/arhiva\/dps-rozaje-podrska-djukanovicu-i-markovicu\/"]}]},{"@type":"ImageObject","inLanguage":"bs-BA","@id":"https:\/\/sandzakpress.net\/arhiva\/dps-rozaje-podrska-djukanovicu-i-markovicu\/#primaryimage","url":"https:\/\/sandzakpress.net\/arhiva\/wp-content\/uploads\/2019\/09\/20190927190952_c72342d0-48f7-4455-83db-319169d27eb1.jpeg.jpg","contentUrl":"https:\/\/sandzakpress.net\/arhiva\/wp-content\/uploads\/2019\/09\/20190927190952_c72342d0-48f7-4455-83db-319169d27eb1.jpeg.jpg","width":800,"height":385},{"@type":"BreadcrumbList","@id":"https:\/\/sandzakpress.net\/arhiva\/dps-rozaje-podrska-djukanovicu-i-markovicu\/#breadcrumb","itemListElement":[{"@type":"ListItem","position":1,"name":"Home","item":"https:\/\/sandzakpress.net\/arhiva\/"},{"@type":"ListItem","position":2,"name":"DPS Ro\u017eaje: Podr\u0161ka \u0110ukanovi\u0107u i Markovi\u0107u"}]},{"@type":"WebSite","@id":"https:\/\/sandzakpress.net\/arhiva\/#website","url":"https:\/\/sandzakpress.net\/arhiva\/","name":"Sand\u017eak PRESS","description":"Prve elektronske novine u Sand\u017eaku","publisher":{"@id":"https:\/\/sandzakpress.net\/arhiva\/#\/schema\/person\/6e72b67d6e51910a1117b3b483ba20bd"},"potentialAction":[{"@type":"SearchAction","target":{"@type":"EntryPoint","urlTemplate":"https:\/\/sandzakpress.net\/arhiva\/?s={search_term_string}"},"query-input":{"@type":"PropertyValueSpecification","valueRequired":true,"valueName":"search_term_string"}}],"inLanguage":"bs-BA"},{"@type":["Person","Organization"],"@id":"https:\/\/sandzakpress.net\/arhiva\/#\/schema\/person\/6e72b67d6e51910a1117b3b483ba20bd","name":"Kul","image":{"@type":"ImageObject","inLanguage":"bs-BA","@id":"https:\/\/sandzakpress.net\/arhiva\/#\/schema\/person\/image\/","url":"https:\/\/secure.gravatar.com\/avatar\/42263f39aa27ac04c43cab85c280eb2e?s=96&d=mm&r=pg","contentUrl":"https:\/\/secure.gravatar.com\/avatar\/42263f39aa27ac04c43cab85c280eb2e?s=96&d=mm&r=pg","caption":"Kul"},"logo":{"@id":"https:\/\/sandzakpress.net\/arhiva\/#\/schema\/person\/image\/"}},{"@type":"Person","@id":"https:\/\/sandzakpress.net\/arhiva\/#\/schema\/person\/cb59d7e3ab91ab90dd680ad0305a6185","name":"Agencija","image":{"@type":"ImageObject","inLanguage":"bs-BA","@id":"https:\/\/sandzakpress.net\/arhiva\/#\/schema\/person\/image\/","url":"https:\/\/secure.gravatar.com\/avatar\/4b7fafa80a22f0c2afe23966b3961fe0?s=96&d=mm&r=pg","contentUrl":"https:\/\/secure.gravatar.com\/avatar\/4b7fafa80a22f0c2afe23966b3961fe0?s=96&d=mm&r=pg","caption":"Agencija"},"url":"https:\/\/sandzakpress.net\/arhiva\/author\/agencija\/"}]}},"_links":{"self":[{"href":"https:\/\/sandzakpress.net\/arhiva\/wp-json\/wp\/v2\/posts\/228748"}],"collection":[{"href":"https:\/\/sandzakpress.net\/arhiva\/wp-json\/wp\/v2\/posts"}],"about":[{"href":"https:\/\/sandzakpress.net\/arhiva\/wp-json\/wp\/v2\/types\/post"}],"author":[{"embeddable":true,"href":"https:\/\/sandzakpress.net\/arhiva\/wp-json\/wp\/v2\/users\/509"}],"replies":[{"embeddable":true,"href":"https:\/\/sandzakpress.net\/arhiva\/wp-json\/wp\/v2\/comments?post=228748"}],"version-history":[{"count":0,"href":"https:\/\/sandzakpress.net\/arhiva\/wp-json\/wp\/v2\/posts\/228748\/revisions"}],"wp:featuredmedia":[{"embeddable":true,"href":"https:\/\/sandzakpress.net\/arhiva\/wp-json\/wp\/v2\/media\/228751"}],"wp:attachment":[{"href":"https:\/\/sandzakpress.net\/arhiva\/wp-json\/wp\/v2\/media?parent=228748"}],"wp:term":[{"taxonomy":"category","embeddable":true,"href":"https:\/\/sandzakpress.net\/arhiva\/wp-json\/wp\/v2\/categories?post=228748"},{"taxonomy":"post_tag","embeddable":true,"href":"https:\/\/sandzakpress.net\/arhiva\/wp-json\/wp\/v2\/tags?post=228748"}],"curies":[{"name":"wp","href":"https:\/\/api.w.org\/{rel}","templated":true}]}}