{"id":228662,"date":"2019-09-26T18:18:35","date_gmt":"2019-09-26T16:18:35","guid":{"rendered":"https:\/\/sandzakpress.net\/arhiva\/?p=228662"},"modified":"2019-09-26T18:18:35","modified_gmt":"2019-09-26T16:18:35","slug":"spartak-preko-novog-pazara-do-osmine-finala-kupa-srbije","status":"publish","type":"post","link":"https:\/\/sandzakpress.net\/arhiva\/spartak-preko-novog-pazara-do-osmine-finala-kupa-srbije\/","title":{"rendered":"Spartak preko Novog Pazara do osmine finala Kupa Srbije"},"content":{"rendered":"<p><img decoding=\"async\" src=\"http:\/\/www.radiostoplus.com\/images\/clanci\/SPORT\/fudbal_sindjelic.jpg\" \/><\/p>\n<p><b>Fudbaleri suboti\u010dkog Spartaka plasirali su se u osminu finala Kupa Srbije, po\u0161to su ve\u010deras pobedili gostuju\u0107i Novi Pazar sa 2:0.<\/b><\/p>\n<p>Strelci za doma\u0107i tim u me\u010du \u0161esnaestine finala najmasovnijeg takmi\u010denja bili su Nikola Sre\u0107kovi\u0107 u 34. i Nemanja Obradovi\u0107 u 87. minutu iz jedanaesterca.<\/p>\n<p>Utakmice osmine finala na programu su 23. oktobra.<\/p>\n<p>Trofej u Kupu Srbije brani ekipa beogradskog Partizana.<\/p>\n<p>radiostoplus.com<\/p>\n","protected":false},"excerpt":{"rendered":"<p>Fudbaleri suboti\u010dkog Spartaka plasirali su se u osminu finala Kupa Srbije, po\u0161to su ve\u010deras pobedili gostuju\u0107i Novi Pazar sa 2:0. Strelci za doma\u0107i tim u me\u010du \u0161esnaestine finala najmasovnijeg takmi\u010denja bili su Nikola Sre\u0107kovi\u0107 u 34. i Nemanja Obradovi\u0107 u 87. minutu iz jedanaesterca. Utakmice osmine finala na programu su 23. oktobra. Trofej u Kupu [&hellip;]<\/p>\n","protected":false},"author":509,"featured_media":228663,"comment_status":"open","ping_status":"open","sticky":false,"template":"","format":"standard","meta":{"footnotes":""},"categories":[72,13,10429],"tags":[],"class_list":{"0":"post-228662","1":"post","2":"type-post","3":"status-publish","4":"format-standard","5":"has-post-thumbnail","7":"category-novi-pazar","8":"category-sport","9":"category-vazno"},"yoast_head":"<!-- This site is optimized with the Yoast SEO Premium plugin v23.1 (Yoast SEO v24.9) - https:\/\/yoast.com\/wordpress\/plugins\/seo\/ -->\n<title>Spartak preko Novog Pazara do osmine finala Kupa Srbije<\/title>\n<meta name=\"robots\" content=\"index, follow, max-snippet:-1, max-image-preview:large, max-video-preview:-1\" \/>\n<link rel=\"canonical\" href=\"https:\/\/sandzakpress.net\/arhiva\/spartak-preko-novog-pazara-do-osmine-finala-kupa-srbije\/\" \/>\n<meta property=\"og:locale\" content=\"bs_BA\" \/>\n<meta property=\"og:type\" content=\"article\" \/>\n<meta property=\"og:title\" content=\"Spartak preko Novog Pazara do osmine finala Kupa Srbije\" \/>\n<meta property=\"og:description\" content=\"Fudbaleri suboti\u010dkog Spartaka plasirali su se u osminu finala Kupa Srbije, po\u0161to su ve\u010deras pobedili gostuju\u0107i Novi Pazar sa 2:0. Strelci za doma\u0107i tim u me\u010du \u0161esnaestine finala najmasovnijeg takmi\u010denja bili su Nikola Sre\u0107kovi\u0107 u 34. i Nemanja Obradovi\u0107 u 87. minutu iz jedanaesterca. Utakmice osmine finala na programu su 23. oktobra. Trofej u Kupu [&hellip;]\" \/>\n<meta property=\"og:url\" content=\"https:\/\/sandzakpress.net\/arhiva\/spartak-preko-novog-pazara-do-osmine-finala-kupa-srbije\/\" \/>\n<meta property=\"og:site_name\" content=\"Sand\u017eak PRESS\" \/>\n<meta property=\"article:published_time\" content=\"2019-09-26T16:18:35+00:00\" \/>\n<meta property=\"og:image\" content=\"https:\/\/sandzakpress.net\/arhiva\/wp-content\/uploads\/2019\/09\/fudbal_sindjelic.jpg\" \/>\n\t<meta property=\"og:image:width\" content=\"4224\" \/>\n\t<meta property=\"og:image:height\" content=\"3168\" \/>\n\t<meta property=\"og:image:type\" content=\"image\/jpeg\" \/>\n<meta name=\"author\" content=\"Agencija\" \/>\n<meta name=\"twitter:card\" content=\"summary_large_image\" \/>\n<meta name=\"twitter:label1\" content=\"Written by\" \/>\n\t<meta name=\"twitter:data1\" content=\"Agencija\" \/>\n<script type=\"application\/ld+json\" class=\"yoast-schema-graph\">{\"@context\":\"https:\/\/schema.org\",\"@graph\":[{\"@type\":\"Article\",\"@id\":\"https:\/\/sandzakpress.net\/arhiva\/spartak-preko-novog-pazara-do-osmine-finala-kupa-srbije\/#article\",\"isPartOf\":{\"@id\":\"https:\/\/sandzakpress.net\/arhiva\/spartak-preko-novog-pazara-do-osmine-finala-kupa-srbije\/\"},\"author\":{\"name\":\"Agencija\",\"@id\":\"https:\/\/sandzakpress.net\/arhiva\/#\/schema\/person\/cb59d7e3ab91ab90dd680ad0305a6185\"},\"headline\":\"Spartak preko Novog Pazara do osmine finala Kupa Srbije\",\"datePublished\":\"2019-09-26T16:18:35+00:00\",\"mainEntityOfPage\":{\"@id\":\"https:\/\/sandzakpress.net\/arhiva\/spartak-preko-novog-pazara-do-osmine-finala-kupa-srbije\/\"},\"wordCount\":75,\"commentCount\":0,\"publisher\":{\"@id\":\"https:\/\/sandzakpress.net\/arhiva\/#\/schema\/person\/6e72b67d6e51910a1117b3b483ba20bd\"},\"image\":{\"@id\":\"https:\/\/sandzakpress.net\/arhiva\/spartak-preko-novog-pazara-do-osmine-finala-kupa-srbije\/#primaryimage\"},\"thumbnailUrl\":\"https:\/\/sandzakpress.net\/arhiva\/wp-content\/uploads\/2019\/09\/fudbal_sindjelic.jpg\",\"articleSection\":[\"Novi Pazar\",\"Sport\",\"VA\u017dNO!\"],\"inLanguage\":\"bs-BA\",\"potentialAction\":[{\"@type\":\"CommentAction\",\"name\":\"Comment\",\"target\":[\"https:\/\/sandzakpress.net\/arhiva\/spartak-preko-novog-pazara-do-osmine-finala-kupa-srbije\/#respond\"]}]},{\"@type\":\"WebPage\",\"@id\":\"https:\/\/sandzakpress.net\/arhiva\/spartak-preko-novog-pazara-do-osmine-finala-kupa-srbije\/\",\"url\":\"https:\/\/sandzakpress.net\/arhiva\/spartak-preko-novog-pazara-do-osmine-finala-kupa-srbije\/\",\"name\":\"Spartak preko Novog Pazara do osmine finala Kupa Srbije\",\"isPartOf\":{\"@id\":\"https:\/\/sandzakpress.net\/arhiva\/#website\"},\"primaryImageOfPage\":{\"@id\":\"https:\/\/sandzakpress.net\/arhiva\/spartak-preko-novog-pazara-do-osmine-finala-kupa-srbije\/#primaryimage\"},\"image\":{\"@id\":\"https:\/\/sandzakpress.net\/arhiva\/spartak-preko-novog-pazara-do-osmine-finala-kupa-srbije\/#primaryimage\"},\"thumbnailUrl\":\"https:\/\/sandzakpress.net\/arhiva\/wp-content\/uploads\/2019\/09\/fudbal_sindjelic.jpg\",\"datePublished\":\"2019-09-26T16:18:35+00:00\",\"breadcrumb\":{\"@id\":\"https:\/\/sandzakpress.net\/arhiva\/spartak-preko-novog-pazara-do-osmine-finala-kupa-srbije\/#breadcrumb\"},\"inLanguage\":\"bs-BA\",\"potentialAction\":[{\"@type\":\"ReadAction\",\"target\":[\"https:\/\/sandzakpress.net\/arhiva\/spartak-preko-novog-pazara-do-osmine-finala-kupa-srbije\/\"]}]},{\"@type\":\"ImageObject\",\"inLanguage\":\"bs-BA\",\"@id\":\"https:\/\/sandzakpress.net\/arhiva\/spartak-preko-novog-pazara-do-osmine-finala-kupa-srbije\/#primaryimage\",\"url\":\"https:\/\/sandzakpress.net\/arhiva\/wp-content\/uploads\/2019\/09\/fudbal_sindjelic.jpg\",\"contentUrl\":\"https:\/\/sandzakpress.net\/arhiva\/wp-content\/uploads\/2019\/09\/fudbal_sindjelic.jpg\",\"width\":4224,\"height\":3168},{\"@type\":\"BreadcrumbList\",\"@id\":\"https:\/\/sandzakpress.net\/arhiva\/spartak-preko-novog-pazara-do-osmine-finala-kupa-srbije\/#breadcrumb\",\"itemListElement\":[{\"@type\":\"ListItem\",\"position\":1,\"name\":\"Home\",\"item\":\"https:\/\/sandzakpress.net\/arhiva\/\"},{\"@type\":\"ListItem\",\"position\":2,\"name\":\"Spartak preko Novog Pazara do osmine finala Kupa Srbije\"}]},{\"@type\":\"WebSite\",\"@id\":\"https:\/\/sandzakpress.net\/arhiva\/#website\",\"url\":\"https:\/\/sandzakpress.net\/arhiva\/\",\"name\":\"Sand\u017eak PRESS\",\"description\":\"Prve elektronske novine u Sand\u017eaku\",\"publisher\":{\"@id\":\"https:\/\/sandzakpress.net\/arhiva\/#\/schema\/person\/6e72b67d6e51910a1117b3b483ba20bd\"},\"potentialAction\":[{\"@type\":\"SearchAction\",\"target\":{\"@type\":\"EntryPoint\",\"urlTemplate\":\"https:\/\/sandzakpress.net\/arhiva\/?s={search_term_string}\"},\"query-input\":{\"@type\":\"PropertyValueSpecification\",\"valueRequired\":true,\"valueName\":\"search_term_string\"}}],\"inLanguage\":\"bs-BA\"},{\"@type\":[\"Person\",\"Organization\"],\"@id\":\"https:\/\/sandzakpress.net\/arhiva\/#\/schema\/person\/6e72b67d6e51910a1117b3b483ba20bd\",\"name\":\"Kul\",\"image\":{\"@type\":\"ImageObject\",\"inLanguage\":\"bs-BA\",\"@id\":\"https:\/\/sandzakpress.net\/arhiva\/#\/schema\/person\/image\/\",\"url\":\"https:\/\/secure.gravatar.com\/avatar\/42263f39aa27ac04c43cab85c280eb2e?s=96&d=mm&r=pg\",\"contentUrl\":\"https:\/\/secure.gravatar.com\/avatar\/42263f39aa27ac04c43cab85c280eb2e?s=96&d=mm&r=pg\",\"caption\":\"Kul\"},\"logo\":{\"@id\":\"https:\/\/sandzakpress.net\/arhiva\/#\/schema\/person\/image\/\"}},{\"@type\":\"Person\",\"@id\":\"https:\/\/sandzakpress.net\/arhiva\/#\/schema\/person\/cb59d7e3ab91ab90dd680ad0305a6185\",\"name\":\"Agencija\",\"image\":{\"@type\":\"ImageObject\",\"inLanguage\":\"bs-BA\",\"@id\":\"https:\/\/sandzakpress.net\/arhiva\/#\/schema\/person\/image\/\",\"url\":\"https:\/\/secure.gravatar.com\/avatar\/4b7fafa80a22f0c2afe23966b3961fe0?s=96&d=mm&r=pg\",\"contentUrl\":\"https:\/\/secure.gravatar.com\/avatar\/4b7fafa80a22f0c2afe23966b3961fe0?s=96&d=mm&r=pg\",\"caption\":\"Agencija\"},\"url\":\"https:\/\/sandzakpress.net\/arhiva\/author\/agencija\/\"}]}<\/script>\n<!-- \/ Yoast SEO Premium plugin. -->","yoast_head_json":{"title":"Spartak preko Novog Pazara do osmine finala Kupa Srbije","robots":{"index":"index","follow":"follow","max-snippet":"max-snippet:-1","max-image-preview":"max-image-preview:large","max-video-preview":"max-video-preview:-1"},"canonical":"https:\/\/sandzakpress.net\/arhiva\/spartak-preko-novog-pazara-do-osmine-finala-kupa-srbije\/","og_locale":"bs_BA","og_type":"article","og_title":"Spartak preko Novog Pazara do osmine finala Kupa Srbije","og_description":"Fudbaleri suboti\u010dkog Spartaka plasirali su se u osminu finala Kupa Srbije, po\u0161to su ve\u010deras pobedili gostuju\u0107i Novi Pazar sa 2:0. Strelci za doma\u0107i tim u me\u010du \u0161esnaestine finala najmasovnijeg takmi\u010denja bili su Nikola Sre\u0107kovi\u0107 u 34. i Nemanja Obradovi\u0107 u 87. minutu iz jedanaesterca. Utakmice osmine finala na programu su 23. oktobra. Trofej u Kupu [&hellip;]","og_url":"https:\/\/sandzakpress.net\/arhiva\/spartak-preko-novog-pazara-do-osmine-finala-kupa-srbije\/","og_site_name":"Sand\u017eak PRESS","article_published_time":"2019-09-26T16:18:35+00:00","og_image":[{"width":4224,"height":3168,"url":"https:\/\/sandzakpress.net\/arhiva\/wp-content\/uploads\/2019\/09\/fudbal_sindjelic.jpg","type":"image\/jpeg"}],"author":"Agencija","twitter_card":"summary_large_image","twitter_misc":{"Written by":"Agencija"},"schema":{"@context":"https:\/\/schema.org","@graph":[{"@type":"Article","@id":"https:\/\/sandzakpress.net\/arhiva\/spartak-preko-novog-pazara-do-osmine-finala-kupa-srbije\/#article","isPartOf":{"@id":"https:\/\/sandzakpress.net\/arhiva\/spartak-preko-novog-pazara-do-osmine-finala-kupa-srbije\/"},"author":{"name":"Agencija","@id":"https:\/\/sandzakpress.net\/arhiva\/#\/schema\/person\/cb59d7e3ab91ab90dd680ad0305a6185"},"headline":"Spartak preko Novog Pazara do osmine finala Kupa Srbije","datePublished":"2019-09-26T16:18:35+00:00","mainEntityOfPage":{"@id":"https:\/\/sandzakpress.net\/arhiva\/spartak-preko-novog-pazara-do-osmine-finala-kupa-srbije\/"},"wordCount":75,"commentCount":0,"publisher":{"@id":"https:\/\/sandzakpress.net\/arhiva\/#\/schema\/person\/6e72b67d6e51910a1117b3b483ba20bd"},"image":{"@id":"https:\/\/sandzakpress.net\/arhiva\/spartak-preko-novog-pazara-do-osmine-finala-kupa-srbije\/#primaryimage"},"thumbnailUrl":"https:\/\/sandzakpress.net\/arhiva\/wp-content\/uploads\/2019\/09\/fudbal_sindjelic.jpg","articleSection":["Novi Pazar","Sport","VA\u017dNO!"],"inLanguage":"bs-BA","potentialAction":[{"@type":"CommentAction","name":"Comment","target":["https:\/\/sandzakpress.net\/arhiva\/spartak-preko-novog-pazara-do-osmine-finala-kupa-srbije\/#respond"]}]},{"@type":"WebPage","@id":"https:\/\/sandzakpress.net\/arhiva\/spartak-preko-novog-pazara-do-osmine-finala-kupa-srbije\/","url":"https:\/\/sandzakpress.net\/arhiva\/spartak-preko-novog-pazara-do-osmine-finala-kupa-srbije\/","name":"Spartak preko Novog Pazara do osmine finala Kupa Srbije","isPartOf":{"@id":"https:\/\/sandzakpress.net\/arhiva\/#website"},"primaryImageOfPage":{"@id":"https:\/\/sandzakpress.net\/arhiva\/spartak-preko-novog-pazara-do-osmine-finala-kupa-srbije\/#primaryimage"},"image":{"@id":"https:\/\/sandzakpress.net\/arhiva\/spartak-preko-novog-pazara-do-osmine-finala-kupa-srbije\/#primaryimage"},"thumbnailUrl":"https:\/\/sandzakpress.net\/arhiva\/wp-content\/uploads\/2019\/09\/fudbal_sindjelic.jpg","datePublished":"2019-09-26T16:18:35+00:00","breadcrumb":{"@id":"https:\/\/sandzakpress.net\/arhiva\/spartak-preko-novog-pazara-do-osmine-finala-kupa-srbije\/#breadcrumb"},"inLanguage":"bs-BA","potentialAction":[{"@type":"ReadAction","target":["https:\/\/sandzakpress.net\/arhiva\/spartak-preko-novog-pazara-do-osmine-finala-kupa-srbije\/"]}]},{"@type":"ImageObject","inLanguage":"bs-BA","@id":"https:\/\/sandzakpress.net\/arhiva\/spartak-preko-novog-pazara-do-osmine-finala-kupa-srbije\/#primaryimage","url":"https:\/\/sandzakpress.net\/arhiva\/wp-content\/uploads\/2019\/09\/fudbal_sindjelic.jpg","contentUrl":"https:\/\/sandzakpress.net\/arhiva\/wp-content\/uploads\/2019\/09\/fudbal_sindjelic.jpg","width":4224,"height":3168},{"@type":"BreadcrumbList","@id":"https:\/\/sandzakpress.net\/arhiva\/spartak-preko-novog-pazara-do-osmine-finala-kupa-srbije\/#breadcrumb","itemListElement":[{"@type":"ListItem","position":1,"name":"Home","item":"https:\/\/sandzakpress.net\/arhiva\/"},{"@type":"ListItem","position":2,"name":"Spartak preko Novog Pazara do osmine finala Kupa Srbije"}]},{"@type":"WebSite","@id":"https:\/\/sandzakpress.net\/arhiva\/#website","url":"https:\/\/sandzakpress.net\/arhiva\/","name":"Sand\u017eak PRESS","description":"Prve elektronske novine u Sand\u017eaku","publisher":{"@id":"https:\/\/sandzakpress.net\/arhiva\/#\/schema\/person\/6e72b67d6e51910a1117b3b483ba20bd"},"potentialAction":[{"@type":"SearchAction","target":{"@type":"EntryPoint","urlTemplate":"https:\/\/sandzakpress.net\/arhiva\/?s={search_term_string}"},"query-input":{"@type":"PropertyValueSpecification","valueRequired":true,"valueName":"search_term_string"}}],"inLanguage":"bs-BA"},{"@type":["Person","Organization"],"@id":"https:\/\/sandzakpress.net\/arhiva\/#\/schema\/person\/6e72b67d6e51910a1117b3b483ba20bd","name":"Kul","image":{"@type":"ImageObject","inLanguage":"bs-BA","@id":"https:\/\/sandzakpress.net\/arhiva\/#\/schema\/person\/image\/","url":"https:\/\/secure.gravatar.com\/avatar\/42263f39aa27ac04c43cab85c280eb2e?s=96&d=mm&r=pg","contentUrl":"https:\/\/secure.gravatar.com\/avatar\/42263f39aa27ac04c43cab85c280eb2e?s=96&d=mm&r=pg","caption":"Kul"},"logo":{"@id":"https:\/\/sandzakpress.net\/arhiva\/#\/schema\/person\/image\/"}},{"@type":"Person","@id":"https:\/\/sandzakpress.net\/arhiva\/#\/schema\/person\/cb59d7e3ab91ab90dd680ad0305a6185","name":"Agencija","image":{"@type":"ImageObject","inLanguage":"bs-BA","@id":"https:\/\/sandzakpress.net\/arhiva\/#\/schema\/person\/image\/","url":"https:\/\/secure.gravatar.com\/avatar\/4b7fafa80a22f0c2afe23966b3961fe0?s=96&d=mm&r=pg","contentUrl":"https:\/\/secure.gravatar.com\/avatar\/4b7fafa80a22f0c2afe23966b3961fe0?s=96&d=mm&r=pg","caption":"Agencija"},"url":"https:\/\/sandzakpress.net\/arhiva\/author\/agencija\/"}]}},"_links":{"self":[{"href":"https:\/\/sandzakpress.net\/arhiva\/wp-json\/wp\/v2\/posts\/228662"}],"collection":[{"href":"https:\/\/sandzakpress.net\/arhiva\/wp-json\/wp\/v2\/posts"}],"about":[{"href":"https:\/\/sandzakpress.net\/arhiva\/wp-json\/wp\/v2\/types\/post"}],"author":[{"embeddable":true,"href":"https:\/\/sandzakpress.net\/arhiva\/wp-json\/wp\/v2\/users\/509"}],"replies":[{"embeddable":true,"href":"https:\/\/sandzakpress.net\/arhiva\/wp-json\/wp\/v2\/comments?post=228662"}],"version-history":[{"count":0,"href":"https:\/\/sandzakpress.net\/arhiva\/wp-json\/wp\/v2\/posts\/228662\/revisions"}],"wp:featuredmedia":[{"embeddable":true,"href":"https:\/\/sandzakpress.net\/arhiva\/wp-json\/wp\/v2\/media\/228663"}],"wp:attachment":[{"href":"https:\/\/sandzakpress.net\/arhiva\/wp-json\/wp\/v2\/media?parent=228662"}],"wp:term":[{"taxonomy":"category","embeddable":true,"href":"https:\/\/sandzakpress.net\/arhiva\/wp-json\/wp\/v2\/categories?post=228662"},{"taxonomy":"post_tag","embeddable":true,"href":"https:\/\/sandzakpress.net\/arhiva\/wp-json\/wp\/v2\/tags?post=228662"}],"curies":[{"name":"wp","href":"https:\/\/api.w.org\/{rel}","templated":true}]}}