{"id":228636,"date":"2019-09-26T18:02:20","date_gmt":"2019-09-26T16:02:20","guid":{"rendered":"https:\/\/sandzakpress.net\/arhiva\/?p=228636"},"modified":"2019-09-26T18:02:20","modified_gmt":"2019-09-26T16:02:20","slug":"medjedovic-poentirao-za-cetvrtfinale","status":"publish","type":"post","link":"https:\/\/sandzakpress.net\/arhiva\/medjedovic-poentirao-za-cetvrtfinale\/","title":{"rendered":"Me\u0111edovi\u0107 poentirao za \u010detvrtfinale"},"content":{"rendered":"<p><img decoding=\"async\" src=\"https:\/\/i1.wp.com\/rtvnp.rs\/wp-content\/uploads\/2019\/06\/hamad2panccevo.jpg?resize=800%2C445&amp;ssl=1\" \/><\/p>\n<p><strong>Novopazarski teniser Hamad Me\u0111edovi\u0107 ostvario je poraz u singlu i pobedu u dublu u trijumfu selekcije Srbije do 16 godina nad Australijom od 2:1, u drugom kolu C grupe na Ekipnom prvenstvu sveta u Orlandu.<\/strong><\/p>\n<p>Me\u0111edovi\u0107 je u dva seta (3:6, 4:6) izgubio singl me\u010d od Filipa Sekuli\u0107a, a zajedno sa Stefanom Popovi\u0107em slavio je protiv Sekuli\u0107a i Kupera Vajta sa 2:0 (6:3, 6:3).<\/p>\n<p>Srbija je kao \u010detvrti nosilac trijumfom nad \u0161estim favoritom takmi\u010denja u SAD do\u0161la do skora 2\/0 i tako obezbedila plasman u \u010detvrtfinale i pre poslednjeg duela u grupi sa Paragvajem.<\/p>\n<p>S druge strane, \u017eenski tim Srbije do 16 godina pora\u017een je u drugom kolu C grupe od Maroka sa 1:2, a Novopazarka Fatma Idrizovi\u0107 izgubila je singl partiju od Sare Akid sa 0:2 (4:6, 2:6) i dubl sa Natalijom Seni\u0107 od Akid i Jasmin Kabaj (1:6, 7:6(7), 7:10).<\/p>\n<p>\u017denska reprezentacija Srbija je bez pobede u dva me\u010da, ali bi trijumfom nad \u0161estim nosiocem Nema\u010dkom u poslednjem kolu grupne faze zadr\u017eala izglede da se na\u0111e me\u0111u osam najboljih selekcija.<\/p>\n","protected":false},"excerpt":{"rendered":"<p>Novopazarski teniser Hamad Me\u0111edovi\u0107 ostvario je poraz u singlu i pobedu u dublu u trijumfu selekcije Srbije do 16 godina nad Australijom od 2:1, u drugom kolu C grupe na Ekipnom prvenstvu sveta u Orlandu. Me\u0111edovi\u0107 je u dva seta (3:6, 4:6) izgubio singl me\u010d od Filipa Sekuli\u0107a, a zajedno sa Stefanom Popovi\u0107em slavio je [&hellip;]<\/p>\n","protected":false},"author":509,"featured_media":228637,"comment_status":"open","ping_status":"open","sticky":false,"template":"","format":"standard","meta":{"footnotes":""},"categories":[72,13],"tags":[],"class_list":{"0":"post-228636","1":"post","2":"type-post","3":"status-publish","4":"format-standard","5":"has-post-thumbnail","7":"category-novi-pazar","8":"category-sport"},"yoast_head":"<!-- This site is optimized with the Yoast SEO Premium plugin v23.1 (Yoast SEO v24.9) - https:\/\/yoast.com\/wordpress\/plugins\/seo\/ -->\n<title>Me\u0111edovi\u0107 poentirao za \u010detvrtfinale<\/title>\n<meta name=\"robots\" content=\"index, follow, max-snippet:-1, max-image-preview:large, max-video-preview:-1\" \/>\n<link rel=\"canonical\" href=\"https:\/\/sandzakpress.net\/arhiva\/medjedovic-poentirao-za-cetvrtfinale\/\" \/>\n<meta property=\"og:locale\" content=\"bs_BA\" \/>\n<meta property=\"og:type\" content=\"article\" \/>\n<meta property=\"og:title\" content=\"Me\u0111edovi\u0107 poentirao za \u010detvrtfinale\" \/>\n<meta property=\"og:description\" content=\"Novopazarski teniser Hamad Me\u0111edovi\u0107 ostvario je poraz u singlu i pobedu u dublu u trijumfu selekcije Srbije do 16 godina nad Australijom od 2:1, u drugom kolu C grupe na Ekipnom prvenstvu sveta u Orlandu. Me\u0111edovi\u0107 je u dva seta (3:6, 4:6) izgubio singl me\u010d od Filipa Sekuli\u0107a, a zajedno sa Stefanom Popovi\u0107em slavio je [&hellip;]\" \/>\n<meta property=\"og:url\" content=\"https:\/\/sandzakpress.net\/arhiva\/medjedovic-poentirao-za-cetvrtfinale\/\" \/>\n<meta property=\"og:site_name\" content=\"Sand\u017eak PRESS\" \/>\n<meta property=\"article:published_time\" content=\"2019-09-26T16:02:20+00:00\" \/>\n<meta property=\"og:image\" content=\"https:\/\/sandzakpress.net\/arhiva\/wp-content\/uploads\/2019\/09\/hamad2panccevo.jpg\" \/>\n\t<meta property=\"og:image:width\" content=\"800\" \/>\n\t<meta property=\"og:image:height\" content=\"445\" \/>\n\t<meta property=\"og:image:type\" content=\"image\/jpeg\" \/>\n<meta name=\"author\" content=\"Agencija\" \/>\n<meta name=\"twitter:card\" content=\"summary_large_image\" \/>\n<meta name=\"twitter:label1\" content=\"Written by\" \/>\n\t<meta name=\"twitter:data1\" content=\"Agencija\" \/>\n\t<meta name=\"twitter:label2\" content=\"Est. reading time\" \/>\n\t<meta name=\"twitter:data2\" content=\"1 minuta\" \/>\n<script type=\"application\/ld+json\" class=\"yoast-schema-graph\">{\"@context\":\"https:\/\/schema.org\",\"@graph\":[{\"@type\":\"Article\",\"@id\":\"https:\/\/sandzakpress.net\/arhiva\/medjedovic-poentirao-za-cetvrtfinale\/#article\",\"isPartOf\":{\"@id\":\"https:\/\/sandzakpress.net\/arhiva\/medjedovic-poentirao-za-cetvrtfinale\/\"},\"author\":{\"name\":\"Agencija\",\"@id\":\"https:\/\/sandzakpress.net\/arhiva\/#\/schema\/person\/cb59d7e3ab91ab90dd680ad0305a6185\"},\"headline\":\"Me\u0111edovi\u0107 poentirao za \u010detvrtfinale\",\"datePublished\":\"2019-09-26T16:02:20+00:00\",\"mainEntityOfPage\":{\"@id\":\"https:\/\/sandzakpress.net\/arhiva\/medjedovic-poentirao-za-cetvrtfinale\/\"},\"wordCount\":174,\"commentCount\":0,\"publisher\":{\"@id\":\"https:\/\/sandzakpress.net\/arhiva\/#\/schema\/person\/6e72b67d6e51910a1117b3b483ba20bd\"},\"image\":{\"@id\":\"https:\/\/sandzakpress.net\/arhiva\/medjedovic-poentirao-za-cetvrtfinale\/#primaryimage\"},\"thumbnailUrl\":\"https:\/\/sandzakpress.net\/arhiva\/wp-content\/uploads\/2019\/09\/hamad2panccevo.jpg\",\"articleSection\":[\"Novi Pazar\",\"Sport\"],\"inLanguage\":\"bs-BA\",\"potentialAction\":[{\"@type\":\"CommentAction\",\"name\":\"Comment\",\"target\":[\"https:\/\/sandzakpress.net\/arhiva\/medjedovic-poentirao-za-cetvrtfinale\/#respond\"]}]},{\"@type\":\"WebPage\",\"@id\":\"https:\/\/sandzakpress.net\/arhiva\/medjedovic-poentirao-za-cetvrtfinale\/\",\"url\":\"https:\/\/sandzakpress.net\/arhiva\/medjedovic-poentirao-za-cetvrtfinale\/\",\"name\":\"Me\u0111edovi\u0107 poentirao za \u010detvrtfinale\",\"isPartOf\":{\"@id\":\"https:\/\/sandzakpress.net\/arhiva\/#website\"},\"primaryImageOfPage\":{\"@id\":\"https:\/\/sandzakpress.net\/arhiva\/medjedovic-poentirao-za-cetvrtfinale\/#primaryimage\"},\"image\":{\"@id\":\"https:\/\/sandzakpress.net\/arhiva\/medjedovic-poentirao-za-cetvrtfinale\/#primaryimage\"},\"thumbnailUrl\":\"https:\/\/sandzakpress.net\/arhiva\/wp-content\/uploads\/2019\/09\/hamad2panccevo.jpg\",\"datePublished\":\"2019-09-26T16:02:20+00:00\",\"breadcrumb\":{\"@id\":\"https:\/\/sandzakpress.net\/arhiva\/medjedovic-poentirao-za-cetvrtfinale\/#breadcrumb\"},\"inLanguage\":\"bs-BA\",\"potentialAction\":[{\"@type\":\"ReadAction\",\"target\":[\"https:\/\/sandzakpress.net\/arhiva\/medjedovic-poentirao-za-cetvrtfinale\/\"]}]},{\"@type\":\"ImageObject\",\"inLanguage\":\"bs-BA\",\"@id\":\"https:\/\/sandzakpress.net\/arhiva\/medjedovic-poentirao-za-cetvrtfinale\/#primaryimage\",\"url\":\"https:\/\/sandzakpress.net\/arhiva\/wp-content\/uploads\/2019\/09\/hamad2panccevo.jpg\",\"contentUrl\":\"https:\/\/sandzakpress.net\/arhiva\/wp-content\/uploads\/2019\/09\/hamad2panccevo.jpg\",\"width\":800,\"height\":445},{\"@type\":\"BreadcrumbList\",\"@id\":\"https:\/\/sandzakpress.net\/arhiva\/medjedovic-poentirao-za-cetvrtfinale\/#breadcrumb\",\"itemListElement\":[{\"@type\":\"ListItem\",\"position\":1,\"name\":\"Home\",\"item\":\"https:\/\/sandzakpress.net\/arhiva\/\"},{\"@type\":\"ListItem\",\"position\":2,\"name\":\"Me\u0111edovi\u0107 poentirao za \u010detvrtfinale\"}]},{\"@type\":\"WebSite\",\"@id\":\"https:\/\/sandzakpress.net\/arhiva\/#website\",\"url\":\"https:\/\/sandzakpress.net\/arhiva\/\",\"name\":\"Sand\u017eak PRESS\",\"description\":\"Prve elektronske novine u Sand\u017eaku\",\"publisher\":{\"@id\":\"https:\/\/sandzakpress.net\/arhiva\/#\/schema\/person\/6e72b67d6e51910a1117b3b483ba20bd\"},\"potentialAction\":[{\"@type\":\"SearchAction\",\"target\":{\"@type\":\"EntryPoint\",\"urlTemplate\":\"https:\/\/sandzakpress.net\/arhiva\/?s={search_term_string}\"},\"query-input\":{\"@type\":\"PropertyValueSpecification\",\"valueRequired\":true,\"valueName\":\"search_term_string\"}}],\"inLanguage\":\"bs-BA\"},{\"@type\":[\"Person\",\"Organization\"],\"@id\":\"https:\/\/sandzakpress.net\/arhiva\/#\/schema\/person\/6e72b67d6e51910a1117b3b483ba20bd\",\"name\":\"Kul\",\"image\":{\"@type\":\"ImageObject\",\"inLanguage\":\"bs-BA\",\"@id\":\"https:\/\/sandzakpress.net\/arhiva\/#\/schema\/person\/image\/\",\"url\":\"https:\/\/secure.gravatar.com\/avatar\/42263f39aa27ac04c43cab85c280eb2e?s=96&d=mm&r=pg\",\"contentUrl\":\"https:\/\/secure.gravatar.com\/avatar\/42263f39aa27ac04c43cab85c280eb2e?s=96&d=mm&r=pg\",\"caption\":\"Kul\"},\"logo\":{\"@id\":\"https:\/\/sandzakpress.net\/arhiva\/#\/schema\/person\/image\/\"}},{\"@type\":\"Person\",\"@id\":\"https:\/\/sandzakpress.net\/arhiva\/#\/schema\/person\/cb59d7e3ab91ab90dd680ad0305a6185\",\"name\":\"Agencija\",\"image\":{\"@type\":\"ImageObject\",\"inLanguage\":\"bs-BA\",\"@id\":\"https:\/\/sandzakpress.net\/arhiva\/#\/schema\/person\/image\/\",\"url\":\"https:\/\/secure.gravatar.com\/avatar\/4b7fafa80a22f0c2afe23966b3961fe0?s=96&d=mm&r=pg\",\"contentUrl\":\"https:\/\/secure.gravatar.com\/avatar\/4b7fafa80a22f0c2afe23966b3961fe0?s=96&d=mm&r=pg\",\"caption\":\"Agencija\"},\"url\":\"https:\/\/sandzakpress.net\/arhiva\/author\/agencija\/\"}]}<\/script>\n<!-- \/ Yoast SEO Premium plugin. -->","yoast_head_json":{"title":"Me\u0111edovi\u0107 poentirao za \u010detvrtfinale","robots":{"index":"index","follow":"follow","max-snippet":"max-snippet:-1","max-image-preview":"max-image-preview:large","max-video-preview":"max-video-preview:-1"},"canonical":"https:\/\/sandzakpress.net\/arhiva\/medjedovic-poentirao-za-cetvrtfinale\/","og_locale":"bs_BA","og_type":"article","og_title":"Me\u0111edovi\u0107 poentirao za \u010detvrtfinale","og_description":"Novopazarski teniser Hamad Me\u0111edovi\u0107 ostvario je poraz u singlu i pobedu u dublu u trijumfu selekcije Srbije do 16 godina nad Australijom od 2:1, u drugom kolu C grupe na Ekipnom prvenstvu sveta u Orlandu. Me\u0111edovi\u0107 je u dva seta (3:6, 4:6) izgubio singl me\u010d od Filipa Sekuli\u0107a, a zajedno sa Stefanom Popovi\u0107em slavio je [&hellip;]","og_url":"https:\/\/sandzakpress.net\/arhiva\/medjedovic-poentirao-za-cetvrtfinale\/","og_site_name":"Sand\u017eak PRESS","article_published_time":"2019-09-26T16:02:20+00:00","og_image":[{"width":800,"height":445,"url":"https:\/\/sandzakpress.net\/arhiva\/wp-content\/uploads\/2019\/09\/hamad2panccevo.jpg","type":"image\/jpeg"}],"author":"Agencija","twitter_card":"summary_large_image","twitter_misc":{"Written by":"Agencija","Est. reading time":"1 minuta"},"schema":{"@context":"https:\/\/schema.org","@graph":[{"@type":"Article","@id":"https:\/\/sandzakpress.net\/arhiva\/medjedovic-poentirao-za-cetvrtfinale\/#article","isPartOf":{"@id":"https:\/\/sandzakpress.net\/arhiva\/medjedovic-poentirao-za-cetvrtfinale\/"},"author":{"name":"Agencija","@id":"https:\/\/sandzakpress.net\/arhiva\/#\/schema\/person\/cb59d7e3ab91ab90dd680ad0305a6185"},"headline":"Me\u0111edovi\u0107 poentirao za \u010detvrtfinale","datePublished":"2019-09-26T16:02:20+00:00","mainEntityOfPage":{"@id":"https:\/\/sandzakpress.net\/arhiva\/medjedovic-poentirao-za-cetvrtfinale\/"},"wordCount":174,"commentCount":0,"publisher":{"@id":"https:\/\/sandzakpress.net\/arhiva\/#\/schema\/person\/6e72b67d6e51910a1117b3b483ba20bd"},"image":{"@id":"https:\/\/sandzakpress.net\/arhiva\/medjedovic-poentirao-za-cetvrtfinale\/#primaryimage"},"thumbnailUrl":"https:\/\/sandzakpress.net\/arhiva\/wp-content\/uploads\/2019\/09\/hamad2panccevo.jpg","articleSection":["Novi Pazar","Sport"],"inLanguage":"bs-BA","potentialAction":[{"@type":"CommentAction","name":"Comment","target":["https:\/\/sandzakpress.net\/arhiva\/medjedovic-poentirao-za-cetvrtfinale\/#respond"]}]},{"@type":"WebPage","@id":"https:\/\/sandzakpress.net\/arhiva\/medjedovic-poentirao-za-cetvrtfinale\/","url":"https:\/\/sandzakpress.net\/arhiva\/medjedovic-poentirao-za-cetvrtfinale\/","name":"Me\u0111edovi\u0107 poentirao za \u010detvrtfinale","isPartOf":{"@id":"https:\/\/sandzakpress.net\/arhiva\/#website"},"primaryImageOfPage":{"@id":"https:\/\/sandzakpress.net\/arhiva\/medjedovic-poentirao-za-cetvrtfinale\/#primaryimage"},"image":{"@id":"https:\/\/sandzakpress.net\/arhiva\/medjedovic-poentirao-za-cetvrtfinale\/#primaryimage"},"thumbnailUrl":"https:\/\/sandzakpress.net\/arhiva\/wp-content\/uploads\/2019\/09\/hamad2panccevo.jpg","datePublished":"2019-09-26T16:02:20+00:00","breadcrumb":{"@id":"https:\/\/sandzakpress.net\/arhiva\/medjedovic-poentirao-za-cetvrtfinale\/#breadcrumb"},"inLanguage":"bs-BA","potentialAction":[{"@type":"ReadAction","target":["https:\/\/sandzakpress.net\/arhiva\/medjedovic-poentirao-za-cetvrtfinale\/"]}]},{"@type":"ImageObject","inLanguage":"bs-BA","@id":"https:\/\/sandzakpress.net\/arhiva\/medjedovic-poentirao-za-cetvrtfinale\/#primaryimage","url":"https:\/\/sandzakpress.net\/arhiva\/wp-content\/uploads\/2019\/09\/hamad2panccevo.jpg","contentUrl":"https:\/\/sandzakpress.net\/arhiva\/wp-content\/uploads\/2019\/09\/hamad2panccevo.jpg","width":800,"height":445},{"@type":"BreadcrumbList","@id":"https:\/\/sandzakpress.net\/arhiva\/medjedovic-poentirao-za-cetvrtfinale\/#breadcrumb","itemListElement":[{"@type":"ListItem","position":1,"name":"Home","item":"https:\/\/sandzakpress.net\/arhiva\/"},{"@type":"ListItem","position":2,"name":"Me\u0111edovi\u0107 poentirao za \u010detvrtfinale"}]},{"@type":"WebSite","@id":"https:\/\/sandzakpress.net\/arhiva\/#website","url":"https:\/\/sandzakpress.net\/arhiva\/","name":"Sand\u017eak PRESS","description":"Prve elektronske novine u Sand\u017eaku","publisher":{"@id":"https:\/\/sandzakpress.net\/arhiva\/#\/schema\/person\/6e72b67d6e51910a1117b3b483ba20bd"},"potentialAction":[{"@type":"SearchAction","target":{"@type":"EntryPoint","urlTemplate":"https:\/\/sandzakpress.net\/arhiva\/?s={search_term_string}"},"query-input":{"@type":"PropertyValueSpecification","valueRequired":true,"valueName":"search_term_string"}}],"inLanguage":"bs-BA"},{"@type":["Person","Organization"],"@id":"https:\/\/sandzakpress.net\/arhiva\/#\/schema\/person\/6e72b67d6e51910a1117b3b483ba20bd","name":"Kul","image":{"@type":"ImageObject","inLanguage":"bs-BA","@id":"https:\/\/sandzakpress.net\/arhiva\/#\/schema\/person\/image\/","url":"https:\/\/secure.gravatar.com\/avatar\/42263f39aa27ac04c43cab85c280eb2e?s=96&d=mm&r=pg","contentUrl":"https:\/\/secure.gravatar.com\/avatar\/42263f39aa27ac04c43cab85c280eb2e?s=96&d=mm&r=pg","caption":"Kul"},"logo":{"@id":"https:\/\/sandzakpress.net\/arhiva\/#\/schema\/person\/image\/"}},{"@type":"Person","@id":"https:\/\/sandzakpress.net\/arhiva\/#\/schema\/person\/cb59d7e3ab91ab90dd680ad0305a6185","name":"Agencija","image":{"@type":"ImageObject","inLanguage":"bs-BA","@id":"https:\/\/sandzakpress.net\/arhiva\/#\/schema\/person\/image\/","url":"https:\/\/secure.gravatar.com\/avatar\/4b7fafa80a22f0c2afe23966b3961fe0?s=96&d=mm&r=pg","contentUrl":"https:\/\/secure.gravatar.com\/avatar\/4b7fafa80a22f0c2afe23966b3961fe0?s=96&d=mm&r=pg","caption":"Agencija"},"url":"https:\/\/sandzakpress.net\/arhiva\/author\/agencija\/"}]}},"_links":{"self":[{"href":"https:\/\/sandzakpress.net\/arhiva\/wp-json\/wp\/v2\/posts\/228636"}],"collection":[{"href":"https:\/\/sandzakpress.net\/arhiva\/wp-json\/wp\/v2\/posts"}],"about":[{"href":"https:\/\/sandzakpress.net\/arhiva\/wp-json\/wp\/v2\/types\/post"}],"author":[{"embeddable":true,"href":"https:\/\/sandzakpress.net\/arhiva\/wp-json\/wp\/v2\/users\/509"}],"replies":[{"embeddable":true,"href":"https:\/\/sandzakpress.net\/arhiva\/wp-json\/wp\/v2\/comments?post=228636"}],"version-history":[{"count":0,"href":"https:\/\/sandzakpress.net\/arhiva\/wp-json\/wp\/v2\/posts\/228636\/revisions"}],"wp:featuredmedia":[{"embeddable":true,"href":"https:\/\/sandzakpress.net\/arhiva\/wp-json\/wp\/v2\/media\/228637"}],"wp:attachment":[{"href":"https:\/\/sandzakpress.net\/arhiva\/wp-json\/wp\/v2\/media?parent=228636"}],"wp:term":[{"taxonomy":"category","embeddable":true,"href":"https:\/\/sandzakpress.net\/arhiva\/wp-json\/wp\/v2\/categories?post=228636"},{"taxonomy":"post_tag","embeddable":true,"href":"https:\/\/sandzakpress.net\/arhiva\/wp-json\/wp\/v2\/tags?post=228636"}],"curies":[{"name":"wp","href":"https:\/\/api.w.org\/{rel}","templated":true}]}}