{"id":228596,"date":"2019-09-26T14:17:22","date_gmt":"2019-09-26T12:17:22","guid":{"rendered":"https:\/\/sandzakpress.net\/arhiva\/?p=228596"},"modified":"2019-09-26T14:17:22","modified_gmt":"2019-09-26T12:17:22","slug":"kandidat-za-reisu-l-ulemu-muftija-zukorlic-otvorio-naucnu-konferenciju-u-sarajevu","status":"publish","type":"post","link":"https:\/\/sandzakpress.net\/arhiva\/kandidat-za-reisu-l-ulemu-muftija-zukorlic-otvorio-naucnu-konferenciju-u-sarajevu\/","title":{"rendered":"Kandidat za Reisu-l-ulemu muftija Zukorli\u0107 otvorio nau\u010dnu konferenciju u Sarajevu"},"content":{"rendered":"<p><img loading=\"lazy\" decoding=\"async\" class=\"alignnone size-full wp-image-228597\" src=\"https:\/\/sandzakpress.net\/arhiva\/wp-content\/uploads\/2019\/09\/0-6.jpg\" alt=\"\" width=\"1600\" height=\"1066\" srcset=\"https:\/\/sandzakpress.net\/arhiva\/wp-content\/uploads\/2019\/09\/0-6.jpg 1600w, https:\/\/sandzakpress.net\/arhiva\/wp-content\/uploads\/2019\/09\/0-6-768x512.jpg 768w, https:\/\/sandzakpress.net\/arhiva\/wp-content\/uploads\/2019\/09\/0-6-616x410.jpg 616w, https:\/\/sandzakpress.net\/arhiva\/wp-content\/uploads\/2019\/09\/0-6-360x240.jpg 360w\" sizes=\"(max-width: 1600px) 100vw, 1600px\" \/><\/p>\n<p><strong>Pod pokroviteljstvom akademika Muamera Zukorli\u0107a i predsjedavaju\u0107eg Predsjedni\u0161tva BiH g. \u017deljka Kom\u0161i\u0107a 25. i 26. septembra u Gazi Husrev-begovoj biblioteci u Sarajevu odr\u017eana je nau\u010dna konferencija sa me\u0111unarodnim u\u010de\u0161\u0107em \u201cVjerski turizam i teologija\u201d.<br \/><\/strong><br \/>Na konferenciji u organizaciji Visoke \u0161kole za turizam i menad\u017ement iz Konjica i Fakulteta za islamske studije, u\u0107e\u0161\u0107e je uzelo preko 60 izlaga\u010da i ostalih u\u010desnika koji su predstavili 19 nau\u010dnih radova.<\/p>\n<p>Konferenciju su otvorili prof. dr. Marijana \u0160e\u0107ibovi\u0107, dekan Visoke \u0161kole za turizam i menad\u017ement Konjic, prof. dr. Admir Muratovi\u0107 prodekan Fakulteta za islamske studije, kao suorganizatori konferencije.<\/p>\n<p>U ime predstavnika javnih institucija obra\u0107anje su imali ambasadori Ruske Federacije, Republike Sjeverne Makedonije, Crne Gore i predstavnica ambasade Hrvatske.<\/p>\n<p>Sa posebnom pa\u017enjom je propra\u0107eno obra\u0107anje glavnog gosta, a ujedno i pokrovitelja konferencije, generalnog sektretara BANU, akademika Muamera Zukorli\u0107a. On je posebno naglasio da i pored \u010dinjenice da nije uobi\u010dajeno da akademije nauka u\u010destvuju, u ovom svojstvu, na ovakvim skupovima, ipak va\u017enost teme, po\u0161tuju\u0107i zalaganje organizatora odlu\u010dio se na ovaj \u010din.<\/p>\n<p>U kontekstu kur\u2019ansko-hadiskih principa o potrebi upoznavanja razli\u010ditosti kroz putovanje po svijetu, akademik Zukorli\u0107 je naglasio va\u017enost nau\u010dnog anga\u017emana na ovu va\u017enu temu, koja je aktualna uvijek, posebno u kontekstu novih migracionih trendova kada je potrebno biti na visini zadatka i te ljude koji zbog ne\u010dega \u0161to u mjestu svog ro\u0111enja nemaju, odlaze onamo gdje \u201cima vi\u0161ka\u201d, tretirati onako kako oni to zaslu\u017euju.<\/p>\n<p>Dr. Admir Muratovi\u0107 je, drugog dana konferencije imao izlaganje koatorskog rada autora sa dr. Amelom Muratovi\u0107 na temu \u201eUloga Islamske zajednice u Srbiji u o\u010duvanju i afirmaciji postoje\u0107e, kao i izgradnji nove vjerske infrastrukture u Novom Pazaru i okolini sa posebnim osvrtom na pred\u0161kolsku ustanovu &#8216;Reuda&#8217; i Islamski centar u Delime\u0111u\u201c.<\/p>\n<p>Konferenciju su zatvorili sa predstavljanjem zaklju\u010daka prof. dr. Refik \u0160e\u0107ibovi\u0107, prof. dr. Marijana \u0160e\u0107ibovi\u0107 i prof. dr. Admir Muratovi\u0107.<\/p>\n<p>\u00a0<img loading=\"lazy\" decoding=\"async\" class=\"alignnone size-full wp-image-228598\" src=\"https:\/\/sandzakpress.net\/arhiva\/wp-content\/uploads\/2019\/09\/1-8.jpg\" alt=\"\" width=\"1600\" height=\"1066\" srcset=\"https:\/\/sandzakpress.net\/arhiva\/wp-content\/uploads\/2019\/09\/1-8.jpg 1600w, https:\/\/sandzakpress.net\/arhiva\/wp-content\/uploads\/2019\/09\/1-8-768x512.jpg 768w, https:\/\/sandzakpress.net\/arhiva\/wp-content\/uploads\/2019\/09\/1-8-616x410.jpg 616w, https:\/\/sandzakpress.net\/arhiva\/wp-content\/uploads\/2019\/09\/1-8-360x240.jpg 360w\" sizes=\"(max-width: 1600px) 100vw, 1600px\" \/> <img loading=\"lazy\" decoding=\"async\" class=\"alignnone size-full wp-image-228599\" src=\"https:\/\/sandzakpress.net\/arhiva\/wp-content\/uploads\/2019\/09\/1a.jpg\" alt=\"\" width=\"1600\" height=\"1066\" srcset=\"https:\/\/sandzakpress.net\/arhiva\/wp-content\/uploads\/2019\/09\/1a.jpg 1600w, https:\/\/sandzakpress.net\/arhiva\/wp-content\/uploads\/2019\/09\/1a-768x512.jpg 768w, https:\/\/sandzakpress.net\/arhiva\/wp-content\/uploads\/2019\/09\/1a-616x410.jpg 616w, https:\/\/sandzakpress.net\/arhiva\/wp-content\/uploads\/2019\/09\/1a-360x240.jpg 360w\" sizes=\"(max-width: 1600px) 100vw, 1600px\" \/> <img loading=\"lazy\" decoding=\"async\" class=\"alignnone size-full wp-image-228600\" src=\"https:\/\/sandzakpress.net\/arhiva\/wp-content\/uploads\/2019\/09\/2-10.jpg\" alt=\"\" width=\"1600\" height=\"1066\" srcset=\"https:\/\/sandzakpress.net\/arhiva\/wp-content\/uploads\/2019\/09\/2-10.jpg 1600w, https:\/\/sandzakpress.net\/arhiva\/wp-content\/uploads\/2019\/09\/2-10-768x512.jpg 768w, https:\/\/sandzakpress.net\/arhiva\/wp-content\/uploads\/2019\/09\/2-10-616x410.jpg 616w, https:\/\/sandzakpress.net\/arhiva\/wp-content\/uploads\/2019\/09\/2-10-360x240.jpg 360w\" sizes=\"(max-width: 1600px) 100vw, 1600px\" \/> <img loading=\"lazy\" decoding=\"async\" class=\"alignnone size-full wp-image-228601\" src=\"https:\/\/sandzakpress.net\/arhiva\/wp-content\/uploads\/2019\/09\/3-4.jpg\" alt=\"\" width=\"1600\" height=\"1066\" srcset=\"https:\/\/sandzakpress.net\/arhiva\/wp-content\/uploads\/2019\/09\/3-4.jpg 1600w, https:\/\/sandzakpress.net\/arhiva\/wp-content\/uploads\/2019\/09\/3-4-768x512.jpg 768w, https:\/\/sandzakpress.net\/arhiva\/wp-content\/uploads\/2019\/09\/3-4-616x410.jpg 616w, https:\/\/sandzakpress.net\/arhiva\/wp-content\/uploads\/2019\/09\/3-4-360x240.jpg 360w\" sizes=\"(max-width: 1600px) 100vw, 1600px\" \/> <img loading=\"lazy\" decoding=\"async\" class=\"alignnone size-full wp-image-228602\" src=\"https:\/\/sandzakpress.net\/arhiva\/wp-content\/uploads\/2019\/09\/4-3.jpg\" alt=\"\" width=\"1600\" height=\"1066\" srcset=\"https:\/\/sandzakpress.net\/arhiva\/wp-content\/uploads\/2019\/09\/4-3.jpg 1600w, https:\/\/sandzakpress.net\/arhiva\/wp-content\/uploads\/2019\/09\/4-3-768x512.jpg 768w, https:\/\/sandzakpress.net\/arhiva\/wp-content\/uploads\/2019\/09\/4-3-616x410.jpg 616w, https:\/\/sandzakpress.net\/arhiva\/wp-content\/uploads\/2019\/09\/4-3-360x240.jpg 360w\" sizes=\"(max-width: 1600px) 100vw, 1600px\" \/> <img loading=\"lazy\" decoding=\"async\" class=\"alignnone size-full wp-image-228603\" src=\"https:\/\/sandzakpress.net\/arhiva\/wp-content\/uploads\/2019\/09\/5-2.jpg\" alt=\"\" width=\"1600\" height=\"1066\" srcset=\"https:\/\/sandzakpress.net\/arhiva\/wp-content\/uploads\/2019\/09\/5-2.jpg 1600w, https:\/\/sandzakpress.net\/arhiva\/wp-content\/uploads\/2019\/09\/5-2-768x512.jpg 768w, https:\/\/sandzakpress.net\/arhiva\/wp-content\/uploads\/2019\/09\/5-2-616x410.jpg 616w, https:\/\/sandzakpress.net\/arhiva\/wp-content\/uploads\/2019\/09\/5-2-360x240.jpg 360w\" sizes=\"(max-width: 1600px) 100vw, 1600px\" \/> <img loading=\"lazy\" decoding=\"async\" class=\"alignnone size-full wp-image-228604\" src=\"https:\/\/sandzakpress.net\/arhiva\/wp-content\/uploads\/2019\/09\/6-1.jpg\" alt=\"\" width=\"1600\" height=\"1066\" srcset=\"https:\/\/sandzakpress.net\/arhiva\/wp-content\/uploads\/2019\/09\/6-1.jpg 1600w, https:\/\/sandzakpress.net\/arhiva\/wp-content\/uploads\/2019\/09\/6-1-768x512.jpg 768w, https:\/\/sandzakpress.net\/arhiva\/wp-content\/uploads\/2019\/09\/6-1-616x410.jpg 616w, https:\/\/sandzakpress.net\/arhiva\/wp-content\/uploads\/2019\/09\/6-1-360x240.jpg 360w\" sizes=\"(max-width: 1600px) 100vw, 1600px\" \/> <img loading=\"lazy\" decoding=\"async\" class=\"alignnone size-full wp-image-228605\" src=\"https:\/\/sandzakpress.net\/arhiva\/wp-content\/uploads\/2019\/09\/6a.jpg\" alt=\"\" width=\"1600\" height=\"1066\" srcset=\"https:\/\/sandzakpress.net\/arhiva\/wp-content\/uploads\/2019\/09\/6a.jpg 1600w, https:\/\/sandzakpress.net\/arhiva\/wp-content\/uploads\/2019\/09\/6a-768x512.jpg 768w, https:\/\/sandzakpress.net\/arhiva\/wp-content\/uploads\/2019\/09\/6a-616x410.jpg 616w, https:\/\/sandzakpress.net\/arhiva\/wp-content\/uploads\/2019\/09\/6a-360x240.jpg 360w\" sizes=\"(max-width: 1600px) 100vw, 1600px\" \/> <img loading=\"lazy\" decoding=\"async\" class=\"alignnone size-full wp-image-228606\" src=\"https:\/\/sandzakpress.net\/arhiva\/wp-content\/uploads\/2019\/09\/7-1.jpg\" alt=\"\" width=\"1600\" height=\"1066\" srcset=\"https:\/\/sandzakpress.net\/arhiva\/wp-content\/uploads\/2019\/09\/7-1.jpg 1600w, https:\/\/sandzakpress.net\/arhiva\/wp-content\/uploads\/2019\/09\/7-1-768x512.jpg 768w, https:\/\/sandzakpress.net\/arhiva\/wp-content\/uploads\/2019\/09\/7-1-616x410.jpg 616w, https:\/\/sandzakpress.net\/arhiva\/wp-content\/uploads\/2019\/09\/7-1-360x240.jpg 360w\" sizes=\"(max-width: 1600px) 100vw, 1600px\" \/> <img loading=\"lazy\" decoding=\"async\" class=\"alignnone size-full wp-image-228607\" src=\"https:\/\/sandzakpress.net\/arhiva\/wp-content\/uploads\/2019\/09\/8-1.jpg\" alt=\"\" width=\"1600\" height=\"1066\" srcset=\"https:\/\/sandzakpress.net\/arhiva\/wp-content\/uploads\/2019\/09\/8-1.jpg 1600w, https:\/\/sandzakpress.net\/arhiva\/wp-content\/uploads\/2019\/09\/8-1-768x512.jpg 768w, https:\/\/sandzakpress.net\/arhiva\/wp-content\/uploads\/2019\/09\/8-1-616x410.jpg 616w, https:\/\/sandzakpress.net\/arhiva\/wp-content\/uploads\/2019\/09\/8-1-360x240.jpg 360w\" sizes=\"(max-width: 1600px) 100vw, 1600px\" \/> <img loading=\"lazy\" decoding=\"async\" class=\"alignnone size-full wp-image-228608\" src=\"https:\/\/sandzakpress.net\/arhiva\/wp-content\/uploads\/2019\/09\/9-2.jpg\" alt=\"\" width=\"1600\" height=\"900\" srcset=\"https:\/\/sandzakpress.net\/arhiva\/wp-content\/uploads\/2019\/09\/9-2.jpg 1600w, https:\/\/sandzakpress.net\/arhiva\/wp-content\/uploads\/2019\/09\/9-2-768x432.jpg 768w, https:\/\/sandzakpress.net\/arhiva\/wp-content\/uploads\/2019\/09\/9-2-616x347.jpg 616w\" sizes=\"(max-width: 1600px) 100vw, 1600px\" \/> <img loading=\"lazy\" decoding=\"async\" class=\"alignnone size-full wp-image-228609\" src=\"https:\/\/sandzakpress.net\/arhiva\/wp-content\/uploads\/2019\/09\/10-2.jpg\" alt=\"\" width=\"1600\" height=\"1200\" srcset=\"https:\/\/sandzakpress.net\/arhiva\/wp-content\/uploads\/2019\/09\/10-2.jpg 1600w, https:\/\/sandzakpress.net\/arhiva\/wp-content\/uploads\/2019\/09\/10-2-768x576.jpg 768w, https:\/\/sandzakpress.net\/arhiva\/wp-content\/uploads\/2019\/09\/10-2-616x462.jpg 616w\" sizes=\"(max-width: 1600px) 100vw, 1600px\" \/> <img loading=\"lazy\" decoding=\"async\" class=\"alignnone size-full wp-image-228610\" src=\"https:\/\/sandzakpress.net\/arhiva\/wp-content\/uploads\/2019\/09\/11-3.jpg\" alt=\"\" width=\"1600\" height=\"1066\" srcset=\"https:\/\/sandzakpress.net\/arhiva\/wp-content\/uploads\/2019\/09\/11-3.jpg 1600w, https:\/\/sandzakpress.net\/arhiva\/wp-content\/uploads\/2019\/09\/11-3-768x512.jpg 768w, https:\/\/sandzakpress.net\/arhiva\/wp-content\/uploads\/2019\/09\/11-3-616x410.jpg 616w, https:\/\/sandzakpress.net\/arhiva\/wp-content\/uploads\/2019\/09\/11-3-360x240.jpg 360w\" sizes=\"(max-width: 1600px) 100vw, 1600px\" \/><\/p>\n<p>izvor: SANA<\/p>\n","protected":false},"excerpt":{"rendered":"<p>Pod pokroviteljstvom akademika Muamera Zukorli\u0107a i predsjedavaju\u0107eg Predsjedni\u0161tva BiH g. \u017deljka Kom\u0161i\u0107a 25. i 26. septembra u Gazi Husrev-begovoj biblioteci u Sarajevu odr\u017eana je nau\u010dna konferencija sa me\u0111unarodnim u\u010de\u0161\u0107em \u201cVjerski turizam i teologija\u201d.Na konferenciji u organizaciji Visoke \u0161kole za turizam i menad\u017ement iz Konjica i Fakulteta za islamske studije, u\u0107e\u0161\u0107e je uzelo preko 60 izlaga\u010da [&hellip;]<\/p>\n","protected":false},"author":509,"featured_media":228597,"comment_status":"open","ping_status":"open","sticky":false,"template":"","format":"standard","meta":{"footnotes":""},"categories":[2860,72,5,8957],"tags":[10204],"class_list":{"0":"post-228596","1":"post","2":"type-post","3":"status-publish","4":"format-standard","5":"has-post-thumbnail","7":"category-bosna-i-hercegovina-gradovi","8":"category-novi-pazar","9":"category-drustvo","10":"category-vijesti-dana","11":"tag-muftija-muamer-zukorlic"},"yoast_head":"<!-- This site is optimized with the Yoast SEO Premium plugin v23.1 (Yoast SEO v24.9) - https:\/\/yoast.com\/wordpress\/plugins\/seo\/ -->\n<title>Kandidat za Reisu-l-ulemu muftija Zukorli\u0107 otvorio nau\u010dnu konferenciju u Sarajevu<\/title>\n<meta name=\"robots\" content=\"index, follow, max-snippet:-1, max-image-preview:large, max-video-preview:-1\" \/>\n<link rel=\"canonical\" href=\"https:\/\/sandzakpress.net\/arhiva\/kandidat-za-reisu-l-ulemu-muftija-zukorlic-otvorio-naucnu-konferenciju-u-sarajevu\/\" \/>\n<meta property=\"og:locale\" content=\"bs_BA\" \/>\n<meta property=\"og:type\" content=\"article\" \/>\n<meta property=\"og:title\" content=\"Kandidat za Reisu-l-ulemu muftija Zukorli\u0107 otvorio nau\u010dnu konferenciju u Sarajevu\" \/>\n<meta property=\"og:description\" content=\"Pod pokroviteljstvom akademika Muamera Zukorli\u0107a i predsjedavaju\u0107eg Predsjedni\u0161tva BiH g. \u017deljka Kom\u0161i\u0107a 25. i 26. septembra u Gazi Husrev-begovoj biblioteci u Sarajevu odr\u017eana je nau\u010dna konferencija sa me\u0111unarodnim u\u010de\u0161\u0107em \u201cVjerski turizam i teologija\u201d.Na konferenciji u organizaciji Visoke \u0161kole za turizam i menad\u017ement iz Konjica i Fakulteta za islamske studije, u\u0107e\u0161\u0107e je uzelo preko 60 izlaga\u010da [&hellip;]\" \/>\n<meta property=\"og:url\" content=\"https:\/\/sandzakpress.net\/arhiva\/kandidat-za-reisu-l-ulemu-muftija-zukorlic-otvorio-naucnu-konferenciju-u-sarajevu\/\" \/>\n<meta property=\"og:site_name\" content=\"Sand\u017eak PRESS\" \/>\n<meta property=\"article:published_time\" content=\"2019-09-26T12:17:22+00:00\" \/>\n<meta property=\"og:image\" content=\"https:\/\/sandzakpress.net\/arhiva\/wp-content\/uploads\/2019\/09\/0-6.jpg\" \/>\n\t<meta property=\"og:image:width\" content=\"1600\" \/>\n\t<meta property=\"og:image:height\" content=\"1066\" \/>\n\t<meta property=\"og:image:type\" content=\"image\/jpeg\" \/>\n<meta name=\"author\" content=\"Agencija\" \/>\n<meta name=\"twitter:card\" content=\"summary_large_image\" \/>\n<meta name=\"twitter:label1\" content=\"Written by\" \/>\n\t<meta name=\"twitter:data1\" content=\"Agencija\" \/>\n\t<meta name=\"twitter:label2\" content=\"Est. reading time\" \/>\n\t<meta name=\"twitter:data2\" content=\"2 minute\" \/>\n<script type=\"application\/ld+json\" class=\"yoast-schema-graph\">{\"@context\":\"https:\/\/schema.org\",\"@graph\":[{\"@type\":\"Article\",\"@id\":\"https:\/\/sandzakpress.net\/arhiva\/kandidat-za-reisu-l-ulemu-muftija-zukorlic-otvorio-naucnu-konferenciju-u-sarajevu\/#article\",\"isPartOf\":{\"@id\":\"https:\/\/sandzakpress.net\/arhiva\/kandidat-za-reisu-l-ulemu-muftija-zukorlic-otvorio-naucnu-konferenciju-u-sarajevu\/\"},\"author\":{\"name\":\"Agencija\",\"@id\":\"https:\/\/sandzakpress.net\/arhiva\/#\/schema\/person\/cb59d7e3ab91ab90dd680ad0305a6185\"},\"headline\":\"Kandidat za Reisu-l-ulemu muftija Zukorli\u0107 otvorio nau\u010dnu konferenciju u Sarajevu\",\"datePublished\":\"2019-09-26T12:17:22+00:00\",\"mainEntityOfPage\":{\"@id\":\"https:\/\/sandzakpress.net\/arhiva\/kandidat-za-reisu-l-ulemu-muftija-zukorlic-otvorio-naucnu-konferenciju-u-sarajevu\/\"},\"wordCount\":351,\"commentCount\":0,\"publisher\":{\"@id\":\"https:\/\/sandzakpress.net\/arhiva\/#\/schema\/person\/6e72b67d6e51910a1117b3b483ba20bd\"},\"image\":{\"@id\":\"https:\/\/sandzakpress.net\/arhiva\/kandidat-za-reisu-l-ulemu-muftija-zukorlic-otvorio-naucnu-konferenciju-u-sarajevu\/#primaryimage\"},\"thumbnailUrl\":\"https:\/\/sandzakpress.net\/arhiva\/wp-content\/uploads\/2019\/09\/0-6.jpg\",\"keywords\":[\"muftija Muamer Zukorli\u0107\"],\"articleSection\":[\"Bosna i Hercegovina\",\"Novi Pazar\",\"Dru\u0161tvo\",\"VIJESTI DANA\"],\"inLanguage\":\"bs-BA\",\"potentialAction\":[{\"@type\":\"CommentAction\",\"name\":\"Comment\",\"target\":[\"https:\/\/sandzakpress.net\/arhiva\/kandidat-za-reisu-l-ulemu-muftija-zukorlic-otvorio-naucnu-konferenciju-u-sarajevu\/#respond\"]}]},{\"@type\":\"WebPage\",\"@id\":\"https:\/\/sandzakpress.net\/arhiva\/kandidat-za-reisu-l-ulemu-muftija-zukorlic-otvorio-naucnu-konferenciju-u-sarajevu\/\",\"url\":\"https:\/\/sandzakpress.net\/arhiva\/kandidat-za-reisu-l-ulemu-muftija-zukorlic-otvorio-naucnu-konferenciju-u-sarajevu\/\",\"name\":\"Kandidat za Reisu-l-ulemu muftija Zukorli\u0107 otvorio nau\u010dnu konferenciju u Sarajevu\",\"isPartOf\":{\"@id\":\"https:\/\/sandzakpress.net\/arhiva\/#website\"},\"primaryImageOfPage\":{\"@id\":\"https:\/\/sandzakpress.net\/arhiva\/kandidat-za-reisu-l-ulemu-muftija-zukorlic-otvorio-naucnu-konferenciju-u-sarajevu\/#primaryimage\"},\"image\":{\"@id\":\"https:\/\/sandzakpress.net\/arhiva\/kandidat-za-reisu-l-ulemu-muftija-zukorlic-otvorio-naucnu-konferenciju-u-sarajevu\/#primaryimage\"},\"thumbnailUrl\":\"https:\/\/sandzakpress.net\/arhiva\/wp-content\/uploads\/2019\/09\/0-6.jpg\",\"datePublished\":\"2019-09-26T12:17:22+00:00\",\"breadcrumb\":{\"@id\":\"https:\/\/sandzakpress.net\/arhiva\/kandidat-za-reisu-l-ulemu-muftija-zukorlic-otvorio-naucnu-konferenciju-u-sarajevu\/#breadcrumb\"},\"inLanguage\":\"bs-BA\",\"potentialAction\":[{\"@type\":\"ReadAction\",\"target\":[\"https:\/\/sandzakpress.net\/arhiva\/kandidat-za-reisu-l-ulemu-muftija-zukorlic-otvorio-naucnu-konferenciju-u-sarajevu\/\"]}]},{\"@type\":\"ImageObject\",\"inLanguage\":\"bs-BA\",\"@id\":\"https:\/\/sandzakpress.net\/arhiva\/kandidat-za-reisu-l-ulemu-muftija-zukorlic-otvorio-naucnu-konferenciju-u-sarajevu\/#primaryimage\",\"url\":\"https:\/\/sandzakpress.net\/arhiva\/wp-content\/uploads\/2019\/09\/0-6.jpg\",\"contentUrl\":\"https:\/\/sandzakpress.net\/arhiva\/wp-content\/uploads\/2019\/09\/0-6.jpg\",\"width\":1600,\"height\":1066},{\"@type\":\"BreadcrumbList\",\"@id\":\"https:\/\/sandzakpress.net\/arhiva\/kandidat-za-reisu-l-ulemu-muftija-zukorlic-otvorio-naucnu-konferenciju-u-sarajevu\/#breadcrumb\",\"itemListElement\":[{\"@type\":\"ListItem\",\"position\":1,\"name\":\"Home\",\"item\":\"https:\/\/sandzakpress.net\/arhiva\/\"},{\"@type\":\"ListItem\",\"position\":2,\"name\":\"Kandidat za Reisu-l-ulemu muftija Zukorli\u0107 otvorio nau\u010dnu konferenciju u Sarajevu\"}]},{\"@type\":\"WebSite\",\"@id\":\"https:\/\/sandzakpress.net\/arhiva\/#website\",\"url\":\"https:\/\/sandzakpress.net\/arhiva\/\",\"name\":\"Sand\u017eak PRESS\",\"description\":\"Prve elektronske novine u Sand\u017eaku\",\"publisher\":{\"@id\":\"https:\/\/sandzakpress.net\/arhiva\/#\/schema\/person\/6e72b67d6e51910a1117b3b483ba20bd\"},\"potentialAction\":[{\"@type\":\"SearchAction\",\"target\":{\"@type\":\"EntryPoint\",\"urlTemplate\":\"https:\/\/sandzakpress.net\/arhiva\/?s={search_term_string}\"},\"query-input\":{\"@type\":\"PropertyValueSpecification\",\"valueRequired\":true,\"valueName\":\"search_term_string\"}}],\"inLanguage\":\"bs-BA\"},{\"@type\":[\"Person\",\"Organization\"],\"@id\":\"https:\/\/sandzakpress.net\/arhiva\/#\/schema\/person\/6e72b67d6e51910a1117b3b483ba20bd\",\"name\":\"Kul\",\"image\":{\"@type\":\"ImageObject\",\"inLanguage\":\"bs-BA\",\"@id\":\"https:\/\/sandzakpress.net\/arhiva\/#\/schema\/person\/image\/\",\"url\":\"https:\/\/secure.gravatar.com\/avatar\/42263f39aa27ac04c43cab85c280eb2e?s=96&d=mm&r=pg\",\"contentUrl\":\"https:\/\/secure.gravatar.com\/avatar\/42263f39aa27ac04c43cab85c280eb2e?s=96&d=mm&r=pg\",\"caption\":\"Kul\"},\"logo\":{\"@id\":\"https:\/\/sandzakpress.net\/arhiva\/#\/schema\/person\/image\/\"}},{\"@type\":\"Person\",\"@id\":\"https:\/\/sandzakpress.net\/arhiva\/#\/schema\/person\/cb59d7e3ab91ab90dd680ad0305a6185\",\"name\":\"Agencija\",\"image\":{\"@type\":\"ImageObject\",\"inLanguage\":\"bs-BA\",\"@id\":\"https:\/\/sandzakpress.net\/arhiva\/#\/schema\/person\/image\/\",\"url\":\"https:\/\/secure.gravatar.com\/avatar\/4b7fafa80a22f0c2afe23966b3961fe0?s=96&d=mm&r=pg\",\"contentUrl\":\"https:\/\/secure.gravatar.com\/avatar\/4b7fafa80a22f0c2afe23966b3961fe0?s=96&d=mm&r=pg\",\"caption\":\"Agencija\"},\"url\":\"https:\/\/sandzakpress.net\/arhiva\/author\/agencija\/\"}]}<\/script>\n<!-- \/ Yoast SEO Premium plugin. -->","yoast_head_json":{"title":"Kandidat za Reisu-l-ulemu muftija Zukorli\u0107 otvorio nau\u010dnu konferenciju u Sarajevu","robots":{"index":"index","follow":"follow","max-snippet":"max-snippet:-1","max-image-preview":"max-image-preview:large","max-video-preview":"max-video-preview:-1"},"canonical":"https:\/\/sandzakpress.net\/arhiva\/kandidat-za-reisu-l-ulemu-muftija-zukorlic-otvorio-naucnu-konferenciju-u-sarajevu\/","og_locale":"bs_BA","og_type":"article","og_title":"Kandidat za Reisu-l-ulemu muftija Zukorli\u0107 otvorio nau\u010dnu konferenciju u Sarajevu","og_description":"Pod pokroviteljstvom akademika Muamera Zukorli\u0107a i predsjedavaju\u0107eg Predsjedni\u0161tva BiH g. \u017deljka Kom\u0161i\u0107a 25. i 26. septembra u Gazi Husrev-begovoj biblioteci u Sarajevu odr\u017eana je nau\u010dna konferencija sa me\u0111unarodnim u\u010de\u0161\u0107em \u201cVjerski turizam i teologija\u201d.Na konferenciji u organizaciji Visoke \u0161kole za turizam i menad\u017ement iz Konjica i Fakulteta za islamske studije, u\u0107e\u0161\u0107e je uzelo preko 60 izlaga\u010da [&hellip;]","og_url":"https:\/\/sandzakpress.net\/arhiva\/kandidat-za-reisu-l-ulemu-muftija-zukorlic-otvorio-naucnu-konferenciju-u-sarajevu\/","og_site_name":"Sand\u017eak PRESS","article_published_time":"2019-09-26T12:17:22+00:00","og_image":[{"width":1600,"height":1066,"url":"https:\/\/sandzakpress.net\/arhiva\/wp-content\/uploads\/2019\/09\/0-6.jpg","type":"image\/jpeg"}],"author":"Agencija","twitter_card":"summary_large_image","twitter_misc":{"Written by":"Agencija","Est. reading time":"2 minute"},"schema":{"@context":"https:\/\/schema.org","@graph":[{"@type":"Article","@id":"https:\/\/sandzakpress.net\/arhiva\/kandidat-za-reisu-l-ulemu-muftija-zukorlic-otvorio-naucnu-konferenciju-u-sarajevu\/#article","isPartOf":{"@id":"https:\/\/sandzakpress.net\/arhiva\/kandidat-za-reisu-l-ulemu-muftija-zukorlic-otvorio-naucnu-konferenciju-u-sarajevu\/"},"author":{"name":"Agencija","@id":"https:\/\/sandzakpress.net\/arhiva\/#\/schema\/person\/cb59d7e3ab91ab90dd680ad0305a6185"},"headline":"Kandidat za Reisu-l-ulemu muftija Zukorli\u0107 otvorio nau\u010dnu konferenciju u Sarajevu","datePublished":"2019-09-26T12:17:22+00:00","mainEntityOfPage":{"@id":"https:\/\/sandzakpress.net\/arhiva\/kandidat-za-reisu-l-ulemu-muftija-zukorlic-otvorio-naucnu-konferenciju-u-sarajevu\/"},"wordCount":351,"commentCount":0,"publisher":{"@id":"https:\/\/sandzakpress.net\/arhiva\/#\/schema\/person\/6e72b67d6e51910a1117b3b483ba20bd"},"image":{"@id":"https:\/\/sandzakpress.net\/arhiva\/kandidat-za-reisu-l-ulemu-muftija-zukorlic-otvorio-naucnu-konferenciju-u-sarajevu\/#primaryimage"},"thumbnailUrl":"https:\/\/sandzakpress.net\/arhiva\/wp-content\/uploads\/2019\/09\/0-6.jpg","keywords":["muftija Muamer Zukorli\u0107"],"articleSection":["Bosna i Hercegovina","Novi Pazar","Dru\u0161tvo","VIJESTI DANA"],"inLanguage":"bs-BA","potentialAction":[{"@type":"CommentAction","name":"Comment","target":["https:\/\/sandzakpress.net\/arhiva\/kandidat-za-reisu-l-ulemu-muftija-zukorlic-otvorio-naucnu-konferenciju-u-sarajevu\/#respond"]}]},{"@type":"WebPage","@id":"https:\/\/sandzakpress.net\/arhiva\/kandidat-za-reisu-l-ulemu-muftija-zukorlic-otvorio-naucnu-konferenciju-u-sarajevu\/","url":"https:\/\/sandzakpress.net\/arhiva\/kandidat-za-reisu-l-ulemu-muftija-zukorlic-otvorio-naucnu-konferenciju-u-sarajevu\/","name":"Kandidat za Reisu-l-ulemu muftija Zukorli\u0107 otvorio nau\u010dnu konferenciju u Sarajevu","isPartOf":{"@id":"https:\/\/sandzakpress.net\/arhiva\/#website"},"primaryImageOfPage":{"@id":"https:\/\/sandzakpress.net\/arhiva\/kandidat-za-reisu-l-ulemu-muftija-zukorlic-otvorio-naucnu-konferenciju-u-sarajevu\/#primaryimage"},"image":{"@id":"https:\/\/sandzakpress.net\/arhiva\/kandidat-za-reisu-l-ulemu-muftija-zukorlic-otvorio-naucnu-konferenciju-u-sarajevu\/#primaryimage"},"thumbnailUrl":"https:\/\/sandzakpress.net\/arhiva\/wp-content\/uploads\/2019\/09\/0-6.jpg","datePublished":"2019-09-26T12:17:22+00:00","breadcrumb":{"@id":"https:\/\/sandzakpress.net\/arhiva\/kandidat-za-reisu-l-ulemu-muftija-zukorlic-otvorio-naucnu-konferenciju-u-sarajevu\/#breadcrumb"},"inLanguage":"bs-BA","potentialAction":[{"@type":"ReadAction","target":["https:\/\/sandzakpress.net\/arhiva\/kandidat-za-reisu-l-ulemu-muftija-zukorlic-otvorio-naucnu-konferenciju-u-sarajevu\/"]}]},{"@type":"ImageObject","inLanguage":"bs-BA","@id":"https:\/\/sandzakpress.net\/arhiva\/kandidat-za-reisu-l-ulemu-muftija-zukorlic-otvorio-naucnu-konferenciju-u-sarajevu\/#primaryimage","url":"https:\/\/sandzakpress.net\/arhiva\/wp-content\/uploads\/2019\/09\/0-6.jpg","contentUrl":"https:\/\/sandzakpress.net\/arhiva\/wp-content\/uploads\/2019\/09\/0-6.jpg","width":1600,"height":1066},{"@type":"BreadcrumbList","@id":"https:\/\/sandzakpress.net\/arhiva\/kandidat-za-reisu-l-ulemu-muftija-zukorlic-otvorio-naucnu-konferenciju-u-sarajevu\/#breadcrumb","itemListElement":[{"@type":"ListItem","position":1,"name":"Home","item":"https:\/\/sandzakpress.net\/arhiva\/"},{"@type":"ListItem","position":2,"name":"Kandidat za Reisu-l-ulemu muftija Zukorli\u0107 otvorio nau\u010dnu konferenciju u Sarajevu"}]},{"@type":"WebSite","@id":"https:\/\/sandzakpress.net\/arhiva\/#website","url":"https:\/\/sandzakpress.net\/arhiva\/","name":"Sand\u017eak PRESS","description":"Prve elektronske novine u Sand\u017eaku","publisher":{"@id":"https:\/\/sandzakpress.net\/arhiva\/#\/schema\/person\/6e72b67d6e51910a1117b3b483ba20bd"},"potentialAction":[{"@type":"SearchAction","target":{"@type":"EntryPoint","urlTemplate":"https:\/\/sandzakpress.net\/arhiva\/?s={search_term_string}"},"query-input":{"@type":"PropertyValueSpecification","valueRequired":true,"valueName":"search_term_string"}}],"inLanguage":"bs-BA"},{"@type":["Person","Organization"],"@id":"https:\/\/sandzakpress.net\/arhiva\/#\/schema\/person\/6e72b67d6e51910a1117b3b483ba20bd","name":"Kul","image":{"@type":"ImageObject","inLanguage":"bs-BA","@id":"https:\/\/sandzakpress.net\/arhiva\/#\/schema\/person\/image\/","url":"https:\/\/secure.gravatar.com\/avatar\/42263f39aa27ac04c43cab85c280eb2e?s=96&d=mm&r=pg","contentUrl":"https:\/\/secure.gravatar.com\/avatar\/42263f39aa27ac04c43cab85c280eb2e?s=96&d=mm&r=pg","caption":"Kul"},"logo":{"@id":"https:\/\/sandzakpress.net\/arhiva\/#\/schema\/person\/image\/"}},{"@type":"Person","@id":"https:\/\/sandzakpress.net\/arhiva\/#\/schema\/person\/cb59d7e3ab91ab90dd680ad0305a6185","name":"Agencija","image":{"@type":"ImageObject","inLanguage":"bs-BA","@id":"https:\/\/sandzakpress.net\/arhiva\/#\/schema\/person\/image\/","url":"https:\/\/secure.gravatar.com\/avatar\/4b7fafa80a22f0c2afe23966b3961fe0?s=96&d=mm&r=pg","contentUrl":"https:\/\/secure.gravatar.com\/avatar\/4b7fafa80a22f0c2afe23966b3961fe0?s=96&d=mm&r=pg","caption":"Agencija"},"url":"https:\/\/sandzakpress.net\/arhiva\/author\/agencija\/"}]}},"_links":{"self":[{"href":"https:\/\/sandzakpress.net\/arhiva\/wp-json\/wp\/v2\/posts\/228596"}],"collection":[{"href":"https:\/\/sandzakpress.net\/arhiva\/wp-json\/wp\/v2\/posts"}],"about":[{"href":"https:\/\/sandzakpress.net\/arhiva\/wp-json\/wp\/v2\/types\/post"}],"author":[{"embeddable":true,"href":"https:\/\/sandzakpress.net\/arhiva\/wp-json\/wp\/v2\/users\/509"}],"replies":[{"embeddable":true,"href":"https:\/\/sandzakpress.net\/arhiva\/wp-json\/wp\/v2\/comments?post=228596"}],"version-history":[{"count":0,"href":"https:\/\/sandzakpress.net\/arhiva\/wp-json\/wp\/v2\/posts\/228596\/revisions"}],"wp:featuredmedia":[{"embeddable":true,"href":"https:\/\/sandzakpress.net\/arhiva\/wp-json\/wp\/v2\/media\/228597"}],"wp:attachment":[{"href":"https:\/\/sandzakpress.net\/arhiva\/wp-json\/wp\/v2\/media?parent=228596"}],"wp:term":[{"taxonomy":"category","embeddable":true,"href":"https:\/\/sandzakpress.net\/arhiva\/wp-json\/wp\/v2\/categories?post=228596"},{"taxonomy":"post_tag","embeddable":true,"href":"https:\/\/sandzakpress.net\/arhiva\/wp-json\/wp\/v2\/tags?post=228596"}],"curies":[{"name":"wp","href":"https:\/\/api.w.org\/{rel}","templated":true}]}}