{"id":228511,"date":"2019-09-24T15:21:49","date_gmt":"2019-09-24T13:21:49","guid":{"rendered":"https:\/\/sandzakpress.net\/arhiva\/?p=228511"},"modified":"2019-09-24T15:21:49","modified_gmt":"2019-09-24T13:21:49","slug":"nurkovic-predvodio-biciklijadu-u-bijelom-polju","status":"publish","type":"post","link":"https:\/\/sandzakpress.net\/arhiva\/nurkovic-predvodio-biciklijadu-u-bijelom-polju\/","title":{"rendered":"Nurkovi\u0107 predvodio biciklijadu u Bijelom Polju"},"content":{"rendered":"<p><img decoding=\"async\" src=\"https:\/\/publisher-publish.s3.eu-central-1.amazonaws.com\/pb-vijesti\/swp\/9sju0v\/media\/20190923130916_8f261f24-2be1-496f-b592-a262963275e7.jpeg\" alt=\"Sa biciklijade u Bijelom Polju\" \/><\/p>\n<p><strong>Biciklijadu pod nazivom Sa biciklom za \u017eivotnu sredinu, koja je odr\u017eana u Bijelom Polju, povodom Me\u0111unarodnog dana bez automobila, predvodio je ministar saobra\u0107aja i pomorstva Osman Nurkovi\u0107.<\/strong><\/p>\n<p>Ovoj projekat, u organizaciji nevladine organizacije (NVO) Euromost, podr\u017ealo je Ministarstvo u okviru javnog konkursa za finansiranje projekata NVO u oblasti saobra\u0107aja sa akcentom na za\u0161titu \u017eivotne sredine.<\/p>\n<p>Nurkovi\u0107 je u nedjelju, zajedno sa 40 biciklista iz kluba mladih Euromost, i ostalih u\u010desnika biciklijade vozio od Kiselih voda do centra grada, u du\u017eini od tri kilometra.<\/p>\n<p>Nurkovi\u0107 je kazao da mu je \u010dast i zadovoljstvo \u0161to je bio u prilici da ispred resora za saobra\u0107aj i pomorstvo u\u010destvuje na Biciklijadi, gdje su promovisali kori\u0161\u0107enje bicikla u saobra\u0107aju, za\u0161titu \u017eivotne sredine i zdrave na\u010dine \u017eivota.<\/p>\n<p>&#8220;Ministarstvo je finansiranjem projekta, i programa NVO, prepoznala ogroman doprinos NVO sektora, razvoja dru\u0161tva, za\u0161titi okoline, demokratije i dobrog upravljanja&#8221;, kazao je on.<\/p>\n<p>Nurkovi\u0107 je kazao da su ove godine potpisali ugovor sa 25 NVO i da se na taj na\u010din finansira 25 projekata iz tri oblasti: za\u0161tita \u017eivotne sredine u oblasti saobra\u0107aja, za\u0161tita lica sa invaliditetom u oblasti saobra\u0107aja i sigurnost i bezbjednost u saobra\u0107aju.<\/p>\n<p>Ukupan fond iznosi 172,7 hiljada eura.<\/p>\n<p>Predsjednik NVO Euromost, Almer Meki\u0107 naglasio je da je rije\u010d o prvoj bijelopoljskoj biciklijadi koja pretenduje da ubudu\u0107e bude najve\u0107a ne samo u Crnoj Gori nego i u regionu i da su Bijeljopoljci dokazali da su ljubitelji bicikala i biciklijade.<\/p>\n","protected":false},"excerpt":{"rendered":"<p>Biciklijadu pod nazivom Sa biciklom za \u017eivotnu sredinu, koja je odr\u017eana u Bijelom Polju, povodom Me\u0111unarodnog dana bez automobila, predvodio je ministar saobra\u0107aja i pomorstva Osman Nurkovi\u0107. Ovoj projekat, u organizaciji nevladine organizacije (NVO) Euromost, podr\u017ealo je Ministarstvo u okviru javnog konkursa za finansiranje projekata NVO u oblasti saobra\u0107aja sa akcentom na za\u0161titu \u017eivotne sredine. [&hellip;]<\/p>\n","protected":false},"author":509,"featured_media":228514,"comment_status":"open","ping_status":"open","sticky":false,"template":"","format":"standard","meta":{"footnotes":""},"categories":[13,396],"tags":[],"class_list":{"0":"post-228511","1":"post","2":"type-post","3":"status-publish","4":"format-standard","5":"has-post-thumbnail","7":"category-sport","8":"category-bijelo_polje"},"yoast_head":"<!-- This site is optimized with the Yoast SEO Premium plugin v23.1 (Yoast SEO v24.9) - https:\/\/yoast.com\/wordpress\/plugins\/seo\/ -->\n<title>Nurkovi\u0107 predvodio biciklijadu u Bijelom Polju<\/title>\n<meta name=\"robots\" content=\"index, follow, max-snippet:-1, max-image-preview:large, max-video-preview:-1\" \/>\n<link rel=\"canonical\" href=\"https:\/\/sandzakpress.net\/arhiva\/nurkovic-predvodio-biciklijadu-u-bijelom-polju\/\" \/>\n<meta property=\"og:locale\" content=\"bs_BA\" \/>\n<meta property=\"og:type\" content=\"article\" \/>\n<meta property=\"og:title\" content=\"Nurkovi\u0107 predvodio biciklijadu u Bijelom Polju\" \/>\n<meta property=\"og:description\" content=\"Biciklijadu pod nazivom Sa biciklom za \u017eivotnu sredinu, koja je odr\u017eana u Bijelom Polju, povodom Me\u0111unarodnog dana bez automobila, predvodio je ministar saobra\u0107aja i pomorstva Osman Nurkovi\u0107. Ovoj projekat, u organizaciji nevladine organizacije (NVO) Euromost, podr\u017ealo je Ministarstvo u okviru javnog konkursa za finansiranje projekata NVO u oblasti saobra\u0107aja sa akcentom na za\u0161titu \u017eivotne sredine. [&hellip;]\" \/>\n<meta property=\"og:url\" content=\"https:\/\/sandzakpress.net\/arhiva\/nurkovic-predvodio-biciklijadu-u-bijelom-polju\/\" \/>\n<meta property=\"og:site_name\" content=\"Sand\u017eak PRESS\" \/>\n<meta property=\"article:published_time\" content=\"2019-09-24T13:21:49+00:00\" \/>\n<meta property=\"og:image\" content=\"https:\/\/sandzakpress.net\/arhiva\/wp-content\/uploads\/2019\/09\/20190923130916_8f261f24-2be1-496f-b592-a262963275e7.jpeg.jpg\" \/>\n\t<meta property=\"og:image:width\" content=\"800\" \/>\n\t<meta property=\"og:image:height\" content=\"385\" \/>\n\t<meta property=\"og:image:type\" content=\"image\/jpeg\" \/>\n<meta name=\"author\" content=\"Agencija\" \/>\n<meta name=\"twitter:card\" content=\"summary_large_image\" \/>\n<meta name=\"twitter:label1\" content=\"Written by\" \/>\n\t<meta name=\"twitter:data1\" content=\"Agencija\" \/>\n\t<meta name=\"twitter:label2\" content=\"Est. reading time\" \/>\n\t<meta name=\"twitter:data2\" content=\"1 minuta\" \/>\n<script type=\"application\/ld+json\" class=\"yoast-schema-graph\">{\"@context\":\"https:\/\/schema.org\",\"@graph\":[{\"@type\":\"Article\",\"@id\":\"https:\/\/sandzakpress.net\/arhiva\/nurkovic-predvodio-biciklijadu-u-bijelom-polju\/#article\",\"isPartOf\":{\"@id\":\"https:\/\/sandzakpress.net\/arhiva\/nurkovic-predvodio-biciklijadu-u-bijelom-polju\/\"},\"author\":{\"name\":\"Agencija\",\"@id\":\"https:\/\/sandzakpress.net\/arhiva\/#\/schema\/person\/cb59d7e3ab91ab90dd680ad0305a6185\"},\"headline\":\"Nurkovi\u0107 predvodio biciklijadu u Bijelom Polju\",\"datePublished\":\"2019-09-24T13:21:49+00:00\",\"mainEntityOfPage\":{\"@id\":\"https:\/\/sandzakpress.net\/arhiva\/nurkovic-predvodio-biciklijadu-u-bijelom-polju\/\"},\"wordCount\":259,\"commentCount\":0,\"publisher\":{\"@id\":\"https:\/\/sandzakpress.net\/arhiva\/#\/schema\/person\/6e72b67d6e51910a1117b3b483ba20bd\"},\"image\":{\"@id\":\"https:\/\/sandzakpress.net\/arhiva\/nurkovic-predvodio-biciklijadu-u-bijelom-polju\/#primaryimage\"},\"thumbnailUrl\":\"https:\/\/sandzakpress.net\/arhiva\/wp-content\/uploads\/2019\/09\/20190923130916_8f261f24-2be1-496f-b592-a262963275e7.jpeg.jpg\",\"articleSection\":[\"Sport\",\"Bijelo Polje\"],\"inLanguage\":\"bs-BA\",\"potentialAction\":[{\"@type\":\"CommentAction\",\"name\":\"Comment\",\"target\":[\"https:\/\/sandzakpress.net\/arhiva\/nurkovic-predvodio-biciklijadu-u-bijelom-polju\/#respond\"]}]},{\"@type\":\"WebPage\",\"@id\":\"https:\/\/sandzakpress.net\/arhiva\/nurkovic-predvodio-biciklijadu-u-bijelom-polju\/\",\"url\":\"https:\/\/sandzakpress.net\/arhiva\/nurkovic-predvodio-biciklijadu-u-bijelom-polju\/\",\"name\":\"Nurkovi\u0107 predvodio biciklijadu u Bijelom Polju\",\"isPartOf\":{\"@id\":\"https:\/\/sandzakpress.net\/arhiva\/#website\"},\"primaryImageOfPage\":{\"@id\":\"https:\/\/sandzakpress.net\/arhiva\/nurkovic-predvodio-biciklijadu-u-bijelom-polju\/#primaryimage\"},\"image\":{\"@id\":\"https:\/\/sandzakpress.net\/arhiva\/nurkovic-predvodio-biciklijadu-u-bijelom-polju\/#primaryimage\"},\"thumbnailUrl\":\"https:\/\/sandzakpress.net\/arhiva\/wp-content\/uploads\/2019\/09\/20190923130916_8f261f24-2be1-496f-b592-a262963275e7.jpeg.jpg\",\"datePublished\":\"2019-09-24T13:21:49+00:00\",\"breadcrumb\":{\"@id\":\"https:\/\/sandzakpress.net\/arhiva\/nurkovic-predvodio-biciklijadu-u-bijelom-polju\/#breadcrumb\"},\"inLanguage\":\"bs-BA\",\"potentialAction\":[{\"@type\":\"ReadAction\",\"target\":[\"https:\/\/sandzakpress.net\/arhiva\/nurkovic-predvodio-biciklijadu-u-bijelom-polju\/\"]}]},{\"@type\":\"ImageObject\",\"inLanguage\":\"bs-BA\",\"@id\":\"https:\/\/sandzakpress.net\/arhiva\/nurkovic-predvodio-biciklijadu-u-bijelom-polju\/#primaryimage\",\"url\":\"https:\/\/sandzakpress.net\/arhiva\/wp-content\/uploads\/2019\/09\/20190923130916_8f261f24-2be1-496f-b592-a262963275e7.jpeg.jpg\",\"contentUrl\":\"https:\/\/sandzakpress.net\/arhiva\/wp-content\/uploads\/2019\/09\/20190923130916_8f261f24-2be1-496f-b592-a262963275e7.jpeg.jpg\",\"width\":800,\"height\":385},{\"@type\":\"BreadcrumbList\",\"@id\":\"https:\/\/sandzakpress.net\/arhiva\/nurkovic-predvodio-biciklijadu-u-bijelom-polju\/#breadcrumb\",\"itemListElement\":[{\"@type\":\"ListItem\",\"position\":1,\"name\":\"Home\",\"item\":\"https:\/\/sandzakpress.net\/arhiva\/\"},{\"@type\":\"ListItem\",\"position\":2,\"name\":\"Nurkovi\u0107 predvodio biciklijadu u Bijelom Polju\"}]},{\"@type\":\"WebSite\",\"@id\":\"https:\/\/sandzakpress.net\/arhiva\/#website\",\"url\":\"https:\/\/sandzakpress.net\/arhiva\/\",\"name\":\"Sand\u017eak PRESS\",\"description\":\"Prve elektronske novine u Sand\u017eaku\",\"publisher\":{\"@id\":\"https:\/\/sandzakpress.net\/arhiva\/#\/schema\/person\/6e72b67d6e51910a1117b3b483ba20bd\"},\"potentialAction\":[{\"@type\":\"SearchAction\",\"target\":{\"@type\":\"EntryPoint\",\"urlTemplate\":\"https:\/\/sandzakpress.net\/arhiva\/?s={search_term_string}\"},\"query-input\":{\"@type\":\"PropertyValueSpecification\",\"valueRequired\":true,\"valueName\":\"search_term_string\"}}],\"inLanguage\":\"bs-BA\"},{\"@type\":[\"Person\",\"Organization\"],\"@id\":\"https:\/\/sandzakpress.net\/arhiva\/#\/schema\/person\/6e72b67d6e51910a1117b3b483ba20bd\",\"name\":\"Kul\",\"image\":{\"@type\":\"ImageObject\",\"inLanguage\":\"bs-BA\",\"@id\":\"https:\/\/sandzakpress.net\/arhiva\/#\/schema\/person\/image\/\",\"url\":\"https:\/\/secure.gravatar.com\/avatar\/42263f39aa27ac04c43cab85c280eb2e?s=96&d=mm&r=pg\",\"contentUrl\":\"https:\/\/secure.gravatar.com\/avatar\/42263f39aa27ac04c43cab85c280eb2e?s=96&d=mm&r=pg\",\"caption\":\"Kul\"},\"logo\":{\"@id\":\"https:\/\/sandzakpress.net\/arhiva\/#\/schema\/person\/image\/\"}},{\"@type\":\"Person\",\"@id\":\"https:\/\/sandzakpress.net\/arhiva\/#\/schema\/person\/cb59d7e3ab91ab90dd680ad0305a6185\",\"name\":\"Agencija\",\"image\":{\"@type\":\"ImageObject\",\"inLanguage\":\"bs-BA\",\"@id\":\"https:\/\/sandzakpress.net\/arhiva\/#\/schema\/person\/image\/\",\"url\":\"https:\/\/secure.gravatar.com\/avatar\/4b7fafa80a22f0c2afe23966b3961fe0?s=96&d=mm&r=pg\",\"contentUrl\":\"https:\/\/secure.gravatar.com\/avatar\/4b7fafa80a22f0c2afe23966b3961fe0?s=96&d=mm&r=pg\",\"caption\":\"Agencija\"},\"url\":\"https:\/\/sandzakpress.net\/arhiva\/author\/agencija\/\"}]}<\/script>\n<!-- \/ Yoast SEO Premium plugin. -->","yoast_head_json":{"title":"Nurkovi\u0107 predvodio biciklijadu u Bijelom Polju","robots":{"index":"index","follow":"follow","max-snippet":"max-snippet:-1","max-image-preview":"max-image-preview:large","max-video-preview":"max-video-preview:-1"},"canonical":"https:\/\/sandzakpress.net\/arhiva\/nurkovic-predvodio-biciklijadu-u-bijelom-polju\/","og_locale":"bs_BA","og_type":"article","og_title":"Nurkovi\u0107 predvodio biciklijadu u Bijelom Polju","og_description":"Biciklijadu pod nazivom Sa biciklom za \u017eivotnu sredinu, koja je odr\u017eana u Bijelom Polju, povodom Me\u0111unarodnog dana bez automobila, predvodio je ministar saobra\u0107aja i pomorstva Osman Nurkovi\u0107. Ovoj projekat, u organizaciji nevladine organizacije (NVO) Euromost, podr\u017ealo je Ministarstvo u okviru javnog konkursa za finansiranje projekata NVO u oblasti saobra\u0107aja sa akcentom na za\u0161titu \u017eivotne sredine. [&hellip;]","og_url":"https:\/\/sandzakpress.net\/arhiva\/nurkovic-predvodio-biciklijadu-u-bijelom-polju\/","og_site_name":"Sand\u017eak PRESS","article_published_time":"2019-09-24T13:21:49+00:00","og_image":[{"width":800,"height":385,"url":"https:\/\/sandzakpress.net\/arhiva\/wp-content\/uploads\/2019\/09\/20190923130916_8f261f24-2be1-496f-b592-a262963275e7.jpeg.jpg","type":"image\/jpeg"}],"author":"Agencija","twitter_card":"summary_large_image","twitter_misc":{"Written by":"Agencija","Est. reading time":"1 minuta"},"schema":{"@context":"https:\/\/schema.org","@graph":[{"@type":"Article","@id":"https:\/\/sandzakpress.net\/arhiva\/nurkovic-predvodio-biciklijadu-u-bijelom-polju\/#article","isPartOf":{"@id":"https:\/\/sandzakpress.net\/arhiva\/nurkovic-predvodio-biciklijadu-u-bijelom-polju\/"},"author":{"name":"Agencija","@id":"https:\/\/sandzakpress.net\/arhiva\/#\/schema\/person\/cb59d7e3ab91ab90dd680ad0305a6185"},"headline":"Nurkovi\u0107 predvodio biciklijadu u Bijelom Polju","datePublished":"2019-09-24T13:21:49+00:00","mainEntityOfPage":{"@id":"https:\/\/sandzakpress.net\/arhiva\/nurkovic-predvodio-biciklijadu-u-bijelom-polju\/"},"wordCount":259,"commentCount":0,"publisher":{"@id":"https:\/\/sandzakpress.net\/arhiva\/#\/schema\/person\/6e72b67d6e51910a1117b3b483ba20bd"},"image":{"@id":"https:\/\/sandzakpress.net\/arhiva\/nurkovic-predvodio-biciklijadu-u-bijelom-polju\/#primaryimage"},"thumbnailUrl":"https:\/\/sandzakpress.net\/arhiva\/wp-content\/uploads\/2019\/09\/20190923130916_8f261f24-2be1-496f-b592-a262963275e7.jpeg.jpg","articleSection":["Sport","Bijelo Polje"],"inLanguage":"bs-BA","potentialAction":[{"@type":"CommentAction","name":"Comment","target":["https:\/\/sandzakpress.net\/arhiva\/nurkovic-predvodio-biciklijadu-u-bijelom-polju\/#respond"]}]},{"@type":"WebPage","@id":"https:\/\/sandzakpress.net\/arhiva\/nurkovic-predvodio-biciklijadu-u-bijelom-polju\/","url":"https:\/\/sandzakpress.net\/arhiva\/nurkovic-predvodio-biciklijadu-u-bijelom-polju\/","name":"Nurkovi\u0107 predvodio biciklijadu u Bijelom Polju","isPartOf":{"@id":"https:\/\/sandzakpress.net\/arhiva\/#website"},"primaryImageOfPage":{"@id":"https:\/\/sandzakpress.net\/arhiva\/nurkovic-predvodio-biciklijadu-u-bijelom-polju\/#primaryimage"},"image":{"@id":"https:\/\/sandzakpress.net\/arhiva\/nurkovic-predvodio-biciklijadu-u-bijelom-polju\/#primaryimage"},"thumbnailUrl":"https:\/\/sandzakpress.net\/arhiva\/wp-content\/uploads\/2019\/09\/20190923130916_8f261f24-2be1-496f-b592-a262963275e7.jpeg.jpg","datePublished":"2019-09-24T13:21:49+00:00","breadcrumb":{"@id":"https:\/\/sandzakpress.net\/arhiva\/nurkovic-predvodio-biciklijadu-u-bijelom-polju\/#breadcrumb"},"inLanguage":"bs-BA","potentialAction":[{"@type":"ReadAction","target":["https:\/\/sandzakpress.net\/arhiva\/nurkovic-predvodio-biciklijadu-u-bijelom-polju\/"]}]},{"@type":"ImageObject","inLanguage":"bs-BA","@id":"https:\/\/sandzakpress.net\/arhiva\/nurkovic-predvodio-biciklijadu-u-bijelom-polju\/#primaryimage","url":"https:\/\/sandzakpress.net\/arhiva\/wp-content\/uploads\/2019\/09\/20190923130916_8f261f24-2be1-496f-b592-a262963275e7.jpeg.jpg","contentUrl":"https:\/\/sandzakpress.net\/arhiva\/wp-content\/uploads\/2019\/09\/20190923130916_8f261f24-2be1-496f-b592-a262963275e7.jpeg.jpg","width":800,"height":385},{"@type":"BreadcrumbList","@id":"https:\/\/sandzakpress.net\/arhiva\/nurkovic-predvodio-biciklijadu-u-bijelom-polju\/#breadcrumb","itemListElement":[{"@type":"ListItem","position":1,"name":"Home","item":"https:\/\/sandzakpress.net\/arhiva\/"},{"@type":"ListItem","position":2,"name":"Nurkovi\u0107 predvodio biciklijadu u Bijelom Polju"}]},{"@type":"WebSite","@id":"https:\/\/sandzakpress.net\/arhiva\/#website","url":"https:\/\/sandzakpress.net\/arhiva\/","name":"Sand\u017eak PRESS","description":"Prve elektronske novine u Sand\u017eaku","publisher":{"@id":"https:\/\/sandzakpress.net\/arhiva\/#\/schema\/person\/6e72b67d6e51910a1117b3b483ba20bd"},"potentialAction":[{"@type":"SearchAction","target":{"@type":"EntryPoint","urlTemplate":"https:\/\/sandzakpress.net\/arhiva\/?s={search_term_string}"},"query-input":{"@type":"PropertyValueSpecification","valueRequired":true,"valueName":"search_term_string"}}],"inLanguage":"bs-BA"},{"@type":["Person","Organization"],"@id":"https:\/\/sandzakpress.net\/arhiva\/#\/schema\/person\/6e72b67d6e51910a1117b3b483ba20bd","name":"Kul","image":{"@type":"ImageObject","inLanguage":"bs-BA","@id":"https:\/\/sandzakpress.net\/arhiva\/#\/schema\/person\/image\/","url":"https:\/\/secure.gravatar.com\/avatar\/42263f39aa27ac04c43cab85c280eb2e?s=96&d=mm&r=pg","contentUrl":"https:\/\/secure.gravatar.com\/avatar\/42263f39aa27ac04c43cab85c280eb2e?s=96&d=mm&r=pg","caption":"Kul"},"logo":{"@id":"https:\/\/sandzakpress.net\/arhiva\/#\/schema\/person\/image\/"}},{"@type":"Person","@id":"https:\/\/sandzakpress.net\/arhiva\/#\/schema\/person\/cb59d7e3ab91ab90dd680ad0305a6185","name":"Agencija","image":{"@type":"ImageObject","inLanguage":"bs-BA","@id":"https:\/\/sandzakpress.net\/arhiva\/#\/schema\/person\/image\/","url":"https:\/\/secure.gravatar.com\/avatar\/4b7fafa80a22f0c2afe23966b3961fe0?s=96&d=mm&r=pg","contentUrl":"https:\/\/secure.gravatar.com\/avatar\/4b7fafa80a22f0c2afe23966b3961fe0?s=96&d=mm&r=pg","caption":"Agencija"},"url":"https:\/\/sandzakpress.net\/arhiva\/author\/agencija\/"}]}},"_links":{"self":[{"href":"https:\/\/sandzakpress.net\/arhiva\/wp-json\/wp\/v2\/posts\/228511"}],"collection":[{"href":"https:\/\/sandzakpress.net\/arhiva\/wp-json\/wp\/v2\/posts"}],"about":[{"href":"https:\/\/sandzakpress.net\/arhiva\/wp-json\/wp\/v2\/types\/post"}],"author":[{"embeddable":true,"href":"https:\/\/sandzakpress.net\/arhiva\/wp-json\/wp\/v2\/users\/509"}],"replies":[{"embeddable":true,"href":"https:\/\/sandzakpress.net\/arhiva\/wp-json\/wp\/v2\/comments?post=228511"}],"version-history":[{"count":0,"href":"https:\/\/sandzakpress.net\/arhiva\/wp-json\/wp\/v2\/posts\/228511\/revisions"}],"wp:featuredmedia":[{"embeddable":true,"href":"https:\/\/sandzakpress.net\/arhiva\/wp-json\/wp\/v2\/media\/228514"}],"wp:attachment":[{"href":"https:\/\/sandzakpress.net\/arhiva\/wp-json\/wp\/v2\/media?parent=228511"}],"wp:term":[{"taxonomy":"category","embeddable":true,"href":"https:\/\/sandzakpress.net\/arhiva\/wp-json\/wp\/v2\/categories?post=228511"},{"taxonomy":"post_tag","embeddable":true,"href":"https:\/\/sandzakpress.net\/arhiva\/wp-json\/wp\/v2\/tags?post=228511"}],"curies":[{"name":"wp","href":"https:\/\/api.w.org\/{rel}","templated":true}]}}