{"id":228506,"date":"2019-09-24T15:21:05","date_gmt":"2019-09-24T13:21:05","guid":{"rendered":"https:\/\/sandzakpress.net\/arhiva\/?p=228506"},"modified":"2019-09-24T15:21:05","modified_gmt":"2019-09-24T13:21:05","slug":"odbrana-ljekara-trazi-izuzece-sudije-navodno-najavljivao-da-im-se-ne-pise-dobro","status":"publish","type":"post","link":"https:\/\/sandzakpress.net\/arhiva\/odbrana-ljekara-trazi-izuzece-sudije-navodno-najavljivao-da-im-se-ne-pise-dobro\/","title":{"rendered":"Odbrana ljekara tra\u017ei izuze\u0107e sudije: Navodno najavljivao da im se ne pi\u0161e dobro"},"content":{"rendered":"<p><img decoding=\"async\" src=\"https:\/\/publisher-publish.s3.eu-central-1.amazonaws.com\/pb-vijesti\/swp\/9sju0v\/media\/2019092408094_6d9565b8-ae4b-41bd-af67-3b81bb879383.jpeg\" alt=\"Optu\u017eena Haka Tahirovi\u0107 i advokat Drago Konatar dolaze na su\u0111enje\" \/><\/p>\n<p><strong>Su\u0111enje ljekarima optu\u017eenim za infekciju beba 2014. godine, prekinuto je nakon \u0161to su advokati odbrane tra\u017eili izuze\u0107e predsjednika vije\u0107a, sudije Vukomira Bo\u0161kovi\u0107a.<\/strong><\/p>\n<p>U zajedni\u010dkom obrazlo\u017eenju zahtjeva, koji je iznio advokat Drago Konatar, navedeno je da je zahtjev upu\u0107en zbog sumnje u nepristrasnost su\u0111enja.<\/p>\n<p>\u201cDa sudija Vukomir Bo\u0161kovi\u0107 vodi glavni pretres protiv optu\u017eenih, na na\u010din \u0161to sprovo\u0111enjem istrage po predlozima tu\u017eioca, uz zanemarivanje svih ranijih dokaznih predloga, dozvoljava vje\u0161ta\u010denje vje\u0161tacima koji se bave pravnim, a ne medicinskim pitanjima, \u0161to optu\u017eene dovodi u situaciju da ne znaju \u0161ta predstavlja optu\u017enica u kona\u010dnom, je sudija Bo\u0161kovi\u0107 ignori\u0161e zaklju\u010dke Vrhovnog suda\u201d, kazao je Konatar.<\/p>\n<p>On je dodao da je sudija vi\u0161e puta van sudnice iznosio svoj stav &#8211; da \u0107e odluka biti na \u0161tetu optu\u017eenih, za \u0161ta ukoliko bude potrebno mo\u017ee dostaviti mjesto, vrijeme i lica koja su to slu\u0161ala.<\/p>\n<p>Sudija Bo\u0161kovi\u0107 je kazao da su takve tvrdnje neistinite i da nikada nije iznosio ocjenu o ishodu su\u0111enja na bilo koji na\u010din.<\/p>\n<p>Na ju\u010dera\u0161nji glavni pretres nisu do\u0161li vje\u0161taci Sudsko-medicinskog odbora (SMO) iz Beograda, zbog, kako su naveli, ranije preuzetih obaveza.<\/p>\n<p>Tu\u017eiteljka Ljubinka Mad\u017egalj zatra\u017eila je od njih da pojasne nalaz u djelu odgovora na pitanje &#8211; da li je neonatalna sepsa zarazna bolest, isti\u010du\u0107i da je prema novom Zakonu o za\u0161titi stanovni\u0161tva od opasnih zaraznih bolesti iz 2018. godine, jasno da je rije\u010d o zaraznoj bolesti.<\/p>\n<p>Dodala je da se 2014. godine, kada su bebe inficirane, neonatalna sepsa nije tako vodila isklju\u010divo zbog \u0161ifre.<\/p>\n<p>Branilac okrivljenog Zvonka Puleti\u0107a, advokat Nikola Medojevi\u0107, kazao je da taj dopunski nalaz u poptunosti potvrdio sve \u0161to je odbrana tvrdila od po\u010detka &#8211; da njegov klijent nije kriv, kao i da su se vje\u0161taci umjesto medicinom bavili tuma\u010denjem prava.<\/p>\n<p>\u201cVje\u0161taci su potvrdili da taj dopunski nalaz predstavlja tuma\u010denje prava, to je neka konstanta kako postupaju vje\u0161taci u ovom predmetu i odbrana je u su\u0161tini indiferentna na takav pristup, s obzirom na to da zakon takav pristup vje\u0161taka ne poznaje. Imaju\u0107i u vidu niz okolnosti i pored toga \u0161to ovo su\u0111enje dugo traje, \u0161to smatramo da je na\u0161im branjenicima povrije\u0111eno pravo na pravi\u010dno i fer su\u0111enje i zbog niza nedostataka, odbrana je bila prinu\u0111ena da zatra\u017ei izuze\u0107e postupaju\u0107eg predsjednika vije\u0107a, tako da smo sada u situaciji da \u010dekamo odluku po tom zahtjevu\u201d, kazao je advokat.<\/p>\n<p>Rekao je da odbrana smatra nepotrebnom dopunu mi\u0161ljenja beogradskih vje\u0161taka&#8230;<\/p>\n<p>\u201cDanas smo do\u0161lli u jednu apsurdnu situaciju &#8211; da tu\u017eilac ima primjedbe na nalaz vje\u0161taka, odnosno dopunu nalaza, gdje sada kona\u010dno vje\u0161taci potvr\u0111uju ono \u0161to odbrana tvrdi cijelo vrijeme &#8211; da neonatalna sepsa nije propisana kao zarazna bolest. I danas tu\u017eilac, iako je sam tra\u017eio odgovor na ta pitanja ima problem sa odgovorom, ima primjedbu i tvrdi da je novim zakonom neonatalna sepsa propisala kao zarazna bolest i na taj na\u010din \u017eeli da izvrgne naglava\u010dke osnovno na\u010delo krivi\u010dnog prava, a to je na\u010delo zakonitosti, pa \u017eeli nov zakon da primijeni na \u0161tetu optu\u017eenih, a u korist optu\u017ebe, \u0161to je pravno neizvodljivo i nemogu\u0107e\u201d, kazao je advokat Miro Orovi\u0107.<\/p>\n<p>Prvostepenom, ukinutom presudom Tomislav Jeremi\u0107 i Haka Tahirovi\u0107 osu\u0111eni su na po sedam mjeseci zatvora a Zvonko Puleti\u0107 i Jela Cimbaljevi\u0107 na po pola godine ku\u0107nog pritvora.<\/p>\n<p>Apelacioni sud je potom tu presudu preina\u010dio i sve optu\u017eene poslao na jednogodi\u0161nju robiju, ali je onda Vrhovni sud sve poni\u0161tio i nalo\u017eio novo su\u0111enje.<\/p>\n<p>Ljekari se terete za te\u0161ko djelo protiv zdravlja ljudi, odnosno da nisu postupali po propisima za suzbijanje opasne zarazne bolesti u bolnici.<\/p>\n<p>Nastavak su\u0111enja \u0107e biti poznat nakon odluke na zahtjev odbrane o izuze\u0107u sudije Bo\u0161kovi\u0107a, koju \u0107e donijeti predsjednik Vi\u0161eg suda.<\/p>\n","protected":false},"excerpt":{"rendered":"<p>Su\u0111enje ljekarima optu\u017eenim za infekciju beba 2014. godine, prekinuto je nakon \u0161to su advokati odbrane tra\u017eili izuze\u0107e predsjednika vije\u0107a, sudije Vukomira Bo\u0161kovi\u0107a. U zajedni\u010dkom obrazlo\u017eenju zahtjeva, koji je iznio advokat Drago Konatar, navedeno je da je zahtjev upu\u0107en zbog sumnje u nepristrasnost su\u0111enja. \u201cDa sudija Vukomir Bo\u0161kovi\u0107 vodi glavni pretres protiv optu\u017eenih, na na\u010din \u0161to [&hellip;]<\/p>\n","protected":false},"author":509,"featured_media":228512,"comment_status":"open","ping_status":"open","sticky":false,"template":"","format":"standard","meta":{"footnotes":""},"categories":[396,801],"tags":[],"class_list":{"0":"post-228506","1":"post","2":"type-post","3":"status-publish","4":"format-standard","5":"has-post-thumbnail","7":"category-bijelo_polje","8":"category-crna_hronika"},"yoast_head":"<!-- This site is optimized with the Yoast SEO Premium plugin v23.1 (Yoast SEO v24.9) - https:\/\/yoast.com\/wordpress\/plugins\/seo\/ -->\n<title>Odbrana ljekara tra\u017ei izuze\u0107e sudije: Navodno najavljivao da im se ne pi\u0161e dobro<\/title>\n<meta name=\"robots\" content=\"index, follow, max-snippet:-1, max-image-preview:large, max-video-preview:-1\" \/>\n<link rel=\"canonical\" href=\"https:\/\/sandzakpress.net\/arhiva\/odbrana-ljekara-trazi-izuzece-sudije-navodno-najavljivao-da-im-se-ne-pise-dobro\/\" \/>\n<meta property=\"og:locale\" content=\"bs_BA\" \/>\n<meta property=\"og:type\" content=\"article\" \/>\n<meta property=\"og:title\" content=\"Odbrana ljekara tra\u017ei izuze\u0107e sudije: Navodno najavljivao da im se ne pi\u0161e dobro\" \/>\n<meta property=\"og:description\" content=\"Su\u0111enje ljekarima optu\u017eenim za infekciju beba 2014. godine, prekinuto je nakon \u0161to su advokati odbrane tra\u017eili izuze\u0107e predsjednika vije\u0107a, sudije Vukomira Bo\u0161kovi\u0107a. U zajedni\u010dkom obrazlo\u017eenju zahtjeva, koji je iznio advokat Drago Konatar, navedeno je da je zahtjev upu\u0107en zbog sumnje u nepristrasnost su\u0111enja. \u201cDa sudija Vukomir Bo\u0161kovi\u0107 vodi glavni pretres protiv optu\u017eenih, na na\u010din \u0161to [&hellip;]\" \/>\n<meta property=\"og:url\" content=\"https:\/\/sandzakpress.net\/arhiva\/odbrana-ljekara-trazi-izuzece-sudije-navodno-najavljivao-da-im-se-ne-pise-dobro\/\" \/>\n<meta property=\"og:site_name\" content=\"Sand\u017eak PRESS\" \/>\n<meta property=\"article:published_time\" content=\"2019-09-24T13:21:05+00:00\" \/>\n<meta property=\"og:image\" content=\"https:\/\/sandzakpress.net\/arhiva\/wp-content\/uploads\/2019\/09\/2019092408094_6d9565b8-ae4b-41bd-af67-3b81bb879383.jpeg.jpg\" \/>\n\t<meta property=\"og:image:width\" content=\"800\" \/>\n\t<meta property=\"og:image:height\" content=\"385\" \/>\n\t<meta property=\"og:image:type\" content=\"image\/jpeg\" \/>\n<meta name=\"author\" content=\"Agencija\" \/>\n<meta name=\"twitter:card\" content=\"summary_large_image\" \/>\n<meta name=\"twitter:label1\" content=\"Written by\" \/>\n\t<meta name=\"twitter:data1\" content=\"Agencija\" \/>\n\t<meta name=\"twitter:label2\" content=\"Est. reading time\" \/>\n\t<meta name=\"twitter:data2\" content=\"3 minute\" \/>\n<script type=\"application\/ld+json\" class=\"yoast-schema-graph\">{\"@context\":\"https:\/\/schema.org\",\"@graph\":[{\"@type\":\"Article\",\"@id\":\"https:\/\/sandzakpress.net\/arhiva\/odbrana-ljekara-trazi-izuzece-sudije-navodno-najavljivao-da-im-se-ne-pise-dobro\/#article\",\"isPartOf\":{\"@id\":\"https:\/\/sandzakpress.net\/arhiva\/odbrana-ljekara-trazi-izuzece-sudije-navodno-najavljivao-da-im-se-ne-pise-dobro\/\"},\"author\":{\"name\":\"Agencija\",\"@id\":\"https:\/\/sandzakpress.net\/arhiva\/#\/schema\/person\/cb59d7e3ab91ab90dd680ad0305a6185\"},\"headline\":\"Odbrana ljekara tra\u017ei izuze\u0107e sudije: Navodno najavljivao da im se ne pi\u0161e dobro\",\"datePublished\":\"2019-09-24T13:21:05+00:00\",\"mainEntityOfPage\":{\"@id\":\"https:\/\/sandzakpress.net\/arhiva\/odbrana-ljekara-trazi-izuzece-sudije-navodno-najavljivao-da-im-se-ne-pise-dobro\/\"},\"wordCount\":697,\"commentCount\":0,\"publisher\":{\"@id\":\"https:\/\/sandzakpress.net\/arhiva\/#\/schema\/person\/6e72b67d6e51910a1117b3b483ba20bd\"},\"image\":{\"@id\":\"https:\/\/sandzakpress.net\/arhiva\/odbrana-ljekara-trazi-izuzece-sudije-navodno-najavljivao-da-im-se-ne-pise-dobro\/#primaryimage\"},\"thumbnailUrl\":\"https:\/\/sandzakpress.net\/arhiva\/wp-content\/uploads\/2019\/09\/2019092408094_6d9565b8-ae4b-41bd-af67-3b81bb879383.jpeg.jpg\",\"articleSection\":[\"Bijelo Polje\",\"Hronika\"],\"inLanguage\":\"bs-BA\",\"potentialAction\":[{\"@type\":\"CommentAction\",\"name\":\"Comment\",\"target\":[\"https:\/\/sandzakpress.net\/arhiva\/odbrana-ljekara-trazi-izuzece-sudije-navodno-najavljivao-da-im-se-ne-pise-dobro\/#respond\"]}]},{\"@type\":\"WebPage\",\"@id\":\"https:\/\/sandzakpress.net\/arhiva\/odbrana-ljekara-trazi-izuzece-sudije-navodno-najavljivao-da-im-se-ne-pise-dobro\/\",\"url\":\"https:\/\/sandzakpress.net\/arhiva\/odbrana-ljekara-trazi-izuzece-sudije-navodno-najavljivao-da-im-se-ne-pise-dobro\/\",\"name\":\"Odbrana ljekara tra\u017ei izuze\u0107e sudije: Navodno najavljivao da im se ne pi\u0161e dobro\",\"isPartOf\":{\"@id\":\"https:\/\/sandzakpress.net\/arhiva\/#website\"},\"primaryImageOfPage\":{\"@id\":\"https:\/\/sandzakpress.net\/arhiva\/odbrana-ljekara-trazi-izuzece-sudije-navodno-najavljivao-da-im-se-ne-pise-dobro\/#primaryimage\"},\"image\":{\"@id\":\"https:\/\/sandzakpress.net\/arhiva\/odbrana-ljekara-trazi-izuzece-sudije-navodno-najavljivao-da-im-se-ne-pise-dobro\/#primaryimage\"},\"thumbnailUrl\":\"https:\/\/sandzakpress.net\/arhiva\/wp-content\/uploads\/2019\/09\/2019092408094_6d9565b8-ae4b-41bd-af67-3b81bb879383.jpeg.jpg\",\"datePublished\":\"2019-09-24T13:21:05+00:00\",\"breadcrumb\":{\"@id\":\"https:\/\/sandzakpress.net\/arhiva\/odbrana-ljekara-trazi-izuzece-sudije-navodno-najavljivao-da-im-se-ne-pise-dobro\/#breadcrumb\"},\"inLanguage\":\"bs-BA\",\"potentialAction\":[{\"@type\":\"ReadAction\",\"target\":[\"https:\/\/sandzakpress.net\/arhiva\/odbrana-ljekara-trazi-izuzece-sudije-navodno-najavljivao-da-im-se-ne-pise-dobro\/\"]}]},{\"@type\":\"ImageObject\",\"inLanguage\":\"bs-BA\",\"@id\":\"https:\/\/sandzakpress.net\/arhiva\/odbrana-ljekara-trazi-izuzece-sudije-navodno-najavljivao-da-im-se-ne-pise-dobro\/#primaryimage\",\"url\":\"https:\/\/sandzakpress.net\/arhiva\/wp-content\/uploads\/2019\/09\/2019092408094_6d9565b8-ae4b-41bd-af67-3b81bb879383.jpeg.jpg\",\"contentUrl\":\"https:\/\/sandzakpress.net\/arhiva\/wp-content\/uploads\/2019\/09\/2019092408094_6d9565b8-ae4b-41bd-af67-3b81bb879383.jpeg.jpg\",\"width\":800,\"height\":385},{\"@type\":\"BreadcrumbList\",\"@id\":\"https:\/\/sandzakpress.net\/arhiva\/odbrana-ljekara-trazi-izuzece-sudije-navodno-najavljivao-da-im-se-ne-pise-dobro\/#breadcrumb\",\"itemListElement\":[{\"@type\":\"ListItem\",\"position\":1,\"name\":\"Home\",\"item\":\"https:\/\/sandzakpress.net\/arhiva\/\"},{\"@type\":\"ListItem\",\"position\":2,\"name\":\"Odbrana ljekara tra\u017ei izuze\u0107e sudije: Navodno najavljivao da im se ne pi\u0161e dobro\"}]},{\"@type\":\"WebSite\",\"@id\":\"https:\/\/sandzakpress.net\/arhiva\/#website\",\"url\":\"https:\/\/sandzakpress.net\/arhiva\/\",\"name\":\"Sand\u017eak PRESS\",\"description\":\"Prve elektronske novine u Sand\u017eaku\",\"publisher\":{\"@id\":\"https:\/\/sandzakpress.net\/arhiva\/#\/schema\/person\/6e72b67d6e51910a1117b3b483ba20bd\"},\"potentialAction\":[{\"@type\":\"SearchAction\",\"target\":{\"@type\":\"EntryPoint\",\"urlTemplate\":\"https:\/\/sandzakpress.net\/arhiva\/?s={search_term_string}\"},\"query-input\":{\"@type\":\"PropertyValueSpecification\",\"valueRequired\":true,\"valueName\":\"search_term_string\"}}],\"inLanguage\":\"bs-BA\"},{\"@type\":[\"Person\",\"Organization\"],\"@id\":\"https:\/\/sandzakpress.net\/arhiva\/#\/schema\/person\/6e72b67d6e51910a1117b3b483ba20bd\",\"name\":\"Kul\",\"image\":{\"@type\":\"ImageObject\",\"inLanguage\":\"bs-BA\",\"@id\":\"https:\/\/sandzakpress.net\/arhiva\/#\/schema\/person\/image\/\",\"url\":\"https:\/\/secure.gravatar.com\/avatar\/42263f39aa27ac04c43cab85c280eb2e?s=96&d=mm&r=pg\",\"contentUrl\":\"https:\/\/secure.gravatar.com\/avatar\/42263f39aa27ac04c43cab85c280eb2e?s=96&d=mm&r=pg\",\"caption\":\"Kul\"},\"logo\":{\"@id\":\"https:\/\/sandzakpress.net\/arhiva\/#\/schema\/person\/image\/\"}},{\"@type\":\"Person\",\"@id\":\"https:\/\/sandzakpress.net\/arhiva\/#\/schema\/person\/cb59d7e3ab91ab90dd680ad0305a6185\",\"name\":\"Agencija\",\"image\":{\"@type\":\"ImageObject\",\"inLanguage\":\"bs-BA\",\"@id\":\"https:\/\/sandzakpress.net\/arhiva\/#\/schema\/person\/image\/\",\"url\":\"https:\/\/secure.gravatar.com\/avatar\/4b7fafa80a22f0c2afe23966b3961fe0?s=96&d=mm&r=pg\",\"contentUrl\":\"https:\/\/secure.gravatar.com\/avatar\/4b7fafa80a22f0c2afe23966b3961fe0?s=96&d=mm&r=pg\",\"caption\":\"Agencija\"},\"url\":\"https:\/\/sandzakpress.net\/arhiva\/author\/agencija\/\"}]}<\/script>\n<!-- \/ Yoast SEO Premium plugin. -->","yoast_head_json":{"title":"Odbrana ljekara tra\u017ei izuze\u0107e sudije: Navodno najavljivao da im se ne pi\u0161e dobro","robots":{"index":"index","follow":"follow","max-snippet":"max-snippet:-1","max-image-preview":"max-image-preview:large","max-video-preview":"max-video-preview:-1"},"canonical":"https:\/\/sandzakpress.net\/arhiva\/odbrana-ljekara-trazi-izuzece-sudije-navodno-najavljivao-da-im-se-ne-pise-dobro\/","og_locale":"bs_BA","og_type":"article","og_title":"Odbrana ljekara tra\u017ei izuze\u0107e sudije: Navodno najavljivao da im se ne pi\u0161e dobro","og_description":"Su\u0111enje ljekarima optu\u017eenim za infekciju beba 2014. godine, prekinuto je nakon \u0161to su advokati odbrane tra\u017eili izuze\u0107e predsjednika vije\u0107a, sudije Vukomira Bo\u0161kovi\u0107a. U zajedni\u010dkom obrazlo\u017eenju zahtjeva, koji je iznio advokat Drago Konatar, navedeno je da je zahtjev upu\u0107en zbog sumnje u nepristrasnost su\u0111enja. \u201cDa sudija Vukomir Bo\u0161kovi\u0107 vodi glavni pretres protiv optu\u017eenih, na na\u010din \u0161to [&hellip;]","og_url":"https:\/\/sandzakpress.net\/arhiva\/odbrana-ljekara-trazi-izuzece-sudije-navodno-najavljivao-da-im-se-ne-pise-dobro\/","og_site_name":"Sand\u017eak PRESS","article_published_time":"2019-09-24T13:21:05+00:00","og_image":[{"width":800,"height":385,"url":"https:\/\/sandzakpress.net\/arhiva\/wp-content\/uploads\/2019\/09\/2019092408094_6d9565b8-ae4b-41bd-af67-3b81bb879383.jpeg.jpg","type":"image\/jpeg"}],"author":"Agencija","twitter_card":"summary_large_image","twitter_misc":{"Written by":"Agencija","Est. reading time":"3 minute"},"schema":{"@context":"https:\/\/schema.org","@graph":[{"@type":"Article","@id":"https:\/\/sandzakpress.net\/arhiva\/odbrana-ljekara-trazi-izuzece-sudije-navodno-najavljivao-da-im-se-ne-pise-dobro\/#article","isPartOf":{"@id":"https:\/\/sandzakpress.net\/arhiva\/odbrana-ljekara-trazi-izuzece-sudije-navodno-najavljivao-da-im-se-ne-pise-dobro\/"},"author":{"name":"Agencija","@id":"https:\/\/sandzakpress.net\/arhiva\/#\/schema\/person\/cb59d7e3ab91ab90dd680ad0305a6185"},"headline":"Odbrana ljekara tra\u017ei izuze\u0107e sudije: Navodno najavljivao da im se ne pi\u0161e dobro","datePublished":"2019-09-24T13:21:05+00:00","mainEntityOfPage":{"@id":"https:\/\/sandzakpress.net\/arhiva\/odbrana-ljekara-trazi-izuzece-sudije-navodno-najavljivao-da-im-se-ne-pise-dobro\/"},"wordCount":697,"commentCount":0,"publisher":{"@id":"https:\/\/sandzakpress.net\/arhiva\/#\/schema\/person\/6e72b67d6e51910a1117b3b483ba20bd"},"image":{"@id":"https:\/\/sandzakpress.net\/arhiva\/odbrana-ljekara-trazi-izuzece-sudije-navodno-najavljivao-da-im-se-ne-pise-dobro\/#primaryimage"},"thumbnailUrl":"https:\/\/sandzakpress.net\/arhiva\/wp-content\/uploads\/2019\/09\/2019092408094_6d9565b8-ae4b-41bd-af67-3b81bb879383.jpeg.jpg","articleSection":["Bijelo Polje","Hronika"],"inLanguage":"bs-BA","potentialAction":[{"@type":"CommentAction","name":"Comment","target":["https:\/\/sandzakpress.net\/arhiva\/odbrana-ljekara-trazi-izuzece-sudije-navodno-najavljivao-da-im-se-ne-pise-dobro\/#respond"]}]},{"@type":"WebPage","@id":"https:\/\/sandzakpress.net\/arhiva\/odbrana-ljekara-trazi-izuzece-sudije-navodno-najavljivao-da-im-se-ne-pise-dobro\/","url":"https:\/\/sandzakpress.net\/arhiva\/odbrana-ljekara-trazi-izuzece-sudije-navodno-najavljivao-da-im-se-ne-pise-dobro\/","name":"Odbrana ljekara tra\u017ei izuze\u0107e sudije: Navodno najavljivao da im se ne pi\u0161e dobro","isPartOf":{"@id":"https:\/\/sandzakpress.net\/arhiva\/#website"},"primaryImageOfPage":{"@id":"https:\/\/sandzakpress.net\/arhiva\/odbrana-ljekara-trazi-izuzece-sudije-navodno-najavljivao-da-im-se-ne-pise-dobro\/#primaryimage"},"image":{"@id":"https:\/\/sandzakpress.net\/arhiva\/odbrana-ljekara-trazi-izuzece-sudije-navodno-najavljivao-da-im-se-ne-pise-dobro\/#primaryimage"},"thumbnailUrl":"https:\/\/sandzakpress.net\/arhiva\/wp-content\/uploads\/2019\/09\/2019092408094_6d9565b8-ae4b-41bd-af67-3b81bb879383.jpeg.jpg","datePublished":"2019-09-24T13:21:05+00:00","breadcrumb":{"@id":"https:\/\/sandzakpress.net\/arhiva\/odbrana-ljekara-trazi-izuzece-sudije-navodno-najavljivao-da-im-se-ne-pise-dobro\/#breadcrumb"},"inLanguage":"bs-BA","potentialAction":[{"@type":"ReadAction","target":["https:\/\/sandzakpress.net\/arhiva\/odbrana-ljekara-trazi-izuzece-sudije-navodno-najavljivao-da-im-se-ne-pise-dobro\/"]}]},{"@type":"ImageObject","inLanguage":"bs-BA","@id":"https:\/\/sandzakpress.net\/arhiva\/odbrana-ljekara-trazi-izuzece-sudije-navodno-najavljivao-da-im-se-ne-pise-dobro\/#primaryimage","url":"https:\/\/sandzakpress.net\/arhiva\/wp-content\/uploads\/2019\/09\/2019092408094_6d9565b8-ae4b-41bd-af67-3b81bb879383.jpeg.jpg","contentUrl":"https:\/\/sandzakpress.net\/arhiva\/wp-content\/uploads\/2019\/09\/2019092408094_6d9565b8-ae4b-41bd-af67-3b81bb879383.jpeg.jpg","width":800,"height":385},{"@type":"BreadcrumbList","@id":"https:\/\/sandzakpress.net\/arhiva\/odbrana-ljekara-trazi-izuzece-sudije-navodno-najavljivao-da-im-se-ne-pise-dobro\/#breadcrumb","itemListElement":[{"@type":"ListItem","position":1,"name":"Home","item":"https:\/\/sandzakpress.net\/arhiva\/"},{"@type":"ListItem","position":2,"name":"Odbrana ljekara tra\u017ei izuze\u0107e sudije: Navodno najavljivao da im se ne pi\u0161e dobro"}]},{"@type":"WebSite","@id":"https:\/\/sandzakpress.net\/arhiva\/#website","url":"https:\/\/sandzakpress.net\/arhiva\/","name":"Sand\u017eak PRESS","description":"Prve elektronske novine u Sand\u017eaku","publisher":{"@id":"https:\/\/sandzakpress.net\/arhiva\/#\/schema\/person\/6e72b67d6e51910a1117b3b483ba20bd"},"potentialAction":[{"@type":"SearchAction","target":{"@type":"EntryPoint","urlTemplate":"https:\/\/sandzakpress.net\/arhiva\/?s={search_term_string}"},"query-input":{"@type":"PropertyValueSpecification","valueRequired":true,"valueName":"search_term_string"}}],"inLanguage":"bs-BA"},{"@type":["Person","Organization"],"@id":"https:\/\/sandzakpress.net\/arhiva\/#\/schema\/person\/6e72b67d6e51910a1117b3b483ba20bd","name":"Kul","image":{"@type":"ImageObject","inLanguage":"bs-BA","@id":"https:\/\/sandzakpress.net\/arhiva\/#\/schema\/person\/image\/","url":"https:\/\/secure.gravatar.com\/avatar\/42263f39aa27ac04c43cab85c280eb2e?s=96&d=mm&r=pg","contentUrl":"https:\/\/secure.gravatar.com\/avatar\/42263f39aa27ac04c43cab85c280eb2e?s=96&d=mm&r=pg","caption":"Kul"},"logo":{"@id":"https:\/\/sandzakpress.net\/arhiva\/#\/schema\/person\/image\/"}},{"@type":"Person","@id":"https:\/\/sandzakpress.net\/arhiva\/#\/schema\/person\/cb59d7e3ab91ab90dd680ad0305a6185","name":"Agencija","image":{"@type":"ImageObject","inLanguage":"bs-BA","@id":"https:\/\/sandzakpress.net\/arhiva\/#\/schema\/person\/image\/","url":"https:\/\/secure.gravatar.com\/avatar\/4b7fafa80a22f0c2afe23966b3961fe0?s=96&d=mm&r=pg","contentUrl":"https:\/\/secure.gravatar.com\/avatar\/4b7fafa80a22f0c2afe23966b3961fe0?s=96&d=mm&r=pg","caption":"Agencija"},"url":"https:\/\/sandzakpress.net\/arhiva\/author\/agencija\/"}]}},"_links":{"self":[{"href":"https:\/\/sandzakpress.net\/arhiva\/wp-json\/wp\/v2\/posts\/228506"}],"collection":[{"href":"https:\/\/sandzakpress.net\/arhiva\/wp-json\/wp\/v2\/posts"}],"about":[{"href":"https:\/\/sandzakpress.net\/arhiva\/wp-json\/wp\/v2\/types\/post"}],"author":[{"embeddable":true,"href":"https:\/\/sandzakpress.net\/arhiva\/wp-json\/wp\/v2\/users\/509"}],"replies":[{"embeddable":true,"href":"https:\/\/sandzakpress.net\/arhiva\/wp-json\/wp\/v2\/comments?post=228506"}],"version-history":[{"count":0,"href":"https:\/\/sandzakpress.net\/arhiva\/wp-json\/wp\/v2\/posts\/228506\/revisions"}],"wp:featuredmedia":[{"embeddable":true,"href":"https:\/\/sandzakpress.net\/arhiva\/wp-json\/wp\/v2\/media\/228512"}],"wp:attachment":[{"href":"https:\/\/sandzakpress.net\/arhiva\/wp-json\/wp\/v2\/media?parent=228506"}],"wp:term":[{"taxonomy":"category","embeddable":true,"href":"https:\/\/sandzakpress.net\/arhiva\/wp-json\/wp\/v2\/categories?post=228506"},{"taxonomy":"post_tag","embeddable":true,"href":"https:\/\/sandzakpress.net\/arhiva\/wp-json\/wp\/v2\/tags?post=228506"}],"curies":[{"name":"wp","href":"https:\/\/api.w.org\/{rel}","templated":true}]}}