{"id":228504,"date":"2019-09-24T15:19:22","date_gmt":"2019-09-24T13:19:22","guid":{"rendered":"https:\/\/sandzakpress.net\/arhiva\/?p=228504"},"modified":"2019-09-24T15:19:22","modified_gmt":"2019-09-24T13:19:22","slug":"zbog-prijetnji-ne-spava-i-sanja-cekic","status":"publish","type":"post","link":"https:\/\/sandzakpress.net\/arhiva\/zbog-prijetnji-ne-spava-i-sanja-cekic\/","title":{"rendered":"Zbog prijetnji ne spava i sanja \u010deki\u0107"},"content":{"rendered":"<p><img decoding=\"async\" src=\"https:\/\/publisher-publish.s3.eu-central-1.amazonaws.com\/pb-vijesti\/swp\/9sju0v\/media\/20190921210940_c14b611e-35b1-41a0-b5b1-be32c7e99c2c.jpeg\" alt=\"O\u0161te\u0107ena tvrdi da je taksista iz gepeka izvukao \u010deki\u0107 (ilustracija)\" \/><\/p>\n<p><strong>Ro\u017eajac Mustafa Muri\u0107 (57) mora\u0107e da plati 350 eura kazne zbog drskog pona\u0161anja i izazivanja osje\u0107aja ugro\u017eenosti kod njema\u010dke dr\u017eavljanke Jasmine Bodtlander (64), porijeklom iz Trebinja.<\/strong><\/p>\n<p>Prvostepenu presudu izrekao je sudija za prekr\u0161aje u ulcinjskom Osnovnom sudu Feriz \u0106erani\u0107.<\/p>\n<p>Njemica je protiv Muri\u0107a istovremeno podnijela i krivi\u010dnu prijavu ulcinjskom tu\u017eila\u0161tvu.<\/p>\n<p>Bodtlanderova je Muri\u0107a prijavila policiji nakon incidenta koji se dogodio 9. septembra u blizini apartmana \u201cBlue star\u201d na Velikoj pla\u017ei.<\/p>\n<p>Navodno, Muri\u0107, koji nelegalno taksira, dovezao je tu iz \u0160toja.<\/p>\n<p>Nezadovoljna vo\u017enjom koja se, kako je ispri\u010dala, odu\u017eila vi\u0161e od 20 minuta, nije htjela da plati 10 eura koliko joj je za uslugu tra\u017eio Muri\u0107.<\/p>\n<p>\u201cZa ovo \u0161to si me izvozao, ne\u0107e\u0161 dobiti ni cent\u201d, kazala je Njemica taksisti nakon \u0161to je iza\u0161la iz auta.<\/p>\n<p>Kada joj je povi\u0161enim tonom ponovo zatra\u017eio novac, Bodtlanderova mu je poru\u010dila da zove policiju:<\/p>\n<p>\u201cPa da vidimo ko je u pravu&#8230; Ti si svakako neregularan\u201d.<\/p>\n<p>\u201cDaj mi k&#8230;o deset eura\u201d, uzviknuo je tada Muri\u0107, pi\u0161e u prijavi.<\/p>\n<p>Navodi se da je potom oti\u0161ao do gepeka, izvukao \u010deki\u0107 i krenuo prema Bodtlanderovoj da se obra\u010duna sa njom.<\/p>\n<p>Tada se umije\u0161ala prijateljica E. B. koja je sprije\u010dila ve\u0107i incident.<\/p>\n<p>\u201cKu..etino, znam gdje spava\u0161, na\u0107i \u0107u te, ubi\u0107u te\u201d, povikao je Muri\u0107 prije nego \u0161to je oti\u0161ao, pi\u0161e u prijavi.<\/p>\n<p>Optu\u017eeni je pred sudijom negirao djelo koje mu se stavlja na teret.<\/p>\n<p>Potvrdio je da je prevezao Bodtlanderovu do Velike pla\u017ee iz \u0160toja.<\/p>\n<p>\u201cKada sam joj rekao da treba da mi plati 10 eura za vo\u017enju, odgovorila mi je \u2018Ku..c \u0107u da ti platim, teraj se u pi..u materinu\u2019, iza\u0161la iz vozila i zalupila vratima. Pitao sam je \u0161to lupa, ona nije odgovorila i ja sam napustio lice mjesta\u201d, ispri\u010dao je Muri\u0107 sudiji.<\/p>\n<p>Bodtlanderova je negirala da je opsovala Muri\u0107a, ve\u0107 da mu je samo dobacila &#8211; \u201cidiote ro\u017eajski\u201d.<\/p>\n<p>Ona je nakon doga\u0111aja oti\u0161la u hitnu slu\u017ebu, gdje joj je konstatovan povi\u0161en krvni pritisak.<\/p>\n<p>\u201cOd tada ne spava i sanja \u010deki\u0107, iako je do\u0161la na odmor\u201d, pi\u0161e u rje\u0161enju \u0106erani\u0107a koji je prilikom izricanja kazne, kao logi\u010dne i uvjerljive, cijenio iskaze Bodtlanderove i njene prijateljice, klju\u010dnog svjedoka E. B.<\/p>\n<div class=\"gallery marginTop30 marginBottom30\">\u00a0<\/div>\n","protected":false},"excerpt":{"rendered":"<p>Ro\u017eajac Mustafa Muri\u0107 (57) mora\u0107e da plati 350 eura kazne zbog drskog pona\u0161anja i izazivanja osje\u0107aja ugro\u017eenosti kod njema\u010dke dr\u017eavljanke Jasmine Bodtlander (64), porijeklom iz Trebinja. Prvostepenu presudu izrekao je sudija za prekr\u0161aje u ulcinjskom Osnovnom sudu Feriz \u0106erani\u0107. Njemica je protiv Muri\u0107a istovremeno podnijela i krivi\u010dnu prijavu ulcinjskom tu\u017eila\u0161tvu. Bodtlanderova je Muri\u0107a prijavila policiji [&hellip;]<\/p>\n","protected":false},"author":509,"featured_media":228507,"comment_status":"open","ping_status":"open","sticky":false,"template":"","format":"standard","meta":{"footnotes":""},"categories":[398,801],"tags":[],"class_list":{"0":"post-228504","1":"post","2":"type-post","3":"status-publish","4":"format-standard","5":"has-post-thumbnail","7":"category-rozaje","8":"category-crna_hronika"},"yoast_head":"<!-- This site is optimized with the Yoast SEO Premium plugin v23.1 (Yoast SEO v24.9) - https:\/\/yoast.com\/wordpress\/plugins\/seo\/ -->\n<title>Zbog prijetnji ne spava i sanja \u010deki\u0107<\/title>\n<meta name=\"robots\" content=\"index, follow, max-snippet:-1, max-image-preview:large, max-video-preview:-1\" \/>\n<link rel=\"canonical\" href=\"https:\/\/sandzakpress.net\/arhiva\/zbog-prijetnji-ne-spava-i-sanja-cekic\/\" \/>\n<meta property=\"og:locale\" content=\"bs_BA\" \/>\n<meta property=\"og:type\" content=\"article\" \/>\n<meta property=\"og:title\" content=\"Zbog prijetnji ne spava i sanja \u010deki\u0107\" \/>\n<meta property=\"og:description\" content=\"Ro\u017eajac Mustafa Muri\u0107 (57) mora\u0107e da plati 350 eura kazne zbog drskog pona\u0161anja i izazivanja osje\u0107aja ugro\u017eenosti kod njema\u010dke dr\u017eavljanke Jasmine Bodtlander (64), porijeklom iz Trebinja. Prvostepenu presudu izrekao je sudija za prekr\u0161aje u ulcinjskom Osnovnom sudu Feriz \u0106erani\u0107. Njemica je protiv Muri\u0107a istovremeno podnijela i krivi\u010dnu prijavu ulcinjskom tu\u017eila\u0161tvu. Bodtlanderova je Muri\u0107a prijavila policiji [&hellip;]\" \/>\n<meta property=\"og:url\" content=\"https:\/\/sandzakpress.net\/arhiva\/zbog-prijetnji-ne-spava-i-sanja-cekic\/\" \/>\n<meta property=\"og:site_name\" content=\"Sand\u017eak PRESS\" \/>\n<meta property=\"article:published_time\" content=\"2019-09-24T13:19:22+00:00\" \/>\n<meta property=\"og:image\" content=\"https:\/\/sandzakpress.net\/arhiva\/wp-content\/uploads\/2019\/09\/20190921210940_c14b611e-35b1-41a0-b5b1-be32c7e99c2c.jpeg.jpg\" \/>\n\t<meta property=\"og:image:width\" content=\"800\" \/>\n\t<meta property=\"og:image:height\" content=\"385\" \/>\n\t<meta property=\"og:image:type\" content=\"image\/jpeg\" \/>\n<meta name=\"author\" content=\"Agencija\" \/>\n<meta name=\"twitter:card\" content=\"summary_large_image\" \/>\n<meta name=\"twitter:label1\" content=\"Written by\" \/>\n\t<meta name=\"twitter:data1\" content=\"Agencija\" \/>\n\t<meta name=\"twitter:label2\" content=\"Est. reading time\" \/>\n\t<meta name=\"twitter:data2\" content=\"2 minute\" \/>\n<script type=\"application\/ld+json\" class=\"yoast-schema-graph\">{\"@context\":\"https:\/\/schema.org\",\"@graph\":[{\"@type\":\"Article\",\"@id\":\"https:\/\/sandzakpress.net\/arhiva\/zbog-prijetnji-ne-spava-i-sanja-cekic\/#article\",\"isPartOf\":{\"@id\":\"https:\/\/sandzakpress.net\/arhiva\/zbog-prijetnji-ne-spava-i-sanja-cekic\/\"},\"author\":{\"name\":\"Agencija\",\"@id\":\"https:\/\/sandzakpress.net\/arhiva\/#\/schema\/person\/cb59d7e3ab91ab90dd680ad0305a6185\"},\"headline\":\"Zbog prijetnji ne spava i sanja \u010deki\u0107\",\"datePublished\":\"2019-09-24T13:19:22+00:00\",\"mainEntityOfPage\":{\"@id\":\"https:\/\/sandzakpress.net\/arhiva\/zbog-prijetnji-ne-spava-i-sanja-cekic\/\"},\"wordCount\":407,\"commentCount\":0,\"publisher\":{\"@id\":\"https:\/\/sandzakpress.net\/arhiva\/#\/schema\/person\/6e72b67d6e51910a1117b3b483ba20bd\"},\"image\":{\"@id\":\"https:\/\/sandzakpress.net\/arhiva\/zbog-prijetnji-ne-spava-i-sanja-cekic\/#primaryimage\"},\"thumbnailUrl\":\"https:\/\/sandzakpress.net\/arhiva\/wp-content\/uploads\/2019\/09\/20190921210940_c14b611e-35b1-41a0-b5b1-be32c7e99c2c.jpeg.jpg\",\"articleSection\":[\"Ro\u017eaje\",\"Hronika\"],\"inLanguage\":\"bs-BA\",\"potentialAction\":[{\"@type\":\"CommentAction\",\"name\":\"Comment\",\"target\":[\"https:\/\/sandzakpress.net\/arhiva\/zbog-prijetnji-ne-spava-i-sanja-cekic\/#respond\"]}]},{\"@type\":\"WebPage\",\"@id\":\"https:\/\/sandzakpress.net\/arhiva\/zbog-prijetnji-ne-spava-i-sanja-cekic\/\",\"url\":\"https:\/\/sandzakpress.net\/arhiva\/zbog-prijetnji-ne-spava-i-sanja-cekic\/\",\"name\":\"Zbog prijetnji ne spava i sanja \u010deki\u0107\",\"isPartOf\":{\"@id\":\"https:\/\/sandzakpress.net\/arhiva\/#website\"},\"primaryImageOfPage\":{\"@id\":\"https:\/\/sandzakpress.net\/arhiva\/zbog-prijetnji-ne-spava-i-sanja-cekic\/#primaryimage\"},\"image\":{\"@id\":\"https:\/\/sandzakpress.net\/arhiva\/zbog-prijetnji-ne-spava-i-sanja-cekic\/#primaryimage\"},\"thumbnailUrl\":\"https:\/\/sandzakpress.net\/arhiva\/wp-content\/uploads\/2019\/09\/20190921210940_c14b611e-35b1-41a0-b5b1-be32c7e99c2c.jpeg.jpg\",\"datePublished\":\"2019-09-24T13:19:22+00:00\",\"breadcrumb\":{\"@id\":\"https:\/\/sandzakpress.net\/arhiva\/zbog-prijetnji-ne-spava-i-sanja-cekic\/#breadcrumb\"},\"inLanguage\":\"bs-BA\",\"potentialAction\":[{\"@type\":\"ReadAction\",\"target\":[\"https:\/\/sandzakpress.net\/arhiva\/zbog-prijetnji-ne-spava-i-sanja-cekic\/\"]}]},{\"@type\":\"ImageObject\",\"inLanguage\":\"bs-BA\",\"@id\":\"https:\/\/sandzakpress.net\/arhiva\/zbog-prijetnji-ne-spava-i-sanja-cekic\/#primaryimage\",\"url\":\"https:\/\/sandzakpress.net\/arhiva\/wp-content\/uploads\/2019\/09\/20190921210940_c14b611e-35b1-41a0-b5b1-be32c7e99c2c.jpeg.jpg\",\"contentUrl\":\"https:\/\/sandzakpress.net\/arhiva\/wp-content\/uploads\/2019\/09\/20190921210940_c14b611e-35b1-41a0-b5b1-be32c7e99c2c.jpeg.jpg\",\"width\":800,\"height\":385},{\"@type\":\"BreadcrumbList\",\"@id\":\"https:\/\/sandzakpress.net\/arhiva\/zbog-prijetnji-ne-spava-i-sanja-cekic\/#breadcrumb\",\"itemListElement\":[{\"@type\":\"ListItem\",\"position\":1,\"name\":\"Home\",\"item\":\"https:\/\/sandzakpress.net\/arhiva\/\"},{\"@type\":\"ListItem\",\"position\":2,\"name\":\"Zbog prijetnji ne spava i sanja \u010deki\u0107\"}]},{\"@type\":\"WebSite\",\"@id\":\"https:\/\/sandzakpress.net\/arhiva\/#website\",\"url\":\"https:\/\/sandzakpress.net\/arhiva\/\",\"name\":\"Sand\u017eak PRESS\",\"description\":\"Prve elektronske novine u Sand\u017eaku\",\"publisher\":{\"@id\":\"https:\/\/sandzakpress.net\/arhiva\/#\/schema\/person\/6e72b67d6e51910a1117b3b483ba20bd\"},\"potentialAction\":[{\"@type\":\"SearchAction\",\"target\":{\"@type\":\"EntryPoint\",\"urlTemplate\":\"https:\/\/sandzakpress.net\/arhiva\/?s={search_term_string}\"},\"query-input\":{\"@type\":\"PropertyValueSpecification\",\"valueRequired\":true,\"valueName\":\"search_term_string\"}}],\"inLanguage\":\"bs-BA\"},{\"@type\":[\"Person\",\"Organization\"],\"@id\":\"https:\/\/sandzakpress.net\/arhiva\/#\/schema\/person\/6e72b67d6e51910a1117b3b483ba20bd\",\"name\":\"Kul\",\"image\":{\"@type\":\"ImageObject\",\"inLanguage\":\"bs-BA\",\"@id\":\"https:\/\/sandzakpress.net\/arhiva\/#\/schema\/person\/image\/\",\"url\":\"https:\/\/secure.gravatar.com\/avatar\/42263f39aa27ac04c43cab85c280eb2e?s=96&d=mm&r=pg\",\"contentUrl\":\"https:\/\/secure.gravatar.com\/avatar\/42263f39aa27ac04c43cab85c280eb2e?s=96&d=mm&r=pg\",\"caption\":\"Kul\"},\"logo\":{\"@id\":\"https:\/\/sandzakpress.net\/arhiva\/#\/schema\/person\/image\/\"}},{\"@type\":\"Person\",\"@id\":\"https:\/\/sandzakpress.net\/arhiva\/#\/schema\/person\/cb59d7e3ab91ab90dd680ad0305a6185\",\"name\":\"Agencija\",\"image\":{\"@type\":\"ImageObject\",\"inLanguage\":\"bs-BA\",\"@id\":\"https:\/\/sandzakpress.net\/arhiva\/#\/schema\/person\/image\/\",\"url\":\"https:\/\/secure.gravatar.com\/avatar\/4b7fafa80a22f0c2afe23966b3961fe0?s=96&d=mm&r=pg\",\"contentUrl\":\"https:\/\/secure.gravatar.com\/avatar\/4b7fafa80a22f0c2afe23966b3961fe0?s=96&d=mm&r=pg\",\"caption\":\"Agencija\"},\"url\":\"https:\/\/sandzakpress.net\/arhiva\/author\/agencija\/\"}]}<\/script>\n<!-- \/ Yoast SEO Premium plugin. -->","yoast_head_json":{"title":"Zbog prijetnji ne spava i sanja \u010deki\u0107","robots":{"index":"index","follow":"follow","max-snippet":"max-snippet:-1","max-image-preview":"max-image-preview:large","max-video-preview":"max-video-preview:-1"},"canonical":"https:\/\/sandzakpress.net\/arhiva\/zbog-prijetnji-ne-spava-i-sanja-cekic\/","og_locale":"bs_BA","og_type":"article","og_title":"Zbog prijetnji ne spava i sanja \u010deki\u0107","og_description":"Ro\u017eajac Mustafa Muri\u0107 (57) mora\u0107e da plati 350 eura kazne zbog drskog pona\u0161anja i izazivanja osje\u0107aja ugro\u017eenosti kod njema\u010dke dr\u017eavljanke Jasmine Bodtlander (64), porijeklom iz Trebinja. Prvostepenu presudu izrekao je sudija za prekr\u0161aje u ulcinjskom Osnovnom sudu Feriz \u0106erani\u0107. Njemica je protiv Muri\u0107a istovremeno podnijela i krivi\u010dnu prijavu ulcinjskom tu\u017eila\u0161tvu. Bodtlanderova je Muri\u0107a prijavila policiji [&hellip;]","og_url":"https:\/\/sandzakpress.net\/arhiva\/zbog-prijetnji-ne-spava-i-sanja-cekic\/","og_site_name":"Sand\u017eak PRESS","article_published_time":"2019-09-24T13:19:22+00:00","og_image":[{"width":800,"height":385,"url":"https:\/\/sandzakpress.net\/arhiva\/wp-content\/uploads\/2019\/09\/20190921210940_c14b611e-35b1-41a0-b5b1-be32c7e99c2c.jpeg.jpg","type":"image\/jpeg"}],"author":"Agencija","twitter_card":"summary_large_image","twitter_misc":{"Written by":"Agencija","Est. reading time":"2 minute"},"schema":{"@context":"https:\/\/schema.org","@graph":[{"@type":"Article","@id":"https:\/\/sandzakpress.net\/arhiva\/zbog-prijetnji-ne-spava-i-sanja-cekic\/#article","isPartOf":{"@id":"https:\/\/sandzakpress.net\/arhiva\/zbog-prijetnji-ne-spava-i-sanja-cekic\/"},"author":{"name":"Agencija","@id":"https:\/\/sandzakpress.net\/arhiva\/#\/schema\/person\/cb59d7e3ab91ab90dd680ad0305a6185"},"headline":"Zbog prijetnji ne spava i sanja \u010deki\u0107","datePublished":"2019-09-24T13:19:22+00:00","mainEntityOfPage":{"@id":"https:\/\/sandzakpress.net\/arhiva\/zbog-prijetnji-ne-spava-i-sanja-cekic\/"},"wordCount":407,"commentCount":0,"publisher":{"@id":"https:\/\/sandzakpress.net\/arhiva\/#\/schema\/person\/6e72b67d6e51910a1117b3b483ba20bd"},"image":{"@id":"https:\/\/sandzakpress.net\/arhiva\/zbog-prijetnji-ne-spava-i-sanja-cekic\/#primaryimage"},"thumbnailUrl":"https:\/\/sandzakpress.net\/arhiva\/wp-content\/uploads\/2019\/09\/20190921210940_c14b611e-35b1-41a0-b5b1-be32c7e99c2c.jpeg.jpg","articleSection":["Ro\u017eaje","Hronika"],"inLanguage":"bs-BA","potentialAction":[{"@type":"CommentAction","name":"Comment","target":["https:\/\/sandzakpress.net\/arhiva\/zbog-prijetnji-ne-spava-i-sanja-cekic\/#respond"]}]},{"@type":"WebPage","@id":"https:\/\/sandzakpress.net\/arhiva\/zbog-prijetnji-ne-spava-i-sanja-cekic\/","url":"https:\/\/sandzakpress.net\/arhiva\/zbog-prijetnji-ne-spava-i-sanja-cekic\/","name":"Zbog prijetnji ne spava i sanja \u010deki\u0107","isPartOf":{"@id":"https:\/\/sandzakpress.net\/arhiva\/#website"},"primaryImageOfPage":{"@id":"https:\/\/sandzakpress.net\/arhiva\/zbog-prijetnji-ne-spava-i-sanja-cekic\/#primaryimage"},"image":{"@id":"https:\/\/sandzakpress.net\/arhiva\/zbog-prijetnji-ne-spava-i-sanja-cekic\/#primaryimage"},"thumbnailUrl":"https:\/\/sandzakpress.net\/arhiva\/wp-content\/uploads\/2019\/09\/20190921210940_c14b611e-35b1-41a0-b5b1-be32c7e99c2c.jpeg.jpg","datePublished":"2019-09-24T13:19:22+00:00","breadcrumb":{"@id":"https:\/\/sandzakpress.net\/arhiva\/zbog-prijetnji-ne-spava-i-sanja-cekic\/#breadcrumb"},"inLanguage":"bs-BA","potentialAction":[{"@type":"ReadAction","target":["https:\/\/sandzakpress.net\/arhiva\/zbog-prijetnji-ne-spava-i-sanja-cekic\/"]}]},{"@type":"ImageObject","inLanguage":"bs-BA","@id":"https:\/\/sandzakpress.net\/arhiva\/zbog-prijetnji-ne-spava-i-sanja-cekic\/#primaryimage","url":"https:\/\/sandzakpress.net\/arhiva\/wp-content\/uploads\/2019\/09\/20190921210940_c14b611e-35b1-41a0-b5b1-be32c7e99c2c.jpeg.jpg","contentUrl":"https:\/\/sandzakpress.net\/arhiva\/wp-content\/uploads\/2019\/09\/20190921210940_c14b611e-35b1-41a0-b5b1-be32c7e99c2c.jpeg.jpg","width":800,"height":385},{"@type":"BreadcrumbList","@id":"https:\/\/sandzakpress.net\/arhiva\/zbog-prijetnji-ne-spava-i-sanja-cekic\/#breadcrumb","itemListElement":[{"@type":"ListItem","position":1,"name":"Home","item":"https:\/\/sandzakpress.net\/arhiva\/"},{"@type":"ListItem","position":2,"name":"Zbog prijetnji ne spava i sanja \u010deki\u0107"}]},{"@type":"WebSite","@id":"https:\/\/sandzakpress.net\/arhiva\/#website","url":"https:\/\/sandzakpress.net\/arhiva\/","name":"Sand\u017eak PRESS","description":"Prve elektronske novine u Sand\u017eaku","publisher":{"@id":"https:\/\/sandzakpress.net\/arhiva\/#\/schema\/person\/6e72b67d6e51910a1117b3b483ba20bd"},"potentialAction":[{"@type":"SearchAction","target":{"@type":"EntryPoint","urlTemplate":"https:\/\/sandzakpress.net\/arhiva\/?s={search_term_string}"},"query-input":{"@type":"PropertyValueSpecification","valueRequired":true,"valueName":"search_term_string"}}],"inLanguage":"bs-BA"},{"@type":["Person","Organization"],"@id":"https:\/\/sandzakpress.net\/arhiva\/#\/schema\/person\/6e72b67d6e51910a1117b3b483ba20bd","name":"Kul","image":{"@type":"ImageObject","inLanguage":"bs-BA","@id":"https:\/\/sandzakpress.net\/arhiva\/#\/schema\/person\/image\/","url":"https:\/\/secure.gravatar.com\/avatar\/42263f39aa27ac04c43cab85c280eb2e?s=96&d=mm&r=pg","contentUrl":"https:\/\/secure.gravatar.com\/avatar\/42263f39aa27ac04c43cab85c280eb2e?s=96&d=mm&r=pg","caption":"Kul"},"logo":{"@id":"https:\/\/sandzakpress.net\/arhiva\/#\/schema\/person\/image\/"}},{"@type":"Person","@id":"https:\/\/sandzakpress.net\/arhiva\/#\/schema\/person\/cb59d7e3ab91ab90dd680ad0305a6185","name":"Agencija","image":{"@type":"ImageObject","inLanguage":"bs-BA","@id":"https:\/\/sandzakpress.net\/arhiva\/#\/schema\/person\/image\/","url":"https:\/\/secure.gravatar.com\/avatar\/4b7fafa80a22f0c2afe23966b3961fe0?s=96&d=mm&r=pg","contentUrl":"https:\/\/secure.gravatar.com\/avatar\/4b7fafa80a22f0c2afe23966b3961fe0?s=96&d=mm&r=pg","caption":"Agencija"},"url":"https:\/\/sandzakpress.net\/arhiva\/author\/agencija\/"}]}},"_links":{"self":[{"href":"https:\/\/sandzakpress.net\/arhiva\/wp-json\/wp\/v2\/posts\/228504"}],"collection":[{"href":"https:\/\/sandzakpress.net\/arhiva\/wp-json\/wp\/v2\/posts"}],"about":[{"href":"https:\/\/sandzakpress.net\/arhiva\/wp-json\/wp\/v2\/types\/post"}],"author":[{"embeddable":true,"href":"https:\/\/sandzakpress.net\/arhiva\/wp-json\/wp\/v2\/users\/509"}],"replies":[{"embeddable":true,"href":"https:\/\/sandzakpress.net\/arhiva\/wp-json\/wp\/v2\/comments?post=228504"}],"version-history":[{"count":0,"href":"https:\/\/sandzakpress.net\/arhiva\/wp-json\/wp\/v2\/posts\/228504\/revisions"}],"wp:featuredmedia":[{"embeddable":true,"href":"https:\/\/sandzakpress.net\/arhiva\/wp-json\/wp\/v2\/media\/228507"}],"wp:attachment":[{"href":"https:\/\/sandzakpress.net\/arhiva\/wp-json\/wp\/v2\/media?parent=228504"}],"wp:term":[{"taxonomy":"category","embeddable":true,"href":"https:\/\/sandzakpress.net\/arhiva\/wp-json\/wp\/v2\/categories?post=228504"},{"taxonomy":"post_tag","embeddable":true,"href":"https:\/\/sandzakpress.net\/arhiva\/wp-json\/wp\/v2\/tags?post=228504"}],"curies":[{"name":"wp","href":"https:\/\/api.w.org\/{rel}","templated":true}]}}