{"id":22841,"date":"2011-11-01T19:58:23","date_gmt":"2011-11-01T18:58:23","guid":{"rendered":"https:\/\/sandzakpress.net\/arhiva\/?p=22841"},"modified":"2011-11-01T19:58:23","modified_gmt":"2011-11-01T18:58:23","slug":"nebojsa-medojevic-trazi-raspravu-o-vehabijama-u-crnoj-gori","status":"publish","type":"post","link":"https:\/\/sandzakpress.net\/arhiva\/nebojsa-medojevic-trazi-raspravu-o-vehabijama-u-crnoj-gori\/","title":{"rendered":"Neboj\u0161a Medojevi\u0107 trazi raspravu o vehabijama u Crnoj Gori"},"content":{"rendered":"<p><strong>Ju\u017eni Sand\u017eak &#8211; Lider opozicionog Pokreta za promjene i \u010dlan Odbora za bezbjednost i  odbranu Skup\u0161tine Crne Gore  podnije\u0107e sutra zahtjev za hitno zasjedanje  tog parlamentarnog tijela, povodom bezbjednosnih rizika od napada  islamskih ekstremista na diplomatska predstavni\u0161tva u Crnoj Gori. <\/strong><\/p>\n<p>On je kazao da teroristi\u010dki napad na ambasadu Sjedinjenih Ameri\u010dkih  Dr\u017eava u Sarajevu nije izolovani akt \u0161a\u010dice vjerskih fanatika.<\/p>\n<p>Medojevi\u0107 je kazao da \u0107e podnijeti zahtjev za hitno zasjedanje  skup\u0161tinskog Odbora za bezbjednost i odbranu na kome treba da  prisustvuju ministar unutra\u0161njih poslova Ivan Brajovi\u0107, kao i direktori  policije i Agencije za nacionalnu bezbednost (ANB) Veselin Veljovi\u0107 i  Vladan Jokovi\u0107, na temu bezbjednosnih rizika od sli\u010dnih akcija u Crnoj  Gori.<\/p>\n<p>&#8220;Prema mojim saznanjima, heroinski kartel iz Ro\u017eaja godinama je  finansirao odre\u0111ene ekstremne frakcije vehabijskog pokreta u Crnoj Gori,  u kojoj postoje aktivne \u0107elije u Ro\u017eajama, Plavu i Bijelom Polju&#8221; ,  naveo je Medojevi\u0107.<\/p>\n<p>On je kazao da ANB raspola\u017ee operativnim saznajima o ovim \u0107elijama,  dodaju\u0107i da mafija novcem od prodaje narkotika, oru\u017eja, trafikinga i  prostitucije finansira teroristi\u010dke \u0107elije na Balkanu.<\/p>\n<p>&#8220;Vjerski fanatizam je dokazano efikasno oru\u017eje u rukama mafije, kojim se  najlak\u0161e destabilizuju zemlje i izazivaju ratovi&#8221; , rekao je Medojevi\u0107,  a prenosi Tanjug.<\/p>\n<p>Izvor:<strong> Bo\u0161njaci.net<\/strong><\/p>\n","protected":false},"excerpt":{"rendered":"<p>Ju\u017eni Sand\u017eak &#8211; Lider opozicionog Pokreta za promjene i \u010dlan Odbora za bezbjednost i odbranu Skup\u0161tine Crne Gore podnije\u0107e sutra zahtjev za hitno zasjedanje tog parlamentarnog tijela, povodom bezbjednosnih rizika od napada islamskih ekstremista na diplomatska predstavni\u0161tva u Crnoj Gori. On je kazao da teroristi\u010dki napad na ambasadu Sjedinjenih Ameri\u010dkih Dr\u017eava u Sarajevu nije izolovani [&hellip;]<\/p>\n","protected":false},"author":13,"featured_media":0,"comment_status":"open","ping_status":"open","sticky":false,"template":"","format":"standard","meta":{"footnotes":""},"categories":[398,397,396,395,399,5],"tags":[],"class_list":{"0":"post-22841","1":"post","2":"type-post","3":"status-publish","4":"format-standard","6":"category-rozaje","7":"category-berane","8":"category-bijelo_polje","9":"category-pljevlja_","10":"category-plav_","11":"category-drustvo"},"yoast_head":"<!-- This site is optimized with the Yoast SEO Premium plugin v23.1 (Yoast SEO v24.9) - https:\/\/yoast.com\/wordpress\/plugins\/seo\/ -->\n<title>Neboj\u0161a Medojevi\u0107 trazi raspravu o vehabijama u Crnoj Gori<\/title>\n<meta name=\"robots\" content=\"index, follow, max-snippet:-1, max-image-preview:large, max-video-preview:-1\" \/>\n<link rel=\"canonical\" href=\"https:\/\/sandzakpress.net\/arhiva\/nebojsa-medojevic-trazi-raspravu-o-vehabijama-u-crnoj-gori\/\" \/>\n<meta property=\"og:locale\" content=\"bs_BA\" \/>\n<meta property=\"og:type\" content=\"article\" \/>\n<meta property=\"og:title\" content=\"Neboj\u0161a Medojevi\u0107 trazi raspravu o vehabijama u Crnoj Gori\" \/>\n<meta property=\"og:description\" content=\"Ju\u017eni Sand\u017eak &#8211; Lider opozicionog Pokreta za promjene i \u010dlan Odbora za bezbjednost i odbranu Skup\u0161tine Crne Gore podnije\u0107e sutra zahtjev za hitno zasjedanje tog parlamentarnog tijela, povodom bezbjednosnih rizika od napada islamskih ekstremista na diplomatska predstavni\u0161tva u Crnoj Gori. On je kazao da teroristi\u010dki napad na ambasadu Sjedinjenih Ameri\u010dkih Dr\u017eava u Sarajevu nije izolovani [&hellip;]\" \/>\n<meta property=\"og:url\" content=\"https:\/\/sandzakpress.net\/arhiva\/nebojsa-medojevic-trazi-raspravu-o-vehabijama-u-crnoj-gori\/\" \/>\n<meta property=\"og:site_name\" content=\"Sand\u017eak PRESS\" \/>\n<meta property=\"article:published_time\" content=\"2011-11-01T18:58:23+00:00\" \/>\n<meta name=\"twitter:card\" content=\"summary_large_image\" \/>\n<meta name=\"twitter:label1\" content=\"Written by\" \/>\n\t<meta name=\"twitter:data1\" content=\"\" \/>\n\t<meta name=\"twitter:label2\" content=\"Est. reading time\" \/>\n\t<meta name=\"twitter:data2\" content=\"1 minuta\" \/>\n<script type=\"application\/ld+json\" class=\"yoast-schema-graph\">{\"@context\":\"https:\/\/schema.org\",\"@graph\":[{\"@type\":\"Article\",\"@id\":\"https:\/\/sandzakpress.net\/arhiva\/nebojsa-medojevic-trazi-raspravu-o-vehabijama-u-crnoj-gori\/#article\",\"isPartOf\":{\"@id\":\"https:\/\/sandzakpress.net\/arhiva\/nebojsa-medojevic-trazi-raspravu-o-vehabijama-u-crnoj-gori\/\"},\"author\":{\"name\":\"\",\"@id\":\"\"},\"headline\":\"Neboj\u0161a Medojevi\u0107 trazi raspravu o vehabijama u Crnoj Gori\",\"datePublished\":\"2011-11-01T18:58:23+00:00\",\"mainEntityOfPage\":{\"@id\":\"https:\/\/sandzakpress.net\/arhiva\/nebojsa-medojevic-trazi-raspravu-o-vehabijama-u-crnoj-gori\/\"},\"wordCount\":227,\"commentCount\":0,\"publisher\":{\"@id\":\"https:\/\/sandzakpress.net\/arhiva\/#\/schema\/person\/6e72b67d6e51910a1117b3b483ba20bd\"},\"articleSection\":[\"Ro\u017eaje\",\"Berane\",\"Bijelo Polje\",\"Pljevlja\",\"Plav\",\"Dru\u0161tvo\"],\"inLanguage\":\"bs-BA\",\"potentialAction\":[{\"@type\":\"CommentAction\",\"name\":\"Comment\",\"target\":[\"https:\/\/sandzakpress.net\/arhiva\/nebojsa-medojevic-trazi-raspravu-o-vehabijama-u-crnoj-gori\/#respond\"]}]},{\"@type\":\"WebPage\",\"@id\":\"https:\/\/sandzakpress.net\/arhiva\/nebojsa-medojevic-trazi-raspravu-o-vehabijama-u-crnoj-gori\/\",\"url\":\"https:\/\/sandzakpress.net\/arhiva\/nebojsa-medojevic-trazi-raspravu-o-vehabijama-u-crnoj-gori\/\",\"name\":\"Neboj\u0161a Medojevi\u0107 trazi raspravu o vehabijama u Crnoj Gori\",\"isPartOf\":{\"@id\":\"https:\/\/sandzakpress.net\/arhiva\/#website\"},\"datePublished\":\"2011-11-01T18:58:23+00:00\",\"breadcrumb\":{\"@id\":\"https:\/\/sandzakpress.net\/arhiva\/nebojsa-medojevic-trazi-raspravu-o-vehabijama-u-crnoj-gori\/#breadcrumb\"},\"inLanguage\":\"bs-BA\",\"potentialAction\":[{\"@type\":\"ReadAction\",\"target\":[\"https:\/\/sandzakpress.net\/arhiva\/nebojsa-medojevic-trazi-raspravu-o-vehabijama-u-crnoj-gori\/\"]}]},{\"@type\":\"BreadcrumbList\",\"@id\":\"https:\/\/sandzakpress.net\/arhiva\/nebojsa-medojevic-trazi-raspravu-o-vehabijama-u-crnoj-gori\/#breadcrumb\",\"itemListElement\":[{\"@type\":\"ListItem\",\"position\":1,\"name\":\"Home\",\"item\":\"https:\/\/sandzakpress.net\/arhiva\/\"},{\"@type\":\"ListItem\",\"position\":2,\"name\":\"Neboj\u0161a Medojevi\u0107 trazi raspravu o vehabijama u Crnoj Gori\"}]},{\"@type\":\"WebSite\",\"@id\":\"https:\/\/sandzakpress.net\/arhiva\/#website\",\"url\":\"https:\/\/sandzakpress.net\/arhiva\/\",\"name\":\"Sand\u017eak PRESS\",\"description\":\"Prve elektronske novine u Sand\u017eaku\",\"publisher\":{\"@id\":\"https:\/\/sandzakpress.net\/arhiva\/#\/schema\/person\/6e72b67d6e51910a1117b3b483ba20bd\"},\"potentialAction\":[{\"@type\":\"SearchAction\",\"target\":{\"@type\":\"EntryPoint\",\"urlTemplate\":\"https:\/\/sandzakpress.net\/arhiva\/?s={search_term_string}\"},\"query-input\":{\"@type\":\"PropertyValueSpecification\",\"valueRequired\":true,\"valueName\":\"search_term_string\"}}],\"inLanguage\":\"bs-BA\"},{\"@type\":[\"Person\",\"Organization\"],\"@id\":\"https:\/\/sandzakpress.net\/arhiva\/#\/schema\/person\/6e72b67d6e51910a1117b3b483ba20bd\",\"name\":\"Kul\",\"image\":{\"@type\":\"ImageObject\",\"inLanguage\":\"bs-BA\",\"@id\":\"https:\/\/sandzakpress.net\/arhiva\/#\/schema\/person\/image\/\",\"url\":\"https:\/\/secure.gravatar.com\/avatar\/42263f39aa27ac04c43cab85c280eb2e?s=96&d=mm&r=pg\",\"contentUrl\":\"https:\/\/secure.gravatar.com\/avatar\/42263f39aa27ac04c43cab85c280eb2e?s=96&d=mm&r=pg\",\"caption\":\"Kul\"},\"logo\":{\"@id\":\"https:\/\/sandzakpress.net\/arhiva\/#\/schema\/person\/image\/\"}},{\"@type\":\"Person\",\"@id\":\"\",\"url\":\"https:\/\/sandzakpress.net\/arhiva\/author\/\"}]}<\/script>\n<!-- \/ Yoast SEO Premium plugin. -->","yoast_head_json":{"title":"Neboj\u0161a Medojevi\u0107 trazi raspravu o vehabijama u Crnoj Gori","robots":{"index":"index","follow":"follow","max-snippet":"max-snippet:-1","max-image-preview":"max-image-preview:large","max-video-preview":"max-video-preview:-1"},"canonical":"https:\/\/sandzakpress.net\/arhiva\/nebojsa-medojevic-trazi-raspravu-o-vehabijama-u-crnoj-gori\/","og_locale":"bs_BA","og_type":"article","og_title":"Neboj\u0161a Medojevi\u0107 trazi raspravu o vehabijama u Crnoj Gori","og_description":"Ju\u017eni Sand\u017eak &#8211; Lider opozicionog Pokreta za promjene i \u010dlan Odbora za bezbjednost i odbranu Skup\u0161tine Crne Gore podnije\u0107e sutra zahtjev za hitno zasjedanje tog parlamentarnog tijela, povodom bezbjednosnih rizika od napada islamskih ekstremista na diplomatska predstavni\u0161tva u Crnoj Gori. On je kazao da teroristi\u010dki napad na ambasadu Sjedinjenih Ameri\u010dkih Dr\u017eava u Sarajevu nije izolovani [&hellip;]","og_url":"https:\/\/sandzakpress.net\/arhiva\/nebojsa-medojevic-trazi-raspravu-o-vehabijama-u-crnoj-gori\/","og_site_name":"Sand\u017eak PRESS","article_published_time":"2011-11-01T18:58:23+00:00","twitter_card":"summary_large_image","twitter_misc":{"Written by":"","Est. reading time":"1 minuta"},"schema":{"@context":"https:\/\/schema.org","@graph":[{"@type":"Article","@id":"https:\/\/sandzakpress.net\/arhiva\/nebojsa-medojevic-trazi-raspravu-o-vehabijama-u-crnoj-gori\/#article","isPartOf":{"@id":"https:\/\/sandzakpress.net\/arhiva\/nebojsa-medojevic-trazi-raspravu-o-vehabijama-u-crnoj-gori\/"},"author":{"name":"","@id":""},"headline":"Neboj\u0161a Medojevi\u0107 trazi raspravu o vehabijama u Crnoj Gori","datePublished":"2011-11-01T18:58:23+00:00","mainEntityOfPage":{"@id":"https:\/\/sandzakpress.net\/arhiva\/nebojsa-medojevic-trazi-raspravu-o-vehabijama-u-crnoj-gori\/"},"wordCount":227,"commentCount":0,"publisher":{"@id":"https:\/\/sandzakpress.net\/arhiva\/#\/schema\/person\/6e72b67d6e51910a1117b3b483ba20bd"},"articleSection":["Ro\u017eaje","Berane","Bijelo Polje","Pljevlja","Plav","Dru\u0161tvo"],"inLanguage":"bs-BA","potentialAction":[{"@type":"CommentAction","name":"Comment","target":["https:\/\/sandzakpress.net\/arhiva\/nebojsa-medojevic-trazi-raspravu-o-vehabijama-u-crnoj-gori\/#respond"]}]},{"@type":"WebPage","@id":"https:\/\/sandzakpress.net\/arhiva\/nebojsa-medojevic-trazi-raspravu-o-vehabijama-u-crnoj-gori\/","url":"https:\/\/sandzakpress.net\/arhiva\/nebojsa-medojevic-trazi-raspravu-o-vehabijama-u-crnoj-gori\/","name":"Neboj\u0161a Medojevi\u0107 trazi raspravu o vehabijama u Crnoj Gori","isPartOf":{"@id":"https:\/\/sandzakpress.net\/arhiva\/#website"},"datePublished":"2011-11-01T18:58:23+00:00","breadcrumb":{"@id":"https:\/\/sandzakpress.net\/arhiva\/nebojsa-medojevic-trazi-raspravu-o-vehabijama-u-crnoj-gori\/#breadcrumb"},"inLanguage":"bs-BA","potentialAction":[{"@type":"ReadAction","target":["https:\/\/sandzakpress.net\/arhiva\/nebojsa-medojevic-trazi-raspravu-o-vehabijama-u-crnoj-gori\/"]}]},{"@type":"BreadcrumbList","@id":"https:\/\/sandzakpress.net\/arhiva\/nebojsa-medojevic-trazi-raspravu-o-vehabijama-u-crnoj-gori\/#breadcrumb","itemListElement":[{"@type":"ListItem","position":1,"name":"Home","item":"https:\/\/sandzakpress.net\/arhiva\/"},{"@type":"ListItem","position":2,"name":"Neboj\u0161a Medojevi\u0107 trazi raspravu o vehabijama u Crnoj Gori"}]},{"@type":"WebSite","@id":"https:\/\/sandzakpress.net\/arhiva\/#website","url":"https:\/\/sandzakpress.net\/arhiva\/","name":"Sand\u017eak PRESS","description":"Prve elektronske novine u Sand\u017eaku","publisher":{"@id":"https:\/\/sandzakpress.net\/arhiva\/#\/schema\/person\/6e72b67d6e51910a1117b3b483ba20bd"},"potentialAction":[{"@type":"SearchAction","target":{"@type":"EntryPoint","urlTemplate":"https:\/\/sandzakpress.net\/arhiva\/?s={search_term_string}"},"query-input":{"@type":"PropertyValueSpecification","valueRequired":true,"valueName":"search_term_string"}}],"inLanguage":"bs-BA"},{"@type":["Person","Organization"],"@id":"https:\/\/sandzakpress.net\/arhiva\/#\/schema\/person\/6e72b67d6e51910a1117b3b483ba20bd","name":"Kul","image":{"@type":"ImageObject","inLanguage":"bs-BA","@id":"https:\/\/sandzakpress.net\/arhiva\/#\/schema\/person\/image\/","url":"https:\/\/secure.gravatar.com\/avatar\/42263f39aa27ac04c43cab85c280eb2e?s=96&d=mm&r=pg","contentUrl":"https:\/\/secure.gravatar.com\/avatar\/42263f39aa27ac04c43cab85c280eb2e?s=96&d=mm&r=pg","caption":"Kul"},"logo":{"@id":"https:\/\/sandzakpress.net\/arhiva\/#\/schema\/person\/image\/"}},{"@type":"Person","@id":"","url":"https:\/\/sandzakpress.net\/arhiva\/author\/"}]}},"_links":{"self":[{"href":"https:\/\/sandzakpress.net\/arhiva\/wp-json\/wp\/v2\/posts\/22841"}],"collection":[{"href":"https:\/\/sandzakpress.net\/arhiva\/wp-json\/wp\/v2\/posts"}],"about":[{"href":"https:\/\/sandzakpress.net\/arhiva\/wp-json\/wp\/v2\/types\/post"}],"author":[{"embeddable":true,"href":"https:\/\/sandzakpress.net\/arhiva\/wp-json\/wp\/v2\/users\/13"}],"replies":[{"embeddable":true,"href":"https:\/\/sandzakpress.net\/arhiva\/wp-json\/wp\/v2\/comments?post=22841"}],"version-history":[{"count":0,"href":"https:\/\/sandzakpress.net\/arhiva\/wp-json\/wp\/v2\/posts\/22841\/revisions"}],"wp:attachment":[{"href":"https:\/\/sandzakpress.net\/arhiva\/wp-json\/wp\/v2\/media?parent=22841"}],"wp:term":[{"taxonomy":"category","embeddable":true,"href":"https:\/\/sandzakpress.net\/arhiva\/wp-json\/wp\/v2\/categories?post=22841"},{"taxonomy":"post_tag","embeddable":true,"href":"https:\/\/sandzakpress.net\/arhiva\/wp-json\/wp\/v2\/tags?post=22841"}],"curies":[{"name":"wp","href":"https:\/\/api.w.org\/{rel}","templated":true}]}}