{"id":228392,"date":"2019-09-21T00:09:10","date_gmt":"2019-09-20T22:09:10","guid":{"rendered":"https:\/\/sandzakpress.net\/arhiva\/djetinjstvo-pripada-djeci"},"modified":"2019-09-21T00:09:10","modified_gmt":"2019-09-20T22:09:10","slug":"djetinjstvo-pripada-djeci","status":"publish","type":"post","link":"https:\/\/sandzakpress.net\/arhiva\/djetinjstvo-pripada-djeci\/","title":{"rendered":"Djetinjstvo pripada djeci!"},"content":{"rendered":"<p><span class=\"cb-itemprop\"><\/p>\n<p><strong><img decoding=\"async\" src=\"https:\/\/i1.wp.com\/akos.ba\/wp-content\/uploads\/2018\/09\/tablet_djeca.jpg?fit=768%2C432&amp;ssl=1\" \/><\/strong><\/p>\n<p><strong>Djeca su tu, dok djetinjstvo postepeno ulazi u zaborav.\u00a0<\/strong><\/p>\n<p>Allah Svevi\u0161nji je obdario ljudska bi\u0107a posebnim periodom koji se naziva razdoblje djetinjstva.<\/p>\n<p>Djetinjstvo je nesumnjivo najljep\u0161a i najsretnija faza ljudskog \u017eivota. Radosti detinjstva nikada ne mogu biti zamjenjene ni sa \u010dim drugim!<\/p>\n<p>To je period kada je osoba oslobo\u0111ena svih briga i odgovornosti.<\/p>\n<p>To je period kada volite da igrate igre.<\/p>\n<p>To je taj period kada se svi vole.<\/p>\n<p>Me\u0111utim, ljubav koju roditelji pru\u017eaju svojoj djeci je neuporediva! To je jedina ljubav koja je zaista nesebi\u010dna, bezuslovna i opra\u0161ta. Allah je zadr\u017eao jedinstvenu toplinu i naklonost u roditeljskoj ljubavi i, posebno u ljubavi majke.<\/p>\n<p>Djeca su kao cvijetni pupoljci. Kada ti pupoljci procvjetaju u cvije\u0107e, ljubav koju roditelji daju svojoj djeci djeluje kao srda\u010dan miris. Drugim rije\u010dima, ljubav roditelja ima pozitivan ishod tokom cijelog \u017eivota.<\/p>\n<p>Me\u0111utim, u ovom modernom dobu ljudi u svim dijelovima svijeta sada poku\u0161avaju\u00a0<em>\u201coplja\u010dkati\u201c<\/em>\u00a0djecu u razli\u010ditim aspekatima ovog vitalnog perioda.<\/p>\n<p>U nastavku su navedeni neki od ovih aspekata i na\u010din na koji su oplja\u010dkani.<\/p>\n<p>Vrijeme je 5.30. Pet i po godina staro dijete je u svome snu sa palcem u ustima. Njegova majka ulazi u njegovu sobu i budi ga\u2026 ne, ne za sabah-namaz jer Allah nije u\u010dinio ni namaz obaveznim u ovom dobu. Ona ga budi da ga pripremi za \u0161kolu.<\/p>\n<p>Jadno dijete! Dok su mu kapci jo\u0161 uvijek te\u0161ki od sna, on se prisiljava da se spremi za po\u010detak jo\u0161 jednog napornog dana.<\/p>\n<p>Ve\u0107 je nau\u010den da jede veoma brzo. Nema \u0161anse su da bi mogao napustiti dom bez adekvatne hrane.<\/p>\n<p>Na taj na\u010din ste mu \u201coplja\u010dkali\u201d san, kao i odgovaraju\u0107u hranu!<\/p>\n<p>Kod ku\u0107e nema ograni\u010denja! On je slobodan da radi sve \u0161to voli. Dok u \u0161koli mora da po\u0161tuje pravila i propise. Kao rezultat toga, oplja\u010dkali ste mu slobodu koju treba da u\u017eiva tako mlado dijete!<\/p>\n<p>Ovo je bila o\u0161tra stvarnost u posljednjih nekoliko godina, jer sekularni obrazovni sistem zahtijeva da djeca budu primljena u \u0161kolu u vrlo mladom uzrastu.<\/p>\n<p><img loading=\"lazy\" decoding=\"async\" class=\"size-full wp-image-90724 alignleft jetpack-lazy-image jetpack-lazy-image--handled\" src=\"https:\/\/i0.wp.com\/akos.ba\/wp-content\/uploads\/2018\/09\/djeca-skola-naslovna.jpg?resize=500%2C342\" alt=\"\" width=\"500\" height=\"342\" data-recalc-dims=\"1\" data-lazy-loaded=\"1\" \/>U ve\u0107ini zemalja oni po\u010dinju da poha\u0111aju \u201ePlaygroup\u201c u godinama kada nisu \u010dak ni rekli \u201ezbogom\u201c svom detinjstvu. \u010cak i uniforme koje koje obla\u010de \u00a0ponekad sadr\u017ee \u2018Pampers\u2019 ili bilo koju drugu vrstu pelena iz o\u010diglednih razloga.<\/p>\n<p>Kada \u0161aljete svoju decu u \u0161kolu u tako nje\u017enom dobu, ne samo da ih oplja\u010dkate od \u00a0u\u017eitaka koje treba da u\u017eivaju tokom ovog perioda, vi ih zapravo stavljate u veoma neugodne pozicije! Jadna djeca! Oni ne mogu \u010dak ni izraziti svoje neugodnosti j su jedva odabrali pravi jezik ili \u010dak rije\u010di da bi to u\u010dinili.<\/p>\n<p>To nije sve! Plja\u010dkate im jedan veliki poduhvat koji treba da nastave u ranom periodu \u017eivota.<\/p>\n<p>Taj poduhvat jeste islamsko obrazovanje!<\/p>\n<p>Nepobitna je \u010dinjenica da kada ih \u0161aljete u \u0161kolu za sticanje sekularnog obrazovanja onda \u0107e oni iskoristiti svoje najbolje vrijeme samo u tom nastojanju. Ono \u0161to ostaje je vrlo mali dio vremena, koji se mo\u017ee nazvati \u2018ostatak vremena\u2019.<\/p>\n<p>Odlu\u010dili ste da iskoristite taj \u2018ostatak vremena\u2019 da bi va\u0161a djeca stekla islamsko obrazovanje.<\/p>\n<p>Koliko mislite da \u0107e te fizi\u010dki i mentalno iscrpljena djeca mo\u0107i da ostvare unutar tog \u2018ostatka\u2019 vremena?<\/p>\n<p>Najgora stvar je, me\u0111utim, to \u0161to mnogi od vas ne dozvoljavaju va\u0161oj djeci da koriste \u010dak i ovaj \u2018ostatak\u2019 vremena za sticanje vjerskog obrazovanja, jer ih natjerate da se uklju\u010de u niz drugih aktivnosti kao \u0161to su guranje da rade doma\u0107e zada\u0107e, da u\u010de na svojim digitalnim \u201eprijateljima\u201c itd.<\/p>\n<p>Kako dijete odrasta, nije svjesno osnovnog islamskog znanja koje uklju\u010duje osnove\u00a0 imana\u00a0 i islama, akida, sira Resullullaha, kako klanjati, u\u010diti u Kur\u2019anu itd.<\/p>\n<p>Tako\u0111er propustite da im usadite terbijet\u00a0 (pravi islamski odgoj).<\/p>\n<p>Prije nego \u0161to ih nau\u010de da recituju\u00a0 Fatihu\u00a0 i\u00a0 Ihlas, oni u\u010de da pevaju \u2018Baa, Baa, Crna ovca\u2019 i \u2018Humpty Dumpty\u2019.<\/p>\n<p>Umjesto odrastanja u islamskoj atmosferi, oni \u00a0rastu u neislamskom okru\u017eenju kao \u0161to je zapadni sistem zajedni\u010dkog obrazovanja.<\/p>\n<p>Klinac koji ne poha\u0111a \u0161kolu sekularnog obrazovanja se ne smatra normalnim djetetom.<\/p>\n<p>Ukratko, plja\u010dkate svoju djecu \u0161ansom da steknu najva\u017eniju ta\u010dku u \u017eivotu \u2013 islamsko znanje!<\/p>\n<p>Zapravo, to je bio zapadni\u00a0 motiv uvo\u0111enja sekularnog sistema obrazovanja, da nas dr\u017ei podalje od prepoznavanja na\u0161eg Stvoritelja i tako da skrenemo na\u0161u pa\u017enju sa Stvoritelja na stvaranje.<\/p>\n<p>U ovoj digitalnoj eri, kao roditelji, ve\u0107ina vas je toliko zaokupljena svakodnevnim poslovima (koji uklju\u010duju i stalno pozivanje na va\u0161e pametne telefone), da ne \u017eelite da vas djeca ometaju.<\/p>\n<p><img loading=\"lazy\" decoding=\"async\" class=\"alignnone size-full wp-image-92421 jetpack-lazy-image jetpack-lazy-image--handled\" src=\"https:\/\/i0.wp.com\/akos.ba\/wp-content\/uploads\/2018\/11\/reklame-nasilje-djeca.jpg?resize=640%2C424\" alt=\"reklame-nasilje-djeca\" width=\"640\" height=\"424\" data-recalc-dims=\"1\" data-lazy-loaded=\"1\" \/><\/p>\n<p>Kao rezultat toga, dajete digitalne ure\u0111aje djeci (koja tako\u0111er uklju\u010duju \u010dak i malu djecu) kako bi ih dr\u017eali na okupu, a da nisu najmanje zabrinuti zbog uticaja ure\u0111aja kao \u0161to su pametni telefoni na va\u0161e djete.<\/p>\n<div>\n<div id=\"div-gpt-ad-1550846960983-0\" data-google-query-id=\"CP2ptbWx4OQCFUIq4Aodc_UN2g\">\n<div id=\"google_ads_iframe_\/215117849\/akos.ba_300x250_2_0__container__\"><\/div>\n<\/div>\n<\/div>\n<p>U nekim slu\u010dajevima postoje djeca koja vas neprestano, hroni\u010dno tra\u017ee da im dozvolite pristup ekranu telefona ili tableta \u2013 do te mjere da ste kao roditelj prisiljeni popustiti zahtjevima. Na kraju kupujete ure\u0111aje koji imaju video igre ili im omogu\u0107ite pristup internetu.<\/p>\n<p>Dijete koje nema kontrolu sada predano pod kontrolu pametnog telefona ili iPad-a ili bilo kojeg drugog digitalnog ure\u0111aja.<\/p>\n<p>Majka ponosno gleda na svoje dijete koje upravlja takvim ure\u0111ajem i dobiva priliku da svojim prijateljima ka\u017ee:\u00a0 \u201cGledajte, moja dvogodi\u0161nja Pappu \/ Sweety mo\u017ee da upravlja sa pametnim telefonom! Zar nije nevjerovatno?\u201d<\/p>\n<p>Nje\u017enim rukama koje bi trebale rukovati igra\u010dkama, triciklima i biciklima, loptama i balonima sada se daju digitalni ure\u0111aji koji ih dr\u017ee okupiranim.<\/p>\n<p>Djeca koja bi trebalo da budu na terenu i igraju se kako bi se fizi\u010dki pripremila, sada se igraju na ekranima svojih ure\u0111aja.<\/p>\n<p>Imaju iPod, mobilne telefone i kompjuterske igre na dohvat ruke.<\/p>\n<p>Ali uprkos bogatstvu ovih stvari, dana\u0161nja djeca izgleda da propu\u0161taju prava bogatstva djetinjstva.<\/p>\n<p>Za mnogo djece sloboda da istra\u017euju vani, voze bicikle, penju se na drve\u0107e i u\u017eivaju u drugim jednostavnim zadovoljstvima sada postaju stvari pro\u0161losti.<\/p>\n<p>Google, YouTube i dru\u0161tveni sajtovi kao \u0161to su WhatsApp, Facebook itd., dovode djecu do \u2018zrelosti\u2019 mnogo br\u017ee nego u prethodnim generacijama.<\/p>\n<p>Ako mislite da je ova \u2018neblagovremenost\u2019 pogodna za va\u0161u djecu, onda ste jako pogre\u0161ni! To je u stvari neka vrsta \u2018napada\u2019 nepotrebnih materijala i informacija koji bi mogli na\u0161tetiti osjetljivim mozgovima djece.<\/p>\n<p><img loading=\"lazy\" decoding=\"async\" class=\"alignnone size-full wp-image-81913 jetpack-lazy-image jetpack-lazy-image--handled\" src=\"https:\/\/i2.wp.com\/akos.ba\/wp-content\/uploads\/2018\/01\/djeca-na-netu.jpg?resize=640%2C480\" alt=\"\" width=\"640\" height=\"480\" data-recalc-dims=\"1\" data-lazy-loaded=\"1\" \/>Ve\u0107ina roditelja u nedavnoj anketi priznala je da su zabrinuti da njihova djeca rastu prebrzo, a 77 posto je za to okrivilo internet.<\/p>\n<p>Oni su ovu ubrzanu zrelost pripisali, posebno, ogromnoj koli\u010dini informacija koje vide na internetu i na dru\u0161tvenim mre\u017eama.<\/p>\n<p>Uz \u0161iroko rasprostranjen pristup internetu, znati\u017eeljni tinejd\u017eeri mogu slu\u010dajno ili namjerno biti izlo\u017eeni velikoj koli\u010dini materijala koji je necenzuriran, seksualno eksplicitan i potencijalno \u0161tetan. Mo\u017eete \u010dak primijetiti rane znakove ovisnosti o tim ure\u0111ajima u njima.<\/p>\n<p>Na ovaj na\u010din, zar ne plja\u010dkate na\u0161u decu \u010distom i nepatvorenom nevino\u0161\u0107u detinjstva?<\/p>\n<p>Ako je to zabrinutost i zabrinutost zapadnih ljudi, ljudi koji sebe nazivaju \u201coslobo\u0111enim partijama\u201d, onda bi na\u0161a briga i briga trebale biti u mnogo ve\u0107oj mjeri!<\/p>\n<p>Dvije veoma mlade djevojke stoje ispred \u0161kole. Automobil se zaustavlja ispred njih i par izlazi iz tog automobila.<\/p>\n<p>\u010cim jedna od djevojaka vidi par, na licu joj se pojavi mahnit izraz lica i intenzivnom brzinom juri prema njima. Ona gorljivo zagrli mu\u0161karca, a zatim \u017eenu.<\/p>\n<p>Vidjev\u0161i njene postupke, na drugoj djevojci se pojavljuje vrlo tu\u017ean pogled. Kapi suza padaju s njenih o\u010diju. Ona okre\u0107e lice.<\/p>\n<p>Par u autu su roditelji djevojke koja se uzbu\u0111uje kad vidi svoje drage roditelje, dok je djevojka koja se o\u010dajno vidi reakcije ove djevojke iz slomljenog doma dok su joj roditelji razvedeni. Uvek \u017eudi da joj se roditelji pridru\u017ee da je pokupe iz \u0161kole, ali to se nikada ne de\u0161ava.<\/p>\n<p>Reakcije druge djevojke su mu\u010dna slika stradanja djeteta slomljenog doma.<\/p>\n<p>Roditelji iz vlastitih sebi\u010dnih razloga odlu\u010duju se za takav korak bez da shvate da se njihov razvod mo\u017ee pokazati kao najrazorniji za njihovu djecu.<\/p>\n<p>Brak je zaista sveta veza koja spaja mu\u0161karca i \u017eenu na osnovu u\u010denja Kur&#8217;ana i sunneta. Dakle, svaki partner u ovom blagoslovljenom odnosu mora se odnositi prema drugom s po\u0161tovanjem i na najljep\u0161i na\u010din.<\/p>\n<p>Razvod raskida porodicu i li\u0161ava djecu najvrednije obiteljske atmosfere.<\/p>\n<p>Me\u0111utim, ono \u0161to najvi\u0161e zabrinjava je da mo\u017ee imati negativne efekte na \u017eivote djece o kojoj je rije\u010d. Neki od kratkoro\u010dnih efekata su: anksioznost, stalni stres, promjene raspolo\u017eenja, razdra\u017eljivost, intenzivna tuga i uznemirenost.<\/p>\n<p>Gledaju\u0107i sve navedene situacije, moglo bi se do\u0107i u isku\u0161enje da zaklju\u010dimo: Djeca su tu, dok djetinjstvo postepeno ulazi u zaborav.<\/p>\n<p><strong>Pi\u0161e:<\/strong>\u00a0Haqqseeker<\/p>\n<p><strong>Izvor:<\/strong>\u00a0MuslimVillage<\/p>\n<p><strong>Prijevod i obrada:<\/strong>\u00a0Akos.ba<\/p>\n<p>(akos.ba)<\/p>\n<p><\/span><br \/>\nPogledajte vijest na izvornom sajtu:<\/p>\n<p><a href=\"https:\/\/islampress.net\/46379\/djetinjstvo-pripada-djeci\/\" target=\"_blank\">Djetinjstvo pripada djeci!<\/a><\/p>\n","protected":false},"excerpt":{"rendered":"<p>Djeca su tu, dok djetinjstvo postepeno ulazi u zaborav.\u00a0 Allah Svevi\u0161nji je obdario ljudska bi\u0107a posebnim periodom koji se naziva razdoblje djetinjstva. Djetinjstvo je nesumnjivo najljep\u0161a i najsretnija faza ljudskog \u017eivota. Radosti detinjstva nikada ne mogu biti zamjenjene ni sa \u010dim drugim! To je period kada je osoba oslobo\u0111ena svih briga i odgovornosti. To je [&hellip;]<\/p>\n","protected":false},"author":83,"featured_media":0,"comment_status":"open","ping_status":"open","sticky":false,"template":"","format":"standard","meta":{"footnotes":""},"categories":[10514],"tags":[10516],"class_list":{"0":"post-228392","1":"post","2":"type-post","3":"status-publish","4":"format-standard","6":"category-islam-press","7":"tag-islam"},"yoast_head":"<!-- This site is optimized with the Yoast SEO Premium plugin v23.1 (Yoast SEO v24.9) - https:\/\/yoast.com\/wordpress\/plugins\/seo\/ -->\n<title>Djetinjstvo pripada djeci!<\/title>\n<meta name=\"robots\" content=\"index, follow, max-snippet:-1, max-image-preview:large, max-video-preview:-1\" \/>\n<link rel=\"canonical\" href=\"https:\/\/sandzakpress.net\/arhiva\/djetinjstvo-pripada-djeci\/\" \/>\n<meta property=\"og:locale\" content=\"bs_BA\" \/>\n<meta property=\"og:type\" content=\"article\" \/>\n<meta property=\"og:title\" content=\"Djetinjstvo pripada djeci!\" \/>\n<meta property=\"og:description\" content=\"Djeca su tu, dok djetinjstvo postepeno ulazi u zaborav.\u00a0 Allah Svevi\u0161nji je obdario ljudska bi\u0107a posebnim periodom koji se naziva razdoblje djetinjstva. Djetinjstvo je nesumnjivo najljep\u0161a i najsretnija faza ljudskog \u017eivota. Radosti detinjstva nikada ne mogu biti zamjenjene ni sa \u010dim drugim! To je period kada je osoba oslobo\u0111ena svih briga i odgovornosti. To je [&hellip;]\" \/>\n<meta property=\"og:url\" content=\"https:\/\/sandzakpress.net\/arhiva\/djetinjstvo-pripada-djeci\/\" \/>\n<meta property=\"og:site_name\" content=\"Sand\u017eak PRESS\" \/>\n<meta property=\"article:published_time\" content=\"2019-09-20T22:09:10+00:00\" \/>\n<meta property=\"og:image\" content=\"https:\/\/i1.wp.com\/akos.ba\/wp-content\/uploads\/2018\/09\/tablet_djeca.jpg?fit=768%2C432&amp;ssl=1\" \/>\n<meta name=\"author\" content=\"bosniak\" \/>\n<meta name=\"twitter:card\" content=\"summary_large_image\" \/>\n<meta name=\"twitter:label1\" content=\"Written by\" \/>\n\t<meta name=\"twitter:data1\" content=\"bosniak\" \/>\n\t<meta name=\"twitter:label2\" content=\"Est. reading time\" \/>\n\t<meta name=\"twitter:data2\" content=\"8 minuta\" \/>\n<script type=\"application\/ld+json\" class=\"yoast-schema-graph\">{\"@context\":\"https:\/\/schema.org\",\"@graph\":[{\"@type\":\"Article\",\"@id\":\"https:\/\/sandzakpress.net\/arhiva\/djetinjstvo-pripada-djeci\/#article\",\"isPartOf\":{\"@id\":\"https:\/\/sandzakpress.net\/arhiva\/djetinjstvo-pripada-djeci\/\"},\"author\":{\"name\":\"bosniak\",\"@id\":\"https:\/\/sandzakpress.net\/arhiva\/#\/schema\/person\/c8baee722073534b583ea7bdb2e36c02\"},\"headline\":\"Djetinjstvo pripada djeci!\",\"datePublished\":\"2019-09-20T22:09:10+00:00\",\"mainEntityOfPage\":{\"@id\":\"https:\/\/sandzakpress.net\/arhiva\/djetinjstvo-pripada-djeci\/\"},\"wordCount\":1518,\"commentCount\":0,\"publisher\":{\"@id\":\"https:\/\/sandzakpress.net\/arhiva\/#\/schema\/person\/6e72b67d6e51910a1117b3b483ba20bd\"},\"image\":{\"@id\":\"https:\/\/sandzakpress.net\/arhiva\/djetinjstvo-pripada-djeci\/#primaryimage\"},\"thumbnailUrl\":\"https:\/\/i1.wp.com\/akos.ba\/wp-content\/uploads\/2018\/09\/tablet_djeca.jpg?fit=768%2C432&amp;ssl=1\",\"keywords\":[\"Islam\"],\"articleSection\":[\"Islam PRESS\"],\"inLanguage\":\"bs-BA\",\"potentialAction\":[{\"@type\":\"CommentAction\",\"name\":\"Comment\",\"target\":[\"https:\/\/sandzakpress.net\/arhiva\/djetinjstvo-pripada-djeci\/#respond\"]}]},{\"@type\":\"WebPage\",\"@id\":\"https:\/\/sandzakpress.net\/arhiva\/djetinjstvo-pripada-djeci\/\",\"url\":\"https:\/\/sandzakpress.net\/arhiva\/djetinjstvo-pripada-djeci\/\",\"name\":\"Djetinjstvo pripada djeci!\",\"isPartOf\":{\"@id\":\"https:\/\/sandzakpress.net\/arhiva\/#website\"},\"primaryImageOfPage\":{\"@id\":\"https:\/\/sandzakpress.net\/arhiva\/djetinjstvo-pripada-djeci\/#primaryimage\"},\"image\":{\"@id\":\"https:\/\/sandzakpress.net\/arhiva\/djetinjstvo-pripada-djeci\/#primaryimage\"},\"thumbnailUrl\":\"https:\/\/i1.wp.com\/akos.ba\/wp-content\/uploads\/2018\/09\/tablet_djeca.jpg?fit=768%2C432&amp;ssl=1\",\"datePublished\":\"2019-09-20T22:09:10+00:00\",\"breadcrumb\":{\"@id\":\"https:\/\/sandzakpress.net\/arhiva\/djetinjstvo-pripada-djeci\/#breadcrumb\"},\"inLanguage\":\"bs-BA\",\"potentialAction\":[{\"@type\":\"ReadAction\",\"target\":[\"https:\/\/sandzakpress.net\/arhiva\/djetinjstvo-pripada-djeci\/\"]}]},{\"@type\":\"ImageObject\",\"inLanguage\":\"bs-BA\",\"@id\":\"https:\/\/sandzakpress.net\/arhiva\/djetinjstvo-pripada-djeci\/#primaryimage\",\"url\":\"https:\/\/i1.wp.com\/akos.ba\/wp-content\/uploads\/2018\/09\/tablet_djeca.jpg?fit=768%2C432&amp;ssl=1\",\"contentUrl\":\"https:\/\/i1.wp.com\/akos.ba\/wp-content\/uploads\/2018\/09\/tablet_djeca.jpg?fit=768%2C432&amp;ssl=1\"},{\"@type\":\"BreadcrumbList\",\"@id\":\"https:\/\/sandzakpress.net\/arhiva\/djetinjstvo-pripada-djeci\/#breadcrumb\",\"itemListElement\":[{\"@type\":\"ListItem\",\"position\":1,\"name\":\"Home\",\"item\":\"https:\/\/sandzakpress.net\/arhiva\/\"},{\"@type\":\"ListItem\",\"position\":2,\"name\":\"Djetinjstvo pripada djeci!\"}]},{\"@type\":\"WebSite\",\"@id\":\"https:\/\/sandzakpress.net\/arhiva\/#website\",\"url\":\"https:\/\/sandzakpress.net\/arhiva\/\",\"name\":\"Sand\u017eak PRESS\",\"description\":\"Prve elektronske novine u Sand\u017eaku\",\"publisher\":{\"@id\":\"https:\/\/sandzakpress.net\/arhiva\/#\/schema\/person\/6e72b67d6e51910a1117b3b483ba20bd\"},\"potentialAction\":[{\"@type\":\"SearchAction\",\"target\":{\"@type\":\"EntryPoint\",\"urlTemplate\":\"https:\/\/sandzakpress.net\/arhiva\/?s={search_term_string}\"},\"query-input\":{\"@type\":\"PropertyValueSpecification\",\"valueRequired\":true,\"valueName\":\"search_term_string\"}}],\"inLanguage\":\"bs-BA\"},{\"@type\":[\"Person\",\"Organization\"],\"@id\":\"https:\/\/sandzakpress.net\/arhiva\/#\/schema\/person\/6e72b67d6e51910a1117b3b483ba20bd\",\"name\":\"Kul\",\"image\":{\"@type\":\"ImageObject\",\"inLanguage\":\"bs-BA\",\"@id\":\"https:\/\/sandzakpress.net\/arhiva\/#\/schema\/person\/image\/\",\"url\":\"https:\/\/secure.gravatar.com\/avatar\/42263f39aa27ac04c43cab85c280eb2e?s=96&d=mm&r=pg\",\"contentUrl\":\"https:\/\/secure.gravatar.com\/avatar\/42263f39aa27ac04c43cab85c280eb2e?s=96&d=mm&r=pg\",\"caption\":\"Kul\"},\"logo\":{\"@id\":\"https:\/\/sandzakpress.net\/arhiva\/#\/schema\/person\/image\/\"}},{\"@type\":\"Person\",\"@id\":\"https:\/\/sandzakpress.net\/arhiva\/#\/schema\/person\/c8baee722073534b583ea7bdb2e36c02\",\"name\":\"bosniak\",\"image\":{\"@type\":\"ImageObject\",\"inLanguage\":\"bs-BA\",\"@id\":\"https:\/\/sandzakpress.net\/arhiva\/#\/schema\/person\/image\/\",\"url\":\"https:\/\/secure.gravatar.com\/avatar\/a04fd330bfe3a36a72a0ad4a6d89fca7?s=96&d=mm&r=pg\",\"contentUrl\":\"https:\/\/secure.gravatar.com\/avatar\/a04fd330bfe3a36a72a0ad4a6d89fca7?s=96&d=mm&r=pg\",\"caption\":\"bosniak\"},\"url\":\"https:\/\/sandzakpress.net\/arhiva\/author\/bosniak\/\"}]}<\/script>\n<!-- \/ Yoast SEO Premium plugin. -->","yoast_head_json":{"title":"Djetinjstvo pripada djeci!","robots":{"index":"index","follow":"follow","max-snippet":"max-snippet:-1","max-image-preview":"max-image-preview:large","max-video-preview":"max-video-preview:-1"},"canonical":"https:\/\/sandzakpress.net\/arhiva\/djetinjstvo-pripada-djeci\/","og_locale":"bs_BA","og_type":"article","og_title":"Djetinjstvo pripada djeci!","og_description":"Djeca su tu, dok djetinjstvo postepeno ulazi u zaborav.\u00a0 Allah Svevi\u0161nji je obdario ljudska bi\u0107a posebnim periodom koji se naziva razdoblje djetinjstva. Djetinjstvo je nesumnjivo najljep\u0161a i najsretnija faza ljudskog \u017eivota. Radosti detinjstva nikada ne mogu biti zamjenjene ni sa \u010dim drugim! To je period kada je osoba oslobo\u0111ena svih briga i odgovornosti. To je [&hellip;]","og_url":"https:\/\/sandzakpress.net\/arhiva\/djetinjstvo-pripada-djeci\/","og_site_name":"Sand\u017eak PRESS","article_published_time":"2019-09-20T22:09:10+00:00","og_image":[{"url":"https:\/\/i1.wp.com\/akos.ba\/wp-content\/uploads\/2018\/09\/tablet_djeca.jpg?fit=768%2C432&amp;ssl=1","type":"","width":"","height":""}],"author":"bosniak","twitter_card":"summary_large_image","twitter_misc":{"Written by":"bosniak","Est. reading time":"8 minuta"},"schema":{"@context":"https:\/\/schema.org","@graph":[{"@type":"Article","@id":"https:\/\/sandzakpress.net\/arhiva\/djetinjstvo-pripada-djeci\/#article","isPartOf":{"@id":"https:\/\/sandzakpress.net\/arhiva\/djetinjstvo-pripada-djeci\/"},"author":{"name":"bosniak","@id":"https:\/\/sandzakpress.net\/arhiva\/#\/schema\/person\/c8baee722073534b583ea7bdb2e36c02"},"headline":"Djetinjstvo pripada djeci!","datePublished":"2019-09-20T22:09:10+00:00","mainEntityOfPage":{"@id":"https:\/\/sandzakpress.net\/arhiva\/djetinjstvo-pripada-djeci\/"},"wordCount":1518,"commentCount":0,"publisher":{"@id":"https:\/\/sandzakpress.net\/arhiva\/#\/schema\/person\/6e72b67d6e51910a1117b3b483ba20bd"},"image":{"@id":"https:\/\/sandzakpress.net\/arhiva\/djetinjstvo-pripada-djeci\/#primaryimage"},"thumbnailUrl":"https:\/\/i1.wp.com\/akos.ba\/wp-content\/uploads\/2018\/09\/tablet_djeca.jpg?fit=768%2C432&amp;ssl=1","keywords":["Islam"],"articleSection":["Islam PRESS"],"inLanguage":"bs-BA","potentialAction":[{"@type":"CommentAction","name":"Comment","target":["https:\/\/sandzakpress.net\/arhiva\/djetinjstvo-pripada-djeci\/#respond"]}]},{"@type":"WebPage","@id":"https:\/\/sandzakpress.net\/arhiva\/djetinjstvo-pripada-djeci\/","url":"https:\/\/sandzakpress.net\/arhiva\/djetinjstvo-pripada-djeci\/","name":"Djetinjstvo pripada djeci!","isPartOf":{"@id":"https:\/\/sandzakpress.net\/arhiva\/#website"},"primaryImageOfPage":{"@id":"https:\/\/sandzakpress.net\/arhiva\/djetinjstvo-pripada-djeci\/#primaryimage"},"image":{"@id":"https:\/\/sandzakpress.net\/arhiva\/djetinjstvo-pripada-djeci\/#primaryimage"},"thumbnailUrl":"https:\/\/i1.wp.com\/akos.ba\/wp-content\/uploads\/2018\/09\/tablet_djeca.jpg?fit=768%2C432&amp;ssl=1","datePublished":"2019-09-20T22:09:10+00:00","breadcrumb":{"@id":"https:\/\/sandzakpress.net\/arhiva\/djetinjstvo-pripada-djeci\/#breadcrumb"},"inLanguage":"bs-BA","potentialAction":[{"@type":"ReadAction","target":["https:\/\/sandzakpress.net\/arhiva\/djetinjstvo-pripada-djeci\/"]}]},{"@type":"ImageObject","inLanguage":"bs-BA","@id":"https:\/\/sandzakpress.net\/arhiva\/djetinjstvo-pripada-djeci\/#primaryimage","url":"https:\/\/i1.wp.com\/akos.ba\/wp-content\/uploads\/2018\/09\/tablet_djeca.jpg?fit=768%2C432&amp;ssl=1","contentUrl":"https:\/\/i1.wp.com\/akos.ba\/wp-content\/uploads\/2018\/09\/tablet_djeca.jpg?fit=768%2C432&amp;ssl=1"},{"@type":"BreadcrumbList","@id":"https:\/\/sandzakpress.net\/arhiva\/djetinjstvo-pripada-djeci\/#breadcrumb","itemListElement":[{"@type":"ListItem","position":1,"name":"Home","item":"https:\/\/sandzakpress.net\/arhiva\/"},{"@type":"ListItem","position":2,"name":"Djetinjstvo pripada djeci!"}]},{"@type":"WebSite","@id":"https:\/\/sandzakpress.net\/arhiva\/#website","url":"https:\/\/sandzakpress.net\/arhiva\/","name":"Sand\u017eak PRESS","description":"Prve elektronske novine u Sand\u017eaku","publisher":{"@id":"https:\/\/sandzakpress.net\/arhiva\/#\/schema\/person\/6e72b67d6e51910a1117b3b483ba20bd"},"potentialAction":[{"@type":"SearchAction","target":{"@type":"EntryPoint","urlTemplate":"https:\/\/sandzakpress.net\/arhiva\/?s={search_term_string}"},"query-input":{"@type":"PropertyValueSpecification","valueRequired":true,"valueName":"search_term_string"}}],"inLanguage":"bs-BA"},{"@type":["Person","Organization"],"@id":"https:\/\/sandzakpress.net\/arhiva\/#\/schema\/person\/6e72b67d6e51910a1117b3b483ba20bd","name":"Kul","image":{"@type":"ImageObject","inLanguage":"bs-BA","@id":"https:\/\/sandzakpress.net\/arhiva\/#\/schema\/person\/image\/","url":"https:\/\/secure.gravatar.com\/avatar\/42263f39aa27ac04c43cab85c280eb2e?s=96&d=mm&r=pg","contentUrl":"https:\/\/secure.gravatar.com\/avatar\/42263f39aa27ac04c43cab85c280eb2e?s=96&d=mm&r=pg","caption":"Kul"},"logo":{"@id":"https:\/\/sandzakpress.net\/arhiva\/#\/schema\/person\/image\/"}},{"@type":"Person","@id":"https:\/\/sandzakpress.net\/arhiva\/#\/schema\/person\/c8baee722073534b583ea7bdb2e36c02","name":"bosniak","image":{"@type":"ImageObject","inLanguage":"bs-BA","@id":"https:\/\/sandzakpress.net\/arhiva\/#\/schema\/person\/image\/","url":"https:\/\/secure.gravatar.com\/avatar\/a04fd330bfe3a36a72a0ad4a6d89fca7?s=96&d=mm&r=pg","contentUrl":"https:\/\/secure.gravatar.com\/avatar\/a04fd330bfe3a36a72a0ad4a6d89fca7?s=96&d=mm&r=pg","caption":"bosniak"},"url":"https:\/\/sandzakpress.net\/arhiva\/author\/bosniak\/"}]}},"_links":{"self":[{"href":"https:\/\/sandzakpress.net\/arhiva\/wp-json\/wp\/v2\/posts\/228392"}],"collection":[{"href":"https:\/\/sandzakpress.net\/arhiva\/wp-json\/wp\/v2\/posts"}],"about":[{"href":"https:\/\/sandzakpress.net\/arhiva\/wp-json\/wp\/v2\/types\/post"}],"author":[{"embeddable":true,"href":"https:\/\/sandzakpress.net\/arhiva\/wp-json\/wp\/v2\/users\/83"}],"replies":[{"embeddable":true,"href":"https:\/\/sandzakpress.net\/arhiva\/wp-json\/wp\/v2\/comments?post=228392"}],"version-history":[{"count":0,"href":"https:\/\/sandzakpress.net\/arhiva\/wp-json\/wp\/v2\/posts\/228392\/revisions"}],"wp:attachment":[{"href":"https:\/\/sandzakpress.net\/arhiva\/wp-json\/wp\/v2\/media?parent=228392"}],"wp:term":[{"taxonomy":"category","embeddable":true,"href":"https:\/\/sandzakpress.net\/arhiva\/wp-json\/wp\/v2\/categories?post=228392"},{"taxonomy":"post_tag","embeddable":true,"href":"https:\/\/sandzakpress.net\/arhiva\/wp-json\/wp\/v2\/tags?post=228392"}],"curies":[{"name":"wp","href":"https:\/\/api.w.org\/{rel}","templated":true}]}}