{"id":228383,"date":"2019-09-20T12:56:40","date_gmt":"2019-09-20T10:56:40","guid":{"rendered":"https:\/\/sandzakpress.net\/arhiva\/?p=228383"},"modified":"2019-09-20T16:58:27","modified_gmt":"2019-09-20T14:58:27","slug":"potpisan-protokol-o-saradnji-izmedju-fis-a-i-svjetske-islamske-humanitarne-organizacije-iz-kuvajta","status":"publish","type":"post","link":"https:\/\/sandzakpress.net\/arhiva\/potpisan-protokol-o-saradnji-izmedju-fis-a-i-svjetske-islamske-humanitarne-organizacije-iz-kuvajta\/","title":{"rendered":"Potpisan protokol o saradnji izme\u0111u FIS-a i Svjetske islamske humanitarne organizacije iz Kuvajta"},"content":{"rendered":"<p><img decoding=\"async\" class=\"aligncenter\" src=\"http:\/\/sanapress.info\/wp-content\/uploads\/2019\/09\/fis.jpg\" \/><\/p>\n<p>Fakultet za islamske studije nastavlja razvoj me\u0111unarodne saradnje.<\/p>\n<p>Svjetska islamska humanitarna organizacija iz Kuvajta jedna je od najve\u0107ih organizacija u svijetu koja se bavi dobrotvornim radom i pru\u017ea podr\u0161ku obrazovanju. Ona djeluje na prostoru 136 dr\u017eava u svijetu.\u00a0 Organizaciju predvodi savjetnik emira Kuvajta koji je ujedno i specijalni savjetnik generalnog sekretara Ujedinjenih nacija,\u00a0 \u0161ejh dr. Abdullah el-Ma'tuk.<\/p>\n<p>Ugovor otvara put za sprovo\u0111enje:<\/p>\n<ul>\n<li>Dobrotvornih projekata va\u017enih za muslimane u Republici Srbiji.<\/li>\n<li>Razmjenu stru\u010dnih kapaciteta u razli\u010ditim poljima me\u0111u potpisnicima protokola.<\/li>\n<li>Podr\u0161ka na administrativnom, nau\u010dnom i pedago\u0161kom planu kako bi se unaprijedio rad ustanova Islamske zajednice.<\/li>\n<li>Unapre\u0111enje kori\u0161tenja zajedni\u010dkih kapaciteta.<\/li>\n<li>Podr\u0161ka razvojnim socijalnim projekatima va\u017enim za muslimane u Srbiji.<\/li>\n<li>Podr\u0161aska imamima, hatibima i daijama shodno protokolu Islamske zajednice.<\/li>\n<li>Saradnja na razmjeni posjeta prilikom obilje\u017eavanja va\u017enih datuma.<\/li>\n<li>Podr\u0161ka unapre\u0111enju nau\u010dno-nastavnog pragrama.<\/li>\n<li>Podr\u0161ka u vidu stipendiranja studenata na nau\u010dnim projektima.<\/li>\n<li>Pru\u017eanje konsultativne podr\u0161ke za ostvarivanje humanitarnih projekata Islamske zajednice u Srbiji.<\/li>\n<li>Obezbje\u0111ivanje literature, tehni\u010dkih pomagala i opreme koja je potrebna ustanovama Islamske zajednice.<\/li>\n<li>Podr\u0161ka istra\u017eivanju o muslimanima u Srbiji kako bi se ustanovilo \u0161ta su njihove potrebe.<\/li>\n<\/ul>\n<p>&nbsp;<\/p>\n<p>Protokol ispred Fakulteta za islamske studije potpisao je dekan, prof. dr. Enver Gici\u0107.<\/p>\n","protected":false},"excerpt":{"rendered":"<p>Fakultet za islamske studije nastavlja razvoj me\u0111unarodne saradnje. Svjetska islamska humanitarna organizacija iz Kuvajta jedna je od najve\u0107ih organizacija u svijetu koja se bavi dobrotvornim radom i pru\u017ea podr\u0161ku obrazovanju. Ona djeluje na prostoru 136 dr\u017eava u svijetu.\u00a0 Organizaciju predvodi savjetnik emira Kuvajta koji je ujedno i specijalni savjetnik generalnog sekretara Ujedinjenih nacija,\u00a0 \u0161ejh dr. [&hellip;]<\/p>\n","protected":false},"author":509,"featured_media":228384,"comment_status":"open","ping_status":"open","sticky":false,"template":"","format":"standard","meta":{"footnotes":""},"categories":[72,802,8957],"tags":[],"class_list":{"0":"post-228383","1":"post","2":"type-post","3":"status-publish","4":"format-standard","5":"has-post-thumbnail","7":"category-novi-pazar","8":"category-islamska_zajednica","9":"category-vijesti-dana"},"yoast_head":"<!-- This site is optimized with the Yoast SEO Premium plugin v23.1 (Yoast SEO v24.9) - https:\/\/yoast.com\/wordpress\/plugins\/seo\/ -->\n<title>Potpisan protokol o saradnji izme\u0111u FIS-a i Svjetske islamske humanitarne organizacije iz Kuvajta<\/title>\n<meta name=\"robots\" content=\"index, follow, max-snippet:-1, max-image-preview:large, max-video-preview:-1\" \/>\n<link rel=\"canonical\" href=\"https:\/\/sandzakpress.net\/arhiva\/potpisan-protokol-o-saradnji-izmedju-fis-a-i-svjetske-islamske-humanitarne-organizacije-iz-kuvajta\/\" \/>\n<meta property=\"og:locale\" content=\"bs_BA\" \/>\n<meta property=\"og:type\" content=\"article\" \/>\n<meta property=\"og:title\" content=\"Potpisan protokol o saradnji izme\u0111u FIS-a i Svjetske islamske humanitarne organizacije iz Kuvajta\" \/>\n<meta property=\"og:description\" content=\"Fakultet za islamske studije nastavlja razvoj me\u0111unarodne saradnje. Svjetska islamska humanitarna organizacija iz Kuvajta jedna je od najve\u0107ih organizacija u svijetu koja se bavi dobrotvornim radom i pru\u017ea podr\u0161ku obrazovanju. Ona djeluje na prostoru 136 dr\u017eava u svijetu.\u00a0 Organizaciju predvodi savjetnik emira Kuvajta koji je ujedno i specijalni savjetnik generalnog sekretara Ujedinjenih nacija,\u00a0 \u0161ejh dr. [&hellip;]\" \/>\n<meta property=\"og:url\" content=\"https:\/\/sandzakpress.net\/arhiva\/potpisan-protokol-o-saradnji-izmedju-fis-a-i-svjetske-islamske-humanitarne-organizacije-iz-kuvajta\/\" \/>\n<meta property=\"og:site_name\" content=\"Sand\u017eak PRESS\" \/>\n<meta property=\"article:published_time\" content=\"2019-09-20T10:56:40+00:00\" \/>\n<meta property=\"article:modified_time\" content=\"2019-09-20T14:58:27+00:00\" \/>\n<meta property=\"og:image\" content=\"https:\/\/sandzakpress.net\/arhiva\/wp-content\/uploads\/2019\/09\/fis.jpg\" \/>\n\t<meta property=\"og:image:width\" content=\"656\" \/>\n\t<meta property=\"og:image:height\" content=\"371\" \/>\n\t<meta property=\"og:image:type\" content=\"image\/jpeg\" \/>\n<meta name=\"author\" content=\"Agencija\" \/>\n<meta name=\"twitter:card\" content=\"summary_large_image\" \/>\n<meta name=\"twitter:label1\" content=\"Written by\" \/>\n\t<meta name=\"twitter:data1\" content=\"Agencija\" \/>\n\t<meta name=\"twitter:label2\" content=\"Est. reading time\" \/>\n\t<meta name=\"twitter:data2\" content=\"1 minuta\" \/>\n<script type=\"application\/ld+json\" class=\"yoast-schema-graph\">{\"@context\":\"https:\/\/schema.org\",\"@graph\":[{\"@type\":\"Article\",\"@id\":\"https:\/\/sandzakpress.net\/arhiva\/potpisan-protokol-o-saradnji-izmedju-fis-a-i-svjetske-islamske-humanitarne-organizacije-iz-kuvajta\/#article\",\"isPartOf\":{\"@id\":\"https:\/\/sandzakpress.net\/arhiva\/potpisan-protokol-o-saradnji-izmedju-fis-a-i-svjetske-islamske-humanitarne-organizacije-iz-kuvajta\/\"},\"author\":{\"name\":\"Agencija\",\"@id\":\"https:\/\/sandzakpress.net\/arhiva\/#\/schema\/person\/cb59d7e3ab91ab90dd680ad0305a6185\"},\"headline\":\"Potpisan protokol o saradnji izme\u0111u FIS-a i Svjetske islamske humanitarne organizacije iz Kuvajta\",\"datePublished\":\"2019-09-20T10:56:40+00:00\",\"dateModified\":\"2019-09-20T14:58:27+00:00\",\"mainEntityOfPage\":{\"@id\":\"https:\/\/sandzakpress.net\/arhiva\/potpisan-protokol-o-saradnji-izmedju-fis-a-i-svjetske-islamske-humanitarne-organizacije-iz-kuvajta\/\"},\"wordCount\":233,\"commentCount\":0,\"publisher\":{\"@id\":\"https:\/\/sandzakpress.net\/arhiva\/#\/schema\/person\/6e72b67d6e51910a1117b3b483ba20bd\"},\"image\":{\"@id\":\"https:\/\/sandzakpress.net\/arhiva\/potpisan-protokol-o-saradnji-izmedju-fis-a-i-svjetske-islamske-humanitarne-organizacije-iz-kuvajta\/#primaryimage\"},\"thumbnailUrl\":\"https:\/\/sandzakpress.net\/arhiva\/wp-content\/uploads\/2019\/09\/fis.jpg\",\"articleSection\":[\"Novi Pazar\",\"Islamska zajednica\",\"VIJESTI DANA\"],\"inLanguage\":\"bs-BA\",\"potentialAction\":[{\"@type\":\"CommentAction\",\"name\":\"Comment\",\"target\":[\"https:\/\/sandzakpress.net\/arhiva\/potpisan-protokol-o-saradnji-izmedju-fis-a-i-svjetske-islamske-humanitarne-organizacije-iz-kuvajta\/#respond\"]}]},{\"@type\":\"WebPage\",\"@id\":\"https:\/\/sandzakpress.net\/arhiva\/potpisan-protokol-o-saradnji-izmedju-fis-a-i-svjetske-islamske-humanitarne-organizacije-iz-kuvajta\/\",\"url\":\"https:\/\/sandzakpress.net\/arhiva\/potpisan-protokol-o-saradnji-izmedju-fis-a-i-svjetske-islamske-humanitarne-organizacije-iz-kuvajta\/\",\"name\":\"Potpisan protokol o saradnji izme\u0111u FIS-a i Svjetske islamske humanitarne organizacije iz Kuvajta\",\"isPartOf\":{\"@id\":\"https:\/\/sandzakpress.net\/arhiva\/#website\"},\"primaryImageOfPage\":{\"@id\":\"https:\/\/sandzakpress.net\/arhiva\/potpisan-protokol-o-saradnji-izmedju-fis-a-i-svjetske-islamske-humanitarne-organizacije-iz-kuvajta\/#primaryimage\"},\"image\":{\"@id\":\"https:\/\/sandzakpress.net\/arhiva\/potpisan-protokol-o-saradnji-izmedju-fis-a-i-svjetske-islamske-humanitarne-organizacije-iz-kuvajta\/#primaryimage\"},\"thumbnailUrl\":\"https:\/\/sandzakpress.net\/arhiva\/wp-content\/uploads\/2019\/09\/fis.jpg\",\"datePublished\":\"2019-09-20T10:56:40+00:00\",\"dateModified\":\"2019-09-20T14:58:27+00:00\",\"breadcrumb\":{\"@id\":\"https:\/\/sandzakpress.net\/arhiva\/potpisan-protokol-o-saradnji-izmedju-fis-a-i-svjetske-islamske-humanitarne-organizacije-iz-kuvajta\/#breadcrumb\"},\"inLanguage\":\"bs-BA\",\"potentialAction\":[{\"@type\":\"ReadAction\",\"target\":[\"https:\/\/sandzakpress.net\/arhiva\/potpisan-protokol-o-saradnji-izmedju-fis-a-i-svjetske-islamske-humanitarne-organizacije-iz-kuvajta\/\"]}]},{\"@type\":\"ImageObject\",\"inLanguage\":\"bs-BA\",\"@id\":\"https:\/\/sandzakpress.net\/arhiva\/potpisan-protokol-o-saradnji-izmedju-fis-a-i-svjetske-islamske-humanitarne-organizacije-iz-kuvajta\/#primaryimage\",\"url\":\"https:\/\/sandzakpress.net\/arhiva\/wp-content\/uploads\/2019\/09\/fis.jpg\",\"contentUrl\":\"https:\/\/sandzakpress.net\/arhiva\/wp-content\/uploads\/2019\/09\/fis.jpg\",\"width\":656,\"height\":371},{\"@type\":\"BreadcrumbList\",\"@id\":\"https:\/\/sandzakpress.net\/arhiva\/potpisan-protokol-o-saradnji-izmedju-fis-a-i-svjetske-islamske-humanitarne-organizacije-iz-kuvajta\/#breadcrumb\",\"itemListElement\":[{\"@type\":\"ListItem\",\"position\":1,\"name\":\"Home\",\"item\":\"https:\/\/sandzakpress.net\/arhiva\/\"},{\"@type\":\"ListItem\",\"position\":2,\"name\":\"Potpisan protokol o saradnji izme\u0111u FIS-a i Svjetske islamske humanitarne organizacije iz Kuvajta\"}]},{\"@type\":\"WebSite\",\"@id\":\"https:\/\/sandzakpress.net\/arhiva\/#website\",\"url\":\"https:\/\/sandzakpress.net\/arhiva\/\",\"name\":\"Sand\u017eak PRESS\",\"description\":\"Prve elektronske novine u Sand\u017eaku\",\"publisher\":{\"@id\":\"https:\/\/sandzakpress.net\/arhiva\/#\/schema\/person\/6e72b67d6e51910a1117b3b483ba20bd\"},\"potentialAction\":[{\"@type\":\"SearchAction\",\"target\":{\"@type\":\"EntryPoint\",\"urlTemplate\":\"https:\/\/sandzakpress.net\/arhiva\/?s={search_term_string}\"},\"query-input\":{\"@type\":\"PropertyValueSpecification\",\"valueRequired\":true,\"valueName\":\"search_term_string\"}}],\"inLanguage\":\"bs-BA\"},{\"@type\":[\"Person\",\"Organization\"],\"@id\":\"https:\/\/sandzakpress.net\/arhiva\/#\/schema\/person\/6e72b67d6e51910a1117b3b483ba20bd\",\"name\":\"Kul\",\"image\":{\"@type\":\"ImageObject\",\"inLanguage\":\"bs-BA\",\"@id\":\"https:\/\/sandzakpress.net\/arhiva\/#\/schema\/person\/image\/\",\"url\":\"https:\/\/secure.gravatar.com\/avatar\/42263f39aa27ac04c43cab85c280eb2e?s=96&d=mm&r=pg\",\"contentUrl\":\"https:\/\/secure.gravatar.com\/avatar\/42263f39aa27ac04c43cab85c280eb2e?s=96&d=mm&r=pg\",\"caption\":\"Kul\"},\"logo\":{\"@id\":\"https:\/\/sandzakpress.net\/arhiva\/#\/schema\/person\/image\/\"}},{\"@type\":\"Person\",\"@id\":\"https:\/\/sandzakpress.net\/arhiva\/#\/schema\/person\/cb59d7e3ab91ab90dd680ad0305a6185\",\"name\":\"Agencija\",\"image\":{\"@type\":\"ImageObject\",\"inLanguage\":\"bs-BA\",\"@id\":\"https:\/\/sandzakpress.net\/arhiva\/#\/schema\/person\/image\/\",\"url\":\"https:\/\/secure.gravatar.com\/avatar\/4b7fafa80a22f0c2afe23966b3961fe0?s=96&d=mm&r=pg\",\"contentUrl\":\"https:\/\/secure.gravatar.com\/avatar\/4b7fafa80a22f0c2afe23966b3961fe0?s=96&d=mm&r=pg\",\"caption\":\"Agencija\"},\"url\":\"https:\/\/sandzakpress.net\/arhiva\/author\/agencija\/\"}]}<\/script>\n<!-- \/ Yoast SEO Premium plugin. -->","yoast_head_json":{"title":"Potpisan protokol o saradnji izme\u0111u FIS-a i Svjetske islamske humanitarne organizacije iz Kuvajta","robots":{"index":"index","follow":"follow","max-snippet":"max-snippet:-1","max-image-preview":"max-image-preview:large","max-video-preview":"max-video-preview:-1"},"canonical":"https:\/\/sandzakpress.net\/arhiva\/potpisan-protokol-o-saradnji-izmedju-fis-a-i-svjetske-islamske-humanitarne-organizacije-iz-kuvajta\/","og_locale":"bs_BA","og_type":"article","og_title":"Potpisan protokol o saradnji izme\u0111u FIS-a i Svjetske islamske humanitarne organizacije iz Kuvajta","og_description":"Fakultet za islamske studije nastavlja razvoj me\u0111unarodne saradnje. Svjetska islamska humanitarna organizacija iz Kuvajta jedna je od najve\u0107ih organizacija u svijetu koja se bavi dobrotvornim radom i pru\u017ea podr\u0161ku obrazovanju. Ona djeluje na prostoru 136 dr\u017eava u svijetu.\u00a0 Organizaciju predvodi savjetnik emira Kuvajta koji je ujedno i specijalni savjetnik generalnog sekretara Ujedinjenih nacija,\u00a0 \u0161ejh dr. [&hellip;]","og_url":"https:\/\/sandzakpress.net\/arhiva\/potpisan-protokol-o-saradnji-izmedju-fis-a-i-svjetske-islamske-humanitarne-organizacije-iz-kuvajta\/","og_site_name":"Sand\u017eak PRESS","article_published_time":"2019-09-20T10:56:40+00:00","article_modified_time":"2019-09-20T14:58:27+00:00","og_image":[{"width":656,"height":371,"url":"https:\/\/sandzakpress.net\/arhiva\/wp-content\/uploads\/2019\/09\/fis.jpg","type":"image\/jpeg"}],"author":"Agencija","twitter_card":"summary_large_image","twitter_misc":{"Written by":"Agencija","Est. reading time":"1 minuta"},"schema":{"@context":"https:\/\/schema.org","@graph":[{"@type":"Article","@id":"https:\/\/sandzakpress.net\/arhiva\/potpisan-protokol-o-saradnji-izmedju-fis-a-i-svjetske-islamske-humanitarne-organizacije-iz-kuvajta\/#article","isPartOf":{"@id":"https:\/\/sandzakpress.net\/arhiva\/potpisan-protokol-o-saradnji-izmedju-fis-a-i-svjetske-islamske-humanitarne-organizacije-iz-kuvajta\/"},"author":{"name":"Agencija","@id":"https:\/\/sandzakpress.net\/arhiva\/#\/schema\/person\/cb59d7e3ab91ab90dd680ad0305a6185"},"headline":"Potpisan protokol o saradnji izme\u0111u FIS-a i Svjetske islamske humanitarne organizacije iz Kuvajta","datePublished":"2019-09-20T10:56:40+00:00","dateModified":"2019-09-20T14:58:27+00:00","mainEntityOfPage":{"@id":"https:\/\/sandzakpress.net\/arhiva\/potpisan-protokol-o-saradnji-izmedju-fis-a-i-svjetske-islamske-humanitarne-organizacije-iz-kuvajta\/"},"wordCount":233,"commentCount":0,"publisher":{"@id":"https:\/\/sandzakpress.net\/arhiva\/#\/schema\/person\/6e72b67d6e51910a1117b3b483ba20bd"},"image":{"@id":"https:\/\/sandzakpress.net\/arhiva\/potpisan-protokol-o-saradnji-izmedju-fis-a-i-svjetske-islamske-humanitarne-organizacije-iz-kuvajta\/#primaryimage"},"thumbnailUrl":"https:\/\/sandzakpress.net\/arhiva\/wp-content\/uploads\/2019\/09\/fis.jpg","articleSection":["Novi Pazar","Islamska zajednica","VIJESTI DANA"],"inLanguage":"bs-BA","potentialAction":[{"@type":"CommentAction","name":"Comment","target":["https:\/\/sandzakpress.net\/arhiva\/potpisan-protokol-o-saradnji-izmedju-fis-a-i-svjetske-islamske-humanitarne-organizacije-iz-kuvajta\/#respond"]}]},{"@type":"WebPage","@id":"https:\/\/sandzakpress.net\/arhiva\/potpisan-protokol-o-saradnji-izmedju-fis-a-i-svjetske-islamske-humanitarne-organizacije-iz-kuvajta\/","url":"https:\/\/sandzakpress.net\/arhiva\/potpisan-protokol-o-saradnji-izmedju-fis-a-i-svjetske-islamske-humanitarne-organizacije-iz-kuvajta\/","name":"Potpisan protokol o saradnji izme\u0111u FIS-a i Svjetske islamske humanitarne organizacije iz Kuvajta","isPartOf":{"@id":"https:\/\/sandzakpress.net\/arhiva\/#website"},"primaryImageOfPage":{"@id":"https:\/\/sandzakpress.net\/arhiva\/potpisan-protokol-o-saradnji-izmedju-fis-a-i-svjetske-islamske-humanitarne-organizacije-iz-kuvajta\/#primaryimage"},"image":{"@id":"https:\/\/sandzakpress.net\/arhiva\/potpisan-protokol-o-saradnji-izmedju-fis-a-i-svjetske-islamske-humanitarne-organizacije-iz-kuvajta\/#primaryimage"},"thumbnailUrl":"https:\/\/sandzakpress.net\/arhiva\/wp-content\/uploads\/2019\/09\/fis.jpg","datePublished":"2019-09-20T10:56:40+00:00","dateModified":"2019-09-20T14:58:27+00:00","breadcrumb":{"@id":"https:\/\/sandzakpress.net\/arhiva\/potpisan-protokol-o-saradnji-izmedju-fis-a-i-svjetske-islamske-humanitarne-organizacije-iz-kuvajta\/#breadcrumb"},"inLanguage":"bs-BA","potentialAction":[{"@type":"ReadAction","target":["https:\/\/sandzakpress.net\/arhiva\/potpisan-protokol-o-saradnji-izmedju-fis-a-i-svjetske-islamske-humanitarne-organizacije-iz-kuvajta\/"]}]},{"@type":"ImageObject","inLanguage":"bs-BA","@id":"https:\/\/sandzakpress.net\/arhiva\/potpisan-protokol-o-saradnji-izmedju-fis-a-i-svjetske-islamske-humanitarne-organizacije-iz-kuvajta\/#primaryimage","url":"https:\/\/sandzakpress.net\/arhiva\/wp-content\/uploads\/2019\/09\/fis.jpg","contentUrl":"https:\/\/sandzakpress.net\/arhiva\/wp-content\/uploads\/2019\/09\/fis.jpg","width":656,"height":371},{"@type":"BreadcrumbList","@id":"https:\/\/sandzakpress.net\/arhiva\/potpisan-protokol-o-saradnji-izmedju-fis-a-i-svjetske-islamske-humanitarne-organizacije-iz-kuvajta\/#breadcrumb","itemListElement":[{"@type":"ListItem","position":1,"name":"Home","item":"https:\/\/sandzakpress.net\/arhiva\/"},{"@type":"ListItem","position":2,"name":"Potpisan protokol o saradnji izme\u0111u FIS-a i Svjetske islamske humanitarne organizacije iz Kuvajta"}]},{"@type":"WebSite","@id":"https:\/\/sandzakpress.net\/arhiva\/#website","url":"https:\/\/sandzakpress.net\/arhiva\/","name":"Sand\u017eak PRESS","description":"Prve elektronske novine u Sand\u017eaku","publisher":{"@id":"https:\/\/sandzakpress.net\/arhiva\/#\/schema\/person\/6e72b67d6e51910a1117b3b483ba20bd"},"potentialAction":[{"@type":"SearchAction","target":{"@type":"EntryPoint","urlTemplate":"https:\/\/sandzakpress.net\/arhiva\/?s={search_term_string}"},"query-input":{"@type":"PropertyValueSpecification","valueRequired":true,"valueName":"search_term_string"}}],"inLanguage":"bs-BA"},{"@type":["Person","Organization"],"@id":"https:\/\/sandzakpress.net\/arhiva\/#\/schema\/person\/6e72b67d6e51910a1117b3b483ba20bd","name":"Kul","image":{"@type":"ImageObject","inLanguage":"bs-BA","@id":"https:\/\/sandzakpress.net\/arhiva\/#\/schema\/person\/image\/","url":"https:\/\/secure.gravatar.com\/avatar\/42263f39aa27ac04c43cab85c280eb2e?s=96&d=mm&r=pg","contentUrl":"https:\/\/secure.gravatar.com\/avatar\/42263f39aa27ac04c43cab85c280eb2e?s=96&d=mm&r=pg","caption":"Kul"},"logo":{"@id":"https:\/\/sandzakpress.net\/arhiva\/#\/schema\/person\/image\/"}},{"@type":"Person","@id":"https:\/\/sandzakpress.net\/arhiva\/#\/schema\/person\/cb59d7e3ab91ab90dd680ad0305a6185","name":"Agencija","image":{"@type":"ImageObject","inLanguage":"bs-BA","@id":"https:\/\/sandzakpress.net\/arhiva\/#\/schema\/person\/image\/","url":"https:\/\/secure.gravatar.com\/avatar\/4b7fafa80a22f0c2afe23966b3961fe0?s=96&d=mm&r=pg","contentUrl":"https:\/\/secure.gravatar.com\/avatar\/4b7fafa80a22f0c2afe23966b3961fe0?s=96&d=mm&r=pg","caption":"Agencija"},"url":"https:\/\/sandzakpress.net\/arhiva\/author\/agencija\/"}]}},"_links":{"self":[{"href":"https:\/\/sandzakpress.net\/arhiva\/wp-json\/wp\/v2\/posts\/228383"}],"collection":[{"href":"https:\/\/sandzakpress.net\/arhiva\/wp-json\/wp\/v2\/posts"}],"about":[{"href":"https:\/\/sandzakpress.net\/arhiva\/wp-json\/wp\/v2\/types\/post"}],"author":[{"embeddable":true,"href":"https:\/\/sandzakpress.net\/arhiva\/wp-json\/wp\/v2\/users\/509"}],"replies":[{"embeddable":true,"href":"https:\/\/sandzakpress.net\/arhiva\/wp-json\/wp\/v2\/comments?post=228383"}],"version-history":[{"count":0,"href":"https:\/\/sandzakpress.net\/arhiva\/wp-json\/wp\/v2\/posts\/228383\/revisions"}],"wp:featuredmedia":[{"embeddable":true,"href":"https:\/\/sandzakpress.net\/arhiva\/wp-json\/wp\/v2\/media\/228384"}],"wp:attachment":[{"href":"https:\/\/sandzakpress.net\/arhiva\/wp-json\/wp\/v2\/media?parent=228383"}],"wp:term":[{"taxonomy":"category","embeddable":true,"href":"https:\/\/sandzakpress.net\/arhiva\/wp-json\/wp\/v2\/categories?post=228383"},{"taxonomy":"post_tag","embeddable":true,"href":"https:\/\/sandzakpress.net\/arhiva\/wp-json\/wp\/v2\/tags?post=228383"}],"curies":[{"name":"wp","href":"https:\/\/api.w.org\/{rel}","templated":true}]}}