{"id":2283,"date":"2010-02-19T00:13:19","date_gmt":"2010-02-18T23:13:19","guid":{"rendered":"https:\/\/sandzakpress.net\/arhiva\/?p=2283"},"modified":"2010-02-19T00:13:47","modified_gmt":"2010-02-18T23:13:47","slug":"kad-god-se-neko-rasrdi-stavi-se-tacka-na-sandzak-ii","status":"publish","type":"post","link":"https:\/\/sandzakpress.net\/arhiva\/kad-god-se-neko-rasrdi-stavi-se-tacka-na-sandzak-ii\/","title":{"rendered":"Kad god se neko rasrdi, stavi se ta\u010dka na Sand\u017eak (II)"},"content":{"rendered":"<p><a href=\"https:\/\/sandzakpress.net\/arhiva\/wp-content\/uploads\/2010\/02\/srbija-regioni_podijeljen_sandzak.jpg\"><img loading=\"lazy\" decoding=\"async\" class=\"aligncenter size-full wp-image-2284\" title=\"srbija-regioni_podijeljen_sandzak\" src=\"https:\/\/sandzakpress.net\/arhiva\/wp-content\/uploads\/2010\/02\/srbija-regioni_podijeljen_sandzak.jpg\" alt=\"\" width=\"620\" height=\"281\" \/><\/a><\/p>\n<p><strong>&#8220;Ponekad su podjele tu radi geografije, ali su uvijek tu da podijele ljude. Opet ka Beogradu, dole ka Beogradu, a \u201covi\u201d govore da je to gore a gore rijeke ne teku, ve\u0107 dole i dole i u Crno se ulivaju.&#8221;<\/strong><\/p>\n<p>E moji bo\u0161nja\u010dki intelektiualci\u2026 Vi koji nikuda ne \u201cmrdate\u201d, ni preko Batnjika&#8230;, \u010dujte i po\u010dujte povike \u0161to se na vas bacahu ne bi li vam se prika\u010dila odogovrnost \u0161to ne stadoste uz one \u0161to vatru bljuvahu\u2026 Vi \u0161to pameti imate i da je drugima dajete, ali ne i onima koji nekada bijahu goli i bosi.<\/p>\n<p>Ra\u0161tima se harmonika. Svako zasvira\u00a0 svoju svirku\u00a0 i ovi \u0161to bi ka Beogradu.<br \/>\nOpet ka Beogradu, dole ka Beogradu, a \u201covi\u201d govore da je to gore, a gore rijeke ne teku, ve\u0107 dole i dole i u Crno se ulivaju. Pitam se \u0161ta to donesemo kada se iz njega vratimo? Rasto\u010denu, podanu i predanu politi\u010dku elitu\u2026 Upla\u0161ene i tihe intelektualce \u0161to meditacijom sebe \u010duvahu i vrijednike (privrednike vrijednih ruku) \u0161to neki novac gore sticahu, a mnogima du\u017eni ostajahu.<br \/>\nOva propadaju\u0107a\u00a0 strategija, ure\u0111ena koracima neumnih, dobro prepoznata od onih koji nas kao prijatelje ne prihvati\u0161e i koji nas na mamcu dr\u017eahu, u\u010dini\u0161e da se dodirne dno\u2026 \u010cuo sam i za vrh, sami vrh, \u010dak i za Vrh vrhova\u2026, ali dno dna je nekako jasnije\u2026<br \/>\nTu mi udarismo, u dno dna\u2026<\/p>\n<p>Ovo na\u0161e sand\u017ea\u010dko \u0107ase u kojem kuhaju razli\u010dita jela, a u \u010dije dno davno udarismo, ima ustave za\u00a0 prelijevanje. Tuda se Sand\u017eak prelijeva onda kada se uspuni od muke i onda kada ga varaju i daju mu obe\u0107anja da \u0107e dolinama sand\u017ea\u010dkih rijeka pote\u0107i med i mlijeko. Ali ima Sand\u017eak jo\u0161 muka. Rupe na \u0107asetu sand\u017ea\u010dkom otvaraju \u201cprijatelji Sand\u017eaka i \u201eprijatelji Bo\u0161njaka\u201d. Da li su to one iste crne ta\u010dke iza kojih stoje neizvjesnosti? Ne\u2026 Ove crne rupe uop\u0161te se ne otvaraju nasumice. One duboko kidaju bo\u0161nja\u010dku samobitnost i opstojnost.<br \/>\nTe crne rupe\u00a0 duboko sijepaju i dijele Sand\u017eak. Ponekad su podjele tu radi geografije, ali su uvijek tu da podijele ljude. \u0160to je drugo geografija do ljudi, rekao bi neko.<\/p>\n<p>Posljednja koaliciona zamka koju su svom bo\u0161nja\u010dkom narodu, kojeg bi da pretvore u statisti\u010dku gre\u0161ku, sevirali servilni (ropski, pokoran, podan, nizak, hizme\u0107arski) je neka pri\u010da o\u00a0 regionalizaciji. Narod to razumije kako treba, a oni bi opet narodu.<br \/>\nPodjele u\u010dinjene najnovijom zavrzlamom nijesu nimalo naivne, niti su od ju\u010de.<br \/>\nNisu ni statisti\u010dke niti\u00a0 ekspertske, ve\u0107 strate\u0161ke i politi\u010dke.<\/p>\n<p>Teret mi je da opi\u0161em koliko strategija fokusira ovu oblast, ne zbog toga \u0161to to nisam doku\u010dio, nego \u0161to me strah da \u0107e svima biti muka od saznanja o neznanju onih koji takve strategije podr\u017ea\u0161e. A Vlada bje\u0161e i naru\u010dilac i na kraju ih usvaja\u0161e. Hajde da budem zaboravan da vas ne vra\u0107am u pro\u0161lost,\u00a0 iako tamo ima i \u0161ta da se vidi i \u0161ta da se sazna. Hajde da koraknemo u ju\u010de i vidimo da Vlada 2005. donese strategiju razvoja turizma u kojoj nema\u0161e ni Sand\u017eaka ni kulturne ba\u0161tine u njoj. A putevi otomanske kulture idahu ka Beogradu i nikuda ne svra\u0107ahu, samo kriju\u0107i da se ne vidi tek poneki zaluta gdje mu mjesto nije. Nema\u0161e tamo ni Pe\u0161teri ni Novog Pazara, nema\u0161e ni drugih varo\u0161i. Strategija prostornog razvoja, \u0161to fazno ida\u0161e od 2009. do 2013. pa do 2020. bija\u0161e \u201csjajan dokument\u201d \u0161to predstavlja\u0161e posebnu opomenu. Klasteri (funkcionalne regije) su tako postavljeni da Novi Pazar bija\u0161e bli\u017ee Vranju nego li Tutinu. Ali kome je jo\u0161 stalo do turizma? U istoj strategiji postoje prioriteti u putnoj mre\u017ei koji Sand\u017eak ne dodirivahu. Da ne izmakne pa\u017enji, podvla\u010dim &#8211; nijedan od puteva koji integralno povezuje sand\u017ea\u010dke op\u0161tine nije u rangu prvog, drugog niti tre\u0107eg prioriteta (li\u0161i dionice puta koja od Ribari\u0107a treba da ode do Mehovog kr\u0161a, koja ne povezuje gradove, u tamo nekoj budu\u0107nosti ako se ostvare neki planovi i pove\u017ee Ni\u0161 preko sjevernog dijela Kosova sa Crnom Gorom). Eto to je strategija tragedije. Jedina strategija u kojoj su istom bojom opisane op\u0161tine Sand\u017eaka je strategija o smanjenju siroma\u0161tva. Tu smo svi u istom halu i nikome ne smeta da kao beda budemo jedno.<\/p>\n<p>U strategiji prostornog razvoja regioni pore\u0111ani onako kako su i u Zakonu o regionalnom razvoju definisani, a i usvojeni. A kako bi se zakon donosio bez strategije kada temelje Zakona o regionlanom razvoju predstavja strategija prostornog razvoja.<\/p>\n<p>NUTS2 i NUTS3\u00a0 kategorija (Nomenclature of Territorial Units for Statistics), prvom smo se majali, drugom \u0107emo kada za to vrijeme do\u0111e, dok se pra\u0161ina slegne i ljudi pomalo zaborave kao bokser u ringu u fazonu \u201enije mi ni\u0161ta, samo sam nokautiran\u201c, obra\u0111eni su u toj strategiji i grafi\u010dki prikazani\u00a0 u prilogu. Ako ima da to jo\u0161 neko ne zna, neka vidi da i to rije\u0161imo. Mo\u017ee biti da se neki ljudi ne mije\u0161aju u svoj posao i da ga dovoljno ne znaju, da im promi\u010du i ovako va\u017ene stvari za \u017eivot i budu\u0107nost Sand\u017eaka, a mo\u017ee biti da oni ne \u017eive u Sand\u017eaku, pa za to i ne znaju.<br \/>\nOva naizgled nakaradna pri\u010da htjede da se zata\u0161ka, \u0161ta kome htjede da se ona otvara. Kako narod progovori, ono nastade potjera za regionima. Sjeli eksperti i slikari pa se razmahnuli Srbijom. Umjesto da Sand\u017eak bude\u00a0 region, on se utopi u jo\u0161 ve\u0107i, neki \u0160umadijsko-zapadni. Iz samog srca Srbije umjesto Centralnog rodi se \u0160umadijski region. \u010cudna li regionalnog abortusa. Sand\u017eak ostade da bude nedono\u0161\u010de, do novog precrtavanja, do nove muke. To nas \u010deka u trenutku kada si\u0111emo na nove crte\u017ee koji su ve\u0107 iscrtani. A onda slikari nago\u0111ene sudbine Srbije ponovo \u010detke u ruke.<\/p>\n<p>Kako nam se samo uklapa ova nova regionalna podjela. Mi smo tu u \u0160umadiji svoj na svome. Imamo komotan region, mo\u017eemo statisti\u010dki da se ba\u0161karimo do iza Kragujevca ka Beogradu i \u010dak do Save preko \u0160apca. Komotna varijanta, nema \u0161ta. Pro\u010ditah da je to mamutski region na jednom mjestu. U, pa to je super, ne bilo nikom re\u010deno, mamuti su ve\u0107 davno u Srbiji, ali nisu silazili ovako ju\u017eno, oni su se malo sjevernije ba\u0161karili. Sada mo\u017eemo da se hvalimo da \u0107emo, ako Bog da, dobiti najve\u0107i statisti\u010dki region. Samo ne znam kako \u0107e pristati oni za\u0161titni znaci \u0161umadijski uz ove na\u0161e sand\u017ea\u010dke. Nema veze, ko za to jo\u0161 mari. Jo\u0161 jedan aktivacioni, sva\u0111ala\u010dki kapacitet da\u00a0 se pokrene, odosmo mi zajedno i sa Beogradom sve do Vojvodine. Kad plivamo Savom da ne izlazimo iz vode prije u\u0161\u0107a u Dunav. Nemamo usput nijedno mjesto za \u201epredah\u201c.<\/p>\n<p>I dok ova pometarija traje, ide procedura usvajanja prostornog plana, koju najavi\u0161e za mjesec februar ba\u0161 ove godine i ba\u0161 u ovom vijeku. Da se \u201cneuki\u201d ne zbune, to je ovaj mjesec sa najmanje dana, neka ne \u010dekaju 31. februar, ne\u0107e ga biti. Bit \u0107e to prostorni plan, kontinuitet onog \u0161to ga Milo\u0161evi\u0107 usvoji i \u0161to do skoro va\u017ea\u0161e. Ne znam samo \u0161ta zna\u010de izjave prostornog ministra \u0161to govora\u0161e da kada se usvoji on \u0107e biti moderan i sa svim parametrima neophodnim op\u0161tinama za izradu njihovih planova. Ako je suditi po strategiji koja sadr\u017ei zbir do sada pisanih strategija iz koje izvire prostorni plan, sand\u017ea\u010dki op\u0161tinari ne\u0107e imati nikakvih problema. Ne\u0107e imati \u0161ta da planiraju i bit \u0107e sve ba\u0161 kako treba.<\/p>\n<p>E pustite nas malo da se mi sami sa sobom dogovorimo. Ne dirajte nas, ne razvijajte nas i ni\u0161ta nas ne povezujte. A za\u0161to bi nas i povezivali kada izgleda da je potrebno da ostanemo dovoljno divlji, da nas virusi vremena, \u0161to oko nas oblije\u0107u, ne bi zarazili.<br \/>\nBilo kako bilo, inkubacija sazrijevanja Bo\u0161njaka Sand\u017eaka ide. Tijesto nadolazi. \u0106ase puno halve\u00a0\u00a0 samo \u0161to se nije prelilo.<\/p>\n<p>Autor: <strong>N. N.<\/strong><\/p>\n<p>Izvor:<strong> Glas-Islama.info<\/strong><\/p>\n","protected":false},"excerpt":{"rendered":"<p>&#8220;Ponekad su podjele tu radi geografije, ali su uvijek tu da podijele ljude. Opet ka Beogradu, dole ka Beogradu, a \u201covi\u201d govore da je to gore a gore rijeke ne teku, ve\u0107 dole i dole i u Crno se ulivaju.&#8221; E moji bo\u0161nja\u010dki intelektiualci\u2026 Vi koji nikuda ne \u201cmrdate\u201d, ni preko Batnjika&#8230;, \u010dujte i po\u010dujte [&hellip;]<\/p>\n","protected":false},"author":83,"featured_media":2284,"comment_status":"open","ping_status":"open","sticky":false,"template":"","format":"standard","meta":{"footnotes":""},"categories":[16],"tags":[],"class_list":{"0":"post-2283","1":"post","2":"type-post","3":"status-publish","4":"format-standard","5":"has-post-thumbnail","7":"category-novine"},"yoast_head":"<!-- This site is optimized with the Yoast SEO Premium plugin v23.1 (Yoast SEO v24.9) - https:\/\/yoast.com\/wordpress\/plugins\/seo\/ -->\n<title>Kad god se neko rasrdi, stavi se ta\u010dka na Sand\u017eak (II)<\/title>\n<meta name=\"robots\" content=\"index, follow, max-snippet:-1, max-image-preview:large, max-video-preview:-1\" \/>\n<link rel=\"canonical\" href=\"https:\/\/sandzakpress.net\/arhiva\/kad-god-se-neko-rasrdi-stavi-se-tacka-na-sandzak-ii\/\" \/>\n<meta property=\"og:locale\" content=\"bs_BA\" \/>\n<meta property=\"og:type\" content=\"article\" \/>\n<meta property=\"og:title\" content=\"Kad god se neko rasrdi, stavi se ta\u010dka na Sand\u017eak (II)\" \/>\n<meta property=\"og:description\" content=\"&#8220;Ponekad su podjele tu radi geografije, ali su uvijek tu da podijele ljude. Opet ka Beogradu, dole ka Beogradu, a \u201covi\u201d govore da je to gore a gore rijeke ne teku, ve\u0107 dole i dole i u Crno se ulivaju.&#8221; E moji bo\u0161nja\u010dki intelektiualci\u2026 Vi koji nikuda ne \u201cmrdate\u201d, ni preko Batnjika&#8230;, \u010dujte i po\u010dujte [&hellip;]\" \/>\n<meta property=\"og:url\" content=\"https:\/\/sandzakpress.net\/arhiva\/kad-god-se-neko-rasrdi-stavi-se-tacka-na-sandzak-ii\/\" \/>\n<meta property=\"og:site_name\" content=\"Sand\u017eak PRESS\" \/>\n<meta property=\"article:published_time\" content=\"2010-02-18T23:13:19+00:00\" \/>\n<meta property=\"article:modified_time\" content=\"2010-02-18T23:13:47+00:00\" \/>\n<meta property=\"og:image\" content=\"https:\/\/sandzakpress.net\/arhiva\/wp-content\/uploads\/2010\/02\/srbija-regioni_podijeljen_sandzak.jpg\" \/>\n\t<meta property=\"og:image:width\" content=\"616\" \/>\n\t<meta property=\"og:image:height\" content=\"279\" \/>\n\t<meta property=\"og:image:type\" content=\"image\/jpeg\" \/>\n<meta name=\"author\" content=\"bosniak\" \/>\n<meta name=\"twitter:card\" content=\"summary_large_image\" \/>\n<meta name=\"twitter:label1\" content=\"Written by\" \/>\n\t<meta name=\"twitter:data1\" content=\"bosniak\" \/>\n\t<meta name=\"twitter:label2\" content=\"Est. reading time\" \/>\n\t<meta name=\"twitter:data2\" content=\"7 minuta\" \/>\n<script type=\"application\/ld+json\" class=\"yoast-schema-graph\">{\"@context\":\"https:\/\/schema.org\",\"@graph\":[{\"@type\":\"Article\",\"@id\":\"https:\/\/sandzakpress.net\/arhiva\/kad-god-se-neko-rasrdi-stavi-se-tacka-na-sandzak-ii\/#article\",\"isPartOf\":{\"@id\":\"https:\/\/sandzakpress.net\/arhiva\/kad-god-se-neko-rasrdi-stavi-se-tacka-na-sandzak-ii\/\"},\"author\":{\"name\":\"bosniak\",\"@id\":\"https:\/\/sandzakpress.net\/arhiva\/#\/schema\/person\/c8baee722073534b583ea7bdb2e36c02\"},\"headline\":\"Kad god se neko rasrdi, stavi se ta\u010dka na Sand\u017eak (II)\",\"datePublished\":\"2010-02-18T23:13:19+00:00\",\"dateModified\":\"2010-02-18T23:13:47+00:00\",\"mainEntityOfPage\":{\"@id\":\"https:\/\/sandzakpress.net\/arhiva\/kad-god-se-neko-rasrdi-stavi-se-tacka-na-sandzak-ii\/\"},\"wordCount\":1405,\"commentCount\":0,\"publisher\":{\"@id\":\"https:\/\/sandzakpress.net\/arhiva\/#\/schema\/person\/6e72b67d6e51910a1117b3b483ba20bd\"},\"image\":{\"@id\":\"https:\/\/sandzakpress.net\/arhiva\/kad-god-se-neko-rasrdi-stavi-se-tacka-na-sandzak-ii\/#primaryimage\"},\"thumbnailUrl\":\"https:\/\/sandzakpress.net\/arhiva\/wp-content\/uploads\/2010\/02\/srbija-regioni_podijeljen_sandzak.jpg\",\"articleSection\":[\"Novine\"],\"inLanguage\":\"bs-BA\",\"potentialAction\":[{\"@type\":\"CommentAction\",\"name\":\"Comment\",\"target\":[\"https:\/\/sandzakpress.net\/arhiva\/kad-god-se-neko-rasrdi-stavi-se-tacka-na-sandzak-ii\/#respond\"]}]},{\"@type\":\"WebPage\",\"@id\":\"https:\/\/sandzakpress.net\/arhiva\/kad-god-se-neko-rasrdi-stavi-se-tacka-na-sandzak-ii\/\",\"url\":\"https:\/\/sandzakpress.net\/arhiva\/kad-god-se-neko-rasrdi-stavi-se-tacka-na-sandzak-ii\/\",\"name\":\"Kad god se neko rasrdi, stavi se ta\u010dka na Sand\u017eak (II)\",\"isPartOf\":{\"@id\":\"https:\/\/sandzakpress.net\/arhiva\/#website\"},\"primaryImageOfPage\":{\"@id\":\"https:\/\/sandzakpress.net\/arhiva\/kad-god-se-neko-rasrdi-stavi-se-tacka-na-sandzak-ii\/#primaryimage\"},\"image\":{\"@id\":\"https:\/\/sandzakpress.net\/arhiva\/kad-god-se-neko-rasrdi-stavi-se-tacka-na-sandzak-ii\/#primaryimage\"},\"thumbnailUrl\":\"https:\/\/sandzakpress.net\/arhiva\/wp-content\/uploads\/2010\/02\/srbija-regioni_podijeljen_sandzak.jpg\",\"datePublished\":\"2010-02-18T23:13:19+00:00\",\"dateModified\":\"2010-02-18T23:13:47+00:00\",\"breadcrumb\":{\"@id\":\"https:\/\/sandzakpress.net\/arhiva\/kad-god-se-neko-rasrdi-stavi-se-tacka-na-sandzak-ii\/#breadcrumb\"},\"inLanguage\":\"bs-BA\",\"potentialAction\":[{\"@type\":\"ReadAction\",\"target\":[\"https:\/\/sandzakpress.net\/arhiva\/kad-god-se-neko-rasrdi-stavi-se-tacka-na-sandzak-ii\/\"]}]},{\"@type\":\"ImageObject\",\"inLanguage\":\"bs-BA\",\"@id\":\"https:\/\/sandzakpress.net\/arhiva\/kad-god-se-neko-rasrdi-stavi-se-tacka-na-sandzak-ii\/#primaryimage\",\"url\":\"https:\/\/sandzakpress.net\/arhiva\/wp-content\/uploads\/2010\/02\/srbija-regioni_podijeljen_sandzak.jpg\",\"contentUrl\":\"https:\/\/sandzakpress.net\/arhiva\/wp-content\/uploads\/2010\/02\/srbija-regioni_podijeljen_sandzak.jpg\",\"width\":616,\"height\":279},{\"@type\":\"BreadcrumbList\",\"@id\":\"https:\/\/sandzakpress.net\/arhiva\/kad-god-se-neko-rasrdi-stavi-se-tacka-na-sandzak-ii\/#breadcrumb\",\"itemListElement\":[{\"@type\":\"ListItem\",\"position\":1,\"name\":\"Home\",\"item\":\"https:\/\/sandzakpress.net\/arhiva\/\"},{\"@type\":\"ListItem\",\"position\":2,\"name\":\"Kad god se neko rasrdi, stavi se ta\u010dka na Sand\u017eak (II)\"}]},{\"@type\":\"WebSite\",\"@id\":\"https:\/\/sandzakpress.net\/arhiva\/#website\",\"url\":\"https:\/\/sandzakpress.net\/arhiva\/\",\"name\":\"Sand\u017eak PRESS\",\"description\":\"Prve elektronske novine u Sand\u017eaku\",\"publisher\":{\"@id\":\"https:\/\/sandzakpress.net\/arhiva\/#\/schema\/person\/6e72b67d6e51910a1117b3b483ba20bd\"},\"potentialAction\":[{\"@type\":\"SearchAction\",\"target\":{\"@type\":\"EntryPoint\",\"urlTemplate\":\"https:\/\/sandzakpress.net\/arhiva\/?s={search_term_string}\"},\"query-input\":{\"@type\":\"PropertyValueSpecification\",\"valueRequired\":true,\"valueName\":\"search_term_string\"}}],\"inLanguage\":\"bs-BA\"},{\"@type\":[\"Person\",\"Organization\"],\"@id\":\"https:\/\/sandzakpress.net\/arhiva\/#\/schema\/person\/6e72b67d6e51910a1117b3b483ba20bd\",\"name\":\"Kul\",\"image\":{\"@type\":\"ImageObject\",\"inLanguage\":\"bs-BA\",\"@id\":\"https:\/\/sandzakpress.net\/arhiva\/#\/schema\/person\/image\/\",\"url\":\"https:\/\/secure.gravatar.com\/avatar\/42263f39aa27ac04c43cab85c280eb2e?s=96&d=mm&r=pg\",\"contentUrl\":\"https:\/\/secure.gravatar.com\/avatar\/42263f39aa27ac04c43cab85c280eb2e?s=96&d=mm&r=pg\",\"caption\":\"Kul\"},\"logo\":{\"@id\":\"https:\/\/sandzakpress.net\/arhiva\/#\/schema\/person\/image\/\"}},{\"@type\":\"Person\",\"@id\":\"https:\/\/sandzakpress.net\/arhiva\/#\/schema\/person\/c8baee722073534b583ea7bdb2e36c02\",\"name\":\"bosniak\",\"image\":{\"@type\":\"ImageObject\",\"inLanguage\":\"bs-BA\",\"@id\":\"https:\/\/sandzakpress.net\/arhiva\/#\/schema\/person\/image\/\",\"url\":\"https:\/\/secure.gravatar.com\/avatar\/a04fd330bfe3a36a72a0ad4a6d89fca7?s=96&d=mm&r=pg\",\"contentUrl\":\"https:\/\/secure.gravatar.com\/avatar\/a04fd330bfe3a36a72a0ad4a6d89fca7?s=96&d=mm&r=pg\",\"caption\":\"bosniak\"},\"url\":\"https:\/\/sandzakpress.net\/arhiva\/author\/bosniak\/\"}]}<\/script>\n<!-- \/ Yoast SEO Premium plugin. -->","yoast_head_json":{"title":"Kad god se neko rasrdi, stavi se ta\u010dka na Sand\u017eak (II)","robots":{"index":"index","follow":"follow","max-snippet":"max-snippet:-1","max-image-preview":"max-image-preview:large","max-video-preview":"max-video-preview:-1"},"canonical":"https:\/\/sandzakpress.net\/arhiva\/kad-god-se-neko-rasrdi-stavi-se-tacka-na-sandzak-ii\/","og_locale":"bs_BA","og_type":"article","og_title":"Kad god se neko rasrdi, stavi se ta\u010dka na Sand\u017eak (II)","og_description":"&#8220;Ponekad su podjele tu radi geografije, ali su uvijek tu da podijele ljude. Opet ka Beogradu, dole ka Beogradu, a \u201covi\u201d govore da je to gore a gore rijeke ne teku, ve\u0107 dole i dole i u Crno se ulivaju.&#8221; E moji bo\u0161nja\u010dki intelektiualci\u2026 Vi koji nikuda ne \u201cmrdate\u201d, ni preko Batnjika&#8230;, \u010dujte i po\u010dujte [&hellip;]","og_url":"https:\/\/sandzakpress.net\/arhiva\/kad-god-se-neko-rasrdi-stavi-se-tacka-na-sandzak-ii\/","og_site_name":"Sand\u017eak PRESS","article_published_time":"2010-02-18T23:13:19+00:00","article_modified_time":"2010-02-18T23:13:47+00:00","og_image":[{"width":616,"height":279,"url":"https:\/\/sandzakpress.net\/arhiva\/wp-content\/uploads\/2010\/02\/srbija-regioni_podijeljen_sandzak.jpg","type":"image\/jpeg"}],"author":"bosniak","twitter_card":"summary_large_image","twitter_misc":{"Written by":"bosniak","Est. reading time":"7 minuta"},"schema":{"@context":"https:\/\/schema.org","@graph":[{"@type":"Article","@id":"https:\/\/sandzakpress.net\/arhiva\/kad-god-se-neko-rasrdi-stavi-se-tacka-na-sandzak-ii\/#article","isPartOf":{"@id":"https:\/\/sandzakpress.net\/arhiva\/kad-god-se-neko-rasrdi-stavi-se-tacka-na-sandzak-ii\/"},"author":{"name":"bosniak","@id":"https:\/\/sandzakpress.net\/arhiva\/#\/schema\/person\/c8baee722073534b583ea7bdb2e36c02"},"headline":"Kad god se neko rasrdi, stavi se ta\u010dka na Sand\u017eak (II)","datePublished":"2010-02-18T23:13:19+00:00","dateModified":"2010-02-18T23:13:47+00:00","mainEntityOfPage":{"@id":"https:\/\/sandzakpress.net\/arhiva\/kad-god-se-neko-rasrdi-stavi-se-tacka-na-sandzak-ii\/"},"wordCount":1405,"commentCount":0,"publisher":{"@id":"https:\/\/sandzakpress.net\/arhiva\/#\/schema\/person\/6e72b67d6e51910a1117b3b483ba20bd"},"image":{"@id":"https:\/\/sandzakpress.net\/arhiva\/kad-god-se-neko-rasrdi-stavi-se-tacka-na-sandzak-ii\/#primaryimage"},"thumbnailUrl":"https:\/\/sandzakpress.net\/arhiva\/wp-content\/uploads\/2010\/02\/srbija-regioni_podijeljen_sandzak.jpg","articleSection":["Novine"],"inLanguage":"bs-BA","potentialAction":[{"@type":"CommentAction","name":"Comment","target":["https:\/\/sandzakpress.net\/arhiva\/kad-god-se-neko-rasrdi-stavi-se-tacka-na-sandzak-ii\/#respond"]}]},{"@type":"WebPage","@id":"https:\/\/sandzakpress.net\/arhiva\/kad-god-se-neko-rasrdi-stavi-se-tacka-na-sandzak-ii\/","url":"https:\/\/sandzakpress.net\/arhiva\/kad-god-se-neko-rasrdi-stavi-se-tacka-na-sandzak-ii\/","name":"Kad god se neko rasrdi, stavi se ta\u010dka na Sand\u017eak (II)","isPartOf":{"@id":"https:\/\/sandzakpress.net\/arhiva\/#website"},"primaryImageOfPage":{"@id":"https:\/\/sandzakpress.net\/arhiva\/kad-god-se-neko-rasrdi-stavi-se-tacka-na-sandzak-ii\/#primaryimage"},"image":{"@id":"https:\/\/sandzakpress.net\/arhiva\/kad-god-se-neko-rasrdi-stavi-se-tacka-na-sandzak-ii\/#primaryimage"},"thumbnailUrl":"https:\/\/sandzakpress.net\/arhiva\/wp-content\/uploads\/2010\/02\/srbija-regioni_podijeljen_sandzak.jpg","datePublished":"2010-02-18T23:13:19+00:00","dateModified":"2010-02-18T23:13:47+00:00","breadcrumb":{"@id":"https:\/\/sandzakpress.net\/arhiva\/kad-god-se-neko-rasrdi-stavi-se-tacka-na-sandzak-ii\/#breadcrumb"},"inLanguage":"bs-BA","potentialAction":[{"@type":"ReadAction","target":["https:\/\/sandzakpress.net\/arhiva\/kad-god-se-neko-rasrdi-stavi-se-tacka-na-sandzak-ii\/"]}]},{"@type":"ImageObject","inLanguage":"bs-BA","@id":"https:\/\/sandzakpress.net\/arhiva\/kad-god-se-neko-rasrdi-stavi-se-tacka-na-sandzak-ii\/#primaryimage","url":"https:\/\/sandzakpress.net\/arhiva\/wp-content\/uploads\/2010\/02\/srbija-regioni_podijeljen_sandzak.jpg","contentUrl":"https:\/\/sandzakpress.net\/arhiva\/wp-content\/uploads\/2010\/02\/srbija-regioni_podijeljen_sandzak.jpg","width":616,"height":279},{"@type":"BreadcrumbList","@id":"https:\/\/sandzakpress.net\/arhiva\/kad-god-se-neko-rasrdi-stavi-se-tacka-na-sandzak-ii\/#breadcrumb","itemListElement":[{"@type":"ListItem","position":1,"name":"Home","item":"https:\/\/sandzakpress.net\/arhiva\/"},{"@type":"ListItem","position":2,"name":"Kad god se neko rasrdi, stavi se ta\u010dka na Sand\u017eak (II)"}]},{"@type":"WebSite","@id":"https:\/\/sandzakpress.net\/arhiva\/#website","url":"https:\/\/sandzakpress.net\/arhiva\/","name":"Sand\u017eak PRESS","description":"Prve elektronske novine u Sand\u017eaku","publisher":{"@id":"https:\/\/sandzakpress.net\/arhiva\/#\/schema\/person\/6e72b67d6e51910a1117b3b483ba20bd"},"potentialAction":[{"@type":"SearchAction","target":{"@type":"EntryPoint","urlTemplate":"https:\/\/sandzakpress.net\/arhiva\/?s={search_term_string}"},"query-input":{"@type":"PropertyValueSpecification","valueRequired":true,"valueName":"search_term_string"}}],"inLanguage":"bs-BA"},{"@type":["Person","Organization"],"@id":"https:\/\/sandzakpress.net\/arhiva\/#\/schema\/person\/6e72b67d6e51910a1117b3b483ba20bd","name":"Kul","image":{"@type":"ImageObject","inLanguage":"bs-BA","@id":"https:\/\/sandzakpress.net\/arhiva\/#\/schema\/person\/image\/","url":"https:\/\/secure.gravatar.com\/avatar\/42263f39aa27ac04c43cab85c280eb2e?s=96&d=mm&r=pg","contentUrl":"https:\/\/secure.gravatar.com\/avatar\/42263f39aa27ac04c43cab85c280eb2e?s=96&d=mm&r=pg","caption":"Kul"},"logo":{"@id":"https:\/\/sandzakpress.net\/arhiva\/#\/schema\/person\/image\/"}},{"@type":"Person","@id":"https:\/\/sandzakpress.net\/arhiva\/#\/schema\/person\/c8baee722073534b583ea7bdb2e36c02","name":"bosniak","image":{"@type":"ImageObject","inLanguage":"bs-BA","@id":"https:\/\/sandzakpress.net\/arhiva\/#\/schema\/person\/image\/","url":"https:\/\/secure.gravatar.com\/avatar\/a04fd330bfe3a36a72a0ad4a6d89fca7?s=96&d=mm&r=pg","contentUrl":"https:\/\/secure.gravatar.com\/avatar\/a04fd330bfe3a36a72a0ad4a6d89fca7?s=96&d=mm&r=pg","caption":"bosniak"},"url":"https:\/\/sandzakpress.net\/arhiva\/author\/bosniak\/"}]}},"_links":{"self":[{"href":"https:\/\/sandzakpress.net\/arhiva\/wp-json\/wp\/v2\/posts\/2283"}],"collection":[{"href":"https:\/\/sandzakpress.net\/arhiva\/wp-json\/wp\/v2\/posts"}],"about":[{"href":"https:\/\/sandzakpress.net\/arhiva\/wp-json\/wp\/v2\/types\/post"}],"author":[{"embeddable":true,"href":"https:\/\/sandzakpress.net\/arhiva\/wp-json\/wp\/v2\/users\/83"}],"replies":[{"embeddable":true,"href":"https:\/\/sandzakpress.net\/arhiva\/wp-json\/wp\/v2\/comments?post=2283"}],"version-history":[{"count":0,"href":"https:\/\/sandzakpress.net\/arhiva\/wp-json\/wp\/v2\/posts\/2283\/revisions"}],"wp:featuredmedia":[{"embeddable":true,"href":"https:\/\/sandzakpress.net\/arhiva\/wp-json\/wp\/v2\/media\/2284"}],"wp:attachment":[{"href":"https:\/\/sandzakpress.net\/arhiva\/wp-json\/wp\/v2\/media?parent=2283"}],"wp:term":[{"taxonomy":"category","embeddable":true,"href":"https:\/\/sandzakpress.net\/arhiva\/wp-json\/wp\/v2\/categories?post=2283"},{"taxonomy":"post_tag","embeddable":true,"href":"https:\/\/sandzakpress.net\/arhiva\/wp-json\/wp\/v2\/tags?post=2283"}],"curies":[{"name":"wp","href":"https:\/\/api.w.org\/{rel}","templated":true}]}}